{"id":1178,"date":"2015-09-21T14:57:35","date_gmt":"2015-09-21T12:57:35","guid":{"rendered":"http:\/\/www.naturparkmagazin.de\/dahme-heideseen\/?p=1178"},"modified":"2015-09-28T14:12:20","modified_gmt":"2015-09-28T12:12:20","slug":"aufruf-zum-wettbewerb-heimat-im-wandel-2","status":"publish","type":"post","link":"https:\/\/www.naturparkmagazin.de\/dahme-heideseen\/aufruf-zum-wettbewerb-heimat-im-wandel-2\/","title":{"rendered":"Aufruf zum Wettbewerb \u201eHeimat im Wandel\u201c"},"content":{"rendered":"<p>Vor 2.500 Jahren formulierte der Philosoph Heraklit: \u201e<i>Nichts ist so best\u00e4ndig wie der Wande<\/i>l\u201c.<\/p>\n<p>Unsere Natur, unsere Landschaft, unsere Heimat ver\u00e4ndert sich. Dies geschieht durch das, was wir tun. Dies geschieht durch das, was wir nicht tun. Wir wollen mit Ihnen auf eine Zeitreise gehen. Die Zeit des Jahreslaufes, die Zeit der Jahre, Jahrzehnte und Jahrhunderte. Entdecken und vergleichen Sie bekannte, wie auch unbekannte Motive Ihrer Heimat, unserer Heimat.<\/p>\n<div id=\"attachment_1179\" style=\"width: 630px\" class=\"wp-caption aligncenter\"><a href=\"https:\/\/www.naturparkmagazin.de\/dahme-heideseen\/wp-content\/uploads\/sites\/37\/NPDH_Blick-auf-Tornow_2015.jpg\"><img aria-describedby=\"caption-attachment-1179\" decoding=\"async\" loading=\"lazy\" class=\"size-medium wp-image-1179\" src=\"https:\/\/www.naturparkmagazin.de\/dahme-heideseen\/wp-content\/uploads\/sites\/37\/NPDH_Blick-auf-Tornow_2015-620x305.jpg\" alt=\"Tornower Blick 2015 (Foto Hans Sonnenberg)\" width=\"620\" height=\"305\" srcset=\"https:\/\/www.naturparkmagazin.de\/dahme-heideseen\/wp-content\/uploads\/sites\/37\/NPDH_Blick-auf-Tornow_2015-620x305.jpg 620w, https:\/\/www.naturparkmagazin.de\/dahme-heideseen\/wp-content\/uploads\/sites\/37\/NPDH_Blick-auf-Tornow_2015-300x147.jpg 300w, https:\/\/www.naturparkmagazin.de\/dahme-heideseen\/wp-content\/uploads\/sites\/37\/NPDH_Blick-auf-Tornow_2015-670x329.jpg 670w, https:\/\/www.naturparkmagazin.de\/dahme-heideseen\/wp-content\/uploads\/sites\/37\/NPDH_Blick-auf-Tornow_2015-200x98.jpg 200w, https:\/\/www.naturparkmagazin.de\/dahme-heideseen\/wp-content\/uploads\/sites\/37\/NPDH_Blick-auf-Tornow_2015.jpg 800w\" sizes=\"(max-width: 620px) 100vw, 620px\" \/><\/a><p id=\"caption-attachment-1179\" class=\"wp-caption-text\">Tornower Blick 2015 (Foto Hans Sonnenberg)<\/p><\/div>\n<p><b>Mache Sie mit! <\/b><\/p>\n<p>Schicken Sie uns Ihre alten und neuen Motive, zeigen Sie uns die Ver\u00e4nderung Ihrer Lieblingsorte und Ansichten. Dies k\u00f6nnen Aufnahmen aus dem Fotoalbum ihrer Familie, dem bekannten Bildmotiv aus dem Bilderrahmen im Wohnzimmer, oder aus ihrer Bilder- oder Diasammlung sein. Stellen Sie das Alte dem neuen gegen\u00fcber und vielleicht k\u00f6nnen Sie uns auch etwas zur Geschichte der Ansichten erz\u00e4hlen.Warum haben sie das Motiv ausgew\u00e4hlt? Was bewegt Sie am Wandel des Ortes?<\/p>\n<p>&nbsp;<\/p>\n<div id=\"attachment_1180\" style=\"width: 630px\" class=\"wp-caption aligncenter\"><a href=\"https:\/\/www.naturparkmagazin.de\/dahme-heideseen\/wp-content\/uploads\/sites\/37\/NPDH_Blick_Tornow_1920_Archiv_Sommerfeld.jpg\"><img aria-describedby=\"caption-attachment-1180\" decoding=\"async\" loading=\"lazy\" class=\"size-medium wp-image-1180\" src=\"https:\/\/www.naturparkmagazin.de\/dahme-heideseen\/wp-content\/uploads\/sites\/37\/NPDH_Blick_Tornow_1920_Archiv_Sommerfeld-620x289.jpg\" alt=\"Tornower Blick um 1920 (Archiv Sommerfeld)\" width=\"620\" height=\"289\" srcset=\"https:\/\/www.naturparkmagazin.de\/dahme-heideseen\/wp-content\/uploads\/sites\/37\/NPDH_Blick_Tornow_1920_Archiv_Sommerfeld-620x289.jpg 620w, https:\/\/www.naturparkmagazin.de\/dahme-heideseen\/wp-content\/uploads\/sites\/37\/NPDH_Blick_Tornow_1920_Archiv_Sommerfeld-300x140.jpg 300w, https:\/\/www.naturparkmagazin.de\/dahme-heideseen\/wp-content\/uploads\/sites\/37\/NPDH_Blick_Tornow_1920_Archiv_Sommerfeld-940x438.jpg 940w, https:\/\/www.naturparkmagazin.de\/dahme-heideseen\/wp-content\/uploads\/sites\/37\/NPDH_Blick_Tornow_1920_Archiv_Sommerfeld-670x312.jpg 670w, https:\/\/www.naturparkmagazin.de\/dahme-heideseen\/wp-content\/uploads\/sites\/37\/NPDH_Blick_Tornow_1920_Archiv_Sommerfeld-200x93.jpg 200w, https:\/\/www.naturparkmagazin.de\/dahme-heideseen\/wp-content\/uploads\/sites\/37\/NPDH_Blick_Tornow_1920_Archiv_Sommerfeld.jpg 1010w\" sizes=\"(max-width: 620px) 100vw, 620px\" \/><\/a><p id=\"caption-attachment-1180\" class=\"wp-caption-text\">Tornower Blick um 1920 (Archiv Sommerfeld)<\/p><\/div>\n<p>Die interessantesten und sch\u00f6nsten Einsendungen werden von einer Jury ausgew\u00e4hlt mit Preisen pr\u00e4miert und in einer Ausstellung gezeigt. Parallel zum Wettbewerb werden aktuell eingesendete Motive in der Ausstellung \u201eHeimat im Wandel\u201c im Infopunkt des Naturparks in Prieros gezeigt.<\/p>\n<p>Der Einsendeschluss zum Wettbewerb ist der 31. Dezember 2015.<\/p>\n<p>Die Einsendung bitte an:<\/p>\n<p>Naturpark Dahme-Heideseen, Naturparkverwaltung<\/p>\n<p>Arnold-Breithor-Stra\u00dfe 8, 15754 Heidesee OT Prieros<\/p>\n<p>Mail: hans.sonnenberg@lugv.brandenburg.de<\/p>\n<p>&nbsp;<\/p>\n<p>&nbsp;<\/p>\n","protected":false},"excerpt":{"rendered":"<p>Unsere Natur, unsere Landschaft, unsere Heimat ver\u00e4ndert sich. Wir wollen mit Ihnen auf eine Zeitreise gehen. Schicken Sie uns bis zum 31. Dezember 2015 Ihre alten und neuen Aufnahmen aus dem Fotoalbum ihrer Familie, dem bekannten Bildmotiv aus dem Bilderrahmen im Wohnzimmer oder aus ihrer Bilder- oder Diasammlung und zeigen Sie uns die Ver\u00e4nderung Ihrer Lieblingsorte.<\/p>\n","protected":false},"author":48,"featured_media":1179,"comment_status":"open","ping_status":"open","sticky":false,"template":"","format":"standard","meta":[],"categories":[11],"tags":[],"yoast_head":"<!-- This site is optimized with the Yoast SEO plugin v19.10 - https:\/\/yoast.com\/wordpress\/plugins\/seo\/ -->\n<title>Aufruf zum Wettbewerb \u201eHeimat im Wandel\u201c - Naturpark Dahme-Heideseen<\/title>\n<meta name=\"robots\" content=\"index, follow, max-snippet:-1, max-image-preview:large, max-video-preview:-1\" \/>\n<link rel=\"canonical\" href=\"https:\/\/www.naturparkmagazin.de\/dahme-heideseen\/aufruf-zum-wettbewerb-heimat-im-wandel-2\/\" \/>\n<meta property=\"og:locale\" content=\"de_DE\" \/>\n<meta property=\"og:type\" content=\"article\" \/>\n<meta property=\"og:title\" content=\"Aufruf zum Wettbewerb \u201eHeimat im Wandel\u201c - Naturpark Dahme-Heideseen\" \/>\n<meta property=\"og:description\" content=\"Unsere Natur, unsere Landschaft, unsere Heimat ver\u00e4ndert sich. Wir wollen mit Ihnen auf eine Zeitreise gehen. Schicken Sie uns bis zum 31. Dezember 2015 Ihre alten und neuen Aufnahmen aus dem Fotoalbum ihrer Familie, dem bekannten Bildmotiv aus dem Bilderrahmen im Wohnzimmer oder aus ihrer Bilder- oder Diasammlung und zeigen Sie uns die Ver\u00e4nderung Ihrer Lieblingsorte.\" \/>\n<meta property=\"og:url\" content=\"https:\/\/www.naturparkmagazin.de\/dahme-heideseen\/aufruf-zum-wettbewerb-heimat-im-wandel-2\/\" \/>\n<meta property=\"og:site_name\" content=\"Naturpark Dahme-Heideseen\" \/>\n<meta property=\"article:published_time\" content=\"2015-09-21T12:57:35+00:00\" \/>\n<meta property=\"article:modified_time\" content=\"2015-09-28T12:12:20+00:00\" \/>\n<meta property=\"og:image\" content=\"https:\/\/www.naturparkmagazin.de\/dahme-heideseen\/wp-content\/uploads\/sites\/37\/NPDH_Blick-auf-Tornow_2015.jpg\" \/>\n\t<meta property=\"og:image:width\" content=\"800\" \/>\n\t<meta property=\"og:image:height\" content=\"393\" \/>\n\t<meta property=\"og:image:type\" content=\"image\/jpeg\" \/>\n<meta name=\"author\" content=\"hanssonnenberg\" \/>\n<meta name=\"twitter:label1\" content=\"Verfasst von\" \/>\n\t<meta name=\"twitter:data1\" content=\"hanssonnenberg\" \/>\n\t<meta name=\"twitter:label2\" content=\"Gesch\u00e4tzte Lesezeit\" \/>\n\t<meta name=\"twitter:data2\" content=\"1\u00a0Minute\" \/>\n<script type=\"application\/ld+json\" class=\"yoast-schema-graph\">{\"@context\":\"https:\/\/schema.org\",\"@graph\":[{\"@type\":\"WebPage\",\"@id\":\"https:\/\/www.naturparkmagazin.de\/dahme-heideseen\/aufruf-zum-wettbewerb-heimat-im-wandel-2\/\",\"url\":\"https:\/\/www.naturparkmagazin.de\/dahme-heideseen\/aufruf-zum-wettbewerb-heimat-im-wandel-2\/\",\"name\":\"Aufruf zum Wettbewerb \u201eHeimat im Wandel\u201c - Naturpark Dahme-Heideseen\",\"isPartOf\":{\"@id\":\"https:\/\/www.naturparkmagazin.de\/dahme-heideseen\/#website\"},\"datePublished\":\"2015-09-21T12:57:35+00:00\",\"dateModified\":\"2015-09-28T12:12:20+00:00\",\"author\":{\"@id\":\"https:\/\/www.naturparkmagazin.de\/dahme-heideseen\/#\/schema\/person\/c81c96c3a1f5ee7bffff8b8022c105f0\"},\"breadcrumb\":{\"@id\":\"https:\/\/www.naturparkmagazin.de\/dahme-heideseen\/aufruf-zum-wettbewerb-heimat-im-wandel-2\/#breadcrumb\"},\"inLanguage\":\"de\",\"potentialAction\":[{\"@type\":\"ReadAction\",\"target\":[\"https:\/\/www.naturparkmagazin.de\/dahme-heideseen\/aufruf-zum-wettbewerb-heimat-im-wandel-2\/\"]}]},{\"@type\":\"BreadcrumbList\",\"@id\":\"https:\/\/www.naturparkmagazin.de\/dahme-heideseen\/aufruf-zum-wettbewerb-heimat-im-wandel-2\/#breadcrumb\",\"itemListElement\":[{\"@type\":\"ListItem\",\"position\":1,\"name\":\"Home\",\"item\":\"https:\/\/www.naturparkmagazin.de\/dahme-heideseen\/\"},{\"@type\":\"ListItem\",\"position\":2,\"name\":\"Aufruf zum Wettbewerb \u201eHeimat im Wandel\u201c\"}]},{\"@type\":\"WebSite\",\"@id\":\"https:\/\/www.naturparkmagazin.de\/dahme-heideseen\/#website\",\"url\":\"https:\/\/www.naturparkmagazin.de\/dahme-heideseen\/\",\"name\":\"Naturpark Dahme-Heideseen\",\"description\":\"\",\"potentialAction\":[{\"@type\":\"SearchAction\",\"target\":{\"@type\":\"EntryPoint\",\"urlTemplate\":\"https:\/\/www.naturparkmagazin.de\/dahme-heideseen\/?s={search_term_string}\"},\"query-input\":\"required name=search_term_string\"}],\"inLanguage\":\"de\"},{\"@type\":\"Person\",\"@id\":\"https:\/\/www.naturparkmagazin.de\/dahme-heideseen\/#\/schema\/person\/c81c96c3a1f5ee7bffff8b8022c105f0\",\"name\":\"hanssonnenberg\",\"url\":\"https:\/\/www.naturparkmagazin.de\/dahme-heideseen\/author\/hanssonnenberg\/\"}]}<\/script>\n<!-- \/ Yoast SEO plugin. -->","yoast_head_json":{"title":"Aufruf zum Wettbewerb \u201eHeimat im Wandel\u201c - Naturpark Dahme-Heideseen","robots":{"index":"index","follow":"follow","max-snippet":"max-snippet:-1","max-image-preview":"max-image-preview:large","max-video-preview":"max-video-preview:-1"},"canonical":"https:\/\/www.naturparkmagazin.de\/dahme-heideseen\/aufruf-zum-wettbewerb-heimat-im-wandel-2\/","og_locale":"de_DE","og_type":"article","og_title":"Aufruf zum Wettbewerb \u201eHeimat im Wandel\u201c - Naturpark Dahme-Heideseen","og_description":"Unsere Natur, unsere Landschaft, unsere Heimat ver\u00e4ndert sich. Wir wollen mit Ihnen auf eine Zeitreise gehen. Schicken Sie uns bis zum 31. Dezember 2015 Ihre alten und neuen Aufnahmen aus dem Fotoalbum ihrer Familie, dem bekannten Bildmotiv aus dem Bilderrahmen im Wohnzimmer oder aus ihrer Bilder- oder Diasammlung und zeigen Sie uns die Ver\u00e4nderung Ihrer Lieblingsorte.","og_url":"https:\/\/www.naturparkmagazin.de\/dahme-heideseen\/aufruf-zum-wettbewerb-heimat-im-wandel-2\/","og_site_name":"Naturpark Dahme-Heideseen","article_published_time":"2015-09-21T12:57:35+00:00","article_modified_time":"2015-09-28T12:12:20+00:00","og_image":[{"width":800,"height":393,"url":"https:\/\/www.naturparkmagazin.de\/dahme-heideseen\/wp-content\/uploads\/sites\/37\/NPDH_Blick-auf-Tornow_2015.jpg","type":"image\/jpeg"}],"author":"hanssonnenberg","twitter_misc":{"Verfasst von":"hanssonnenberg","Gesch\u00e4tzte Lesezeit":"1\u00a0Minute"},"schema":{"@context":"https:\/\/schema.org","@graph":[{"@type":"WebPage","@id":"https:\/\/www.naturparkmagazin.de\/dahme-heideseen\/aufruf-zum-wettbewerb-heimat-im-wandel-2\/","url":"https:\/\/www.naturparkmagazin.de\/dahme-heideseen\/aufruf-zum-wettbewerb-heimat-im-wandel-2\/","name":"Aufruf zum Wettbewerb \u201eHeimat im Wandel\u201c - Naturpark Dahme-Heideseen","isPartOf":{"@id":"https:\/\/www.naturparkmagazin.de\/dahme-heideseen\/#website"},"datePublished":"2015-09-21T12:57:35+00:00","dateModified":"2015-09-28T12:12:20+00:00","author":{"@id":"https:\/\/www.naturparkmagazin.de\/dahme-heideseen\/#\/schema\/person\/c81c96c3a1f5ee7bffff8b8022c105f0"},"breadcrumb":{"@id":"https:\/\/www.naturparkmagazin.de\/dahme-heideseen\/aufruf-zum-wettbewerb-heimat-im-wandel-2\/#breadcrumb"},"inLanguage":"de","potentialAction":[{"@type":"ReadAction","target":["https:\/\/www.naturparkmagazin.de\/dahme-heideseen\/aufruf-zum-wettbewerb-heimat-im-wandel-2\/"]}]},{"@type":"BreadcrumbList","@id":"https:\/\/www.naturparkmagazin.de\/dahme-heideseen\/aufruf-zum-wettbewerb-heimat-im-wandel-2\/#breadcrumb","itemListElement":[{"@type":"ListItem","position":1,"name":"Home","item":"https:\/\/www.naturparkmagazin.de\/dahme-heideseen\/"},{"@type":"ListItem","position":2,"name":"Aufruf zum Wettbewerb \u201eHeimat im Wandel\u201c"}]},{"@type":"WebSite","@id":"https:\/\/www.naturparkmagazin.de\/dahme-heideseen\/#website","url":"https:\/\/www.naturparkmagazin.de\/dahme-heideseen\/","name":"Naturpark Dahme-Heideseen","description":"","potentialAction":[{"@type":"SearchAction","target":{"@type":"EntryPoint","urlTemplate":"https:\/\/www.naturparkmagazin.de\/dahme-heideseen\/?s={search_term_string}"},"query-input":"required name=search_term_string"}],"inLanguage":"de"},{"@type":"Person","@id":"https:\/\/www.naturparkmagazin.de\/dahme-heideseen\/#\/schema\/person\/c81c96c3a1f5ee7bffff8b8022c105f0","name":"hanssonnenberg","url":"https:\/\/www.naturparkmagazin.de\/dahme-heideseen\/author\/hanssonnenberg\/"}]}},"_links":{"self":[{"href":"https:\/\/www.naturparkmagazin.de\/dahme-heideseen\/wp-json\/wp\/v2\/posts\/1178"}],"collection":[{"href":"https:\/\/www.naturparkmagazin.de\/dahme-heideseen\/wp-json\/wp\/v2\/posts"}],"about":[{"href":"https:\/\/www.naturparkmagazin.de\/dahme-heideseen\/wp-json\/wp\/v2\/types\/post"}],"author":[{"embeddable":true,"href":"https:\/\/www.naturparkmagazin.de\/dahme-heideseen\/wp-json\/wp\/v2\/users\/48"}],"replies":[{"embeddable":true,"href":"https:\/\/www.naturparkmagazin.de\/dahme-heideseen\/wp-json\/wp\/v2\/comments?post=1178"}],"version-history":[{"count":5,"href":"https:\/\/www.naturparkmagazin.de\/dahme-heideseen\/wp-json\/wp\/v2\/posts\/1178\/revisions"}],"predecessor-version":[{"id":1210,"href":"https:\/\/www.naturparkmagazin.de\/dahme-heideseen\/wp-json\/wp\/v2\/posts\/1178\/revisions\/1210"}],"wp:featuredmedia":[{"embeddable":true,"href":"https:\/\/www.naturparkmagazin.de\/dahme-heideseen\/wp-json\/wp\/v2\/media\/1179"}],"wp:attachment":[{"href":"https:\/\/www.naturparkmagazin.de\/dahme-heideseen\/wp-json\/wp\/v2\/media?parent=1178"}],"wp:term":[{"taxonomy":"category","embeddable":true,"href":"https:\/\/www.naturparkmagazin.de\/dahme-heideseen\/wp-json\/wp\/v2\/categories?post=1178"},{"taxonomy":"post_tag","embeddable":true,"href":"https:\/\/www.naturparkmagazin.de\/dahme-heideseen\/wp-json\/wp\/v2\/tags?post=1178"}],"curies":[{"name":"wp","href":"https:\/\/api.w.org\/{rel}","templated":true}]}}