{"id":1184,"date":"2015-09-21T15:15:17","date_gmt":"2015-09-21T13:15:17","guid":{"rendered":"http:\/\/www.naturparkmagazin.de\/dahme-heideseen\/?p=1184"},"modified":"2015-09-28T11:57:16","modified_gmt":"2015-09-28T09:57:16","slug":"herbstzeit-vogelzugzeit","status":"publish","type":"post","link":"https:\/\/www.naturparkmagazin.de\/dahme-heideseen\/herbstzeit-vogelzugzeit\/","title":{"rendered":"Herbstzeit \u2013 Vogelzugzeit"},"content":{"rendered":"<p>Beobachtungen am Rast- und Schlafplatz nordischer G\u00e4nse<!--more--><\/p>\n<p>Wenn es Herbst wird, ist unser Naturpark \u201eder warme S\u00fcden\u201c f\u00fcr die nordischen G\u00e4nse und solange Nahrungsangebote zu finden sind, verweilen diese V\u00f6gel in unserer Region.\nDie Naturwacht l\u00e4dt zu einer Exkursion zu den Rast- und Schlafpl\u00e4tzen der G\u00e4nse rund um die Kossenblatter Seen und den Wulfersdorfer Fischteich ein. Die Tiere k\u00f6nnen auf den \u00c4sungsfl\u00e4chen mit dem Spektiv gut beobachtet werden und der abendliche Einflug auf die Gew\u00e4sser ist ein imposantes Naturschauspiel.<\/p>\n<p>Warme Kleidung, feste Schuhe, Fernglas und vielleicht die Thermoskanne nicht vergessen!<\/p>\n<p>Die Teilnehmerzahl ist begrenzt. Erforderliche Anmeldung bis 15. Oktober 2015<\/p>\n<p>Treff: 17. Oktober 2015 um 16:00 Uhr\nGiesensdorf (15848)\nFestplatz Ortsausgang Giesensdorf in Richtung Wulfersdorf\n15856 Giesensdorf<\/p>\n<p><a href=\"https:\/\/www.naturparkmagazin.de\/dahme-heideseen\/wp-content\/uploads\/sites\/37\/graugans.jpg\"><img decoding=\"async\" loading=\"lazy\" class=\"size-medium wp-image-1021\" src=\"https:\/\/www.naturparkmagazin.de\/dahme-heideseen\/wp-content\/uploads\/sites\/37\/graugans-620x443.jpg\" alt=\"Graug\u00e4nse Foto: W. Klaeber\" width=\"620\" height=\"443\" srcset=\"https:\/\/www.naturparkmagazin.de\/dahme-heideseen\/wp-content\/uploads\/sites\/37\/graugans-620x443.jpg 620w, https:\/\/www.naturparkmagazin.de\/dahme-heideseen\/wp-content\/uploads\/sites\/37\/graugans-300x214.jpg 300w, https:\/\/www.naturparkmagazin.de\/dahme-heideseen\/wp-content\/uploads\/sites\/37\/graugans-940x672.jpg 940w, https:\/\/www.naturparkmagazin.de\/dahme-heideseen\/wp-content\/uploads\/sites\/37\/graugans-670x479.jpg 670w, https:\/\/www.naturparkmagazin.de\/dahme-heideseen\/wp-content\/uploads\/sites\/37\/graugans-200x143.jpg 200w, https:\/\/www.naturparkmagazin.de\/dahme-heideseen\/wp-content\/uploads\/sites\/37\/graugans.jpg 1075w\" sizes=\"(max-width: 620px) 100vw, 620px\" \/><\/a><\/p>\n<p>&nbsp;<\/p>\n<p>Naturwacht im Naturpark Dahme-Heideseen\nArnold-Breithor-Stra\u00dfe 8\n15754 Heidesee OT Prieros\nE-Mail:\u00a0\u00a0 dahme-heideseen@naturwacht.de\n<a href=\"http:\/\/Naturwacht im Naturpark Dahme-Heideseen Arnold-Breithor-Stra\u00dfe 8 15754 Heidesee OT Prieros E-Mail:   dahme-heideseen@naturwacht.de Naturwacht Brandenburg\" target=\"_blank\">Naturwacht Brandenburg <\/a><\/p>\n<p>&nbsp;<\/p>\n<p>Graug\u00e4nse\nFoto: W. Klaeber<\/p>\n<p>&nbsp;<\/p>\n","protected":false},"excerpt":{"rendered":"<p>Wenn es Herbst wird, ist unser Naturpark \u201eder warme S\u00fcden\u201c f\u00fcr die nordischen G\u00e4nse und solange Nahrungsangebote zu finden sind, verweilen diese V\u00f6gel in unserer Region.\nAm 17. Oktober l\u00e4dt die Naturwacht zu einer Exkursion zu den Rast- und Schlafpl\u00e4tzen der G\u00e4nse rund um die Kossenblatter Seen und den Wulfersdorfer Fischteich ein.<\/p>\n","protected":false},"author":48,"featured_media":1021,"comment_status":"open","ping_status":"open","sticky":false,"template":"","format":"standard","meta":[],"categories":[11],"tags":[],"yoast_head":"<!-- This site is optimized with the Yoast SEO plugin v19.10 - https:\/\/yoast.com\/wordpress\/plugins\/seo\/ -->\n<title>Herbstzeit \u2013 Vogelzugzeit - Naturpark Dahme-Heideseen<\/title>\n<meta name=\"robots\" content=\"index, follow, max-snippet:-1, max-image-preview:large, max-video-preview:-1\" \/>\n<link rel=\"canonical\" href=\"https:\/\/www.naturparkmagazin.de\/dahme-heideseen\/herbstzeit-vogelzugzeit\/\" \/>\n<meta property=\"og:locale\" content=\"de_DE\" \/>\n<meta property=\"og:type\" content=\"article\" \/>\n<meta property=\"og:title\" content=\"Herbstzeit \u2013 Vogelzugzeit - Naturpark Dahme-Heideseen\" \/>\n<meta property=\"og:description\" content=\"Wenn es Herbst wird, ist unser Naturpark \u201eder warme S\u00fcden\u201c f\u00fcr die nordischen G\u00e4nse und solange Nahrungsangebote zu finden sind, verweilen diese V\u00f6gel in unserer Region. Am 17. Oktober l\u00e4dt die Naturwacht zu einer Exkursion zu den Rast- und Schlafpl\u00e4tzen der G\u00e4nse rund um die Kossenblatter Seen und den Wulfersdorfer Fischteich ein.\" \/>\n<meta property=\"og:url\" content=\"https:\/\/www.naturparkmagazin.de\/dahme-heideseen\/herbstzeit-vogelzugzeit\/\" \/>\n<meta property=\"og:site_name\" content=\"Naturpark Dahme-Heideseen\" \/>\n<meta property=\"article:published_time\" content=\"2015-09-21T13:15:17+00:00\" \/>\n<meta property=\"article:modified_time\" content=\"2015-09-28T09:57:16+00:00\" \/>\n<meta property=\"og:image\" content=\"https:\/\/www.naturparkmagazin.de\/dahme-heideseen\/wp-content\/uploads\/sites\/37\/graugans.jpg\" \/>\n\t<meta property=\"og:image:width\" content=\"1075\" \/>\n\t<meta property=\"og:image:height\" content=\"768\" \/>\n\t<meta property=\"og:image:type\" content=\"image\/jpeg\" \/>\n<meta name=\"author\" content=\"hanssonnenberg\" \/>\n<meta name=\"twitter:label1\" content=\"Verfasst von\" \/>\n\t<meta name=\"twitter:data1\" content=\"hanssonnenberg\" \/>\n\t<meta name=\"twitter:label2\" content=\"Gesch\u00e4tzte Lesezeit\" \/>\n\t<meta name=\"twitter:data2\" content=\"1\u00a0Minute\" \/>\n<script type=\"application\/ld+json\" class=\"yoast-schema-graph\">{\"@context\":\"https:\/\/schema.org\",\"@graph\":[{\"@type\":\"WebPage\",\"@id\":\"https:\/\/www.naturparkmagazin.de\/dahme-heideseen\/herbstzeit-vogelzugzeit\/\",\"url\":\"https:\/\/www.naturparkmagazin.de\/dahme-heideseen\/herbstzeit-vogelzugzeit\/\",\"name\":\"Herbstzeit \u2013 Vogelzugzeit - Naturpark Dahme-Heideseen\",\"isPartOf\":{\"@id\":\"https:\/\/www.naturparkmagazin.de\/dahme-heideseen\/#website\"},\"datePublished\":\"2015-09-21T13:15:17+00:00\",\"dateModified\":\"2015-09-28T09:57:16+00:00\",\"author\":{\"@id\":\"https:\/\/www.naturparkmagazin.de\/dahme-heideseen\/#\/schema\/person\/c81c96c3a1f5ee7bffff8b8022c105f0\"},\"breadcrumb\":{\"@id\":\"https:\/\/www.naturparkmagazin.de\/dahme-heideseen\/herbstzeit-vogelzugzeit\/#breadcrumb\"},\"inLanguage\":\"de\",\"potentialAction\":[{\"@type\":\"ReadAction\",\"target\":[\"https:\/\/www.naturparkmagazin.de\/dahme-heideseen\/herbstzeit-vogelzugzeit\/\"]}]},{\"@type\":\"BreadcrumbList\",\"@id\":\"https:\/\/www.naturparkmagazin.de\/dahme-heideseen\/herbstzeit-vogelzugzeit\/#breadcrumb\",\"itemListElement\":[{\"@type\":\"ListItem\",\"position\":1,\"name\":\"Home\",\"item\":\"https:\/\/www.naturparkmagazin.de\/dahme-heideseen\/\"},{\"@type\":\"ListItem\",\"position\":2,\"name\":\"Herbstzeit \u2013 Vogelzugzeit\"}]},{\"@type\":\"WebSite\",\"@id\":\"https:\/\/www.naturparkmagazin.de\/dahme-heideseen\/#website\",\"url\":\"https:\/\/www.naturparkmagazin.de\/dahme-heideseen\/\",\"name\":\"Naturpark Dahme-Heideseen\",\"description\":\"\",\"potentialAction\":[{\"@type\":\"SearchAction\",\"target\":{\"@type\":\"EntryPoint\",\"urlTemplate\":\"https:\/\/www.naturparkmagazin.de\/dahme-heideseen\/?s={search_term_string}\"},\"query-input\":\"required name=search_term_string\"}],\"inLanguage\":\"de\"},{\"@type\":\"Person\",\"@id\":\"https:\/\/www.naturparkmagazin.de\/dahme-heideseen\/#\/schema\/person\/c81c96c3a1f5ee7bffff8b8022c105f0\",\"name\":\"hanssonnenberg\",\"url\":\"https:\/\/www.naturparkmagazin.de\/dahme-heideseen\/author\/hanssonnenberg\/\"}]}<\/script>\n<!-- \/ Yoast SEO plugin. -->","yoast_head_json":{"title":"Herbstzeit \u2013 Vogelzugzeit - Naturpark Dahme-Heideseen","robots":{"index":"index","follow":"follow","max-snippet":"max-snippet:-1","max-image-preview":"max-image-preview:large","max-video-preview":"max-video-preview:-1"},"canonical":"https:\/\/www.naturparkmagazin.de\/dahme-heideseen\/herbstzeit-vogelzugzeit\/","og_locale":"de_DE","og_type":"article","og_title":"Herbstzeit \u2013 Vogelzugzeit - Naturpark Dahme-Heideseen","og_description":"Wenn es Herbst wird, ist unser Naturpark \u201eder warme S\u00fcden\u201c f\u00fcr die nordischen G\u00e4nse und solange Nahrungsangebote zu finden sind, verweilen diese V\u00f6gel in unserer Region. Am 17. Oktober l\u00e4dt die Naturwacht zu einer Exkursion zu den Rast- und Schlafpl\u00e4tzen der G\u00e4nse rund um die Kossenblatter Seen und den Wulfersdorfer Fischteich ein.","og_url":"https:\/\/www.naturparkmagazin.de\/dahme-heideseen\/herbstzeit-vogelzugzeit\/","og_site_name":"Naturpark Dahme-Heideseen","article_published_time":"2015-09-21T13:15:17+00:00","article_modified_time":"2015-09-28T09:57:16+00:00","og_image":[{"width":1075,"height":768,"url":"https:\/\/www.naturparkmagazin.de\/dahme-heideseen\/wp-content\/uploads\/sites\/37\/graugans.jpg","type":"image\/jpeg"}],"author":"hanssonnenberg","twitter_misc":{"Verfasst von":"hanssonnenberg","Gesch\u00e4tzte Lesezeit":"1\u00a0Minute"},"schema":{"@context":"https:\/\/schema.org","@graph":[{"@type":"WebPage","@id":"https:\/\/www.naturparkmagazin.de\/dahme-heideseen\/herbstzeit-vogelzugzeit\/","url":"https:\/\/www.naturparkmagazin.de\/dahme-heideseen\/herbstzeit-vogelzugzeit\/","name":"Herbstzeit \u2013 Vogelzugzeit - Naturpark Dahme-Heideseen","isPartOf":{"@id":"https:\/\/www.naturparkmagazin.de\/dahme-heideseen\/#website"},"datePublished":"2015-09-21T13:15:17+00:00","dateModified":"2015-09-28T09:57:16+00:00","author":{"@id":"https:\/\/www.naturparkmagazin.de\/dahme-heideseen\/#\/schema\/person\/c81c96c3a1f5ee7bffff8b8022c105f0"},"breadcrumb":{"@id":"https:\/\/www.naturparkmagazin.de\/dahme-heideseen\/herbstzeit-vogelzugzeit\/#breadcrumb"},"inLanguage":"de","potentialAction":[{"@type":"ReadAction","target":["https:\/\/www.naturparkmagazin.de\/dahme-heideseen\/herbstzeit-vogelzugzeit\/"]}]},{"@type":"BreadcrumbList","@id":"https:\/\/www.naturparkmagazin.de\/dahme-heideseen\/herbstzeit-vogelzugzeit\/#breadcrumb","itemListElement":[{"@type":"ListItem","position":1,"name":"Home","item":"https:\/\/www.naturparkmagazin.de\/dahme-heideseen\/"},{"@type":"ListItem","position":2,"name":"Herbstzeit \u2013 Vogelzugzeit"}]},{"@type":"WebSite","@id":"https:\/\/www.naturparkmagazin.de\/dahme-heideseen\/#website","url":"https:\/\/www.naturparkmagazin.de\/dahme-heideseen\/","name":"Naturpark Dahme-Heideseen","description":"","potentialAction":[{"@type":"SearchAction","target":{"@type":"EntryPoint","urlTemplate":"https:\/\/www.naturparkmagazin.de\/dahme-heideseen\/?s={search_term_string}"},"query-input":"required name=search_term_string"}],"inLanguage":"de"},{"@type":"Person","@id":"https:\/\/www.naturparkmagazin.de\/dahme-heideseen\/#\/schema\/person\/c81c96c3a1f5ee7bffff8b8022c105f0","name":"hanssonnenberg","url":"https:\/\/www.naturparkmagazin.de\/dahme-heideseen\/author\/hanssonnenberg\/"}]}},"_links":{"self":[{"href":"https:\/\/www.naturparkmagazin.de\/dahme-heideseen\/wp-json\/wp\/v2\/posts\/1184"}],"collection":[{"href":"https:\/\/www.naturparkmagazin.de\/dahme-heideseen\/wp-json\/wp\/v2\/posts"}],"about":[{"href":"https:\/\/www.naturparkmagazin.de\/dahme-heideseen\/wp-json\/wp\/v2\/types\/post"}],"author":[{"embeddable":true,"href":"https:\/\/www.naturparkmagazin.de\/dahme-heideseen\/wp-json\/wp\/v2\/users\/48"}],"replies":[{"embeddable":true,"href":"https:\/\/www.naturparkmagazin.de\/dahme-heideseen\/wp-json\/wp\/v2\/comments?post=1184"}],"version-history":[{"count":6,"href":"https:\/\/www.naturparkmagazin.de\/dahme-heideseen\/wp-json\/wp\/v2\/posts\/1184\/revisions"}],"predecessor-version":[{"id":1198,"href":"https:\/\/www.naturparkmagazin.de\/dahme-heideseen\/wp-json\/wp\/v2\/posts\/1184\/revisions\/1198"}],"wp:featuredmedia":[{"embeddable":true,"href":"https:\/\/www.naturparkmagazin.de\/dahme-heideseen\/wp-json\/wp\/v2\/media\/1021"}],"wp:attachment":[{"href":"https:\/\/www.naturparkmagazin.de\/dahme-heideseen\/wp-json\/wp\/v2\/media?parent=1184"}],"wp:term":[{"taxonomy":"category","embeddable":true,"href":"https:\/\/www.naturparkmagazin.de\/dahme-heideseen\/wp-json\/wp\/v2\/categories?post=1184"},{"taxonomy":"post_tag","embeddable":true,"href":"https:\/\/www.naturparkmagazin.de\/dahme-heideseen\/wp-json\/wp\/v2\/tags?post=1184"}],"curies":[{"name":"wp","href":"https:\/\/api.w.org\/{rel}","templated":true}]}}