{"id":1212,"date":"2015-10-21T05:12:14","date_gmt":"2015-10-21T03:12:14","guid":{"rendered":"http:\/\/www.naturparkmagazin.de\/dahme-heideseen\/?p=1212"},"modified":"2015-10-27T12:07:55","modified_gmt":"2015-10-27T11:07:55","slug":"baumriese-geht-zu-boden","status":"publish","type":"post","link":"https:\/\/www.naturparkmagazin.de\/dahme-heideseen\/baumriese-geht-zu-boden\/","title":{"rendered":"Baumriese geht zu Boden"},"content":{"rendered":"<p>Die zwischen dem Haus des Waldes und dem Naturschutzgebiet Dubrow stehende, uralte &#8222;K\u00f6nigs-Eiche&#8220; ist auseinander gebrochen.<!--more-->\nSie ist, besser gesagt war, ein Wahrzeichen des Naturschutzgebiets Dubrow mit dem nahe gelegen <a href=\"http:\/\/www.haus-des-waldes.info\/\" target=\"_blank\">Haus des Waldes<\/a> &#8211; die K\u00f6nigs-Eiche im Waldgebiet von Gr\u00e4bendorf. Nun ist der mehrere hundert Jahre alte Baum bis auf einen noch stehenden, gr\u00fcnen Stamm-bereich unter seiner eigenen Last zusammen gest\u00fcrzt.<\/p>\n<p>Das Alter der markanten Traubeneiche wurde von Baumexperten auf knapp 600 Jahre gesch\u00e4tzt.\u00a0 Sie ist\u00a0 als junger Baum\u00a0 aufgewachsen, als in Deutschland der Buchdruck von Johannes Guttenberg erfunden wurde und Amerika noch nicht von Christoph Ko-lumbus entdeckt war.<\/p>\n<p>In ihrer ganzen Gr\u00f6\u00dfe und Pracht konnte sich die K\u00f6nigs-Eiche entwickeln, weil sie damals in einer weitestgehend noch offenen, nicht so dicht wie heute bewaldeten Land-schaft stand. Durch Aufforstungen mit Kiefern vor gut 100 Jahren rund um die Eiche dunkelten die unteren gr\u00fcnen Astbereiche des Baumes immer mehr aus. Die B\u00e4tter be-kamen einfach nicht mehr genug Licht und ganze Astpartien starben ab.<\/p>\n<p>In den letzten zwanzig Jahren wurde die K\u00f6nigs-Eiche zwar immer wieder von aufwach-sendem Geh\u00f6lzaufwuchs frei gestellt. Die aber nun schon toten Stammbereiche wurden nat\u00fcrlicherweise immer m\u00fcrber. Pilze drangen ein. Nun hat sich der Stamm gespalten und ein gro\u00dfer Teil von ihm ist wie ein alter Elefant zu Boden gest\u00fcrzt.<\/p>\n<div id=\"attachment_1214\" style=\"width: 486px\" class=\"wp-caption aligncenter\"><a href=\"https:\/\/www.naturparkmagazin.de\/dahme-heideseen\/wp-content\/uploads\/sites\/37\/Naturdenkmal_Koenigseiche_Sonnenberg2015.jpg\"><img aria-describedby=\"caption-attachment-1214\" decoding=\"async\" loading=\"lazy\" class=\"size-full wp-image-1214\" src=\"https:\/\/www.naturparkmagazin.de\/dahme-heideseen\/wp-content\/uploads\/sites\/37\/Naturdenkmal_Koenigseiche_Sonnenberg2015.jpg\" alt=\"K\u00f6nigseiche in der Dubrow (Sonnenberg)\" width=\"476\" height=\"640\" srcset=\"https:\/\/www.naturparkmagazin.de\/dahme-heideseen\/wp-content\/uploads\/sites\/37\/Naturdenkmal_Koenigseiche_Sonnenberg2015.jpg 476w, https:\/\/www.naturparkmagazin.de\/dahme-heideseen\/wp-content\/uploads\/sites\/37\/Naturdenkmal_Koenigseiche_Sonnenberg2015-300x403.jpg 300w, https:\/\/www.naturparkmagazin.de\/dahme-heideseen\/wp-content\/uploads\/sites\/37\/Naturdenkmal_Koenigseiche_Sonnenberg2015-53x71.jpg 53w, https:\/\/www.naturparkmagazin.de\/dahme-heideseen\/wp-content\/uploads\/sites\/37\/Naturdenkmal_Koenigseiche_Sonnenberg2015-200x269.jpg 200w\" sizes=\"(max-width: 476px) 100vw, 476px\" \/><\/a><p id=\"caption-attachment-1214\" class=\"wp-caption-text\">K\u00f6nigseiche in der Dubrow (Sonnenberg)<\/p><\/div>\n<p>&nbsp;<\/p>\n<div id=\"attachment_1213\" style=\"width: 539px\" class=\"wp-caption aligncenter\"><a href=\"https:\/\/www.naturparkmagazin.de\/dahme-heideseen\/wp-content\/uploads\/sites\/37\/NPDH_Koenigseiche_Zeitlow_2015.jpg\"><img aria-describedby=\"caption-attachment-1213\" decoding=\"async\" loading=\"lazy\" class=\"size-full wp-image-1213\" src=\"https:\/\/www.naturparkmagazin.de\/dahme-heideseen\/wp-content\/uploads\/sites\/37\/NPDH_Koenigseiche_Zeitlow_2015.jpg\" alt=\"K\u00f6nigseiche im Herbst 2015 nach dem Zusammenbruch des alten Stammes (Foto: Zeitlow)\" width=\"529\" height=\"800\" srcset=\"https:\/\/www.naturparkmagazin.de\/dahme-heideseen\/wp-content\/uploads\/sites\/37\/NPDH_Koenigseiche_Zeitlow_2015.jpg 529w, https:\/\/www.naturparkmagazin.de\/dahme-heideseen\/wp-content\/uploads\/sites\/37\/NPDH_Koenigseiche_Zeitlow_2015-300x454.jpg 300w, https:\/\/www.naturparkmagazin.de\/dahme-heideseen\/wp-content\/uploads\/sites\/37\/NPDH_Koenigseiche_Zeitlow_2015-200x302.jpg 200w\" sizes=\"(max-width: 529px) 100vw, 529px\" \/><\/a><p id=\"caption-attachment-1213\" class=\"wp-caption-text\">K\u00f6nigseiche im Herbst 2015 nach dem Zusammenbruch des alten Stammes (Foto: Zeitlow)<\/p><\/div>\n<p>Fotos:\nDie K\u00f6nigs-Eiche vor und nach dem Zusammenbruch (Naturpark Dahme-Heideseen, B. Zeitlow)<\/p>\n","protected":false},"excerpt":{"rendered":"<p>Die zwischen dem Haus des Waldes und dem Naturschutzgebiet Dubrow stehende, uralte &#8222;K\u00f6nigs-Eiche&#8220; ist auseinander gebrochen.<\/p>\n","protected":false},"author":48,"featured_media":1213,"comment_status":"open","ping_status":"open","sticky":false,"template":"","format":"standard","meta":[],"categories":[7],"tags":[],"yoast_head":"<!-- This site is optimized with the Yoast SEO plugin v19.10 - https:\/\/yoast.com\/wordpress\/plugins\/seo\/ -->\n<title>Baumriese geht zu Boden - Naturpark Dahme-Heideseen<\/title>\n<meta name=\"robots\" content=\"index, follow, max-snippet:-1, max-image-preview:large, max-video-preview:-1\" \/>\n<link rel=\"canonical\" href=\"https:\/\/www.naturparkmagazin.de\/dahme-heideseen\/baumriese-geht-zu-boden\/\" \/>\n<meta property=\"og:locale\" content=\"de_DE\" \/>\n<meta property=\"og:type\" content=\"article\" \/>\n<meta property=\"og:title\" content=\"Baumriese geht zu Boden - Naturpark Dahme-Heideseen\" \/>\n<meta property=\"og:description\" content=\"Die zwischen dem Haus des Waldes und dem Naturschutzgebiet Dubrow stehende, uralte &quot;K\u00f6nigs-Eiche&quot; ist auseinander gebrochen.\" \/>\n<meta property=\"og:url\" content=\"https:\/\/www.naturparkmagazin.de\/dahme-heideseen\/baumriese-geht-zu-boden\/\" \/>\n<meta property=\"og:site_name\" content=\"Naturpark Dahme-Heideseen\" \/>\n<meta property=\"article:published_time\" content=\"2015-10-21T03:12:14+00:00\" \/>\n<meta property=\"article:modified_time\" content=\"2015-10-27T11:07:55+00:00\" \/>\n<meta property=\"og:image\" content=\"https:\/\/www.naturparkmagazin.de\/dahme-heideseen\/wp-content\/uploads\/sites\/37\/NPDH_Koenigseiche_Zeitlow_2015.jpg\" \/>\n\t<meta property=\"og:image:width\" content=\"529\" \/>\n\t<meta property=\"og:image:height\" content=\"800\" \/>\n\t<meta property=\"og:image:type\" content=\"image\/jpeg\" \/>\n<meta name=\"author\" content=\"hanssonnenberg\" \/>\n<meta name=\"twitter:label1\" content=\"Verfasst von\" \/>\n\t<meta name=\"twitter:data1\" content=\"hanssonnenberg\" \/>\n\t<meta name=\"twitter:label2\" content=\"Gesch\u00e4tzte Lesezeit\" \/>\n\t<meta name=\"twitter:data2\" content=\"1\u00a0Minute\" \/>\n<script type=\"application\/ld+json\" class=\"yoast-schema-graph\">{\"@context\":\"https:\/\/schema.org\",\"@graph\":[{\"@type\":\"WebPage\",\"@id\":\"https:\/\/www.naturparkmagazin.de\/dahme-heideseen\/baumriese-geht-zu-boden\/\",\"url\":\"https:\/\/www.naturparkmagazin.de\/dahme-heideseen\/baumriese-geht-zu-boden\/\",\"name\":\"Baumriese geht zu Boden - Naturpark Dahme-Heideseen\",\"isPartOf\":{\"@id\":\"https:\/\/www.naturparkmagazin.de\/dahme-heideseen\/#website\"},\"datePublished\":\"2015-10-21T03:12:14+00:00\",\"dateModified\":\"2015-10-27T11:07:55+00:00\",\"author\":{\"@id\":\"https:\/\/www.naturparkmagazin.de\/dahme-heideseen\/#\/schema\/person\/c81c96c3a1f5ee7bffff8b8022c105f0\"},\"breadcrumb\":{\"@id\":\"https:\/\/www.naturparkmagazin.de\/dahme-heideseen\/baumriese-geht-zu-boden\/#breadcrumb\"},\"inLanguage\":\"de\",\"potentialAction\":[{\"@type\":\"ReadAction\",\"target\":[\"https:\/\/www.naturparkmagazin.de\/dahme-heideseen\/baumriese-geht-zu-boden\/\"]}]},{\"@type\":\"BreadcrumbList\",\"@id\":\"https:\/\/www.naturparkmagazin.de\/dahme-heideseen\/baumriese-geht-zu-boden\/#breadcrumb\",\"itemListElement\":[{\"@type\":\"ListItem\",\"position\":1,\"name\":\"Home\",\"item\":\"https:\/\/www.naturparkmagazin.de\/dahme-heideseen\/\"},{\"@type\":\"ListItem\",\"position\":2,\"name\":\"Baumriese geht zu Boden\"}]},{\"@type\":\"WebSite\",\"@id\":\"https:\/\/www.naturparkmagazin.de\/dahme-heideseen\/#website\",\"url\":\"https:\/\/www.naturparkmagazin.de\/dahme-heideseen\/\",\"name\":\"Naturpark Dahme-Heideseen\",\"description\":\"\",\"potentialAction\":[{\"@type\":\"SearchAction\",\"target\":{\"@type\":\"EntryPoint\",\"urlTemplate\":\"https:\/\/www.naturparkmagazin.de\/dahme-heideseen\/?s={search_term_string}\"},\"query-input\":\"required name=search_term_string\"}],\"inLanguage\":\"de\"},{\"@type\":\"Person\",\"@id\":\"https:\/\/www.naturparkmagazin.de\/dahme-heideseen\/#\/schema\/person\/c81c96c3a1f5ee7bffff8b8022c105f0\",\"name\":\"hanssonnenberg\",\"url\":\"https:\/\/www.naturparkmagazin.de\/dahme-heideseen\/author\/hanssonnenberg\/\"}]}<\/script>\n<!-- \/ Yoast SEO plugin. -->","yoast_head_json":{"title":"Baumriese geht zu Boden - Naturpark Dahme-Heideseen","robots":{"index":"index","follow":"follow","max-snippet":"max-snippet:-1","max-image-preview":"max-image-preview:large","max-video-preview":"max-video-preview:-1"},"canonical":"https:\/\/www.naturparkmagazin.de\/dahme-heideseen\/baumriese-geht-zu-boden\/","og_locale":"de_DE","og_type":"article","og_title":"Baumriese geht zu Boden - Naturpark Dahme-Heideseen","og_description":"Die zwischen dem Haus des Waldes und dem Naturschutzgebiet Dubrow stehende, uralte \"K\u00f6nigs-Eiche\" ist auseinander gebrochen.","og_url":"https:\/\/www.naturparkmagazin.de\/dahme-heideseen\/baumriese-geht-zu-boden\/","og_site_name":"Naturpark Dahme-Heideseen","article_published_time":"2015-10-21T03:12:14+00:00","article_modified_time":"2015-10-27T11:07:55+00:00","og_image":[{"width":529,"height":800,"url":"https:\/\/www.naturparkmagazin.de\/dahme-heideseen\/wp-content\/uploads\/sites\/37\/NPDH_Koenigseiche_Zeitlow_2015.jpg","type":"image\/jpeg"}],"author":"hanssonnenberg","twitter_misc":{"Verfasst von":"hanssonnenberg","Gesch\u00e4tzte Lesezeit":"1\u00a0Minute"},"schema":{"@context":"https:\/\/schema.org","@graph":[{"@type":"WebPage","@id":"https:\/\/www.naturparkmagazin.de\/dahme-heideseen\/baumriese-geht-zu-boden\/","url":"https:\/\/www.naturparkmagazin.de\/dahme-heideseen\/baumriese-geht-zu-boden\/","name":"Baumriese geht zu Boden - Naturpark Dahme-Heideseen","isPartOf":{"@id":"https:\/\/www.naturparkmagazin.de\/dahme-heideseen\/#website"},"datePublished":"2015-10-21T03:12:14+00:00","dateModified":"2015-10-27T11:07:55+00:00","author":{"@id":"https:\/\/www.naturparkmagazin.de\/dahme-heideseen\/#\/schema\/person\/c81c96c3a1f5ee7bffff8b8022c105f0"},"breadcrumb":{"@id":"https:\/\/www.naturparkmagazin.de\/dahme-heideseen\/baumriese-geht-zu-boden\/#breadcrumb"},"inLanguage":"de","potentialAction":[{"@type":"ReadAction","target":["https:\/\/www.naturparkmagazin.de\/dahme-heideseen\/baumriese-geht-zu-boden\/"]}]},{"@type":"BreadcrumbList","@id":"https:\/\/www.naturparkmagazin.de\/dahme-heideseen\/baumriese-geht-zu-boden\/#breadcrumb","itemListElement":[{"@type":"ListItem","position":1,"name":"Home","item":"https:\/\/www.naturparkmagazin.de\/dahme-heideseen\/"},{"@type":"ListItem","position":2,"name":"Baumriese geht zu Boden"}]},{"@type":"WebSite","@id":"https:\/\/www.naturparkmagazin.de\/dahme-heideseen\/#website","url":"https:\/\/www.naturparkmagazin.de\/dahme-heideseen\/","name":"Naturpark Dahme-Heideseen","description":"","potentialAction":[{"@type":"SearchAction","target":{"@type":"EntryPoint","urlTemplate":"https:\/\/www.naturparkmagazin.de\/dahme-heideseen\/?s={search_term_string}"},"query-input":"required name=search_term_string"}],"inLanguage":"de"},{"@type":"Person","@id":"https:\/\/www.naturparkmagazin.de\/dahme-heideseen\/#\/schema\/person\/c81c96c3a1f5ee7bffff8b8022c105f0","name":"hanssonnenberg","url":"https:\/\/www.naturparkmagazin.de\/dahme-heideseen\/author\/hanssonnenberg\/"}]}},"_links":{"self":[{"href":"https:\/\/www.naturparkmagazin.de\/dahme-heideseen\/wp-json\/wp\/v2\/posts\/1212"}],"collection":[{"href":"https:\/\/www.naturparkmagazin.de\/dahme-heideseen\/wp-json\/wp\/v2\/posts"}],"about":[{"href":"https:\/\/www.naturparkmagazin.de\/dahme-heideseen\/wp-json\/wp\/v2\/types\/post"}],"author":[{"embeddable":true,"href":"https:\/\/www.naturparkmagazin.de\/dahme-heideseen\/wp-json\/wp\/v2\/users\/48"}],"replies":[{"embeddable":true,"href":"https:\/\/www.naturparkmagazin.de\/dahme-heideseen\/wp-json\/wp\/v2\/comments?post=1212"}],"version-history":[{"count":2,"href":"https:\/\/www.naturparkmagazin.de\/dahme-heideseen\/wp-json\/wp\/v2\/posts\/1212\/revisions"}],"predecessor-version":[{"id":1238,"href":"https:\/\/www.naturparkmagazin.de\/dahme-heideseen\/wp-json\/wp\/v2\/posts\/1212\/revisions\/1238"}],"wp:featuredmedia":[{"embeddable":true,"href":"https:\/\/www.naturparkmagazin.de\/dahme-heideseen\/wp-json\/wp\/v2\/media\/1213"}],"wp:attachment":[{"href":"https:\/\/www.naturparkmagazin.de\/dahme-heideseen\/wp-json\/wp\/v2\/media?parent=1212"}],"wp:term":[{"taxonomy":"category","embeddable":true,"href":"https:\/\/www.naturparkmagazin.de\/dahme-heideseen\/wp-json\/wp\/v2\/categories?post=1212"},{"taxonomy":"post_tag","embeddable":true,"href":"https:\/\/www.naturparkmagazin.de\/dahme-heideseen\/wp-json\/wp\/v2\/tags?post=1212"}],"curies":[{"name":"wp","href":"https:\/\/api.w.org\/{rel}","templated":true}]}}