{"id":1216,"date":"2015-09-13T05:19:52","date_gmt":"2015-09-13T03:19:52","guid":{"rendered":"http:\/\/www.naturparkmagazin.de\/dahme-heideseen\/?p=1216"},"modified":"2015-10-14T13:29:24","modified_gmt":"2015-10-14T11:29:24","slug":"wenn-die-gaense-ziehen-exkursion-mit-der-naturwacht","status":"publish","type":"post","link":"https:\/\/www.naturparkmagazin.de\/dahme-heideseen\/wenn-die-gaense-ziehen-exkursion-mit-der-naturwacht\/","title":{"rendered":"Wenn die G\u00e4nse ziehen &#8211; Exkursion mit der Naturwacht"},"content":{"rendered":"<dl class=\"date\">\n<dt>Beobachtungen am Rast- und Schlafplatz nordischer G\u00e4nse \u00a0am\u00a017. Oktober \u00a02015 um \u00a016:00 Uhr<\/dt>\n<\/dl>\n<p><!--more--><\/p>\n<p>Wenn es Herbst wird, ist unser Naturpark \u201eder warme S\u00fcden\u201c f\u00fcr die nordischen G\u00e4nse und solange Nahrungsangebote zu finden sind, verweilen diese V\u00f6gel in unserer Region.\nDie Naturwacht l\u00e4dt zu einer Exkursion zu den Rast- und Schlafpl\u00e4tzen der G\u00e4nse rund um die Kossenblatter Seen und den Wulfersdorfer Fischteich ein. Die Tiere k\u00f6nnen auf den \u00c4sungsfl\u00e4chen mit dem Spektiv gut beobachtet werden und der abendliche Einflug auf die Gew\u00e4sser ist ein imposantes Naturschauspiel.<\/p>\n<p>Warme Kleidung, feste Schuhe, Fernglas und vielleicht die Thermoskanne nicht vergessen!<\/p>\n<p>Die Teilnehmerzahl ist begrenzt. Erforderliche Anmeldung bis 15. Oktober 2015<\/p>\n<h3>Veranstaltungsort<\/h3>\n<p><strong>Giesensdorf (15848)<\/strong>\nFestplatz Ortsausgang Giesensdorf in Richtung Wulfersdorf\n15856 Giesensdorf<\/p>\n<h3>Veranstalter<\/h3>\n<p><strong>Naturwacht im Naturpark Dahme-Heideseen<\/strong>\nArnold-Breithor-Stra\u00dfe 8\n15754 Heidesee OT Prieros<\/p>\n<p>+49 (0)3376850118<\/p>\n<p>+49 (0) 170 5745 189<\/p>\n<p><a href=\"http:\/\/www.dahme-heideseen-naturpark.de\/service\/kontakt\/?tx_snmlugv_pi6%5Bcontact%5D=1167&amp;tx_snmlugv_pi6%5Bdate%5D=1\">dahme-heideseen@naturwacht.de<\/a><\/p>\n<p><a href=\"http:\/\/www.naturwacht.de\/\" target=\"_blank\">http:\/\/www.naturwacht.de<\/a><\/p>\n<p>&nbsp;<\/p>\n","protected":false},"excerpt":{"rendered":"<p>Beobachtungen am Rast- und Schlafplatz nordischer G\u00e4nse \u00a0am\u00a017. Oktober \u00a02015 um \u00a016:00 Uhr<\/p>\n","protected":false},"author":48,"featured_media":734,"comment_status":"open","ping_status":"open","sticky":false,"template":"","format":"standard","meta":[],"categories":[11],"tags":[],"yoast_head":"<!-- This site is optimized with the Yoast SEO plugin v19.10 - https:\/\/yoast.com\/wordpress\/plugins\/seo\/ -->\n<title>Wenn die G\u00e4nse ziehen - Exkursion mit der Naturwacht - Naturpark Dahme-Heideseen<\/title>\n<meta name=\"robots\" content=\"index, follow, max-snippet:-1, max-image-preview:large, max-video-preview:-1\" \/>\n<link rel=\"canonical\" href=\"https:\/\/www.naturparkmagazin.de\/dahme-heideseen\/wenn-die-gaense-ziehen-exkursion-mit-der-naturwacht\/\" \/>\n<meta property=\"og:locale\" content=\"de_DE\" \/>\n<meta property=\"og:type\" content=\"article\" \/>\n<meta property=\"og:title\" content=\"Wenn die G\u00e4nse ziehen - Exkursion mit der Naturwacht - Naturpark Dahme-Heideseen\" \/>\n<meta property=\"og:description\" content=\"Beobachtungen am Rast- und Schlafplatz nordischer G\u00e4nse \u00a0am\u00a017. Oktober \u00a02015 um \u00a016:00 Uhr\" \/>\n<meta property=\"og:url\" content=\"https:\/\/www.naturparkmagazin.de\/dahme-heideseen\/wenn-die-gaense-ziehen-exkursion-mit-der-naturwacht\/\" \/>\n<meta property=\"og:site_name\" content=\"Naturpark Dahme-Heideseen\" \/>\n<meta property=\"article:published_time\" content=\"2015-09-13T03:19:52+00:00\" \/>\n<meta property=\"article:modified_time\" content=\"2015-10-14T11:29:24+00:00\" \/>\n<meta property=\"og:image\" content=\"https:\/\/www.naturparkmagazin.de\/dahme-heideseen\/wp-content\/uploads\/sites\/37\/nordische-Gaense.jpg\" \/>\n\t<meta property=\"og:image:width\" content=\"1024\" \/>\n\t<meta property=\"og:image:height\" content=\"722\" \/>\n\t<meta property=\"og:image:type\" content=\"image\/jpeg\" \/>\n<meta name=\"author\" content=\"hanssonnenberg\" \/>\n<meta name=\"twitter:label1\" content=\"Verfasst von\" \/>\n\t<meta name=\"twitter:data1\" content=\"hanssonnenberg\" \/>\n\t<meta name=\"twitter:label2\" content=\"Gesch\u00e4tzte Lesezeit\" \/>\n\t<meta name=\"twitter:data2\" content=\"1\u00a0Minute\" \/>\n<script type=\"application\/ld+json\" class=\"yoast-schema-graph\">{\"@context\":\"https:\/\/schema.org\",\"@graph\":[{\"@type\":\"WebPage\",\"@id\":\"https:\/\/www.naturparkmagazin.de\/dahme-heideseen\/wenn-die-gaense-ziehen-exkursion-mit-der-naturwacht\/\",\"url\":\"https:\/\/www.naturparkmagazin.de\/dahme-heideseen\/wenn-die-gaense-ziehen-exkursion-mit-der-naturwacht\/\",\"name\":\"Wenn die G\u00e4nse ziehen - Exkursion mit der Naturwacht - Naturpark Dahme-Heideseen\",\"isPartOf\":{\"@id\":\"https:\/\/www.naturparkmagazin.de\/dahme-heideseen\/#website\"},\"datePublished\":\"2015-09-13T03:19:52+00:00\",\"dateModified\":\"2015-10-14T11:29:24+00:00\",\"author\":{\"@id\":\"https:\/\/www.naturparkmagazin.de\/dahme-heideseen\/#\/schema\/person\/c81c96c3a1f5ee7bffff8b8022c105f0\"},\"breadcrumb\":{\"@id\":\"https:\/\/www.naturparkmagazin.de\/dahme-heideseen\/wenn-die-gaense-ziehen-exkursion-mit-der-naturwacht\/#breadcrumb\"},\"inLanguage\":\"de\",\"potentialAction\":[{\"@type\":\"ReadAction\",\"target\":[\"https:\/\/www.naturparkmagazin.de\/dahme-heideseen\/wenn-die-gaense-ziehen-exkursion-mit-der-naturwacht\/\"]}]},{\"@type\":\"BreadcrumbList\",\"@id\":\"https:\/\/www.naturparkmagazin.de\/dahme-heideseen\/wenn-die-gaense-ziehen-exkursion-mit-der-naturwacht\/#breadcrumb\",\"itemListElement\":[{\"@type\":\"ListItem\",\"position\":1,\"name\":\"Home\",\"item\":\"https:\/\/www.naturparkmagazin.de\/dahme-heideseen\/\"},{\"@type\":\"ListItem\",\"position\":2,\"name\":\"Wenn die G\u00e4nse ziehen &#8211; Exkursion mit der Naturwacht\"}]},{\"@type\":\"WebSite\",\"@id\":\"https:\/\/www.naturparkmagazin.de\/dahme-heideseen\/#website\",\"url\":\"https:\/\/www.naturparkmagazin.de\/dahme-heideseen\/\",\"name\":\"Naturpark Dahme-Heideseen\",\"description\":\"\",\"potentialAction\":[{\"@type\":\"SearchAction\",\"target\":{\"@type\":\"EntryPoint\",\"urlTemplate\":\"https:\/\/www.naturparkmagazin.de\/dahme-heideseen\/?s={search_term_string}\"},\"query-input\":\"required name=search_term_string\"}],\"inLanguage\":\"de\"},{\"@type\":\"Person\",\"@id\":\"https:\/\/www.naturparkmagazin.de\/dahme-heideseen\/#\/schema\/person\/c81c96c3a1f5ee7bffff8b8022c105f0\",\"name\":\"hanssonnenberg\",\"url\":\"https:\/\/www.naturparkmagazin.de\/dahme-heideseen\/author\/hanssonnenberg\/\"}]}<\/script>\n<!-- \/ Yoast SEO plugin. -->","yoast_head_json":{"title":"Wenn die G\u00e4nse ziehen - Exkursion mit der Naturwacht - Naturpark Dahme-Heideseen","robots":{"index":"index","follow":"follow","max-snippet":"max-snippet:-1","max-image-preview":"max-image-preview:large","max-video-preview":"max-video-preview:-1"},"canonical":"https:\/\/www.naturparkmagazin.de\/dahme-heideseen\/wenn-die-gaense-ziehen-exkursion-mit-der-naturwacht\/","og_locale":"de_DE","og_type":"article","og_title":"Wenn die G\u00e4nse ziehen - Exkursion mit der Naturwacht - Naturpark Dahme-Heideseen","og_description":"Beobachtungen am Rast- und Schlafplatz nordischer G\u00e4nse \u00a0am\u00a017. Oktober \u00a02015 um \u00a016:00 Uhr","og_url":"https:\/\/www.naturparkmagazin.de\/dahme-heideseen\/wenn-die-gaense-ziehen-exkursion-mit-der-naturwacht\/","og_site_name":"Naturpark Dahme-Heideseen","article_published_time":"2015-09-13T03:19:52+00:00","article_modified_time":"2015-10-14T11:29:24+00:00","og_image":[{"width":1024,"height":722,"url":"https:\/\/www.naturparkmagazin.de\/dahme-heideseen\/wp-content\/uploads\/sites\/37\/nordische-Gaense.jpg","type":"image\/jpeg"}],"author":"hanssonnenberg","twitter_misc":{"Verfasst von":"hanssonnenberg","Gesch\u00e4tzte Lesezeit":"1\u00a0Minute"},"schema":{"@context":"https:\/\/schema.org","@graph":[{"@type":"WebPage","@id":"https:\/\/www.naturparkmagazin.de\/dahme-heideseen\/wenn-die-gaense-ziehen-exkursion-mit-der-naturwacht\/","url":"https:\/\/www.naturparkmagazin.de\/dahme-heideseen\/wenn-die-gaense-ziehen-exkursion-mit-der-naturwacht\/","name":"Wenn die G\u00e4nse ziehen - Exkursion mit der Naturwacht - Naturpark Dahme-Heideseen","isPartOf":{"@id":"https:\/\/www.naturparkmagazin.de\/dahme-heideseen\/#website"},"datePublished":"2015-09-13T03:19:52+00:00","dateModified":"2015-10-14T11:29:24+00:00","author":{"@id":"https:\/\/www.naturparkmagazin.de\/dahme-heideseen\/#\/schema\/person\/c81c96c3a1f5ee7bffff8b8022c105f0"},"breadcrumb":{"@id":"https:\/\/www.naturparkmagazin.de\/dahme-heideseen\/wenn-die-gaense-ziehen-exkursion-mit-der-naturwacht\/#breadcrumb"},"inLanguage":"de","potentialAction":[{"@type":"ReadAction","target":["https:\/\/www.naturparkmagazin.de\/dahme-heideseen\/wenn-die-gaense-ziehen-exkursion-mit-der-naturwacht\/"]}]},{"@type":"BreadcrumbList","@id":"https:\/\/www.naturparkmagazin.de\/dahme-heideseen\/wenn-die-gaense-ziehen-exkursion-mit-der-naturwacht\/#breadcrumb","itemListElement":[{"@type":"ListItem","position":1,"name":"Home","item":"https:\/\/www.naturparkmagazin.de\/dahme-heideseen\/"},{"@type":"ListItem","position":2,"name":"Wenn die G\u00e4nse ziehen &#8211; Exkursion mit der Naturwacht"}]},{"@type":"WebSite","@id":"https:\/\/www.naturparkmagazin.de\/dahme-heideseen\/#website","url":"https:\/\/www.naturparkmagazin.de\/dahme-heideseen\/","name":"Naturpark Dahme-Heideseen","description":"","potentialAction":[{"@type":"SearchAction","target":{"@type":"EntryPoint","urlTemplate":"https:\/\/www.naturparkmagazin.de\/dahme-heideseen\/?s={search_term_string}"},"query-input":"required name=search_term_string"}],"inLanguage":"de"},{"@type":"Person","@id":"https:\/\/www.naturparkmagazin.de\/dahme-heideseen\/#\/schema\/person\/c81c96c3a1f5ee7bffff8b8022c105f0","name":"hanssonnenberg","url":"https:\/\/www.naturparkmagazin.de\/dahme-heideseen\/author\/hanssonnenberg\/"}]}},"_links":{"self":[{"href":"https:\/\/www.naturparkmagazin.de\/dahme-heideseen\/wp-json\/wp\/v2\/posts\/1216"}],"collection":[{"href":"https:\/\/www.naturparkmagazin.de\/dahme-heideseen\/wp-json\/wp\/v2\/posts"}],"about":[{"href":"https:\/\/www.naturparkmagazin.de\/dahme-heideseen\/wp-json\/wp\/v2\/types\/post"}],"author":[{"embeddable":true,"href":"https:\/\/www.naturparkmagazin.de\/dahme-heideseen\/wp-json\/wp\/v2\/users\/48"}],"replies":[{"embeddable":true,"href":"https:\/\/www.naturparkmagazin.de\/dahme-heideseen\/wp-json\/wp\/v2\/comments?post=1216"}],"version-history":[{"count":1,"href":"https:\/\/www.naturparkmagazin.de\/dahme-heideseen\/wp-json\/wp\/v2\/posts\/1216\/revisions"}],"predecessor-version":[{"id":1217,"href":"https:\/\/www.naturparkmagazin.de\/dahme-heideseen\/wp-json\/wp\/v2\/posts\/1216\/revisions\/1217"}],"wp:featuredmedia":[{"embeddable":true,"href":"https:\/\/www.naturparkmagazin.de\/dahme-heideseen\/wp-json\/wp\/v2\/media\/734"}],"wp:attachment":[{"href":"https:\/\/www.naturparkmagazin.de\/dahme-heideseen\/wp-json\/wp\/v2\/media?parent=1216"}],"wp:term":[{"taxonomy":"category","embeddable":true,"href":"https:\/\/www.naturparkmagazin.de\/dahme-heideseen\/wp-json\/wp\/v2\/categories?post=1216"},{"taxonomy":"post_tag","embeddable":true,"href":"https:\/\/www.naturparkmagazin.de\/dahme-heideseen\/wp-json\/wp\/v2\/tags?post=1216"}],"curies":[{"name":"wp","href":"https:\/\/api.w.org\/{rel}","templated":true}]}}