{"id":1218,"date":"2015-10-21T05:31:01","date_gmt":"2015-10-21T03:31:01","guid":{"rendered":"http:\/\/www.naturparkmagazin.de\/dahme-heideseen\/?p=1218"},"modified":"2015-10-27T12:06:57","modified_gmt":"2015-10-27T11:06:57","slug":"nicht-vergessen-der-winter-kommt-sicher","status":"publish","type":"post","link":"https:\/\/www.naturparkmagazin.de\/dahme-heideseen\/nicht-vergessen-der-winter-kommt-sicher\/","title":{"rendered":"Nicht vergessen: Der Winter kommt sicher"},"content":{"rendered":"<dl class=\"date\">\n<dt>Futterh\u00e4uschen bauen im Haus des Waldes am 14. November um 15.00 Uhr.<\/dt>\n<\/dl>\n<p><!--more--><\/p>\n<p>Die Termine weiterer waldp\u00e4dagogischer Veranstaltungen sowie alle Veranstaltungsdetails k\u00f6nnen Sie unter <a href=\"http:\/\/www.treffpunktwald.de\" target=\"_blank\">Treffpunkt Wald<\/a> oder der Tagespresse entnehmen.<\/p>\n<h3>Veranstaltungsort<\/h3>\n<p><strong>Gr\u00e4bendorf<\/strong>\nM\u00e4rkisches Haus des Waldes Gr\u00e4bendorf\nFrauenseestra\u00dfe 18 a\n15754 Heidesee \/ OT Gr\u00e4bendorf<\/p>\n<p>+49 (0) 3376364444<\/p>\n<p>+49 (0) 3376364443<\/p>\n<p><a href=\"http:\/\/www.dahme-heideseen-naturpark.de\/service\/kontakt\/?tx_snmlugv_pi6%5Bcontact%5D=1216&amp;tx_snmlugv_pi6%5Bdate%5D=1\">hausdeswaldes@affwu.brandenburg.de<\/a><\/p>\n<p><a href=\"http:\/\/www.haus-des-waldes.info\/\" target=\"_blank\">http:\/\/www.haus-des-waldes.info\/<\/a><\/p>\n<dl class=\"contact\">\n<dt class=\"phone\"><\/dt>\n<dd><\/dd>\n<\/dl>\n","protected":false},"excerpt":{"rendered":"<p>Im M\u00e4rkischen Haus des Waldes Gr\u00e4bendorf werden am 14. November um 15.00 Uhr Futterh\u00e4uschen gebaut.<\/p>\n","protected":false},"author":48,"featured_media":1219,"comment_status":"open","ping_status":"open","sticky":false,"template":"","format":"standard","meta":[],"categories":[7],"tags":[],"yoast_head":"<!-- This site is optimized with the Yoast SEO plugin v19.10 - https:\/\/yoast.com\/wordpress\/plugins\/seo\/ -->\n<title>Nicht vergessen: Der Winter kommt sicher - Naturpark Dahme-Heideseen<\/title>\n<meta name=\"robots\" content=\"index, follow, max-snippet:-1, max-image-preview:large, max-video-preview:-1\" \/>\n<link rel=\"canonical\" href=\"https:\/\/www.naturparkmagazin.de\/dahme-heideseen\/nicht-vergessen-der-winter-kommt-sicher\/\" \/>\n<meta property=\"og:locale\" content=\"de_DE\" \/>\n<meta property=\"og:type\" content=\"article\" \/>\n<meta property=\"og:title\" content=\"Nicht vergessen: Der Winter kommt sicher - Naturpark Dahme-Heideseen\" \/>\n<meta property=\"og:description\" content=\"Im M\u00e4rkischen Haus des Waldes Gr\u00e4bendorf werden am 14. November um 15.00 Uhr Futterh\u00e4uschen gebaut.\" \/>\n<meta property=\"og:url\" content=\"https:\/\/www.naturparkmagazin.de\/dahme-heideseen\/nicht-vergessen-der-winter-kommt-sicher\/\" \/>\n<meta property=\"og:site_name\" content=\"Naturpark Dahme-Heideseen\" \/>\n<meta property=\"article:published_time\" content=\"2015-10-21T03:31:01+00:00\" \/>\n<meta property=\"article:modified_time\" content=\"2015-10-27T11:06:57+00:00\" \/>\n<meta property=\"og:image\" content=\"https:\/\/www.naturparkmagazin.de\/dahme-heideseen\/wp-content\/uploads\/sites\/37\/Haus-des-Waldes-_-Sonnenberg.jpg\" \/>\n\t<meta property=\"og:image:width\" content=\"983\" \/>\n\t<meta property=\"og:image:height\" content=\"1000\" \/>\n\t<meta property=\"og:image:type\" content=\"image\/jpeg\" \/>\n<meta name=\"author\" content=\"hanssonnenberg\" \/>\n<meta name=\"twitter:label1\" content=\"Verfasst von\" \/>\n\t<meta name=\"twitter:data1\" content=\"hanssonnenberg\" \/>\n<script type=\"application\/ld+json\" class=\"yoast-schema-graph\">{\"@context\":\"https:\/\/schema.org\",\"@graph\":[{\"@type\":\"WebPage\",\"@id\":\"https:\/\/www.naturparkmagazin.de\/dahme-heideseen\/nicht-vergessen-der-winter-kommt-sicher\/\",\"url\":\"https:\/\/www.naturparkmagazin.de\/dahme-heideseen\/nicht-vergessen-der-winter-kommt-sicher\/\",\"name\":\"Nicht vergessen: Der Winter kommt sicher - Naturpark Dahme-Heideseen\",\"isPartOf\":{\"@id\":\"https:\/\/www.naturparkmagazin.de\/dahme-heideseen\/#website\"},\"datePublished\":\"2015-10-21T03:31:01+00:00\",\"dateModified\":\"2015-10-27T11:06:57+00:00\",\"author\":{\"@id\":\"https:\/\/www.naturparkmagazin.de\/dahme-heideseen\/#\/schema\/person\/c81c96c3a1f5ee7bffff8b8022c105f0\"},\"breadcrumb\":{\"@id\":\"https:\/\/www.naturparkmagazin.de\/dahme-heideseen\/nicht-vergessen-der-winter-kommt-sicher\/#breadcrumb\"},\"inLanguage\":\"de\",\"potentialAction\":[{\"@type\":\"ReadAction\",\"target\":[\"https:\/\/www.naturparkmagazin.de\/dahme-heideseen\/nicht-vergessen-der-winter-kommt-sicher\/\"]}]},{\"@type\":\"BreadcrumbList\",\"@id\":\"https:\/\/www.naturparkmagazin.de\/dahme-heideseen\/nicht-vergessen-der-winter-kommt-sicher\/#breadcrumb\",\"itemListElement\":[{\"@type\":\"ListItem\",\"position\":1,\"name\":\"Home\",\"item\":\"https:\/\/www.naturparkmagazin.de\/dahme-heideseen\/\"},{\"@type\":\"ListItem\",\"position\":2,\"name\":\"Nicht vergessen: Der Winter kommt sicher\"}]},{\"@type\":\"WebSite\",\"@id\":\"https:\/\/www.naturparkmagazin.de\/dahme-heideseen\/#website\",\"url\":\"https:\/\/www.naturparkmagazin.de\/dahme-heideseen\/\",\"name\":\"Naturpark Dahme-Heideseen\",\"description\":\"\",\"potentialAction\":[{\"@type\":\"SearchAction\",\"target\":{\"@type\":\"EntryPoint\",\"urlTemplate\":\"https:\/\/www.naturparkmagazin.de\/dahme-heideseen\/?s={search_term_string}\"},\"query-input\":\"required name=search_term_string\"}],\"inLanguage\":\"de\"},{\"@type\":\"Person\",\"@id\":\"https:\/\/www.naturparkmagazin.de\/dahme-heideseen\/#\/schema\/person\/c81c96c3a1f5ee7bffff8b8022c105f0\",\"name\":\"hanssonnenberg\",\"url\":\"https:\/\/www.naturparkmagazin.de\/dahme-heideseen\/author\/hanssonnenberg\/\"}]}<\/script>\n<!-- \/ Yoast SEO plugin. -->","yoast_head_json":{"title":"Nicht vergessen: Der Winter kommt sicher - Naturpark Dahme-Heideseen","robots":{"index":"index","follow":"follow","max-snippet":"max-snippet:-1","max-image-preview":"max-image-preview:large","max-video-preview":"max-video-preview:-1"},"canonical":"https:\/\/www.naturparkmagazin.de\/dahme-heideseen\/nicht-vergessen-der-winter-kommt-sicher\/","og_locale":"de_DE","og_type":"article","og_title":"Nicht vergessen: Der Winter kommt sicher - Naturpark Dahme-Heideseen","og_description":"Im M\u00e4rkischen Haus des Waldes Gr\u00e4bendorf werden am 14. November um 15.00 Uhr Futterh\u00e4uschen gebaut.","og_url":"https:\/\/www.naturparkmagazin.de\/dahme-heideseen\/nicht-vergessen-der-winter-kommt-sicher\/","og_site_name":"Naturpark Dahme-Heideseen","article_published_time":"2015-10-21T03:31:01+00:00","article_modified_time":"2015-10-27T11:06:57+00:00","og_image":[{"width":983,"height":1000,"url":"https:\/\/www.naturparkmagazin.de\/dahme-heideseen\/wp-content\/uploads\/sites\/37\/Haus-des-Waldes-_-Sonnenberg.jpg","type":"image\/jpeg"}],"author":"hanssonnenberg","twitter_misc":{"Verfasst von":"hanssonnenberg"},"schema":{"@context":"https:\/\/schema.org","@graph":[{"@type":"WebPage","@id":"https:\/\/www.naturparkmagazin.de\/dahme-heideseen\/nicht-vergessen-der-winter-kommt-sicher\/","url":"https:\/\/www.naturparkmagazin.de\/dahme-heideseen\/nicht-vergessen-der-winter-kommt-sicher\/","name":"Nicht vergessen: Der Winter kommt sicher - Naturpark Dahme-Heideseen","isPartOf":{"@id":"https:\/\/www.naturparkmagazin.de\/dahme-heideseen\/#website"},"datePublished":"2015-10-21T03:31:01+00:00","dateModified":"2015-10-27T11:06:57+00:00","author":{"@id":"https:\/\/www.naturparkmagazin.de\/dahme-heideseen\/#\/schema\/person\/c81c96c3a1f5ee7bffff8b8022c105f0"},"breadcrumb":{"@id":"https:\/\/www.naturparkmagazin.de\/dahme-heideseen\/nicht-vergessen-der-winter-kommt-sicher\/#breadcrumb"},"inLanguage":"de","potentialAction":[{"@type":"ReadAction","target":["https:\/\/www.naturparkmagazin.de\/dahme-heideseen\/nicht-vergessen-der-winter-kommt-sicher\/"]}]},{"@type":"BreadcrumbList","@id":"https:\/\/www.naturparkmagazin.de\/dahme-heideseen\/nicht-vergessen-der-winter-kommt-sicher\/#breadcrumb","itemListElement":[{"@type":"ListItem","position":1,"name":"Home","item":"https:\/\/www.naturparkmagazin.de\/dahme-heideseen\/"},{"@type":"ListItem","position":2,"name":"Nicht vergessen: Der Winter kommt sicher"}]},{"@type":"WebSite","@id":"https:\/\/www.naturparkmagazin.de\/dahme-heideseen\/#website","url":"https:\/\/www.naturparkmagazin.de\/dahme-heideseen\/","name":"Naturpark Dahme-Heideseen","description":"","potentialAction":[{"@type":"SearchAction","target":{"@type":"EntryPoint","urlTemplate":"https:\/\/www.naturparkmagazin.de\/dahme-heideseen\/?s={search_term_string}"},"query-input":"required name=search_term_string"}],"inLanguage":"de"},{"@type":"Person","@id":"https:\/\/www.naturparkmagazin.de\/dahme-heideseen\/#\/schema\/person\/c81c96c3a1f5ee7bffff8b8022c105f0","name":"hanssonnenberg","url":"https:\/\/www.naturparkmagazin.de\/dahme-heideseen\/author\/hanssonnenberg\/"}]}},"_links":{"self":[{"href":"https:\/\/www.naturparkmagazin.de\/dahme-heideseen\/wp-json\/wp\/v2\/posts\/1218"}],"collection":[{"href":"https:\/\/www.naturparkmagazin.de\/dahme-heideseen\/wp-json\/wp\/v2\/posts"}],"about":[{"href":"https:\/\/www.naturparkmagazin.de\/dahme-heideseen\/wp-json\/wp\/v2\/types\/post"}],"author":[{"embeddable":true,"href":"https:\/\/www.naturparkmagazin.de\/dahme-heideseen\/wp-json\/wp\/v2\/users\/48"}],"replies":[{"embeddable":true,"href":"https:\/\/www.naturparkmagazin.de\/dahme-heideseen\/wp-json\/wp\/v2\/comments?post=1218"}],"version-history":[{"count":4,"href":"https:\/\/www.naturparkmagazin.de\/dahme-heideseen\/wp-json\/wp\/v2\/posts\/1218\/revisions"}],"predecessor-version":[{"id":1237,"href":"https:\/\/www.naturparkmagazin.de\/dahme-heideseen\/wp-json\/wp\/v2\/posts\/1218\/revisions\/1237"}],"wp:featuredmedia":[{"embeddable":true,"href":"https:\/\/www.naturparkmagazin.de\/dahme-heideseen\/wp-json\/wp\/v2\/media\/1219"}],"wp:attachment":[{"href":"https:\/\/www.naturparkmagazin.de\/dahme-heideseen\/wp-json\/wp\/v2\/media?parent=1218"}],"wp:term":[{"taxonomy":"category","embeddable":true,"href":"https:\/\/www.naturparkmagazin.de\/dahme-heideseen\/wp-json\/wp\/v2\/categories?post=1218"},{"taxonomy":"post_tag","embeddable":true,"href":"https:\/\/www.naturparkmagazin.de\/dahme-heideseen\/wp-json\/wp\/v2\/tags?post=1218"}],"curies":[{"name":"wp","href":"https:\/\/api.w.org\/{rel}","templated":true}]}}