{"id":1221,"date":"2015-10-21T05:43:26","date_gmt":"2015-10-21T03:43:26","guid":{"rendered":"http:\/\/www.naturparkmagazin.de\/dahme-heideseen\/?p=1221"},"modified":"2015-10-27T11:57:18","modified_gmt":"2015-10-27T10:57:18","slug":"veteranen-mit-rinde","status":"publish","type":"post","link":"https:\/\/www.naturparkmagazin.de\/dahme-heideseen\/veteranen-mit-rinde\/","title":{"rendered":"Veteranen mit Rinde"},"content":{"rendered":"<p>Inka Lumer hat f\u00fcr ihren Kalender 2016 &#8222;Veteranen mit Rinde&#8220; wunderbare Baummotive im Dahmeland gesucht, gefunden und gezeichnet. Der Kalender kann im Naturschutzzentrum Prieros erworben werden.<!--more-->Inka Lumer: \u201eJeder Baum ist einzigartig. Aber gerade die etwas Krummen, Knorrigen, die etwas zu erz\u00e4hlen haben, sprechen mich besonders an. Ich war dieses mal im Dahme-Seengebiet mit Pinsel und Kamera unterwegs und habe viele wundersch\u00f6ne B\u00e4ume entdeckt: manche ganz versteckt, manche direkt an der Hauptstra\u00dfe. Etliche Hinweise aus der Bev\u00f6lkerung zeigen mir, das jeder Mensch einen Baum hat, der ihm besonders ans Herz gewachsen ist.\u201c<\/p>\n<p><a href=\"https:\/\/www.naturparkmagazin.de\/dahme-heideseen\/wp-content\/uploads\/sites\/37\/NPDH_Baumkalender_2016_Inka_Lumer.jpg\"><img decoding=\"async\" loading=\"lazy\" class=\"aligncenter size-full wp-image-1222\" src=\"https:\/\/www.naturparkmagazin.de\/dahme-heideseen\/wp-content\/uploads\/sites\/37\/NPDH_Baumkalender_2016_Inka_Lumer.jpg\" alt=\"NPDH_Baumkalender_2016_Inka_Lumer\" width=\"500\" height=\"731\" srcset=\"https:\/\/www.naturparkmagazin.de\/dahme-heideseen\/wp-content\/uploads\/sites\/37\/NPDH_Baumkalender_2016_Inka_Lumer.jpg 500w, https:\/\/www.naturparkmagazin.de\/dahme-heideseen\/wp-content\/uploads\/sites\/37\/NPDH_Baumkalender_2016_Inka_Lumer-300x439.jpg 300w, https:\/\/www.naturparkmagazin.de\/dahme-heideseen\/wp-content\/uploads\/sites\/37\/NPDH_Baumkalender_2016_Inka_Lumer-200x292.jpg 200w\" sizes=\"(max-width: 500px) 100vw, 500px\" \/><\/a><\/p>\n<p>Hier gibt es den Kalender:<\/p>\n<p>Naturparkverwaltung\nArnold-Breithor-Stra\u00dfe 8, 15754 Heidesee, OT Prieros\nTel: (033768)969-14<\/p>\n<p><a href=\"http:\/\/www.traumwerker.de\" target=\"_blank\">Inka Lumer &#8211; Traumwerker<\/a><\/p>\n<p>Die Orginalbilder des Kalenders k\u00f6nnen bisEnde Dezember 2015 e in der Ausstellung &#8222;Veteranen mir Rinde&#8220; im Volkshaus Wildau besichtigt werden<\/p>\n<p>Volkshaus Wildau\nKarl-Marx-Stra\u00dfe 36\n15745 Wildau<\/p>\n<p>&nbsp;<\/p>\n","protected":false},"excerpt":{"rendered":"<p>Inka Lumer hat f\u00fcr ihren Kalender 2016 &#8222;Veteranen mit Rinde&#8220; wunderbare Baummotive im Dahmeland gesucht, gefunden und gezeichnet. Der Kalender kann im Naturschutzzentrum Prieros erworben werden.<\/p>\n","protected":false},"author":48,"featured_media":1222,"comment_status":"open","ping_status":"open","sticky":false,"template":"","format":"standard","meta":[],"categories":[7],"tags":[],"yoast_head":"<!-- This site is optimized with the Yoast SEO plugin v19.10 - https:\/\/yoast.com\/wordpress\/plugins\/seo\/ -->\n<title>Veteranen mit Rinde - Naturpark Dahme-Heideseen<\/title>\n<meta name=\"robots\" content=\"index, follow, max-snippet:-1, max-image-preview:large, max-video-preview:-1\" \/>\n<link rel=\"canonical\" href=\"https:\/\/www.naturparkmagazin.de\/dahme-heideseen\/veteranen-mit-rinde\/\" \/>\n<meta property=\"og:locale\" content=\"de_DE\" \/>\n<meta property=\"og:type\" content=\"article\" \/>\n<meta property=\"og:title\" content=\"Veteranen mit Rinde - Naturpark Dahme-Heideseen\" \/>\n<meta property=\"og:description\" content=\"Inka Lumer hat f\u00fcr ihren Kalender 2016 &quot;Veteranen mit Rinde&quot; wunderbare Baummotive im Dahmeland gesucht, gefunden und gezeichnet. Der Kalender kann im Naturschutzzentrum Prieros erworben werden.\" \/>\n<meta property=\"og:url\" content=\"https:\/\/www.naturparkmagazin.de\/dahme-heideseen\/veteranen-mit-rinde\/\" \/>\n<meta property=\"og:site_name\" content=\"Naturpark Dahme-Heideseen\" \/>\n<meta property=\"article:published_time\" content=\"2015-10-21T03:43:26+00:00\" \/>\n<meta property=\"article:modified_time\" content=\"2015-10-27T10:57:18+00:00\" \/>\n<meta property=\"og:image\" content=\"https:\/\/www.naturparkmagazin.de\/dahme-heideseen\/wp-content\/uploads\/sites\/37\/NPDH_Baumkalender_2016_Inka_Lumer.jpg\" \/>\n\t<meta property=\"og:image:width\" content=\"500\" \/>\n\t<meta property=\"og:image:height\" content=\"731\" \/>\n\t<meta property=\"og:image:type\" content=\"image\/jpeg\" \/>\n<meta name=\"author\" content=\"hanssonnenberg\" \/>\n<meta name=\"twitter:label1\" content=\"Verfasst von\" \/>\n\t<meta name=\"twitter:data1\" content=\"hanssonnenberg\" \/>\n\t<meta name=\"twitter:label2\" content=\"Gesch\u00e4tzte Lesezeit\" \/>\n\t<meta name=\"twitter:data2\" content=\"1\u00a0Minute\" \/>\n<script type=\"application\/ld+json\" class=\"yoast-schema-graph\">{\"@context\":\"https:\/\/schema.org\",\"@graph\":[{\"@type\":\"WebPage\",\"@id\":\"https:\/\/www.naturparkmagazin.de\/dahme-heideseen\/veteranen-mit-rinde\/\",\"url\":\"https:\/\/www.naturparkmagazin.de\/dahme-heideseen\/veteranen-mit-rinde\/\",\"name\":\"Veteranen mit Rinde - Naturpark Dahme-Heideseen\",\"isPartOf\":{\"@id\":\"https:\/\/www.naturparkmagazin.de\/dahme-heideseen\/#website\"},\"datePublished\":\"2015-10-21T03:43:26+00:00\",\"dateModified\":\"2015-10-27T10:57:18+00:00\",\"author\":{\"@id\":\"https:\/\/www.naturparkmagazin.de\/dahme-heideseen\/#\/schema\/person\/c81c96c3a1f5ee7bffff8b8022c105f0\"},\"breadcrumb\":{\"@id\":\"https:\/\/www.naturparkmagazin.de\/dahme-heideseen\/veteranen-mit-rinde\/#breadcrumb\"},\"inLanguage\":\"de\",\"potentialAction\":[{\"@type\":\"ReadAction\",\"target\":[\"https:\/\/www.naturparkmagazin.de\/dahme-heideseen\/veteranen-mit-rinde\/\"]}]},{\"@type\":\"BreadcrumbList\",\"@id\":\"https:\/\/www.naturparkmagazin.de\/dahme-heideseen\/veteranen-mit-rinde\/#breadcrumb\",\"itemListElement\":[{\"@type\":\"ListItem\",\"position\":1,\"name\":\"Home\",\"item\":\"https:\/\/www.naturparkmagazin.de\/dahme-heideseen\/\"},{\"@type\":\"ListItem\",\"position\":2,\"name\":\"Veteranen mit Rinde\"}]},{\"@type\":\"WebSite\",\"@id\":\"https:\/\/www.naturparkmagazin.de\/dahme-heideseen\/#website\",\"url\":\"https:\/\/www.naturparkmagazin.de\/dahme-heideseen\/\",\"name\":\"Naturpark Dahme-Heideseen\",\"description\":\"\",\"potentialAction\":[{\"@type\":\"SearchAction\",\"target\":{\"@type\":\"EntryPoint\",\"urlTemplate\":\"https:\/\/www.naturparkmagazin.de\/dahme-heideseen\/?s={search_term_string}\"},\"query-input\":\"required name=search_term_string\"}],\"inLanguage\":\"de\"},{\"@type\":\"Person\",\"@id\":\"https:\/\/www.naturparkmagazin.de\/dahme-heideseen\/#\/schema\/person\/c81c96c3a1f5ee7bffff8b8022c105f0\",\"name\":\"hanssonnenberg\",\"url\":\"https:\/\/www.naturparkmagazin.de\/dahme-heideseen\/author\/hanssonnenberg\/\"}]}<\/script>\n<!-- \/ Yoast SEO plugin. -->","yoast_head_json":{"title":"Veteranen mit Rinde - Naturpark Dahme-Heideseen","robots":{"index":"index","follow":"follow","max-snippet":"max-snippet:-1","max-image-preview":"max-image-preview:large","max-video-preview":"max-video-preview:-1"},"canonical":"https:\/\/www.naturparkmagazin.de\/dahme-heideseen\/veteranen-mit-rinde\/","og_locale":"de_DE","og_type":"article","og_title":"Veteranen mit Rinde - Naturpark Dahme-Heideseen","og_description":"Inka Lumer hat f\u00fcr ihren Kalender 2016 \"Veteranen mit Rinde\" wunderbare Baummotive im Dahmeland gesucht, gefunden und gezeichnet. Der Kalender kann im Naturschutzzentrum Prieros erworben werden.","og_url":"https:\/\/www.naturparkmagazin.de\/dahme-heideseen\/veteranen-mit-rinde\/","og_site_name":"Naturpark Dahme-Heideseen","article_published_time":"2015-10-21T03:43:26+00:00","article_modified_time":"2015-10-27T10:57:18+00:00","og_image":[{"width":500,"height":731,"url":"https:\/\/www.naturparkmagazin.de\/dahme-heideseen\/wp-content\/uploads\/sites\/37\/NPDH_Baumkalender_2016_Inka_Lumer.jpg","type":"image\/jpeg"}],"author":"hanssonnenberg","twitter_misc":{"Verfasst von":"hanssonnenberg","Gesch\u00e4tzte Lesezeit":"1\u00a0Minute"},"schema":{"@context":"https:\/\/schema.org","@graph":[{"@type":"WebPage","@id":"https:\/\/www.naturparkmagazin.de\/dahme-heideseen\/veteranen-mit-rinde\/","url":"https:\/\/www.naturparkmagazin.de\/dahme-heideseen\/veteranen-mit-rinde\/","name":"Veteranen mit Rinde - Naturpark Dahme-Heideseen","isPartOf":{"@id":"https:\/\/www.naturparkmagazin.de\/dahme-heideseen\/#website"},"datePublished":"2015-10-21T03:43:26+00:00","dateModified":"2015-10-27T10:57:18+00:00","author":{"@id":"https:\/\/www.naturparkmagazin.de\/dahme-heideseen\/#\/schema\/person\/c81c96c3a1f5ee7bffff8b8022c105f0"},"breadcrumb":{"@id":"https:\/\/www.naturparkmagazin.de\/dahme-heideseen\/veteranen-mit-rinde\/#breadcrumb"},"inLanguage":"de","potentialAction":[{"@type":"ReadAction","target":["https:\/\/www.naturparkmagazin.de\/dahme-heideseen\/veteranen-mit-rinde\/"]}]},{"@type":"BreadcrumbList","@id":"https:\/\/www.naturparkmagazin.de\/dahme-heideseen\/veteranen-mit-rinde\/#breadcrumb","itemListElement":[{"@type":"ListItem","position":1,"name":"Home","item":"https:\/\/www.naturparkmagazin.de\/dahme-heideseen\/"},{"@type":"ListItem","position":2,"name":"Veteranen mit Rinde"}]},{"@type":"WebSite","@id":"https:\/\/www.naturparkmagazin.de\/dahme-heideseen\/#website","url":"https:\/\/www.naturparkmagazin.de\/dahme-heideseen\/","name":"Naturpark Dahme-Heideseen","description":"","potentialAction":[{"@type":"SearchAction","target":{"@type":"EntryPoint","urlTemplate":"https:\/\/www.naturparkmagazin.de\/dahme-heideseen\/?s={search_term_string}"},"query-input":"required name=search_term_string"}],"inLanguage":"de"},{"@type":"Person","@id":"https:\/\/www.naturparkmagazin.de\/dahme-heideseen\/#\/schema\/person\/c81c96c3a1f5ee7bffff8b8022c105f0","name":"hanssonnenberg","url":"https:\/\/www.naturparkmagazin.de\/dahme-heideseen\/author\/hanssonnenberg\/"}]}},"_links":{"self":[{"href":"https:\/\/www.naturparkmagazin.de\/dahme-heideseen\/wp-json\/wp\/v2\/posts\/1221"}],"collection":[{"href":"https:\/\/www.naturparkmagazin.de\/dahme-heideseen\/wp-json\/wp\/v2\/posts"}],"about":[{"href":"https:\/\/www.naturparkmagazin.de\/dahme-heideseen\/wp-json\/wp\/v2\/types\/post"}],"author":[{"embeddable":true,"href":"https:\/\/www.naturparkmagazin.de\/dahme-heideseen\/wp-json\/wp\/v2\/users\/48"}],"replies":[{"embeddable":true,"href":"https:\/\/www.naturparkmagazin.de\/dahme-heideseen\/wp-json\/wp\/v2\/comments?post=1221"}],"version-history":[{"count":2,"href":"https:\/\/www.naturparkmagazin.de\/dahme-heideseen\/wp-json\/wp\/v2\/posts\/1221\/revisions"}],"predecessor-version":[{"id":1234,"href":"https:\/\/www.naturparkmagazin.de\/dahme-heideseen\/wp-json\/wp\/v2\/posts\/1221\/revisions\/1234"}],"wp:featuredmedia":[{"embeddable":true,"href":"https:\/\/www.naturparkmagazin.de\/dahme-heideseen\/wp-json\/wp\/v2\/media\/1222"}],"wp:attachment":[{"href":"https:\/\/www.naturparkmagazin.de\/dahme-heideseen\/wp-json\/wp\/v2\/media?parent=1221"}],"wp:term":[{"taxonomy":"category","embeddable":true,"href":"https:\/\/www.naturparkmagazin.de\/dahme-heideseen\/wp-json\/wp\/v2\/categories?post=1221"},{"taxonomy":"post_tag","embeddable":true,"href":"https:\/\/www.naturparkmagazin.de\/dahme-heideseen\/wp-json\/wp\/v2\/tags?post=1221"}],"curies":[{"name":"wp","href":"https:\/\/api.w.org\/{rel}","templated":true}]}}