{"id":124,"date":"2013-07-16T12:56:35","date_gmt":"2013-07-16T10:56:35","guid":{"rendered":"http:\/\/www.naturparkmagazin.de\/dahme-heideseen\/?p=124"},"modified":"2013-08-07T14:05:07","modified_gmt":"2013-08-07T12:05:07","slug":"tage-der-offenen-gaerten","status":"publish","type":"post","link":"https:\/\/www.naturparkmagazin.de\/dahme-heideseen\/tage-der-offenen-gaerten\/","title":{"rendered":"Tage der offenen G\u00e4rten"},"content":{"rendered":"<p><b>12. Tage der offenen G\u00e4rten in der Region Dahme-Spreewald am 17. und 18. August. <!--more--><\/b><\/p>\n<p>Von Eichwalde an der Stadtgrenze von Berlin\u00a0 bis Luckau in der Niederlausitz.\u00a0 23 G\u00e4rten \u00f6ffnen ihre Gartentore. <a title=\"Teilnehmende G\u00e4rten der  12. Tage der offenen G\u00e4rten\" href=\"http:\/\/www.vhs-dahme-spreewald.de\/kurse\/webbasys\/layout\/html\/pdf\/2013_Liste_der_offenen_G%C3%A4rten.pdf\" target=\"_blank\">Hier geht es zur Liste der teilnehmenden G\u00e4rten.<!--more--><\/a>Seit \u00fcber zehn Jahren \u00f6ffnen jedes Jahr Privatg\u00e4rten zwischen Eichwalde, dem Naturpark Dahme-Heideseen und L\u00fcbben ihre Pforten f\u00fcr interessierte Besucher, 2013 ist es das 12. Mal. Die Idee dazu hatten die Teilnehmer des Wettbewerbs &#8222;Naturnahe Gartengestaltung&#8220;, den Naturpark Dahme-Heideseen und VHS Dahme-Spreewald im Jahr 2001 im Rahmen ihres gemeinsamen Projekts zur Entdeckung der spannungsreichen und facettenreichen Verbindungen von Natur und Kultur ausgerufen hatten.<\/p>\n<p>Die Tage der offenen G\u00e4rten sind nun auch im Dahmeland schon Tradition. Und: es macht Freude, Gleichgesinnte kennenzulernen oder zu gewinnen f\u00fcr das G\u00e4rtnern im Einklang mit der Natur. Lassen auch Sie sich verzaubern von der Vielfalt der G\u00e4rten.<\/p>\n<p>Weiter Infos finden Sie auf der Intenetseite der<a title=\"Volkshochschule Dahme-Spreewald\" href=\"http:\/\/www.vhs-dahme-spreewald.de\/kurse\/webbasys\/index.php\" target=\"_blank\"> Volkshochschule Dahme-Spreewald<\/a>.<\/p>\n<div id=\"attachment_126\" style=\"width: 542px\" class=\"wp-caption alignnone\"><a href=\"https:\/\/www.naturparkmagazin.de\/dahme-heideseen\/wp-content\/uploads\/sites\/37\/Seerose-im-gartenteich.jpg\"><img aria-describedby=\"caption-attachment-126\" decoding=\"async\" loading=\"lazy\" class=\"size-full wp-image-126 \" alt=\"Foto: Hans Sonnenberg\" src=\"https:\/\/www.naturparkmagazin.de\/dahme-heideseen\/wp-content\/uploads\/sites\/37\/Seerose-im-gartenteich.jpg\" width=\"532\" height=\"400\" srcset=\"https:\/\/www.naturparkmagazin.de\/dahme-heideseen\/wp-content\/uploads\/sites\/37\/Seerose-im-gartenteich.jpg 532w, https:\/\/www.naturparkmagazin.de\/dahme-heideseen\/wp-content\/uploads\/sites\/37\/Seerose-im-gartenteich-300x226.jpg 300w, https:\/\/www.naturparkmagazin.de\/dahme-heideseen\/wp-content\/uploads\/sites\/37\/Seerose-im-gartenteich-420x315.jpg 420w, https:\/\/www.naturparkmagazin.de\/dahme-heideseen\/wp-content\/uploads\/sites\/37\/Seerose-im-gartenteich-180x135.jpg 180w, https:\/\/www.naturparkmagazin.de\/dahme-heideseen\/wp-content\/uploads\/sites\/37\/Seerose-im-gartenteich-95x71.jpg 95w, https:\/\/www.naturparkmagazin.de\/dahme-heideseen\/wp-content\/uploads\/sites\/37\/Seerose-im-gartenteich-200x150.jpg 200w\" sizes=\"(max-width: 532px) 100vw, 532px\" \/><\/a><p id=\"caption-attachment-126\" class=\"wp-caption-text\">Foto: Hans Sonnenberg<\/p><\/div>\n<p>Seerose in einem kleinen Gartenteich\u00a0 (Foto: Hans Sonnenberg)<\/p>\n<p>&nbsp;<\/p>\n","protected":false},"excerpt":{"rendered":"<p>12. Tage der offenen G\u00e4rten in der Region Dahme-Spreewald am 17. und 18. August.<\/p>\n","protected":false},"author":48,"featured_media":125,"comment_status":"open","ping_status":"open","sticky":false,"template":"","format":"standard","meta":[],"categories":[11],"tags":[],"yoast_head":"<!-- This site is optimized with the Yoast SEO plugin v19.10 - https:\/\/yoast.com\/wordpress\/plugins\/seo\/ -->\n<title>Tage der offenen G\u00e4rten - Naturpark Dahme-Heideseen<\/title>\n<meta name=\"robots\" content=\"index, follow, max-snippet:-1, max-image-preview:large, max-video-preview:-1\" \/>\n<link rel=\"canonical\" href=\"https:\/\/www.naturparkmagazin.de\/dahme-heideseen\/tage-der-offenen-gaerten\/\" \/>\n<meta property=\"og:locale\" content=\"de_DE\" \/>\n<meta property=\"og:type\" content=\"article\" \/>\n<meta property=\"og:title\" content=\"Tage der offenen G\u00e4rten - Naturpark Dahme-Heideseen\" \/>\n<meta property=\"og:description\" content=\"12. Tage der offenen G\u00e4rten in der Region Dahme-Spreewald am 17. und 18. August.\" \/>\n<meta property=\"og:url\" content=\"https:\/\/www.naturparkmagazin.de\/dahme-heideseen\/tage-der-offenen-gaerten\/\" \/>\n<meta property=\"og:site_name\" content=\"Naturpark Dahme-Heideseen\" \/>\n<meta property=\"article:published_time\" content=\"2013-07-16T10:56:35+00:00\" \/>\n<meta property=\"article:modified_time\" content=\"2013-08-07T12:05:07+00:00\" \/>\n<meta property=\"og:image\" content=\"https:\/\/www.naturparkmagazin.de\/dahme-heideseen\/wp-content\/uploads\/sites\/37\/Tagpfaueauge.jpg\" \/>\n\t<meta property=\"og:image:width\" content=\"556\" \/>\n\t<meta property=\"og:image:height\" content=\"417\" \/>\n\t<meta property=\"og:image:type\" content=\"image\/jpeg\" \/>\n<meta name=\"author\" content=\"hanssonnenberg\" \/>\n<meta name=\"twitter:label1\" content=\"Verfasst von\" \/>\n\t<meta name=\"twitter:data1\" content=\"hanssonnenberg\" \/>\n\t<meta name=\"twitter:label2\" content=\"Gesch\u00e4tzte Lesezeit\" \/>\n\t<meta name=\"twitter:data2\" content=\"1\u00a0Minute\" \/>\n<script type=\"application\/ld+json\" class=\"yoast-schema-graph\">{\"@context\":\"https:\/\/schema.org\",\"@graph\":[{\"@type\":\"WebPage\",\"@id\":\"https:\/\/www.naturparkmagazin.de\/dahme-heideseen\/tage-der-offenen-gaerten\/\",\"url\":\"https:\/\/www.naturparkmagazin.de\/dahme-heideseen\/tage-der-offenen-gaerten\/\",\"name\":\"Tage der offenen G\u00e4rten - Naturpark Dahme-Heideseen\",\"isPartOf\":{\"@id\":\"https:\/\/www.naturparkmagazin.de\/dahme-heideseen\/#website\"},\"datePublished\":\"2013-07-16T10:56:35+00:00\",\"dateModified\":\"2013-08-07T12:05:07+00:00\",\"author\":{\"@id\":\"https:\/\/www.naturparkmagazin.de\/dahme-heideseen\/#\/schema\/person\/c81c96c3a1f5ee7bffff8b8022c105f0\"},\"breadcrumb\":{\"@id\":\"https:\/\/www.naturparkmagazin.de\/dahme-heideseen\/tage-der-offenen-gaerten\/#breadcrumb\"},\"inLanguage\":\"de\",\"potentialAction\":[{\"@type\":\"ReadAction\",\"target\":[\"https:\/\/www.naturparkmagazin.de\/dahme-heideseen\/tage-der-offenen-gaerten\/\"]}]},{\"@type\":\"BreadcrumbList\",\"@id\":\"https:\/\/www.naturparkmagazin.de\/dahme-heideseen\/tage-der-offenen-gaerten\/#breadcrumb\",\"itemListElement\":[{\"@type\":\"ListItem\",\"position\":1,\"name\":\"Home\",\"item\":\"https:\/\/www.naturparkmagazin.de\/dahme-heideseen\/\"},{\"@type\":\"ListItem\",\"position\":2,\"name\":\"Tage der offenen G\u00e4rten\"}]},{\"@type\":\"WebSite\",\"@id\":\"https:\/\/www.naturparkmagazin.de\/dahme-heideseen\/#website\",\"url\":\"https:\/\/www.naturparkmagazin.de\/dahme-heideseen\/\",\"name\":\"Naturpark Dahme-Heideseen\",\"description\":\"\",\"potentialAction\":[{\"@type\":\"SearchAction\",\"target\":{\"@type\":\"EntryPoint\",\"urlTemplate\":\"https:\/\/www.naturparkmagazin.de\/dahme-heideseen\/?s={search_term_string}\"},\"query-input\":\"required name=search_term_string\"}],\"inLanguage\":\"de\"},{\"@type\":\"Person\",\"@id\":\"https:\/\/www.naturparkmagazin.de\/dahme-heideseen\/#\/schema\/person\/c81c96c3a1f5ee7bffff8b8022c105f0\",\"name\":\"hanssonnenberg\",\"url\":\"https:\/\/www.naturparkmagazin.de\/dahme-heideseen\/author\/hanssonnenberg\/\"}]}<\/script>\n<!-- \/ Yoast SEO plugin. -->","yoast_head_json":{"title":"Tage der offenen G\u00e4rten - Naturpark Dahme-Heideseen","robots":{"index":"index","follow":"follow","max-snippet":"max-snippet:-1","max-image-preview":"max-image-preview:large","max-video-preview":"max-video-preview:-1"},"canonical":"https:\/\/www.naturparkmagazin.de\/dahme-heideseen\/tage-der-offenen-gaerten\/","og_locale":"de_DE","og_type":"article","og_title":"Tage der offenen G\u00e4rten - Naturpark Dahme-Heideseen","og_description":"12. Tage der offenen G\u00e4rten in der Region Dahme-Spreewald am 17. und 18. August.","og_url":"https:\/\/www.naturparkmagazin.de\/dahme-heideseen\/tage-der-offenen-gaerten\/","og_site_name":"Naturpark Dahme-Heideseen","article_published_time":"2013-07-16T10:56:35+00:00","article_modified_time":"2013-08-07T12:05:07+00:00","og_image":[{"width":556,"height":417,"url":"https:\/\/www.naturparkmagazin.de\/dahme-heideseen\/wp-content\/uploads\/sites\/37\/Tagpfaueauge.jpg","type":"image\/jpeg"}],"author":"hanssonnenberg","twitter_misc":{"Verfasst von":"hanssonnenberg","Gesch\u00e4tzte Lesezeit":"1\u00a0Minute"},"schema":{"@context":"https:\/\/schema.org","@graph":[{"@type":"WebPage","@id":"https:\/\/www.naturparkmagazin.de\/dahme-heideseen\/tage-der-offenen-gaerten\/","url":"https:\/\/www.naturparkmagazin.de\/dahme-heideseen\/tage-der-offenen-gaerten\/","name":"Tage der offenen G\u00e4rten - Naturpark Dahme-Heideseen","isPartOf":{"@id":"https:\/\/www.naturparkmagazin.de\/dahme-heideseen\/#website"},"datePublished":"2013-07-16T10:56:35+00:00","dateModified":"2013-08-07T12:05:07+00:00","author":{"@id":"https:\/\/www.naturparkmagazin.de\/dahme-heideseen\/#\/schema\/person\/c81c96c3a1f5ee7bffff8b8022c105f0"},"breadcrumb":{"@id":"https:\/\/www.naturparkmagazin.de\/dahme-heideseen\/tage-der-offenen-gaerten\/#breadcrumb"},"inLanguage":"de","potentialAction":[{"@type":"ReadAction","target":["https:\/\/www.naturparkmagazin.de\/dahme-heideseen\/tage-der-offenen-gaerten\/"]}]},{"@type":"BreadcrumbList","@id":"https:\/\/www.naturparkmagazin.de\/dahme-heideseen\/tage-der-offenen-gaerten\/#breadcrumb","itemListElement":[{"@type":"ListItem","position":1,"name":"Home","item":"https:\/\/www.naturparkmagazin.de\/dahme-heideseen\/"},{"@type":"ListItem","position":2,"name":"Tage der offenen G\u00e4rten"}]},{"@type":"WebSite","@id":"https:\/\/www.naturparkmagazin.de\/dahme-heideseen\/#website","url":"https:\/\/www.naturparkmagazin.de\/dahme-heideseen\/","name":"Naturpark Dahme-Heideseen","description":"","potentialAction":[{"@type":"SearchAction","target":{"@type":"EntryPoint","urlTemplate":"https:\/\/www.naturparkmagazin.de\/dahme-heideseen\/?s={search_term_string}"},"query-input":"required name=search_term_string"}],"inLanguage":"de"},{"@type":"Person","@id":"https:\/\/www.naturparkmagazin.de\/dahme-heideseen\/#\/schema\/person\/c81c96c3a1f5ee7bffff8b8022c105f0","name":"hanssonnenberg","url":"https:\/\/www.naturparkmagazin.de\/dahme-heideseen\/author\/hanssonnenberg\/"}]}},"_links":{"self":[{"href":"https:\/\/www.naturparkmagazin.de\/dahme-heideseen\/wp-json\/wp\/v2\/posts\/124"}],"collection":[{"href":"https:\/\/www.naturparkmagazin.de\/dahme-heideseen\/wp-json\/wp\/v2\/posts"}],"about":[{"href":"https:\/\/www.naturparkmagazin.de\/dahme-heideseen\/wp-json\/wp\/v2\/types\/post"}],"author":[{"embeddable":true,"href":"https:\/\/www.naturparkmagazin.de\/dahme-heideseen\/wp-json\/wp\/v2\/users\/48"}],"replies":[{"embeddable":true,"href":"https:\/\/www.naturparkmagazin.de\/dahme-heideseen\/wp-json\/wp\/v2\/comments?post=124"}],"version-history":[{"count":10,"href":"https:\/\/www.naturparkmagazin.de\/dahme-heideseen\/wp-json\/wp\/v2\/posts\/124\/revisions"}],"predecessor-version":[{"id":180,"href":"https:\/\/www.naturparkmagazin.de\/dahme-heideseen\/wp-json\/wp\/v2\/posts\/124\/revisions\/180"}],"wp:featuredmedia":[{"embeddable":true,"href":"https:\/\/www.naturparkmagazin.de\/dahme-heideseen\/wp-json\/wp\/v2\/media\/125"}],"wp:attachment":[{"href":"https:\/\/www.naturparkmagazin.de\/dahme-heideseen\/wp-json\/wp\/v2\/media?parent=124"}],"wp:term":[{"taxonomy":"category","embeddable":true,"href":"https:\/\/www.naturparkmagazin.de\/dahme-heideseen\/wp-json\/wp\/v2\/categories?post=124"},{"taxonomy":"post_tag","embeddable":true,"href":"https:\/\/www.naturparkmagazin.de\/dahme-heideseen\/wp-json\/wp\/v2\/tags?post=124"}],"curies":[{"name":"wp","href":"https:\/\/api.w.org\/{rel}","templated":true}]}}