{"id":1264,"date":"2015-12-14T16:14:48","date_gmt":"2015-12-14T15:14:48","guid":{"rendered":"http:\/\/www.naturparkmagazin.de\/dahme-heideseen\/?p=1264"},"modified":"2015-12-21T11:25:01","modified_gmt":"2015-12-21T10:25:01","slug":"ehemaliges-sperrgebiet-streganz-im-naturpark-dahme-heideseen-wird-zum-nationalen-naturerbe","status":"publish","type":"post","link":"https:\/\/www.naturparkmagazin.de\/dahme-heideseen\/ehemaliges-sperrgebiet-streganz-im-naturpark-dahme-heideseen-wird-zum-nationalen-naturerbe\/","title":{"rendered":"Ehemaliges Sperrgebiet &#8222;Streganz&#8220; im Naturpark Dahme-Heideseen wird zum Nationalen Naturerbe"},"content":{"rendered":"<p>Das fr\u00fchere milit\u00e4rische Sperrgebiet \u201eStreganz\u201c in Brandenburg wird im Rahmen der sogannten dritten Tranche zum Nationalen Naturerbe.<!--more--><\/p>\n<p>Die Fl\u00e4che \u201eStreganz\u201c wurde durch den Haushaltsausschuss des Deutschen Bundestages als Ausgleich f\u00fcr den \u201eFl\u00e4chenschwund\u201c der ersten und zweiten \u00dcbertragungs-Tranche benannt. Die in den Jahren 2007 und 2011 erstellten Fl\u00e4chenkulissen umfassten zwar insgesamt 125.000 Hektar Naturschutzfl\u00e4chen \u2013 im Zuge des eigentumsrechtlichen \u00dcbergangs wurden allerdings fl\u00e4chenspezifische Anpassungen vorgenommen. Beispielsweise wurden Kasernenanlagen und sonstige Infrastrukturanlagen aus der \u00dcbertragung ausgenommen. Die Fl\u00e4chenkulisse hatte sich damit auf rund 120.000 Hektar reduziert. Mit der ca. 4.200 Hektar gro\u00dfen Fl\u00e4che Streganz wurde diese Differenz nun ausgeglichen. Streganz wird im Rahmen der sogenannten Bundesl\u00f6sung gesichert. Die Fl\u00e4che bleibt damit weiterhin im Bundeseigentum \u2013 wird aber von der Bundesanstalt f\u00fcr Immobilienaufgaben (BImA) unter fachlicher Anleitung des Bundesamtes f\u00fcr Naturschutz (BfN) nach den Kriterien des Nationalen Naturerbes entwickelt.<\/p>\n<p>Der bereits im Jahr 1990 aus der milit\u00e4rischen Nutzung genommene ehemalige Truppen\u00fcbungsplatz\u00a0 zeichnet sich insbesondere durch seine Gr\u00f6\u00dfe und Unzerschnittenheit aus. Der gr\u00f6\u00dfte Teil der Fl\u00e4che wird heute noch von Kiefernforsten eingenommen, welche sich aber zu naturnahen W\u00e4ldern entwickeln sollen. In die Waldfl\u00e4chen eingelagert sind Sandtrockenrasen, D\u00fcnen und Heiden. Inselartig sind Eichenmischw\u00e4lder, solit\u00e4re Altbaumbest\u00e4nde sowie kleinfl\u00e4chig ausgebildete Flechtenkiefernw\u00e4lder eingestreut. In dem gro\u00dfen, st\u00f6rungsarmen Gebiet br\u00fcten Seeadler.<\/p>\n<div id=\"attachment_1265\" style=\"width: 630px\" class=\"wp-caption aligncenter\"><a href=\"https:\/\/www.naturparkmagazin.de\/dahme-heideseen\/wp-content\/uploads\/sites\/37\/npdh_streganzberg_Kiefenhang_klaeber.jpg\"><img aria-describedby=\"caption-attachment-1265\" decoding=\"async\" loading=\"lazy\" class=\"size-medium wp-image-1265\" src=\"https:\/\/www.naturparkmagazin.de\/dahme-heideseen\/wp-content\/uploads\/sites\/37\/npdh_streganzberg_Kiefenhang_klaeber-620x837.jpg\" alt=\"Kiefer am Hang des Streganzberges (Foto: W. Klaeber)\" width=\"620\" height=\"837\" srcset=\"https:\/\/www.naturparkmagazin.de\/dahme-heideseen\/wp-content\/uploads\/sites\/37\/npdh_streganzberg_Kiefenhang_klaeber-620x837.jpg 620w, https:\/\/www.naturparkmagazin.de\/dahme-heideseen\/wp-content\/uploads\/sites\/37\/npdh_streganzberg_Kiefenhang_klaeber-300x405.jpg 300w, https:\/\/www.naturparkmagazin.de\/dahme-heideseen\/wp-content\/uploads\/sites\/37\/npdh_streganzberg_Kiefenhang_klaeber-53x71.jpg 53w, https:\/\/www.naturparkmagazin.de\/dahme-heideseen\/wp-content\/uploads\/sites\/37\/npdh_streganzberg_Kiefenhang_klaeber-670x904.jpg 670w, https:\/\/www.naturparkmagazin.de\/dahme-heideseen\/wp-content\/uploads\/sites\/37\/npdh_streganzberg_Kiefenhang_klaeber-200x270.jpg 200w, https:\/\/www.naturparkmagazin.de\/dahme-heideseen\/wp-content\/uploads\/sites\/37\/npdh_streganzberg_Kiefenhang_klaeber.jpg 741w\" sizes=\"(max-width: 620px) 100vw, 620px\" \/><\/a><p id=\"caption-attachment-1265\" class=\"wp-caption-text\">Kiefer am Hang des Streganzberges (Foto: W. Klaeber)<\/p><\/div>\n<p>&nbsp;<\/p>\n<p><a href=\"http:\/\/www.naturstiftung.de\/uploadfiles\/documents\/Netzwerkprojekt\/2011_163626_NNE_Infobrief_11.pdf\" target=\"_blank\">Infobrief der David-Stiftung<\/a><\/p>\n<p><a href=\"http:\/\/www.naturstiftung.de\/\" target=\"_blank\">Naturstiftung David<\/a><\/p>\n<p>&nbsp;<\/p>\n","protected":false},"excerpt":{"rendered":"<p>Das fr\u00fchere milit\u00e4rische Sperrgebiet \u201eStreganz\u201c in Brandenburg wird im Rahmen der sogannten dritten Tranche zum Nationalen Naturerbe.<\/p>\n","protected":false},"author":48,"featured_media":1265,"comment_status":"open","ping_status":"open","sticky":false,"template":"","format":"standard","meta":[],"categories":[7],"tags":[],"yoast_head":"<!-- This site is optimized with the Yoast SEO plugin v19.10 - https:\/\/yoast.com\/wordpress\/plugins\/seo\/ -->\n<title>Ehemaliges Sperrgebiet &quot;Streganz&quot; im Naturpark Dahme-Heideseen wird zum Nationalen Naturerbe - Naturpark Dahme-Heideseen<\/title>\n<meta name=\"robots\" content=\"index, follow, max-snippet:-1, max-image-preview:large, max-video-preview:-1\" \/>\n<link rel=\"canonical\" href=\"https:\/\/www.naturparkmagazin.de\/dahme-heideseen\/ehemaliges-sperrgebiet-streganz-im-naturpark-dahme-heideseen-wird-zum-nationalen-naturerbe\/\" \/>\n<meta property=\"og:locale\" content=\"de_DE\" \/>\n<meta property=\"og:type\" content=\"article\" \/>\n<meta property=\"og:title\" content=\"Ehemaliges Sperrgebiet &quot;Streganz&quot; im Naturpark Dahme-Heideseen wird zum Nationalen Naturerbe - Naturpark Dahme-Heideseen\" \/>\n<meta property=\"og:description\" content=\"Das fr\u00fchere milit\u00e4rische Sperrgebiet \u201eStreganz\u201c in Brandenburg wird im Rahmen der sogannten dritten Tranche zum Nationalen Naturerbe.\" \/>\n<meta property=\"og:url\" content=\"https:\/\/www.naturparkmagazin.de\/dahme-heideseen\/ehemaliges-sperrgebiet-streganz-im-naturpark-dahme-heideseen-wird-zum-nationalen-naturerbe\/\" \/>\n<meta property=\"og:site_name\" content=\"Naturpark Dahme-Heideseen\" \/>\n<meta property=\"article:published_time\" content=\"2015-12-14T15:14:48+00:00\" \/>\n<meta property=\"article:modified_time\" content=\"2015-12-21T10:25:01+00:00\" \/>\n<meta property=\"og:image\" content=\"https:\/\/www.naturparkmagazin.de\/dahme-heideseen\/wp-content\/uploads\/sites\/37\/npdh_streganzberg_Kiefenhang_klaeber.jpg\" \/>\n\t<meta property=\"og:image:width\" content=\"741\" \/>\n\t<meta property=\"og:image:height\" content=\"1000\" \/>\n\t<meta property=\"og:image:type\" content=\"image\/jpeg\" \/>\n<meta name=\"author\" content=\"hanssonnenberg\" \/>\n<meta name=\"twitter:label1\" content=\"Verfasst von\" \/>\n\t<meta name=\"twitter:data1\" content=\"hanssonnenberg\" \/>\n\t<meta name=\"twitter:label2\" content=\"Gesch\u00e4tzte Lesezeit\" \/>\n\t<meta name=\"twitter:data2\" content=\"1\u00a0Minute\" \/>\n<script type=\"application\/ld+json\" class=\"yoast-schema-graph\">{\"@context\":\"https:\/\/schema.org\",\"@graph\":[{\"@type\":\"WebPage\",\"@id\":\"https:\/\/www.naturparkmagazin.de\/dahme-heideseen\/ehemaliges-sperrgebiet-streganz-im-naturpark-dahme-heideseen-wird-zum-nationalen-naturerbe\/\",\"url\":\"https:\/\/www.naturparkmagazin.de\/dahme-heideseen\/ehemaliges-sperrgebiet-streganz-im-naturpark-dahme-heideseen-wird-zum-nationalen-naturerbe\/\",\"name\":\"Ehemaliges Sperrgebiet \\\"Streganz\\\" im Naturpark Dahme-Heideseen wird zum Nationalen Naturerbe - Naturpark Dahme-Heideseen\",\"isPartOf\":{\"@id\":\"https:\/\/www.naturparkmagazin.de\/dahme-heideseen\/#website\"},\"datePublished\":\"2015-12-14T15:14:48+00:00\",\"dateModified\":\"2015-12-21T10:25:01+00:00\",\"author\":{\"@id\":\"https:\/\/www.naturparkmagazin.de\/dahme-heideseen\/#\/schema\/person\/c81c96c3a1f5ee7bffff8b8022c105f0\"},\"breadcrumb\":{\"@id\":\"https:\/\/www.naturparkmagazin.de\/dahme-heideseen\/ehemaliges-sperrgebiet-streganz-im-naturpark-dahme-heideseen-wird-zum-nationalen-naturerbe\/#breadcrumb\"},\"inLanguage\":\"de\",\"potentialAction\":[{\"@type\":\"ReadAction\",\"target\":[\"https:\/\/www.naturparkmagazin.de\/dahme-heideseen\/ehemaliges-sperrgebiet-streganz-im-naturpark-dahme-heideseen-wird-zum-nationalen-naturerbe\/\"]}]},{\"@type\":\"BreadcrumbList\",\"@id\":\"https:\/\/www.naturparkmagazin.de\/dahme-heideseen\/ehemaliges-sperrgebiet-streganz-im-naturpark-dahme-heideseen-wird-zum-nationalen-naturerbe\/#breadcrumb\",\"itemListElement\":[{\"@type\":\"ListItem\",\"position\":1,\"name\":\"Home\",\"item\":\"https:\/\/www.naturparkmagazin.de\/dahme-heideseen\/\"},{\"@type\":\"ListItem\",\"position\":2,\"name\":\"Ehemaliges Sperrgebiet &#8222;Streganz&#8220; im Naturpark Dahme-Heideseen wird zum Nationalen Naturerbe\"}]},{\"@type\":\"WebSite\",\"@id\":\"https:\/\/www.naturparkmagazin.de\/dahme-heideseen\/#website\",\"url\":\"https:\/\/www.naturparkmagazin.de\/dahme-heideseen\/\",\"name\":\"Naturpark Dahme-Heideseen\",\"description\":\"\",\"potentialAction\":[{\"@type\":\"SearchAction\",\"target\":{\"@type\":\"EntryPoint\",\"urlTemplate\":\"https:\/\/www.naturparkmagazin.de\/dahme-heideseen\/?s={search_term_string}\"},\"query-input\":\"required name=search_term_string\"}],\"inLanguage\":\"de\"},{\"@type\":\"Person\",\"@id\":\"https:\/\/www.naturparkmagazin.de\/dahme-heideseen\/#\/schema\/person\/c81c96c3a1f5ee7bffff8b8022c105f0\",\"name\":\"hanssonnenberg\",\"url\":\"https:\/\/www.naturparkmagazin.de\/dahme-heideseen\/author\/hanssonnenberg\/\"}]}<\/script>\n<!-- \/ Yoast SEO plugin. -->","yoast_head_json":{"title":"Ehemaliges Sperrgebiet \"Streganz\" im Naturpark Dahme-Heideseen wird zum Nationalen Naturerbe - Naturpark Dahme-Heideseen","robots":{"index":"index","follow":"follow","max-snippet":"max-snippet:-1","max-image-preview":"max-image-preview:large","max-video-preview":"max-video-preview:-1"},"canonical":"https:\/\/www.naturparkmagazin.de\/dahme-heideseen\/ehemaliges-sperrgebiet-streganz-im-naturpark-dahme-heideseen-wird-zum-nationalen-naturerbe\/","og_locale":"de_DE","og_type":"article","og_title":"Ehemaliges Sperrgebiet \"Streganz\" im Naturpark Dahme-Heideseen wird zum Nationalen Naturerbe - Naturpark Dahme-Heideseen","og_description":"Das fr\u00fchere milit\u00e4rische Sperrgebiet \u201eStreganz\u201c in Brandenburg wird im Rahmen der sogannten dritten Tranche zum Nationalen Naturerbe.","og_url":"https:\/\/www.naturparkmagazin.de\/dahme-heideseen\/ehemaliges-sperrgebiet-streganz-im-naturpark-dahme-heideseen-wird-zum-nationalen-naturerbe\/","og_site_name":"Naturpark Dahme-Heideseen","article_published_time":"2015-12-14T15:14:48+00:00","article_modified_time":"2015-12-21T10:25:01+00:00","og_image":[{"width":741,"height":1000,"url":"https:\/\/www.naturparkmagazin.de\/dahme-heideseen\/wp-content\/uploads\/sites\/37\/npdh_streganzberg_Kiefenhang_klaeber.jpg","type":"image\/jpeg"}],"author":"hanssonnenberg","twitter_misc":{"Verfasst von":"hanssonnenberg","Gesch\u00e4tzte Lesezeit":"1\u00a0Minute"},"schema":{"@context":"https:\/\/schema.org","@graph":[{"@type":"WebPage","@id":"https:\/\/www.naturparkmagazin.de\/dahme-heideseen\/ehemaliges-sperrgebiet-streganz-im-naturpark-dahme-heideseen-wird-zum-nationalen-naturerbe\/","url":"https:\/\/www.naturparkmagazin.de\/dahme-heideseen\/ehemaliges-sperrgebiet-streganz-im-naturpark-dahme-heideseen-wird-zum-nationalen-naturerbe\/","name":"Ehemaliges Sperrgebiet \"Streganz\" im Naturpark Dahme-Heideseen wird zum Nationalen Naturerbe - Naturpark Dahme-Heideseen","isPartOf":{"@id":"https:\/\/www.naturparkmagazin.de\/dahme-heideseen\/#website"},"datePublished":"2015-12-14T15:14:48+00:00","dateModified":"2015-12-21T10:25:01+00:00","author":{"@id":"https:\/\/www.naturparkmagazin.de\/dahme-heideseen\/#\/schema\/person\/c81c96c3a1f5ee7bffff8b8022c105f0"},"breadcrumb":{"@id":"https:\/\/www.naturparkmagazin.de\/dahme-heideseen\/ehemaliges-sperrgebiet-streganz-im-naturpark-dahme-heideseen-wird-zum-nationalen-naturerbe\/#breadcrumb"},"inLanguage":"de","potentialAction":[{"@type":"ReadAction","target":["https:\/\/www.naturparkmagazin.de\/dahme-heideseen\/ehemaliges-sperrgebiet-streganz-im-naturpark-dahme-heideseen-wird-zum-nationalen-naturerbe\/"]}]},{"@type":"BreadcrumbList","@id":"https:\/\/www.naturparkmagazin.de\/dahme-heideseen\/ehemaliges-sperrgebiet-streganz-im-naturpark-dahme-heideseen-wird-zum-nationalen-naturerbe\/#breadcrumb","itemListElement":[{"@type":"ListItem","position":1,"name":"Home","item":"https:\/\/www.naturparkmagazin.de\/dahme-heideseen\/"},{"@type":"ListItem","position":2,"name":"Ehemaliges Sperrgebiet &#8222;Streganz&#8220; im Naturpark Dahme-Heideseen wird zum Nationalen Naturerbe"}]},{"@type":"WebSite","@id":"https:\/\/www.naturparkmagazin.de\/dahme-heideseen\/#website","url":"https:\/\/www.naturparkmagazin.de\/dahme-heideseen\/","name":"Naturpark Dahme-Heideseen","description":"","potentialAction":[{"@type":"SearchAction","target":{"@type":"EntryPoint","urlTemplate":"https:\/\/www.naturparkmagazin.de\/dahme-heideseen\/?s={search_term_string}"},"query-input":"required name=search_term_string"}],"inLanguage":"de"},{"@type":"Person","@id":"https:\/\/www.naturparkmagazin.de\/dahme-heideseen\/#\/schema\/person\/c81c96c3a1f5ee7bffff8b8022c105f0","name":"hanssonnenberg","url":"https:\/\/www.naturparkmagazin.de\/dahme-heideseen\/author\/hanssonnenberg\/"}]}},"_links":{"self":[{"href":"https:\/\/www.naturparkmagazin.de\/dahme-heideseen\/wp-json\/wp\/v2\/posts\/1264"}],"collection":[{"href":"https:\/\/www.naturparkmagazin.de\/dahme-heideseen\/wp-json\/wp\/v2\/posts"}],"about":[{"href":"https:\/\/www.naturparkmagazin.de\/dahme-heideseen\/wp-json\/wp\/v2\/types\/post"}],"author":[{"embeddable":true,"href":"https:\/\/www.naturparkmagazin.de\/dahme-heideseen\/wp-json\/wp\/v2\/users\/48"}],"replies":[{"embeddable":true,"href":"https:\/\/www.naturparkmagazin.de\/dahme-heideseen\/wp-json\/wp\/v2\/comments?post=1264"}],"version-history":[{"count":7,"href":"https:\/\/www.naturparkmagazin.de\/dahme-heideseen\/wp-json\/wp\/v2\/posts\/1264\/revisions"}],"predecessor-version":[{"id":1289,"href":"https:\/\/www.naturparkmagazin.de\/dahme-heideseen\/wp-json\/wp\/v2\/posts\/1264\/revisions\/1289"}],"wp:featuredmedia":[{"embeddable":true,"href":"https:\/\/www.naturparkmagazin.de\/dahme-heideseen\/wp-json\/wp\/v2\/media\/1265"}],"wp:attachment":[{"href":"https:\/\/www.naturparkmagazin.de\/dahme-heideseen\/wp-json\/wp\/v2\/media?parent=1264"}],"wp:term":[{"taxonomy":"category","embeddable":true,"href":"https:\/\/www.naturparkmagazin.de\/dahme-heideseen\/wp-json\/wp\/v2\/categories?post=1264"},{"taxonomy":"post_tag","embeddable":true,"href":"https:\/\/www.naturparkmagazin.de\/dahme-heideseen\/wp-json\/wp\/v2\/tags?post=1264"}],"curies":[{"name":"wp","href":"https:\/\/api.w.org\/{rel}","templated":true}]}}