{"id":1298,"date":"2016-01-14T11:37:36","date_gmt":"2016-01-14T10:37:36","guid":{"rendered":"http:\/\/www.naturparkmagazin.de\/dahme-heideseen\/?p=1298"},"modified":"2016-01-27T16:30:29","modified_gmt":"2016-01-27T15:30:29","slug":"eroeffnung-der-ausstellung-heimat-im-wandel","status":"publish","type":"post","link":"https:\/\/www.naturparkmagazin.de\/dahme-heideseen\/eroeffnung-der-ausstellung-heimat-im-wandel\/","title":{"rendered":"Er\u00f6ffnung der Ausstellung &#8222;Heimat im Wandel&#8220;"},"content":{"rendered":"<p>Ausstellungser\u00f6ffnung und Pr\u00e4mierung der Sieger des Bildwettbewerbs &#8222;Heimat im Wandel&#8220; am 14.02.2016 10:30 Uhr in der Volkshochschule K\u00f6nigs Wusterhausen<!--more-->\nUnsere Natur, unsere Landschaft, unsere Heimat ver\u00e4ndert sich. Dies geschieht durch das, was wir tun. Dies geschieht durch das, was wir nicht tun. Wir wollen mit Ihnen auf eine Zeitreise gehen &#8211; die Zeit des Jahreslaufes, die Zeit der Jahre, Jahrzehnte und Jahrhunderte. Entdecken und vergleichen Sie bekannte, wie auch unbekannte Motive Ihrer Heimat, unsere Heimat.<\/p>\n<p>In einem Wettbewerb waren die Teilnehmer aufgerufen alte und neue Ansichten ihnen bekannter Orte in der Region einzusenden und mit einem kurzen Text die Ver\u00e4nderung und ihre pers\u00f6nliche Verbindung mit dem Ort zu dokumentieren. Die Ausstellungen zeigt die besten Einreichungen sowie weitere interessante Beispiele aus dem Archiv des Naturparks Dahme-Heideseen.<\/p>\n<div>Die Ausstellung kann bis Anfang August in der Volkshochschule Dahme Spreewald besichtigt werden:<\/div>\n<ul>\n<li>Mo bis Do von 8.00-19.00 Uhr<\/li>\n<li>Freitag von 8.00-12.00 Uhr<\/li>\n<li>Der Eintritt ist frei<\/li>\n<\/ul>\n<div>Volkshochschule Dahme-Spreewald\nSchulweg 1 b\n15711 K\u00f6nigs Wusterhausen\nTel.: +49 (0)3375 262518\nFax: +49 (0)3375 262519\n<a href=\"mailto:vhs@dahme-spreewald.de\">vhs@dahme-spreewald.de<\/a><\/div>\n<p><a href=\"http:\/\/www.vhs-dahme-spreewald.de\" target=\"_blank\">Volkshochschule Dahme-Spreewald<\/a><\/p>\n<div id=\"attachment_1299\" style=\"width: 630px\" class=\"wp-caption aligncenter\"><a href=\"https:\/\/www.naturparkmagazin.de\/dahme-heideseen\/wp-content\/uploads\/sites\/37\/NPDH_Kippe_Schulzendorf_1987_K_Sonnenberg.jpg\"><img aria-describedby=\"caption-attachment-1299\" decoding=\"async\" loading=\"lazy\" class=\"size-medium wp-image-1299\" src=\"https:\/\/www.naturparkmagazin.de\/dahme-heideseen\/wp-content\/uploads\/sites\/37\/NPDH_Kippe_Schulzendorf_1987_K_Sonnenberg-620x394.jpg\" alt=\"M\u00fclldeponie in Schulzendorf im Jahre 1978 (Foto: Klaus Sonnenberg)\" width=\"620\" height=\"394\" srcset=\"https:\/\/www.naturparkmagazin.de\/dahme-heideseen\/wp-content\/uploads\/sites\/37\/NPDH_Kippe_Schulzendorf_1987_K_Sonnenberg-620x394.jpg 620w, https:\/\/www.naturparkmagazin.de\/dahme-heideseen\/wp-content\/uploads\/sites\/37\/NPDH_Kippe_Schulzendorf_1987_K_Sonnenberg-300x191.jpg 300w, https:\/\/www.naturparkmagazin.de\/dahme-heideseen\/wp-content\/uploads\/sites\/37\/NPDH_Kippe_Schulzendorf_1987_K_Sonnenberg-200x127.jpg 200w, https:\/\/www.naturparkmagazin.de\/dahme-heideseen\/wp-content\/uploads\/sites\/37\/NPDH_Kippe_Schulzendorf_1987_K_Sonnenberg.jpg 640w\" sizes=\"(max-width: 620px) 100vw, 620px\" \/><\/a><p id=\"caption-attachment-1299\" class=\"wp-caption-text\">M\u00fclldeponie in Schulzendorf im Jahre 1978 (Foto: Klaus Sonnenberg)<\/p><\/div>\n<div id=\"attachment_1300\" style=\"width: 630px\" class=\"wp-caption aligncenter\"><a href=\"https:\/\/www.naturparkmagazin.de\/dahme-heideseen\/wp-content\/uploads\/sites\/37\/NPDH_Kippenh\u00fcgel_schulzendorf_2000_K_Sonnenberg.jpg\"><img aria-describedby=\"caption-attachment-1300\" decoding=\"async\" loading=\"lazy\" class=\"size-medium wp-image-1300\" src=\"https:\/\/www.naturparkmagazin.de\/dahme-heideseen\/wp-content\/uploads\/sites\/37\/NPDH_Kippenh\u00fcgel_schulzendorf_2000_K_Sonnenberg-620x395.jpg\" alt=\"Stillgelegte und begr\u00fcnte M\u00fclldeponie in Schulzendorf (Foto: Klaus Sonnenberg)\" width=\"620\" height=\"395\" srcset=\"https:\/\/www.naturparkmagazin.de\/dahme-heideseen\/wp-content\/uploads\/sites\/37\/NPDH_Kippenh\u00fcgel_schulzendorf_2000_K_Sonnenberg-620x395.jpg 620w, https:\/\/www.naturparkmagazin.de\/dahme-heideseen\/wp-content\/uploads\/sites\/37\/NPDH_Kippenh\u00fcgel_schulzendorf_2000_K_Sonnenberg-300x191.jpg 300w, https:\/\/www.naturparkmagazin.de\/dahme-heideseen\/wp-content\/uploads\/sites\/37\/NPDH_Kippenh\u00fcgel_schulzendorf_2000_K_Sonnenberg-200x128.jpg 200w, https:\/\/www.naturparkmagazin.de\/dahme-heideseen\/wp-content\/uploads\/sites\/37\/NPDH_Kippenh\u00fcgel_schulzendorf_2000_K_Sonnenberg.jpg 640w\" sizes=\"(max-width: 620px) 100vw, 620px\" \/><\/a><p id=\"caption-attachment-1300\" class=\"wp-caption-text\">Stillgelegte und begr\u00fcnte M\u00fclldeponie in Schulzendorf (Foto: Klaus Sonnenberg)<\/p><\/div>\n","protected":false},"excerpt":{"rendered":"<p>Ausstellungser\u00f6ffnung und Pr\u00e4mierung der Sieger des Bildwettbewerbs &#8222;Heimat im Wandel&#8220; am 14.02.2016 10:30 Uhr in der Volkshochschule K\u00f6nigs Wusterhausen.<\/p>\n","protected":false},"author":48,"featured_media":1310,"comment_status":"open","ping_status":"open","sticky":false,"template":"","format":"standard","meta":[],"categories":[11],"tags":[],"yoast_head":"<!-- This site is optimized with the Yoast SEO plugin v19.10 - https:\/\/yoast.com\/wordpress\/plugins\/seo\/ -->\n<title>Er\u00f6ffnung der Ausstellung &quot;Heimat im Wandel&quot; - Naturpark Dahme-Heideseen<\/title>\n<meta name=\"robots\" content=\"index, follow, max-snippet:-1, max-image-preview:large, max-video-preview:-1\" \/>\n<link rel=\"canonical\" href=\"https:\/\/www.naturparkmagazin.de\/dahme-heideseen\/eroeffnung-der-ausstellung-heimat-im-wandel\/\" \/>\n<meta property=\"og:locale\" content=\"de_DE\" \/>\n<meta property=\"og:type\" content=\"article\" \/>\n<meta property=\"og:title\" content=\"Er\u00f6ffnung der Ausstellung &quot;Heimat im Wandel&quot; - Naturpark Dahme-Heideseen\" \/>\n<meta property=\"og:description\" content=\"Ausstellungser\u00f6ffnung und Pr\u00e4mierung der Sieger des Bildwettbewerbs &quot;Heimat im Wandel&quot; am 14.02.2016 10:30 Uhr in der Volkshochschule K\u00f6nigs Wusterhausen.\" \/>\n<meta property=\"og:url\" content=\"https:\/\/www.naturparkmagazin.de\/dahme-heideseen\/eroeffnung-der-ausstellung-heimat-im-wandel\/\" \/>\n<meta property=\"og:site_name\" content=\"Naturpark Dahme-Heideseen\" \/>\n<meta property=\"article:published_time\" content=\"2016-01-14T10:37:36+00:00\" \/>\n<meta property=\"article:modified_time\" content=\"2016-01-27T15:30:29+00:00\" \/>\n<meta property=\"og:image\" content=\"https:\/\/www.naturparkmagazin.de\/dahme-heideseen\/wp-content\/uploads\/sites\/37\/npdh_deponiebilder_schulzendorf_klaus_sonnenberg.jpg\" \/>\n\t<meta property=\"og:image:width\" content=\"603\" \/>\n\t<meta property=\"og:image:height\" content=\"702\" \/>\n\t<meta property=\"og:image:type\" content=\"image\/jpeg\" \/>\n<meta name=\"author\" content=\"hanssonnenberg\" \/>\n<meta name=\"twitter:label1\" content=\"Verfasst von\" \/>\n\t<meta name=\"twitter:data1\" content=\"hanssonnenberg\" \/>\n\t<meta name=\"twitter:label2\" content=\"Gesch\u00e4tzte Lesezeit\" \/>\n\t<meta name=\"twitter:data2\" content=\"1\u00a0Minute\" \/>\n<script type=\"application\/ld+json\" class=\"yoast-schema-graph\">{\"@context\":\"https:\/\/schema.org\",\"@graph\":[{\"@type\":\"WebPage\",\"@id\":\"https:\/\/www.naturparkmagazin.de\/dahme-heideseen\/eroeffnung-der-ausstellung-heimat-im-wandel\/\",\"url\":\"https:\/\/www.naturparkmagazin.de\/dahme-heideseen\/eroeffnung-der-ausstellung-heimat-im-wandel\/\",\"name\":\"Er\u00f6ffnung der Ausstellung \\\"Heimat im Wandel\\\" - Naturpark Dahme-Heideseen\",\"isPartOf\":{\"@id\":\"https:\/\/www.naturparkmagazin.de\/dahme-heideseen\/#website\"},\"datePublished\":\"2016-01-14T10:37:36+00:00\",\"dateModified\":\"2016-01-27T15:30:29+00:00\",\"author\":{\"@id\":\"https:\/\/www.naturparkmagazin.de\/dahme-heideseen\/#\/schema\/person\/c81c96c3a1f5ee7bffff8b8022c105f0\"},\"breadcrumb\":{\"@id\":\"https:\/\/www.naturparkmagazin.de\/dahme-heideseen\/eroeffnung-der-ausstellung-heimat-im-wandel\/#breadcrumb\"},\"inLanguage\":\"de\",\"potentialAction\":[{\"@type\":\"ReadAction\",\"target\":[\"https:\/\/www.naturparkmagazin.de\/dahme-heideseen\/eroeffnung-der-ausstellung-heimat-im-wandel\/\"]}]},{\"@type\":\"BreadcrumbList\",\"@id\":\"https:\/\/www.naturparkmagazin.de\/dahme-heideseen\/eroeffnung-der-ausstellung-heimat-im-wandel\/#breadcrumb\",\"itemListElement\":[{\"@type\":\"ListItem\",\"position\":1,\"name\":\"Home\",\"item\":\"https:\/\/www.naturparkmagazin.de\/dahme-heideseen\/\"},{\"@type\":\"ListItem\",\"position\":2,\"name\":\"Er\u00f6ffnung der Ausstellung &#8222;Heimat im Wandel&#8220;\"}]},{\"@type\":\"WebSite\",\"@id\":\"https:\/\/www.naturparkmagazin.de\/dahme-heideseen\/#website\",\"url\":\"https:\/\/www.naturparkmagazin.de\/dahme-heideseen\/\",\"name\":\"Naturpark Dahme-Heideseen\",\"description\":\"\",\"potentialAction\":[{\"@type\":\"SearchAction\",\"target\":{\"@type\":\"EntryPoint\",\"urlTemplate\":\"https:\/\/www.naturparkmagazin.de\/dahme-heideseen\/?s={search_term_string}\"},\"query-input\":\"required name=search_term_string\"}],\"inLanguage\":\"de\"},{\"@type\":\"Person\",\"@id\":\"https:\/\/www.naturparkmagazin.de\/dahme-heideseen\/#\/schema\/person\/c81c96c3a1f5ee7bffff8b8022c105f0\",\"name\":\"hanssonnenberg\",\"url\":\"https:\/\/www.naturparkmagazin.de\/dahme-heideseen\/author\/hanssonnenberg\/\"}]}<\/script>\n<!-- \/ Yoast SEO plugin. -->","yoast_head_json":{"title":"Er\u00f6ffnung der Ausstellung \"Heimat im Wandel\" - Naturpark Dahme-Heideseen","robots":{"index":"index","follow":"follow","max-snippet":"max-snippet:-1","max-image-preview":"max-image-preview:large","max-video-preview":"max-video-preview:-1"},"canonical":"https:\/\/www.naturparkmagazin.de\/dahme-heideseen\/eroeffnung-der-ausstellung-heimat-im-wandel\/","og_locale":"de_DE","og_type":"article","og_title":"Er\u00f6ffnung der Ausstellung \"Heimat im Wandel\" - Naturpark Dahme-Heideseen","og_description":"Ausstellungser\u00f6ffnung und Pr\u00e4mierung der Sieger des Bildwettbewerbs \"Heimat im Wandel\" am 14.02.2016 10:30 Uhr in der Volkshochschule K\u00f6nigs Wusterhausen.","og_url":"https:\/\/www.naturparkmagazin.de\/dahme-heideseen\/eroeffnung-der-ausstellung-heimat-im-wandel\/","og_site_name":"Naturpark Dahme-Heideseen","article_published_time":"2016-01-14T10:37:36+00:00","article_modified_time":"2016-01-27T15:30:29+00:00","og_image":[{"width":603,"height":702,"url":"https:\/\/www.naturparkmagazin.de\/dahme-heideseen\/wp-content\/uploads\/sites\/37\/npdh_deponiebilder_schulzendorf_klaus_sonnenberg.jpg","type":"image\/jpeg"}],"author":"hanssonnenberg","twitter_misc":{"Verfasst von":"hanssonnenberg","Gesch\u00e4tzte Lesezeit":"1\u00a0Minute"},"schema":{"@context":"https:\/\/schema.org","@graph":[{"@type":"WebPage","@id":"https:\/\/www.naturparkmagazin.de\/dahme-heideseen\/eroeffnung-der-ausstellung-heimat-im-wandel\/","url":"https:\/\/www.naturparkmagazin.de\/dahme-heideseen\/eroeffnung-der-ausstellung-heimat-im-wandel\/","name":"Er\u00f6ffnung der Ausstellung \"Heimat im Wandel\" - Naturpark Dahme-Heideseen","isPartOf":{"@id":"https:\/\/www.naturparkmagazin.de\/dahme-heideseen\/#website"},"datePublished":"2016-01-14T10:37:36+00:00","dateModified":"2016-01-27T15:30:29+00:00","author":{"@id":"https:\/\/www.naturparkmagazin.de\/dahme-heideseen\/#\/schema\/person\/c81c96c3a1f5ee7bffff8b8022c105f0"},"breadcrumb":{"@id":"https:\/\/www.naturparkmagazin.de\/dahme-heideseen\/eroeffnung-der-ausstellung-heimat-im-wandel\/#breadcrumb"},"inLanguage":"de","potentialAction":[{"@type":"ReadAction","target":["https:\/\/www.naturparkmagazin.de\/dahme-heideseen\/eroeffnung-der-ausstellung-heimat-im-wandel\/"]}]},{"@type":"BreadcrumbList","@id":"https:\/\/www.naturparkmagazin.de\/dahme-heideseen\/eroeffnung-der-ausstellung-heimat-im-wandel\/#breadcrumb","itemListElement":[{"@type":"ListItem","position":1,"name":"Home","item":"https:\/\/www.naturparkmagazin.de\/dahme-heideseen\/"},{"@type":"ListItem","position":2,"name":"Er\u00f6ffnung der Ausstellung &#8222;Heimat im Wandel&#8220;"}]},{"@type":"WebSite","@id":"https:\/\/www.naturparkmagazin.de\/dahme-heideseen\/#website","url":"https:\/\/www.naturparkmagazin.de\/dahme-heideseen\/","name":"Naturpark Dahme-Heideseen","description":"","potentialAction":[{"@type":"SearchAction","target":{"@type":"EntryPoint","urlTemplate":"https:\/\/www.naturparkmagazin.de\/dahme-heideseen\/?s={search_term_string}"},"query-input":"required name=search_term_string"}],"inLanguage":"de"},{"@type":"Person","@id":"https:\/\/www.naturparkmagazin.de\/dahme-heideseen\/#\/schema\/person\/c81c96c3a1f5ee7bffff8b8022c105f0","name":"hanssonnenberg","url":"https:\/\/www.naturparkmagazin.de\/dahme-heideseen\/author\/hanssonnenberg\/"}]}},"_links":{"self":[{"href":"https:\/\/www.naturparkmagazin.de\/dahme-heideseen\/wp-json\/wp\/v2\/posts\/1298"}],"collection":[{"href":"https:\/\/www.naturparkmagazin.de\/dahme-heideseen\/wp-json\/wp\/v2\/posts"}],"about":[{"href":"https:\/\/www.naturparkmagazin.de\/dahme-heideseen\/wp-json\/wp\/v2\/types\/post"}],"author":[{"embeddable":true,"href":"https:\/\/www.naturparkmagazin.de\/dahme-heideseen\/wp-json\/wp\/v2\/users\/48"}],"replies":[{"embeddable":true,"href":"https:\/\/www.naturparkmagazin.de\/dahme-heideseen\/wp-json\/wp\/v2\/comments?post=1298"}],"version-history":[{"count":5,"href":"https:\/\/www.naturparkmagazin.de\/dahme-heideseen\/wp-json\/wp\/v2\/posts\/1298\/revisions"}],"predecessor-version":[{"id":1335,"href":"https:\/\/www.naturparkmagazin.de\/dahme-heideseen\/wp-json\/wp\/v2\/posts\/1298\/revisions\/1335"}],"wp:featuredmedia":[{"embeddable":true,"href":"https:\/\/www.naturparkmagazin.de\/dahme-heideseen\/wp-json\/wp\/v2\/media\/1310"}],"wp:attachment":[{"href":"https:\/\/www.naturparkmagazin.de\/dahme-heideseen\/wp-json\/wp\/v2\/media?parent=1298"}],"wp:term":[{"taxonomy":"category","embeddable":true,"href":"https:\/\/www.naturparkmagazin.de\/dahme-heideseen\/wp-json\/wp\/v2\/categories?post=1298"},{"taxonomy":"post_tag","embeddable":true,"href":"https:\/\/www.naturparkmagazin.de\/dahme-heideseen\/wp-json\/wp\/v2\/tags?post=1298"}],"curies":[{"name":"wp","href":"https:\/\/api.w.org\/{rel}","templated":true}]}}