{"id":1340,"date":"2016-02-09T16:12:11","date_gmt":"2016-02-09T15:12:11","guid":{"rendered":"http:\/\/www.naturparkmagazin.de\/dahme-heideseen\/?p=1340"},"modified":"2016-02-25T15:08:38","modified_gmt":"2016-02-25T14:08:38","slug":"magie-der-moore-am-22-maerz-im-kiez-holzerner-see","status":"publish","type":"post","link":"https:\/\/www.naturparkmagazin.de\/dahme-heideseen\/magie-der-moore-am-22-maerz-im-kiez-holzerner-see\/","title":{"rendered":"\u201eMagie der Moore\u201c &#8211; \u00d6kofilmtour im KIEZ H\u00f6lzerner See"},"content":{"rendered":"<p>Am 22. M\u00e4rz 2016 ist es wieder so weit: Die \u00d6kofilmtour gastiert im KiEZ H\u00f6lzerner See, diesmal mit einem besonderen Schatz aus dem Bereich der Naturdokumentationen. Der Film ist ein Beitrag zum &#8222;Tag des Wassers &#8222;.<!--more-->\u201eMagie der Moore\u201c hei\u00dft das neue Meisterwerk des bekannten deutschen Naturfilmers Jan Haft.<\/p>\n<p>Die Filmvorf\u00fchrung beginnt ab 18:00 Uhr im Haus des Wassers auf dem Gel\u00e4nde des KiEZ H\u00f6lzerner See.<\/p>\n<p><strong>Der Eintritt ist frei.<\/strong><\/p>\n<p>In 5 Jahren Arbeit hat Jan Haft\u00a0 mit ungeheurer Geduld, viel Einf\u00fchlungsverm\u00f6gen und einer tiefen Liebe zum Moor einen eindrucksvollen Dokumentarfilm \u00fcber diesen einzigartigen Lebensraum geschaffen.<\/p>\n<p>100 Minuten lang wird der Zuschauer entf\u00fchrt in die immer noch weitgehend unbekannte, teilweise auch angstbesetzte aber mystisch-sch\u00f6ne Welt der Moore. Abseits jeder wissenschaftlichen Argumentation vom CO<sub>2<\/sub>-Speicher, Klimaretter, Hochwassersch\u00fctzer und Lebensraum seltener Arten bringt uns der neue Dokumentarfilm diesen Lebensraum auf ganz emotionaler Ebene nahe. Untermalt von einem poetischen Text &#8211; gesprochen mit der unglaublich passenden Stimme des Schauspielers Axel Milberg &#8211; sch\u00e4rft der Film mit seinen eindrucksvollen Bildern das Bewusstsein, sich unbedingt f\u00fcr die besonderen Pflanzen und Tiere in diesem einzigartigen Lebensraum einzusetzen.<\/p>\n<div id=\"attachment_1342\" style=\"width: 630px\" class=\"wp-caption aligncenter\"><a href=\"https:\/\/www.naturparkmagazin.de\/dahme-heideseen\/wp-content\/uploads\/sites\/37\/npdh_moorfrosch_klaeber.jpg\"><img aria-describedby=\"caption-attachment-1342\" decoding=\"async\" loading=\"lazy\" class=\"size-medium wp-image-1342\" src=\"https:\/\/www.naturparkmagazin.de\/dahme-heideseen\/wp-content\/uploads\/sites\/37\/npdh_moorfrosch_klaeber-620x434.jpg\" alt=\"Im Fr\u00fchjahr sind die Moorfroschm\u00e4nnchen intensiv blau gef\u00e4rbt (Foto: W. Klaeber)\" width=\"620\" height=\"434\" srcset=\"https:\/\/www.naturparkmagazin.de\/dahme-heideseen\/wp-content\/uploads\/sites\/37\/npdh_moorfrosch_klaeber-620x434.jpg 620w, https:\/\/www.naturparkmagazin.de\/dahme-heideseen\/wp-content\/uploads\/sites\/37\/npdh_moorfrosch_klaeber-300x210.jpg 300w, https:\/\/www.naturparkmagazin.de\/dahme-heideseen\/wp-content\/uploads\/sites\/37\/npdh_moorfrosch_klaeber-940x658.jpg 940w, https:\/\/www.naturparkmagazin.de\/dahme-heideseen\/wp-content\/uploads\/sites\/37\/npdh_moorfrosch_klaeber-670x469.jpg 670w, https:\/\/www.naturparkmagazin.de\/dahme-heideseen\/wp-content\/uploads\/sites\/37\/npdh_moorfrosch_klaeber-200x140.jpg 200w, https:\/\/www.naturparkmagazin.de\/dahme-heideseen\/wp-content\/uploads\/sites\/37\/npdh_moorfrosch_klaeber.jpg 1005w\" sizes=\"(max-width: 620px) 100vw, 620px\" \/><\/a><p id=\"caption-attachment-1342\" class=\"wp-caption-text\">Im Fr\u00fchjahr sind die Moorfroschm\u00e4nnchen intensiv blau gef\u00e4rbt (Foto: W. Klaeber)<\/p><\/div>\n<div id=\"attachment_1343\" style=\"width: 630px\" class=\"wp-caption aligncenter\"><a href=\"https:\/\/www.naturparkmagazin.de\/dahme-heideseen\/wp-content\/uploads\/sites\/37\/npdh_bekassine_klaeber.jpg\"><img aria-describedby=\"caption-attachment-1343\" decoding=\"async\" loading=\"lazy\" class=\"size-medium wp-image-1343\" src=\"https:\/\/www.naturparkmagazin.de\/dahme-heideseen\/wp-content\/uploads\/sites\/37\/npdh_bekassine_klaeber-620x544.jpg\" alt=\"Bekassine (Foto: W. Klaeber)\" width=\"620\" height=\"544\" srcset=\"https:\/\/www.naturparkmagazin.de\/dahme-heideseen\/wp-content\/uploads\/sites\/37\/npdh_bekassine_klaeber-620x544.jpg 620w, https:\/\/www.naturparkmagazin.de\/dahme-heideseen\/wp-content\/uploads\/sites\/37\/npdh_bekassine_klaeber-300x263.jpg 300w, https:\/\/www.naturparkmagazin.de\/dahme-heideseen\/wp-content\/uploads\/sites\/37\/npdh_bekassine_klaeber-670x588.jpg 670w, https:\/\/www.naturparkmagazin.de\/dahme-heideseen\/wp-content\/uploads\/sites\/37\/npdh_bekassine_klaeber-200x176.jpg 200w, https:\/\/www.naturparkmagazin.de\/dahme-heideseen\/wp-content\/uploads\/sites\/37\/npdh_bekassine_klaeber.jpg 844w\" sizes=\"(max-width: 620px) 100vw, 620px\" \/><\/a><p id=\"caption-attachment-1343\" class=\"wp-caption-text\">Bekassine (Foto: W. Klaeber)<\/p><\/div>\n<p>Urspr\u00fcnglich war 1\/20 der Fl\u00e4che Deutschlands von Mooren bedeckt. 95% davon sind heute tot. Durch die Urbarmachung weiter Moorlandschaften, aber auch durch den Torfabbau sind weite Teile der ehemaligen Moorfl\u00e4chen heute unwiederbringlich verschwunden. An Standorten, wo dies noch m\u00f6glich ist, versucht man heute, den Mooren ihr einst abgegrabenes Wasser zur\u00fcck zu geben, Fachleute sprechen von Renaturierung.<\/p>\n<p>Gerade im Zusammenhang mit der Klimakonferenz in Paris r\u00fccken Moore sowohl in der Wissenschaft als auch in der breiten \u00d6ffentlichkeit immer weiter ins Zentrum der Aufmerksamkeit, denn:<\/p>\n<p>Wie man heute erkannt hat, spielen Moore eine gravierende Rolle beim weltweiten Erhalt des Klimas. Moore speichern auf ca. drei Prozent der Erdoberfl\u00e4che in ihrem Torf mehr Kohlenstoff als die tropischen Regenw\u00e4lder, die Nadelw\u00e4lder der Taiga und alle W\u00e4lder der Erde zusammen. Zerst\u00f6rt man sie, fehlt k\u00fcnftig nicht nur dieser wichtige CO<sub>2<\/sub>-speicher, sondern es werden auch \u00fcber Jahrtausende gebundene Treibhausgase freigesetzt.<\/p>\n<p>Moore zu erhalten, sie wieder zu vern\u00e4ssen, ist daher fester Bestandteil der Klimastrategie des Landes Brandenburg. Die Botschaft des Films, die Moore als CO<sub>2<\/sub>&#8211; und Wasserspeicher weltweit zu bewahren, bringt Jan Haft in seinem gro\u00dfen Meisterwerk ganz ohne den moralisch erhobenen Zeigefinger auf ganz unmittelbar ber\u00fchrende Art und Weise her\u00fcber.<\/p>\n<p>Im Anschluss an die Filmvorf\u00fchrung haben die Zuschauer die M\u00f6glichkeit, an fachkundige Ansprechpartner aus dem Naturschutz Fragen zu stellen oder mit ihnen zu diskutieren.<\/p>\n<p>&nbsp;<\/p>\n<div id=\"attachment_1345\" style=\"width: 630px\" class=\"wp-caption aligncenter\"><a href=\"https:\/\/www.naturparkmagazin.de\/dahme-heideseen\/wp-content\/uploads\/sites\/37\/npdh_Moor-am-F\u00f6rstersee_Klaeber.jpg\"><img aria-describedby=\"caption-attachment-1345\" decoding=\"async\" loading=\"lazy\" class=\"size-medium wp-image-1345\" src=\"https:\/\/www.naturparkmagazin.de\/dahme-heideseen\/wp-content\/uploads\/sites\/37\/npdh_Moor-am-F\u00f6rstersee_Klaeber-620x427.jpg\" alt=\"Kiefernmoor am F\u00f6rstersee in der Dubrow (Foto: W. Klaeber\" width=\"620\" height=\"427\" srcset=\"https:\/\/www.naturparkmagazin.de\/dahme-heideseen\/wp-content\/uploads\/sites\/37\/npdh_Moor-am-F\u00f6rstersee_Klaeber-620x427.jpg 620w, https:\/\/www.naturparkmagazin.de\/dahme-heideseen\/wp-content\/uploads\/sites\/37\/npdh_Moor-am-F\u00f6rstersee_Klaeber-300x207.jpg 300w, https:\/\/www.naturparkmagazin.de\/dahme-heideseen\/wp-content\/uploads\/sites\/37\/npdh_Moor-am-F\u00f6rstersee_Klaeber-940x647.jpg 940w, https:\/\/www.naturparkmagazin.de\/dahme-heideseen\/wp-content\/uploads\/sites\/37\/npdh_Moor-am-F\u00f6rstersee_Klaeber-670x461.jpg 670w, https:\/\/www.naturparkmagazin.de\/dahme-heideseen\/wp-content\/uploads\/sites\/37\/npdh_Moor-am-F\u00f6rstersee_Klaeber-200x138.jpg 200w, https:\/\/www.naturparkmagazin.de\/dahme-heideseen\/wp-content\/uploads\/sites\/37\/npdh_Moor-am-F\u00f6rstersee_Klaeber.jpg 1021w\" sizes=\"(max-width: 620px) 100vw, 620px\" \/><\/a><p id=\"caption-attachment-1345\" class=\"wp-caption-text\">Kiefernmoor am F\u00f6rstersee in der Dubrow (Foto: W. Klaeber<\/p><\/div>\n<p>&nbsp;<\/p>\n<p>Infos:<\/p>\n<p><a href=\"http:\/\/www.magiedermoore-derfilm.de\/\" target=\"_blank\">Magie der Moore &#8211; Der Film<\/a><\/p>\n<p><a href=\"http:\/\/www.oekofilmtour.de\/\" target=\"_blank\">\u00d6kofilmtour<\/a><\/p>\n<p><strong>Und was ist im KIEZ noch so los an diesem Tag?<\/strong><\/p>\n<p>Am 22. M\u00e4rz findet der Tag des Wassers mit einer Wasserrallye von 15:00 &#8211; 17:30 statt. Hier sind \u00fcber das KIZ &#8211; Areal und im Haus des Wassers Aufgaben und Spiele verteilt, die die Kinder l\u00f6sen m\u00fcssen. Grundlage daf\u00fcr ist eine Ausarbeitung von Teilnehmern des Freiwilligen \u00d6kologischen Jahres.\nDie Gruppen treffen sich um 17:00 Uhr im Discosaal, wo die Rallye ausgewertet wird und kleine Preise verteilt werden. Dieser Aktionstag findet statt f\u00fcr unsere G\u00e4ste, die hier vor Ort Ihre Osterferien verbringen. Gern nehmen wir ab noch einige Familien oder Hortgruppen mit ins Boot.<\/p>\n<p><a href=\"http:\/\/www.hoelzerner-see.de\" target=\"_blank\">KIZ am H\u00f6zernen See<\/a><\/p>\n<p>&nbsp;<\/p>\n","protected":false},"excerpt":{"rendered":"<p>Am 22. M\u00e4rz 2016 ist es wieder so weit: Die \u00d6kofilmtour gastiert im KiEZ H\u00f6lzerner See, diesmal mit einem besonderen Schatz aus dem Bereich der Naturdokumentationen. <\/p>\n","protected":false},"author":48,"featured_media":1341,"comment_status":"open","ping_status":"open","sticky":false,"template":"","format":"standard","meta":[],"categories":[11],"tags":[],"yoast_head":"<!-- This site is optimized with the Yoast SEO plugin v19.10 - https:\/\/yoast.com\/wordpress\/plugins\/seo\/ -->\n<title>\u201eMagie der Moore\u201c - \u00d6kofilmtour im KIEZ H\u00f6lzerner See - Naturpark Dahme-Heideseen<\/title>\n<meta name=\"robots\" content=\"index, follow, max-snippet:-1, max-image-preview:large, max-video-preview:-1\" \/>\n<link rel=\"canonical\" href=\"https:\/\/www.naturparkmagazin.de\/dahme-heideseen\/magie-der-moore-am-22-maerz-im-kiez-holzerner-see\/\" \/>\n<meta property=\"og:locale\" content=\"de_DE\" \/>\n<meta property=\"og:type\" content=\"article\" \/>\n<meta property=\"og:title\" content=\"\u201eMagie der Moore\u201c - \u00d6kofilmtour im KIEZ H\u00f6lzerner See - Naturpark Dahme-Heideseen\" \/>\n<meta property=\"og:description\" content=\"Am 22. M\u00e4rz 2016 ist es wieder so weit: Die \u00d6kofilmtour gastiert im KiEZ H\u00f6lzerner See, diesmal mit einem besonderen Schatz aus dem Bereich der Naturdokumentationen.\" \/>\n<meta property=\"og:url\" content=\"https:\/\/www.naturparkmagazin.de\/dahme-heideseen\/magie-der-moore-am-22-maerz-im-kiez-holzerner-see\/\" \/>\n<meta property=\"og:site_name\" content=\"Naturpark Dahme-Heideseen\" \/>\n<meta property=\"article:published_time\" content=\"2016-02-09T15:12:11+00:00\" \/>\n<meta property=\"article:modified_time\" content=\"2016-02-25T14:08:38+00:00\" \/>\n<meta property=\"og:image\" content=\"https:\/\/www.naturparkmagazin.de\/dahme-heideseen\/wp-content\/uploads\/sites\/37\/npdh_burghofmoor_klaeber.jpg\" \/>\n\t<meta property=\"og:image:width\" content=\"550\" \/>\n\t<meta property=\"og:image:height\" content=\"744\" \/>\n\t<meta property=\"og:image:type\" content=\"image\/jpeg\" \/>\n<meta name=\"author\" content=\"hanssonnenberg\" \/>\n<meta name=\"twitter:label1\" content=\"Verfasst von\" \/>\n\t<meta name=\"twitter:data1\" content=\"hanssonnenberg\" \/>\n\t<meta name=\"twitter:label2\" content=\"Gesch\u00e4tzte Lesezeit\" \/>\n\t<meta name=\"twitter:data2\" content=\"3\u00a0Minuten\" \/>\n<script type=\"application\/ld+json\" class=\"yoast-schema-graph\">{\"@context\":\"https:\/\/schema.org\",\"@graph\":[{\"@type\":\"WebPage\",\"@id\":\"https:\/\/www.naturparkmagazin.de\/dahme-heideseen\/magie-der-moore-am-22-maerz-im-kiez-holzerner-see\/\",\"url\":\"https:\/\/www.naturparkmagazin.de\/dahme-heideseen\/magie-der-moore-am-22-maerz-im-kiez-holzerner-see\/\",\"name\":\"\u201eMagie der Moore\u201c - \u00d6kofilmtour im KIEZ H\u00f6lzerner See - Naturpark Dahme-Heideseen\",\"isPartOf\":{\"@id\":\"https:\/\/www.naturparkmagazin.de\/dahme-heideseen\/#website\"},\"datePublished\":\"2016-02-09T15:12:11+00:00\",\"dateModified\":\"2016-02-25T14:08:38+00:00\",\"author\":{\"@id\":\"https:\/\/www.naturparkmagazin.de\/dahme-heideseen\/#\/schema\/person\/c81c96c3a1f5ee7bffff8b8022c105f0\"},\"breadcrumb\":{\"@id\":\"https:\/\/www.naturparkmagazin.de\/dahme-heideseen\/magie-der-moore-am-22-maerz-im-kiez-holzerner-see\/#breadcrumb\"},\"inLanguage\":\"de\",\"potentialAction\":[{\"@type\":\"ReadAction\",\"target\":[\"https:\/\/www.naturparkmagazin.de\/dahme-heideseen\/magie-der-moore-am-22-maerz-im-kiez-holzerner-see\/\"]}]},{\"@type\":\"BreadcrumbList\",\"@id\":\"https:\/\/www.naturparkmagazin.de\/dahme-heideseen\/magie-der-moore-am-22-maerz-im-kiez-holzerner-see\/#breadcrumb\",\"itemListElement\":[{\"@type\":\"ListItem\",\"position\":1,\"name\":\"Home\",\"item\":\"https:\/\/www.naturparkmagazin.de\/dahme-heideseen\/\"},{\"@type\":\"ListItem\",\"position\":2,\"name\":\"\u201eMagie der Moore\u201c &#8211; \u00d6kofilmtour im KIEZ H\u00f6lzerner See\"}]},{\"@type\":\"WebSite\",\"@id\":\"https:\/\/www.naturparkmagazin.de\/dahme-heideseen\/#website\",\"url\":\"https:\/\/www.naturparkmagazin.de\/dahme-heideseen\/\",\"name\":\"Naturpark Dahme-Heideseen\",\"description\":\"\",\"potentialAction\":[{\"@type\":\"SearchAction\",\"target\":{\"@type\":\"EntryPoint\",\"urlTemplate\":\"https:\/\/www.naturparkmagazin.de\/dahme-heideseen\/?s={search_term_string}\"},\"query-input\":\"required name=search_term_string\"}],\"inLanguage\":\"de\"},{\"@type\":\"Person\",\"@id\":\"https:\/\/www.naturparkmagazin.de\/dahme-heideseen\/#\/schema\/person\/c81c96c3a1f5ee7bffff8b8022c105f0\",\"name\":\"hanssonnenberg\",\"url\":\"https:\/\/www.naturparkmagazin.de\/dahme-heideseen\/author\/hanssonnenberg\/\"}]}<\/script>\n<!-- \/ Yoast SEO plugin. -->","yoast_head_json":{"title":"\u201eMagie der Moore\u201c - \u00d6kofilmtour im KIEZ H\u00f6lzerner See - Naturpark Dahme-Heideseen","robots":{"index":"index","follow":"follow","max-snippet":"max-snippet:-1","max-image-preview":"max-image-preview:large","max-video-preview":"max-video-preview:-1"},"canonical":"https:\/\/www.naturparkmagazin.de\/dahme-heideseen\/magie-der-moore-am-22-maerz-im-kiez-holzerner-see\/","og_locale":"de_DE","og_type":"article","og_title":"\u201eMagie der Moore\u201c - \u00d6kofilmtour im KIEZ H\u00f6lzerner See - Naturpark Dahme-Heideseen","og_description":"Am 22. M\u00e4rz 2016 ist es wieder so weit: Die \u00d6kofilmtour gastiert im KiEZ H\u00f6lzerner See, diesmal mit einem besonderen Schatz aus dem Bereich der Naturdokumentationen.","og_url":"https:\/\/www.naturparkmagazin.de\/dahme-heideseen\/magie-der-moore-am-22-maerz-im-kiez-holzerner-see\/","og_site_name":"Naturpark Dahme-Heideseen","article_published_time":"2016-02-09T15:12:11+00:00","article_modified_time":"2016-02-25T14:08:38+00:00","og_image":[{"width":550,"height":744,"url":"https:\/\/www.naturparkmagazin.de\/dahme-heideseen\/wp-content\/uploads\/sites\/37\/npdh_burghofmoor_klaeber.jpg","type":"image\/jpeg"}],"author":"hanssonnenberg","twitter_misc":{"Verfasst von":"hanssonnenberg","Gesch\u00e4tzte Lesezeit":"3\u00a0Minuten"},"schema":{"@context":"https:\/\/schema.org","@graph":[{"@type":"WebPage","@id":"https:\/\/www.naturparkmagazin.de\/dahme-heideseen\/magie-der-moore-am-22-maerz-im-kiez-holzerner-see\/","url":"https:\/\/www.naturparkmagazin.de\/dahme-heideseen\/magie-der-moore-am-22-maerz-im-kiez-holzerner-see\/","name":"\u201eMagie der Moore\u201c - \u00d6kofilmtour im KIEZ H\u00f6lzerner See - Naturpark Dahme-Heideseen","isPartOf":{"@id":"https:\/\/www.naturparkmagazin.de\/dahme-heideseen\/#website"},"datePublished":"2016-02-09T15:12:11+00:00","dateModified":"2016-02-25T14:08:38+00:00","author":{"@id":"https:\/\/www.naturparkmagazin.de\/dahme-heideseen\/#\/schema\/person\/c81c96c3a1f5ee7bffff8b8022c105f0"},"breadcrumb":{"@id":"https:\/\/www.naturparkmagazin.de\/dahme-heideseen\/magie-der-moore-am-22-maerz-im-kiez-holzerner-see\/#breadcrumb"},"inLanguage":"de","potentialAction":[{"@type":"ReadAction","target":["https:\/\/www.naturparkmagazin.de\/dahme-heideseen\/magie-der-moore-am-22-maerz-im-kiez-holzerner-see\/"]}]},{"@type":"BreadcrumbList","@id":"https:\/\/www.naturparkmagazin.de\/dahme-heideseen\/magie-der-moore-am-22-maerz-im-kiez-holzerner-see\/#breadcrumb","itemListElement":[{"@type":"ListItem","position":1,"name":"Home","item":"https:\/\/www.naturparkmagazin.de\/dahme-heideseen\/"},{"@type":"ListItem","position":2,"name":"\u201eMagie der Moore\u201c &#8211; \u00d6kofilmtour im KIEZ H\u00f6lzerner See"}]},{"@type":"WebSite","@id":"https:\/\/www.naturparkmagazin.de\/dahme-heideseen\/#website","url":"https:\/\/www.naturparkmagazin.de\/dahme-heideseen\/","name":"Naturpark Dahme-Heideseen","description":"","potentialAction":[{"@type":"SearchAction","target":{"@type":"EntryPoint","urlTemplate":"https:\/\/www.naturparkmagazin.de\/dahme-heideseen\/?s={search_term_string}"},"query-input":"required name=search_term_string"}],"inLanguage":"de"},{"@type":"Person","@id":"https:\/\/www.naturparkmagazin.de\/dahme-heideseen\/#\/schema\/person\/c81c96c3a1f5ee7bffff8b8022c105f0","name":"hanssonnenberg","url":"https:\/\/www.naturparkmagazin.de\/dahme-heideseen\/author\/hanssonnenberg\/"}]}},"_links":{"self":[{"href":"https:\/\/www.naturparkmagazin.de\/dahme-heideseen\/wp-json\/wp\/v2\/posts\/1340"}],"collection":[{"href":"https:\/\/www.naturparkmagazin.de\/dahme-heideseen\/wp-json\/wp\/v2\/posts"}],"about":[{"href":"https:\/\/www.naturparkmagazin.de\/dahme-heideseen\/wp-json\/wp\/v2\/types\/post"}],"author":[{"embeddable":true,"href":"https:\/\/www.naturparkmagazin.de\/dahme-heideseen\/wp-json\/wp\/v2\/users\/48"}],"replies":[{"embeddable":true,"href":"https:\/\/www.naturparkmagazin.de\/dahme-heideseen\/wp-json\/wp\/v2\/comments?post=1340"}],"version-history":[{"count":10,"href":"https:\/\/www.naturparkmagazin.de\/dahme-heideseen\/wp-json\/wp\/v2\/posts\/1340\/revisions"}],"predecessor-version":[{"id":1405,"href":"https:\/\/www.naturparkmagazin.de\/dahme-heideseen\/wp-json\/wp\/v2\/posts\/1340\/revisions\/1405"}],"wp:featuredmedia":[{"embeddable":true,"href":"https:\/\/www.naturparkmagazin.de\/dahme-heideseen\/wp-json\/wp\/v2\/media\/1341"}],"wp:attachment":[{"href":"https:\/\/www.naturparkmagazin.de\/dahme-heideseen\/wp-json\/wp\/v2\/media?parent=1340"}],"wp:term":[{"taxonomy":"category","embeddable":true,"href":"https:\/\/www.naturparkmagazin.de\/dahme-heideseen\/wp-json\/wp\/v2\/categories?post=1340"},{"taxonomy":"post_tag","embeddable":true,"href":"https:\/\/www.naturparkmagazin.de\/dahme-heideseen\/wp-json\/wp\/v2\/tags?post=1340"}],"curies":[{"name":"wp","href":"https:\/\/api.w.org\/{rel}","templated":true}]}}