{"id":1353,"date":"2016-02-09T16:31:10","date_gmt":"2016-02-09T15:31:10","guid":{"rendered":"http:\/\/www.naturparkmagazin.de\/dahme-heideseen\/?p=1353"},"modified":"2016-02-25T15:06:21","modified_gmt":"2016-02-25T14:06:21","slug":"auf-zum-fruehlingfest-im-kiez-hoelzerner-see","status":"publish","type":"post","link":"https:\/\/www.naturparkmagazin.de\/dahme-heideseen\/auf-zum-fruehlingfest-im-kiez-hoelzerner-see\/","title":{"rendered":"Fr\u00fchlingfest im KIEZ am H\u00f6lzernen See"},"content":{"rendered":"<p>Zauberhafter Start in den Fr\u00fchling im KiEZ H\u00f6lzerner See am Samstag, den 19. M\u00e4rz von 11.00\u00a0 &#8211; 18.00 Uhr. <!--more-->60 Zauberer aus allen Himmelsrichtungen haben sich zum Werkstattwochenende &#8222;Zauberei f\u00fcr Kinder&#8220; verabredet. Sie alle brauchen kritisches Kinderpublikum. Besonders sch\u00f6n finden die Kinder die Stra\u00dfenzauberei z.B. von Gerd Grunewaldt aus Berlin und Ted McKoy aus den Niederlanden. Am H\u00f6lzernen See kann man ihnen auf die Finger schauen und der Eintritt ist wie immer frei.<\/p>\n<p>Drei offene Proben finden in der Zeit von 11:15 bis 16:00 Uhr im Discosaal statt, die Zauberer freuen sich schon auf die begeisterten Kinder. Helmut Bobbenkamp aus Rangsdorf hat vor 20. Jahren diese Veranstaltung entwickelt und vor 19 Jahren das Team vom H\u00f6lzernen See f\u00fcr Zauberei begeistert.<\/p>\n<p>Der Verein &#8222;g. Kinder- und Jugenderholung Dubrow-Dahmetal e.V.&#8220; hat um die Zauberer viele Bastelaktionen, Spiel und Sport vorbereitet. Da die Hobbybude f\u00fcr den gro\u00dfen Ansturm zu klein w\u00e4re, werden auch im Speisesaal viele Bastelaktionen angeboten. Auf 16,5 Hektar wird es kunterbunt zugehen. F\u00fcr Essen und Trinken sorgen die Mensa, zwei Kuchenst\u00e4nde und zwei Grills. Der Kindertierpark vom KiEZ Frauensee ist mit Hasen, H\u00fchnern und Pferden dabei, Kistenklettern und Bogenschie\u00dfen organisiert von den Kurzzeithelden und den Outdoorvagabunden stehen wie ein Schnupperkurs bei den &#8222;Harlekids&#8220; im Zirkuszelt auf dem Programm. Leider wird das Wasser noch zu kalt sein um mit den Kanus den H\u00f6lzernen See zu erobern, aber das Thema Wasser steht in unserem Mit-Mach-Museum, dem &#8222;Haus des Wassers&#8220;, im Mittelpunkt. Viele Partner helfen bei diesem Kinderfest. Peter Ulbrich, der die Zauberwerkstatt organisiert, die Grimm-Initiative aus Eisenh\u00fcttenstadt, der &#8222;Naturpark Dahme-Heideseen&#8220; und die Betreuer der Kinderferienlager vom Frauensee und vom H\u00f6lzernen See. Sie alle tragen zum Gelingen des 19. Fr\u00fchlingsfestes bei.<\/p>\n<p>Weitere Informationen unter <a href=\"http:\/\/www.hoelzerner-see.de\/\" target=\"_blank\">www.hoelzerner-see.de<\/a> oder per Telefon 033763- 63239.<\/p>\n<p>&nbsp;<\/p>\n<div id=\"attachment_1369\" style=\"width: 593px\" class=\"wp-caption aligncenter\"><a href=\"https:\/\/www.naturparkmagazin.de\/dahme-heideseen\/wp-content\/uploads\/sites\/37\/npdh_wasserfest_kiez_schilling.jpg\"><img aria-describedby=\"caption-attachment-1369\" decoding=\"async\" loading=\"lazy\" class=\"size-full wp-image-1369\" src=\"https:\/\/www.naturparkmagazin.de\/dahme-heideseen\/wp-content\/uploads\/sites\/37\/npdh_wasserfest_kiez_schilling.jpg\" alt=\"Wasserfest im KIEZ (Foto: KIEZ H\u00f6lzerner See - C. Schilling)\" width=\"583\" height=\"480\" srcset=\"https:\/\/www.naturparkmagazin.de\/dahme-heideseen\/wp-content\/uploads\/sites\/37\/npdh_wasserfest_kiez_schilling.jpg 583w, https:\/\/www.naturparkmagazin.de\/dahme-heideseen\/wp-content\/uploads\/sites\/37\/npdh_wasserfest_kiez_schilling-300x247.jpg 300w, https:\/\/www.naturparkmagazin.de\/dahme-heideseen\/wp-content\/uploads\/sites\/37\/npdh_wasserfest_kiez_schilling-200x165.jpg 200w\" sizes=\"(max-width: 583px) 100vw, 583px\" \/><\/a><p id=\"caption-attachment-1369\" class=\"wp-caption-text\">Wasserfest im KIEZ (Foto: KIEZ H\u00f6lzerner See &#8211; C. Schilling)<\/p><\/div>\n","protected":false},"excerpt":{"rendered":"<p>Zauberhafter Start in den Fr\u00fchling im KiEZ H\u00f6lzerner See am Samstag, den 19. M\u00e4rz von 11.00  &#8211; 18.00 Uhr. <\/p>\n","protected":false},"author":48,"featured_media":1371,"comment_status":"open","ping_status":"open","sticky":false,"template":"","format":"standard","meta":[],"categories":[11],"tags":[],"yoast_head":"<!-- This site is optimized with the Yoast SEO plugin v19.10 - https:\/\/yoast.com\/wordpress\/plugins\/seo\/ -->\n<title>Fr\u00fchlingfest im KIEZ am H\u00f6lzernen See - Naturpark Dahme-Heideseen<\/title>\n<meta name=\"robots\" content=\"index, follow, max-snippet:-1, max-image-preview:large, max-video-preview:-1\" \/>\n<link rel=\"canonical\" href=\"https:\/\/www.naturparkmagazin.de\/dahme-heideseen\/auf-zum-fruehlingfest-im-kiez-hoelzerner-see\/\" \/>\n<meta property=\"og:locale\" content=\"de_DE\" \/>\n<meta property=\"og:type\" content=\"article\" \/>\n<meta property=\"og:title\" content=\"Fr\u00fchlingfest im KIEZ am H\u00f6lzernen See - Naturpark Dahme-Heideseen\" \/>\n<meta property=\"og:description\" content=\"Zauberhafter Start in den Fr\u00fchling im KiEZ H\u00f6lzerner See am Samstag, den 19. M\u00e4rz von 11.00 - 18.00 Uhr.\" \/>\n<meta property=\"og:url\" content=\"https:\/\/www.naturparkmagazin.de\/dahme-heideseen\/auf-zum-fruehlingfest-im-kiez-hoelzerner-see\/\" \/>\n<meta property=\"og:site_name\" content=\"Naturpark Dahme-Heideseen\" \/>\n<meta property=\"article:published_time\" content=\"2016-02-09T15:31:10+00:00\" \/>\n<meta property=\"article:modified_time\" content=\"2016-02-25T14:06:21+00:00\" \/>\n<meta property=\"og:image\" content=\"https:\/\/www.naturparkmagazin.de\/dahme-heideseen\/wp-content\/uploads\/sites\/37\/npdh_wasserfest_kiez_2_schilling.jpg\" \/>\n\t<meta property=\"og:image:width\" content=\"542\" \/>\n\t<meta property=\"og:image:height\" content=\"480\" \/>\n\t<meta property=\"og:image:type\" content=\"image\/jpeg\" \/>\n<meta name=\"author\" content=\"hanssonnenberg\" \/>\n<meta name=\"twitter:label1\" content=\"Verfasst von\" \/>\n\t<meta name=\"twitter:data1\" content=\"hanssonnenberg\" \/>\n\t<meta name=\"twitter:label2\" content=\"Gesch\u00e4tzte Lesezeit\" \/>\n\t<meta name=\"twitter:data2\" content=\"2\u00a0Minuten\" \/>\n<script type=\"application\/ld+json\" class=\"yoast-schema-graph\">{\"@context\":\"https:\/\/schema.org\",\"@graph\":[{\"@type\":\"WebPage\",\"@id\":\"https:\/\/www.naturparkmagazin.de\/dahme-heideseen\/auf-zum-fruehlingfest-im-kiez-hoelzerner-see\/\",\"url\":\"https:\/\/www.naturparkmagazin.de\/dahme-heideseen\/auf-zum-fruehlingfest-im-kiez-hoelzerner-see\/\",\"name\":\"Fr\u00fchlingfest im KIEZ am H\u00f6lzernen See - Naturpark Dahme-Heideseen\",\"isPartOf\":{\"@id\":\"https:\/\/www.naturparkmagazin.de\/dahme-heideseen\/#website\"},\"datePublished\":\"2016-02-09T15:31:10+00:00\",\"dateModified\":\"2016-02-25T14:06:21+00:00\",\"author\":{\"@id\":\"https:\/\/www.naturparkmagazin.de\/dahme-heideseen\/#\/schema\/person\/c81c96c3a1f5ee7bffff8b8022c105f0\"},\"breadcrumb\":{\"@id\":\"https:\/\/www.naturparkmagazin.de\/dahme-heideseen\/auf-zum-fruehlingfest-im-kiez-hoelzerner-see\/#breadcrumb\"},\"inLanguage\":\"de\",\"potentialAction\":[{\"@type\":\"ReadAction\",\"target\":[\"https:\/\/www.naturparkmagazin.de\/dahme-heideseen\/auf-zum-fruehlingfest-im-kiez-hoelzerner-see\/\"]}]},{\"@type\":\"BreadcrumbList\",\"@id\":\"https:\/\/www.naturparkmagazin.de\/dahme-heideseen\/auf-zum-fruehlingfest-im-kiez-hoelzerner-see\/#breadcrumb\",\"itemListElement\":[{\"@type\":\"ListItem\",\"position\":1,\"name\":\"Home\",\"item\":\"https:\/\/www.naturparkmagazin.de\/dahme-heideseen\/\"},{\"@type\":\"ListItem\",\"position\":2,\"name\":\"Fr\u00fchlingfest im KIEZ am H\u00f6lzernen See\"}]},{\"@type\":\"WebSite\",\"@id\":\"https:\/\/www.naturparkmagazin.de\/dahme-heideseen\/#website\",\"url\":\"https:\/\/www.naturparkmagazin.de\/dahme-heideseen\/\",\"name\":\"Naturpark Dahme-Heideseen\",\"description\":\"\",\"potentialAction\":[{\"@type\":\"SearchAction\",\"target\":{\"@type\":\"EntryPoint\",\"urlTemplate\":\"https:\/\/www.naturparkmagazin.de\/dahme-heideseen\/?s={search_term_string}\"},\"query-input\":\"required name=search_term_string\"}],\"inLanguage\":\"de\"},{\"@type\":\"Person\",\"@id\":\"https:\/\/www.naturparkmagazin.de\/dahme-heideseen\/#\/schema\/person\/c81c96c3a1f5ee7bffff8b8022c105f0\",\"name\":\"hanssonnenberg\",\"url\":\"https:\/\/www.naturparkmagazin.de\/dahme-heideseen\/author\/hanssonnenberg\/\"}]}<\/script>\n<!-- \/ Yoast SEO plugin. -->","yoast_head_json":{"title":"Fr\u00fchlingfest im KIEZ am H\u00f6lzernen See - Naturpark Dahme-Heideseen","robots":{"index":"index","follow":"follow","max-snippet":"max-snippet:-1","max-image-preview":"max-image-preview:large","max-video-preview":"max-video-preview:-1"},"canonical":"https:\/\/www.naturparkmagazin.de\/dahme-heideseen\/auf-zum-fruehlingfest-im-kiez-hoelzerner-see\/","og_locale":"de_DE","og_type":"article","og_title":"Fr\u00fchlingfest im KIEZ am H\u00f6lzernen See - Naturpark Dahme-Heideseen","og_description":"Zauberhafter Start in den Fr\u00fchling im KiEZ H\u00f6lzerner See am Samstag, den 19. M\u00e4rz von 11.00 - 18.00 Uhr.","og_url":"https:\/\/www.naturparkmagazin.de\/dahme-heideseen\/auf-zum-fruehlingfest-im-kiez-hoelzerner-see\/","og_site_name":"Naturpark Dahme-Heideseen","article_published_time":"2016-02-09T15:31:10+00:00","article_modified_time":"2016-02-25T14:06:21+00:00","og_image":[{"width":542,"height":480,"url":"https:\/\/www.naturparkmagazin.de\/dahme-heideseen\/wp-content\/uploads\/sites\/37\/npdh_wasserfest_kiez_2_schilling.jpg","type":"image\/jpeg"}],"author":"hanssonnenberg","twitter_misc":{"Verfasst von":"hanssonnenberg","Gesch\u00e4tzte Lesezeit":"2\u00a0Minuten"},"schema":{"@context":"https:\/\/schema.org","@graph":[{"@type":"WebPage","@id":"https:\/\/www.naturparkmagazin.de\/dahme-heideseen\/auf-zum-fruehlingfest-im-kiez-hoelzerner-see\/","url":"https:\/\/www.naturparkmagazin.de\/dahme-heideseen\/auf-zum-fruehlingfest-im-kiez-hoelzerner-see\/","name":"Fr\u00fchlingfest im KIEZ am H\u00f6lzernen See - Naturpark Dahme-Heideseen","isPartOf":{"@id":"https:\/\/www.naturparkmagazin.de\/dahme-heideseen\/#website"},"datePublished":"2016-02-09T15:31:10+00:00","dateModified":"2016-02-25T14:06:21+00:00","author":{"@id":"https:\/\/www.naturparkmagazin.de\/dahme-heideseen\/#\/schema\/person\/c81c96c3a1f5ee7bffff8b8022c105f0"},"breadcrumb":{"@id":"https:\/\/www.naturparkmagazin.de\/dahme-heideseen\/auf-zum-fruehlingfest-im-kiez-hoelzerner-see\/#breadcrumb"},"inLanguage":"de","potentialAction":[{"@type":"ReadAction","target":["https:\/\/www.naturparkmagazin.de\/dahme-heideseen\/auf-zum-fruehlingfest-im-kiez-hoelzerner-see\/"]}]},{"@type":"BreadcrumbList","@id":"https:\/\/www.naturparkmagazin.de\/dahme-heideseen\/auf-zum-fruehlingfest-im-kiez-hoelzerner-see\/#breadcrumb","itemListElement":[{"@type":"ListItem","position":1,"name":"Home","item":"https:\/\/www.naturparkmagazin.de\/dahme-heideseen\/"},{"@type":"ListItem","position":2,"name":"Fr\u00fchlingfest im KIEZ am H\u00f6lzernen See"}]},{"@type":"WebSite","@id":"https:\/\/www.naturparkmagazin.de\/dahme-heideseen\/#website","url":"https:\/\/www.naturparkmagazin.de\/dahme-heideseen\/","name":"Naturpark Dahme-Heideseen","description":"","potentialAction":[{"@type":"SearchAction","target":{"@type":"EntryPoint","urlTemplate":"https:\/\/www.naturparkmagazin.de\/dahme-heideseen\/?s={search_term_string}"},"query-input":"required name=search_term_string"}],"inLanguage":"de"},{"@type":"Person","@id":"https:\/\/www.naturparkmagazin.de\/dahme-heideseen\/#\/schema\/person\/c81c96c3a1f5ee7bffff8b8022c105f0","name":"hanssonnenberg","url":"https:\/\/www.naturparkmagazin.de\/dahme-heideseen\/author\/hanssonnenberg\/"}]}},"_links":{"self":[{"href":"https:\/\/www.naturparkmagazin.de\/dahme-heideseen\/wp-json\/wp\/v2\/posts\/1353"}],"collection":[{"href":"https:\/\/www.naturparkmagazin.de\/dahme-heideseen\/wp-json\/wp\/v2\/posts"}],"about":[{"href":"https:\/\/www.naturparkmagazin.de\/dahme-heideseen\/wp-json\/wp\/v2\/types\/post"}],"author":[{"embeddable":true,"href":"https:\/\/www.naturparkmagazin.de\/dahme-heideseen\/wp-json\/wp\/v2\/users\/48"}],"replies":[{"embeddable":true,"href":"https:\/\/www.naturparkmagazin.de\/dahme-heideseen\/wp-json\/wp\/v2\/comments?post=1353"}],"version-history":[{"count":6,"href":"https:\/\/www.naturparkmagazin.de\/dahme-heideseen\/wp-json\/wp\/v2\/posts\/1353\/revisions"}],"predecessor-version":[{"id":1403,"href":"https:\/\/www.naturparkmagazin.de\/dahme-heideseen\/wp-json\/wp\/v2\/posts\/1353\/revisions\/1403"}],"wp:featuredmedia":[{"embeddable":true,"href":"https:\/\/www.naturparkmagazin.de\/dahme-heideseen\/wp-json\/wp\/v2\/media\/1371"}],"wp:attachment":[{"href":"https:\/\/www.naturparkmagazin.de\/dahme-heideseen\/wp-json\/wp\/v2\/media?parent=1353"}],"wp:term":[{"taxonomy":"category","embeddable":true,"href":"https:\/\/www.naturparkmagazin.de\/dahme-heideseen\/wp-json\/wp\/v2\/categories?post=1353"},{"taxonomy":"post_tag","embeddable":true,"href":"https:\/\/www.naturparkmagazin.de\/dahme-heideseen\/wp-json\/wp\/v2\/tags?post=1353"}],"curies":[{"name":"wp","href":"https:\/\/api.w.org\/{rel}","templated":true}]}}