{"id":1358,"date":"2016-02-09T16:42:28","date_gmt":"2016-02-09T15:42:28","guid":{"rendered":"http:\/\/www.naturparkmagazin.de\/dahme-heideseen\/?p=1358"},"modified":"2016-02-25T19:07:09","modified_gmt":"2016-02-25T18:07:09","slug":"am-gesang-erkennt-man-sie-die-sumpfmeise","status":"publish","type":"post","link":"https:\/\/www.naturparkmagazin.de\/dahme-heideseen\/am-gesang-erkennt-man-sie-die-sumpfmeise\/","title":{"rendered":"Am Gesang erkennt man sie &#8211; die Sumpfmeise"},"content":{"rendered":"<p>Der Naturfotograf Erhard Laube gestaltet mit seinen Vogelaufnahmen die Kalenderbl\u00e4tter des JahreBuch 2016. Als kleine Serie durch das Jahr stellen wir Ihnen die Kalendermotive hier vor. <!--more-->Die Sumpfmeise (Parus palustris) ist ist nur schwer von der Weidenmeise zu unterscheiden, zumindest \u00e4u\u00dferlich. Die Unterscheidung durch Ornithologen erfolgt \u00fcber den Gesang. Ich habe es versucht, bin aber beim Bestimmen nicht wirklich sicher. So kann ich nicht ausschlie\u00dfen, dass es sich hier gar nicht um Sumpfmeisen, sondern um Weidenmeisen handelt.<\/p>\n<p>Auch am Futterhaus ist die Sumpf- oder Weidenmeise im Winter ein h\u00e4ufiger Gast. Allerdings muss sie es hinnehmen, immer wieder\nvon Kohlmeisen, aber auch von Blaumeisen vertrieben zu werden. Aber meistens l\u00e4sst sie sich nur f\u00fcr ein paar Sekunden vertreiben, fliegt abwartend zum n\u00e4chsten Busch und dann wieder schnell zur Futterstelle, um ein Korn zu ergreifen und mit ihm davon zu fliegen. Im gesamten Dahmeland ist diese Meisenart\nh\u00e4ufig zu sehen, wobei sie die Wassern\u00e4he stark bevorzugt.<\/p>\n<div id=\"attachment_1359\" style=\"width: 578px\" class=\"wp-caption aligncenter\"><a href=\"https:\/\/www.naturparkmagazin.de\/dahme-heideseen\/wp-content\/uploads\/sites\/37\/npdh_Sumpfmeise_an-Sonnenblume_laube.jpg\"><img aria-describedby=\"caption-attachment-1359\" decoding=\"async\" loading=\"lazy\" class=\"size-full wp-image-1359\" src=\"https:\/\/www.naturparkmagazin.de\/dahme-heideseen\/wp-content\/uploads\/sites\/37\/npdh_Sumpfmeise_an-Sonnenblume_laube.jpg\" alt=\"Sumpfmeise an den Fruchtstand der Sonneblume (Foto: E.Laube)\" width=\"568\" height=\"427\" srcset=\"https:\/\/www.naturparkmagazin.de\/dahme-heideseen\/wp-content\/uploads\/sites\/37\/npdh_Sumpfmeise_an-Sonnenblume_laube.jpg 568w, https:\/\/www.naturparkmagazin.de\/dahme-heideseen\/wp-content\/uploads\/sites\/37\/npdh_Sumpfmeise_an-Sonnenblume_laube-300x226.jpg 300w, https:\/\/www.naturparkmagazin.de\/dahme-heideseen\/wp-content\/uploads\/sites\/37\/npdh_Sumpfmeise_an-Sonnenblume_laube-420x315.jpg 420w, https:\/\/www.naturparkmagazin.de\/dahme-heideseen\/wp-content\/uploads\/sites\/37\/npdh_Sumpfmeise_an-Sonnenblume_laube-180x135.jpg 180w, https:\/\/www.naturparkmagazin.de\/dahme-heideseen\/wp-content\/uploads\/sites\/37\/npdh_Sumpfmeise_an-Sonnenblume_laube-95x71.jpg 95w, https:\/\/www.naturparkmagazin.de\/dahme-heideseen\/wp-content\/uploads\/sites\/37\/npdh_Sumpfmeise_an-Sonnenblume_laube-200x150.jpg 200w\" sizes=\"(max-width: 568px) 100vw, 568px\" \/><\/a><p id=\"caption-attachment-1359\" class=\"wp-caption-text\">Sumpfmeise an den Fruchtstand der Sonneblume (Foto: E.Laube)<\/p><\/div>\n","protected":false},"excerpt":{"rendered":"<p>Der Naturfotograf Erhard Laube gestaltet mit seinen Vogelaufnahmen die Kalenderbl\u00e4tter des JahreBuch 2016. Als kleine Serie durch das Jahr stellen wir Ihnen die Kalendermotive hier vor. <\/p>\n","protected":false},"author":48,"featured_media":1360,"comment_status":"open","ping_status":"open","sticky":false,"template":"","format":"standard","meta":[],"categories":[7],"tags":[],"yoast_head":"<!-- This site is optimized with the Yoast SEO plugin v19.10 - https:\/\/yoast.com\/wordpress\/plugins\/seo\/ -->\n<title>Am Gesang erkennt man sie - die Sumpfmeise - Naturpark Dahme-Heideseen<\/title>\n<meta name=\"robots\" content=\"index, follow, max-snippet:-1, max-image-preview:large, max-video-preview:-1\" \/>\n<link rel=\"canonical\" href=\"https:\/\/www.naturparkmagazin.de\/dahme-heideseen\/am-gesang-erkennt-man-sie-die-sumpfmeise\/\" \/>\n<meta property=\"og:locale\" content=\"de_DE\" \/>\n<meta property=\"og:type\" content=\"article\" \/>\n<meta property=\"og:title\" content=\"Am Gesang erkennt man sie - die Sumpfmeise - Naturpark Dahme-Heideseen\" \/>\n<meta property=\"og:description\" content=\"Der Naturfotograf Erhard Laube gestaltet mit seinen Vogelaufnahmen die Kalenderbl\u00e4tter des JahreBuch 2016. Als kleine Serie durch das Jahr stellen wir Ihnen die Kalendermotive hier vor.\" \/>\n<meta property=\"og:url\" content=\"https:\/\/www.naturparkmagazin.de\/dahme-heideseen\/am-gesang-erkennt-man-sie-die-sumpfmeise\/\" \/>\n<meta property=\"og:site_name\" content=\"Naturpark Dahme-Heideseen\" \/>\n<meta property=\"article:published_time\" content=\"2016-02-09T15:42:28+00:00\" \/>\n<meta property=\"article:modified_time\" content=\"2016-02-25T18:07:09+00:00\" \/>\n<meta property=\"og:image\" content=\"https:\/\/www.naturparkmagazin.de\/dahme-heideseen\/wp-content\/uploads\/sites\/37\/npdh_sumpfmeise_laube.jpg\" \/>\n\t<meta property=\"og:image:width\" content=\"427\" \/>\n\t<meta property=\"og:image:height\" content=\"529\" \/>\n\t<meta property=\"og:image:type\" content=\"image\/jpeg\" \/>\n<meta name=\"author\" content=\"hanssonnenberg\" \/>\n<meta name=\"twitter:label1\" content=\"Verfasst von\" \/>\n\t<meta name=\"twitter:data1\" content=\"hanssonnenberg\" \/>\n\t<meta name=\"twitter:label2\" content=\"Gesch\u00e4tzte Lesezeit\" \/>\n\t<meta name=\"twitter:data2\" content=\"1\u00a0Minute\" \/>\n<script type=\"application\/ld+json\" class=\"yoast-schema-graph\">{\"@context\":\"https:\/\/schema.org\",\"@graph\":[{\"@type\":\"WebPage\",\"@id\":\"https:\/\/www.naturparkmagazin.de\/dahme-heideseen\/am-gesang-erkennt-man-sie-die-sumpfmeise\/\",\"url\":\"https:\/\/www.naturparkmagazin.de\/dahme-heideseen\/am-gesang-erkennt-man-sie-die-sumpfmeise\/\",\"name\":\"Am Gesang erkennt man sie - die Sumpfmeise - Naturpark Dahme-Heideseen\",\"isPartOf\":{\"@id\":\"https:\/\/www.naturparkmagazin.de\/dahme-heideseen\/#website\"},\"datePublished\":\"2016-02-09T15:42:28+00:00\",\"dateModified\":\"2016-02-25T18:07:09+00:00\",\"author\":{\"@id\":\"https:\/\/www.naturparkmagazin.de\/dahme-heideseen\/#\/schema\/person\/c81c96c3a1f5ee7bffff8b8022c105f0\"},\"breadcrumb\":{\"@id\":\"https:\/\/www.naturparkmagazin.de\/dahme-heideseen\/am-gesang-erkennt-man-sie-die-sumpfmeise\/#breadcrumb\"},\"inLanguage\":\"de\",\"potentialAction\":[{\"@type\":\"ReadAction\",\"target\":[\"https:\/\/www.naturparkmagazin.de\/dahme-heideseen\/am-gesang-erkennt-man-sie-die-sumpfmeise\/\"]}]},{\"@type\":\"BreadcrumbList\",\"@id\":\"https:\/\/www.naturparkmagazin.de\/dahme-heideseen\/am-gesang-erkennt-man-sie-die-sumpfmeise\/#breadcrumb\",\"itemListElement\":[{\"@type\":\"ListItem\",\"position\":1,\"name\":\"Home\",\"item\":\"https:\/\/www.naturparkmagazin.de\/dahme-heideseen\/\"},{\"@type\":\"ListItem\",\"position\":2,\"name\":\"Am Gesang erkennt man sie &#8211; die Sumpfmeise\"}]},{\"@type\":\"WebSite\",\"@id\":\"https:\/\/www.naturparkmagazin.de\/dahme-heideseen\/#website\",\"url\":\"https:\/\/www.naturparkmagazin.de\/dahme-heideseen\/\",\"name\":\"Naturpark Dahme-Heideseen\",\"description\":\"\",\"potentialAction\":[{\"@type\":\"SearchAction\",\"target\":{\"@type\":\"EntryPoint\",\"urlTemplate\":\"https:\/\/www.naturparkmagazin.de\/dahme-heideseen\/?s={search_term_string}\"},\"query-input\":\"required name=search_term_string\"}],\"inLanguage\":\"de\"},{\"@type\":\"Person\",\"@id\":\"https:\/\/www.naturparkmagazin.de\/dahme-heideseen\/#\/schema\/person\/c81c96c3a1f5ee7bffff8b8022c105f0\",\"name\":\"hanssonnenberg\",\"url\":\"https:\/\/www.naturparkmagazin.de\/dahme-heideseen\/author\/hanssonnenberg\/\"}]}<\/script>\n<!-- \/ Yoast SEO plugin. -->","yoast_head_json":{"title":"Am Gesang erkennt man sie - die Sumpfmeise - Naturpark Dahme-Heideseen","robots":{"index":"index","follow":"follow","max-snippet":"max-snippet:-1","max-image-preview":"max-image-preview:large","max-video-preview":"max-video-preview:-1"},"canonical":"https:\/\/www.naturparkmagazin.de\/dahme-heideseen\/am-gesang-erkennt-man-sie-die-sumpfmeise\/","og_locale":"de_DE","og_type":"article","og_title":"Am Gesang erkennt man sie - die Sumpfmeise - Naturpark Dahme-Heideseen","og_description":"Der Naturfotograf Erhard Laube gestaltet mit seinen Vogelaufnahmen die Kalenderbl\u00e4tter des JahreBuch 2016. Als kleine Serie durch das Jahr stellen wir Ihnen die Kalendermotive hier vor.","og_url":"https:\/\/www.naturparkmagazin.de\/dahme-heideseen\/am-gesang-erkennt-man-sie-die-sumpfmeise\/","og_site_name":"Naturpark Dahme-Heideseen","article_published_time":"2016-02-09T15:42:28+00:00","article_modified_time":"2016-02-25T18:07:09+00:00","og_image":[{"width":427,"height":529,"url":"https:\/\/www.naturparkmagazin.de\/dahme-heideseen\/wp-content\/uploads\/sites\/37\/npdh_sumpfmeise_laube.jpg","type":"image\/jpeg"}],"author":"hanssonnenberg","twitter_misc":{"Verfasst von":"hanssonnenberg","Gesch\u00e4tzte Lesezeit":"1\u00a0Minute"},"schema":{"@context":"https:\/\/schema.org","@graph":[{"@type":"WebPage","@id":"https:\/\/www.naturparkmagazin.de\/dahme-heideseen\/am-gesang-erkennt-man-sie-die-sumpfmeise\/","url":"https:\/\/www.naturparkmagazin.de\/dahme-heideseen\/am-gesang-erkennt-man-sie-die-sumpfmeise\/","name":"Am Gesang erkennt man sie - die Sumpfmeise - Naturpark Dahme-Heideseen","isPartOf":{"@id":"https:\/\/www.naturparkmagazin.de\/dahme-heideseen\/#website"},"datePublished":"2016-02-09T15:42:28+00:00","dateModified":"2016-02-25T18:07:09+00:00","author":{"@id":"https:\/\/www.naturparkmagazin.de\/dahme-heideseen\/#\/schema\/person\/c81c96c3a1f5ee7bffff8b8022c105f0"},"breadcrumb":{"@id":"https:\/\/www.naturparkmagazin.de\/dahme-heideseen\/am-gesang-erkennt-man-sie-die-sumpfmeise\/#breadcrumb"},"inLanguage":"de","potentialAction":[{"@type":"ReadAction","target":["https:\/\/www.naturparkmagazin.de\/dahme-heideseen\/am-gesang-erkennt-man-sie-die-sumpfmeise\/"]}]},{"@type":"BreadcrumbList","@id":"https:\/\/www.naturparkmagazin.de\/dahme-heideseen\/am-gesang-erkennt-man-sie-die-sumpfmeise\/#breadcrumb","itemListElement":[{"@type":"ListItem","position":1,"name":"Home","item":"https:\/\/www.naturparkmagazin.de\/dahme-heideseen\/"},{"@type":"ListItem","position":2,"name":"Am Gesang erkennt man sie &#8211; die Sumpfmeise"}]},{"@type":"WebSite","@id":"https:\/\/www.naturparkmagazin.de\/dahme-heideseen\/#website","url":"https:\/\/www.naturparkmagazin.de\/dahme-heideseen\/","name":"Naturpark Dahme-Heideseen","description":"","potentialAction":[{"@type":"SearchAction","target":{"@type":"EntryPoint","urlTemplate":"https:\/\/www.naturparkmagazin.de\/dahme-heideseen\/?s={search_term_string}"},"query-input":"required name=search_term_string"}],"inLanguage":"de"},{"@type":"Person","@id":"https:\/\/www.naturparkmagazin.de\/dahme-heideseen\/#\/schema\/person\/c81c96c3a1f5ee7bffff8b8022c105f0","name":"hanssonnenberg","url":"https:\/\/www.naturparkmagazin.de\/dahme-heideseen\/author\/hanssonnenberg\/"}]}},"_links":{"self":[{"href":"https:\/\/www.naturparkmagazin.de\/dahme-heideseen\/wp-json\/wp\/v2\/posts\/1358"}],"collection":[{"href":"https:\/\/www.naturparkmagazin.de\/dahme-heideseen\/wp-json\/wp\/v2\/posts"}],"about":[{"href":"https:\/\/www.naturparkmagazin.de\/dahme-heideseen\/wp-json\/wp\/v2\/types\/post"}],"author":[{"embeddable":true,"href":"https:\/\/www.naturparkmagazin.de\/dahme-heideseen\/wp-json\/wp\/v2\/users\/48"}],"replies":[{"embeddable":true,"href":"https:\/\/www.naturparkmagazin.de\/dahme-heideseen\/wp-json\/wp\/v2\/comments?post=1358"}],"version-history":[{"count":5,"href":"https:\/\/www.naturparkmagazin.de\/dahme-heideseen\/wp-json\/wp\/v2\/posts\/1358\/revisions"}],"predecessor-version":[{"id":1407,"href":"https:\/\/www.naturparkmagazin.de\/dahme-heideseen\/wp-json\/wp\/v2\/posts\/1358\/revisions\/1407"}],"wp:featuredmedia":[{"embeddable":true,"href":"https:\/\/www.naturparkmagazin.de\/dahme-heideseen\/wp-json\/wp\/v2\/media\/1360"}],"wp:attachment":[{"href":"https:\/\/www.naturparkmagazin.de\/dahme-heideseen\/wp-json\/wp\/v2\/media?parent=1358"}],"wp:term":[{"taxonomy":"category","embeddable":true,"href":"https:\/\/www.naturparkmagazin.de\/dahme-heideseen\/wp-json\/wp\/v2\/categories?post=1358"},{"taxonomy":"post_tag","embeddable":true,"href":"https:\/\/www.naturparkmagazin.de\/dahme-heideseen\/wp-json\/wp\/v2\/tags?post=1358"}],"curies":[{"name":"wp","href":"https:\/\/api.w.org\/{rel}","templated":true}]}}