{"id":1445,"date":"2016-03-14T13:31:55","date_gmt":"2016-03-14T12:31:55","guid":{"rendered":"http:\/\/www.naturparkmagazin.de\/dahme-heideseen\/?p=1445"},"modified":"2016-03-24T13:20:58","modified_gmt":"2016-03-24T12:20:58","slug":"waldwispern-wenn-baeume-sprechen-2","status":"publish","type":"post","link":"https:\/\/www.naturparkmagazin.de\/dahme-heideseen\/waldwispern-wenn-baeume-sprechen-2\/","title":{"rendered":"Waldwispern \u2013 wenn B\u00e4ume sprechen"},"content":{"rendered":"<p>Poetische und naturkundliche F\u00fchrung durch die Lesef\u00e4hrte Waldweisen am 17. April 2016<!--more--><\/p>\n<p>17. April 2016\u00a0 von 14:00 Uhr bis 17:30 Uhr\nDie Lesef\u00e4hrte Waldweise ist ein mit literarischen Texten begleiteter Wanderweg, der die typischen Merkmale der Landschaft in Brandenburg aufweist. Er wurde von dem K\u00fcnstler Wolfgang Georgsdorf konzipiert. An kleinen Mooren entlang, f\u00fchrt der f\u00fcr die Mark bestimmende Kiefern- und Birkenwald zur Dahme hin. Inspiriert von Geschichten \u00fcber ehemalige Waldberufe, durch die Texte am Wegesrand, Fauna und Flora und k\u00f6nnen sie die Sch\u00f6nheit der Natur auf sich wirken lassen. Bei dieser Tour werden sie Zeit haben, die Natur mit allen Sinnen zu erfahren.<\/p>\n<p>Hinweis: Material bitte mitbringen: Rucksack, wetterfeste Kleidung und Sitzunterlage, Schreibzeug, Getr\u00e4nke\/kleiner Imbiss<\/p>\n<p>Kursleitung Kirsten Heidler\nzertifizierte Natur, Kultur- und Landschaftsf\u00fchrerin\n<b><\/b><\/p>\n<p><b>Wandern und Schreiben<\/b>\nKirsten Heidler\nTel.: +49 (0) 1774695649\n<a href=\"mailto:heidler@studio58-berlin.de\">heidler@studio58-berlin.de<\/a><\/p>\n<p><a class=\"link-extern\" href=\"http:\/\/wandern-und-schreiben.de\/\" target=\"_blank\">wandern-und-schreiben.de<\/a><\/p>\n<p>Anfahrt-Hinweis:\n\u00d6ffentlich Bus 725 K\u00f6nigs Wusterhausen &#8211; Neuendorf<\/p>\n<div>Preise:15 \u20ac je Personen<\/div>\n<div>\n<h4 class=\"event_subheader\"><strong>Veranstaltungsort: Oberf\u00f6rsterei Hammer an der B 179, zwischen Neubr\u00fcck und M\u00e4rkisch Buchholz <\/strong><\/h4>\n<h4 class=\"event_subheader\"><strong>15746 Gro\u00df K\u00f6ris OT L\u00f6pten<\/strong><\/h4>\n<p><strong>Fax: +49 (0)302162732<\/strong><\/p>\n<\/div>\n<div><\/div>\n<div>\n<div id=\"attachment_1446\" style=\"width: 235px\" class=\"wp-caption aligncenter\"><a href=\"https:\/\/www.naturparkmagazin.de\/dahme-heideseen\/wp-content\/uploads\/sites\/37\/Dubroweiche_heidler.png\"><img aria-describedby=\"caption-attachment-1446\" decoding=\"async\" loading=\"lazy\" class=\"size-full wp-image-1446\" src=\"https:\/\/www.naturparkmagazin.de\/dahme-heideseen\/wp-content\/uploads\/sites\/37\/Dubroweiche_heidler.png\" alt=\"Eiche (Kisrten Heidler)\" width=\"225\" height=\"300\" srcset=\"https:\/\/www.naturparkmagazin.de\/dahme-heideseen\/wp-content\/uploads\/sites\/37\/Dubroweiche_heidler.png 225w, https:\/\/www.naturparkmagazin.de\/dahme-heideseen\/wp-content\/uploads\/sites\/37\/Dubroweiche_heidler-135x180.png 135w, https:\/\/www.naturparkmagazin.de\/dahme-heideseen\/wp-content\/uploads\/sites\/37\/Dubroweiche_heidler-53x71.png 53w, https:\/\/www.naturparkmagazin.de\/dahme-heideseen\/wp-content\/uploads\/sites\/37\/Dubroweiche_heidler-200x267.png 200w\" sizes=\"(max-width: 225px) 100vw, 225px\" \/><\/a><p id=\"caption-attachment-1446\" class=\"wp-caption-text\">Eiche (Kisrten Heidler)<\/p><\/div>\n<\/div>\n","protected":false},"excerpt":{"rendered":"<p>Poetische und naturkundliche F\u00fchrung durch die Lesef\u00e4hrte Waldweisen am 17. April 2016.<\/p>\n","protected":false},"author":48,"featured_media":1446,"comment_status":"open","ping_status":"open","sticky":false,"template":"","format":"standard","meta":[],"categories":[11],"tags":[],"yoast_head":"<!-- This site is optimized with the Yoast SEO plugin v19.10 - https:\/\/yoast.com\/wordpress\/plugins\/seo\/ -->\n<title>Waldwispern \u2013 wenn B\u00e4ume sprechen - Naturpark Dahme-Heideseen<\/title>\n<meta name=\"robots\" content=\"index, follow, max-snippet:-1, max-image-preview:large, max-video-preview:-1\" \/>\n<link rel=\"canonical\" href=\"https:\/\/www.naturparkmagazin.de\/dahme-heideseen\/waldwispern-wenn-baeume-sprechen-2\/\" \/>\n<meta property=\"og:locale\" content=\"de_DE\" \/>\n<meta property=\"og:type\" content=\"article\" \/>\n<meta property=\"og:title\" content=\"Waldwispern \u2013 wenn B\u00e4ume sprechen - Naturpark Dahme-Heideseen\" \/>\n<meta property=\"og:description\" content=\"Poetische und naturkundliche F\u00fchrung durch die Lesef\u00e4hrte Waldweisen am 17. April 2016.\" \/>\n<meta property=\"og:url\" content=\"https:\/\/www.naturparkmagazin.de\/dahme-heideseen\/waldwispern-wenn-baeume-sprechen-2\/\" \/>\n<meta property=\"og:site_name\" content=\"Naturpark Dahme-Heideseen\" \/>\n<meta property=\"article:published_time\" content=\"2016-03-14T12:31:55+00:00\" \/>\n<meta property=\"article:modified_time\" content=\"2016-03-24T12:20:58+00:00\" \/>\n<meta property=\"og:image\" content=\"https:\/\/www.naturparkmagazin.de\/dahme-heideseen\/wp-content\/uploads\/sites\/37\/Dubroweiche_heidler.png\" \/>\n\t<meta property=\"og:image:width\" content=\"225\" \/>\n\t<meta property=\"og:image:height\" content=\"300\" \/>\n\t<meta property=\"og:image:type\" content=\"image\/png\" \/>\n<meta name=\"author\" content=\"hanssonnenberg\" \/>\n<meta name=\"twitter:label1\" content=\"Verfasst von\" \/>\n\t<meta name=\"twitter:data1\" content=\"hanssonnenberg\" \/>\n\t<meta name=\"twitter:label2\" content=\"Gesch\u00e4tzte Lesezeit\" \/>\n\t<meta name=\"twitter:data2\" content=\"1\u00a0Minute\" \/>\n<script type=\"application\/ld+json\" class=\"yoast-schema-graph\">{\"@context\":\"https:\/\/schema.org\",\"@graph\":[{\"@type\":\"WebPage\",\"@id\":\"https:\/\/www.naturparkmagazin.de\/dahme-heideseen\/waldwispern-wenn-baeume-sprechen-2\/\",\"url\":\"https:\/\/www.naturparkmagazin.de\/dahme-heideseen\/waldwispern-wenn-baeume-sprechen-2\/\",\"name\":\"Waldwispern \u2013 wenn B\u00e4ume sprechen - Naturpark Dahme-Heideseen\",\"isPartOf\":{\"@id\":\"https:\/\/www.naturparkmagazin.de\/dahme-heideseen\/#website\"},\"datePublished\":\"2016-03-14T12:31:55+00:00\",\"dateModified\":\"2016-03-24T12:20:58+00:00\",\"author\":{\"@id\":\"https:\/\/www.naturparkmagazin.de\/dahme-heideseen\/#\/schema\/person\/c81c96c3a1f5ee7bffff8b8022c105f0\"},\"breadcrumb\":{\"@id\":\"https:\/\/www.naturparkmagazin.de\/dahme-heideseen\/waldwispern-wenn-baeume-sprechen-2\/#breadcrumb\"},\"inLanguage\":\"de\",\"potentialAction\":[{\"@type\":\"ReadAction\",\"target\":[\"https:\/\/www.naturparkmagazin.de\/dahme-heideseen\/waldwispern-wenn-baeume-sprechen-2\/\"]}]},{\"@type\":\"BreadcrumbList\",\"@id\":\"https:\/\/www.naturparkmagazin.de\/dahme-heideseen\/waldwispern-wenn-baeume-sprechen-2\/#breadcrumb\",\"itemListElement\":[{\"@type\":\"ListItem\",\"position\":1,\"name\":\"Home\",\"item\":\"https:\/\/www.naturparkmagazin.de\/dahme-heideseen\/\"},{\"@type\":\"ListItem\",\"position\":2,\"name\":\"Waldwispern \u2013 wenn B\u00e4ume sprechen\"}]},{\"@type\":\"WebSite\",\"@id\":\"https:\/\/www.naturparkmagazin.de\/dahme-heideseen\/#website\",\"url\":\"https:\/\/www.naturparkmagazin.de\/dahme-heideseen\/\",\"name\":\"Naturpark Dahme-Heideseen\",\"description\":\"\",\"potentialAction\":[{\"@type\":\"SearchAction\",\"target\":{\"@type\":\"EntryPoint\",\"urlTemplate\":\"https:\/\/www.naturparkmagazin.de\/dahme-heideseen\/?s={search_term_string}\"},\"query-input\":\"required name=search_term_string\"}],\"inLanguage\":\"de\"},{\"@type\":\"Person\",\"@id\":\"https:\/\/www.naturparkmagazin.de\/dahme-heideseen\/#\/schema\/person\/c81c96c3a1f5ee7bffff8b8022c105f0\",\"name\":\"hanssonnenberg\",\"url\":\"https:\/\/www.naturparkmagazin.de\/dahme-heideseen\/author\/hanssonnenberg\/\"}]}<\/script>\n<!-- \/ Yoast SEO plugin. -->","yoast_head_json":{"title":"Waldwispern \u2013 wenn B\u00e4ume sprechen - Naturpark Dahme-Heideseen","robots":{"index":"index","follow":"follow","max-snippet":"max-snippet:-1","max-image-preview":"max-image-preview:large","max-video-preview":"max-video-preview:-1"},"canonical":"https:\/\/www.naturparkmagazin.de\/dahme-heideseen\/waldwispern-wenn-baeume-sprechen-2\/","og_locale":"de_DE","og_type":"article","og_title":"Waldwispern \u2013 wenn B\u00e4ume sprechen - Naturpark Dahme-Heideseen","og_description":"Poetische und naturkundliche F\u00fchrung durch die Lesef\u00e4hrte Waldweisen am 17. April 2016.","og_url":"https:\/\/www.naturparkmagazin.de\/dahme-heideseen\/waldwispern-wenn-baeume-sprechen-2\/","og_site_name":"Naturpark Dahme-Heideseen","article_published_time":"2016-03-14T12:31:55+00:00","article_modified_time":"2016-03-24T12:20:58+00:00","og_image":[{"width":225,"height":300,"url":"https:\/\/www.naturparkmagazin.de\/dahme-heideseen\/wp-content\/uploads\/sites\/37\/Dubroweiche_heidler.png","type":"image\/png"}],"author":"hanssonnenberg","twitter_misc":{"Verfasst von":"hanssonnenberg","Gesch\u00e4tzte Lesezeit":"1\u00a0Minute"},"schema":{"@context":"https:\/\/schema.org","@graph":[{"@type":"WebPage","@id":"https:\/\/www.naturparkmagazin.de\/dahme-heideseen\/waldwispern-wenn-baeume-sprechen-2\/","url":"https:\/\/www.naturparkmagazin.de\/dahme-heideseen\/waldwispern-wenn-baeume-sprechen-2\/","name":"Waldwispern \u2013 wenn B\u00e4ume sprechen - Naturpark Dahme-Heideseen","isPartOf":{"@id":"https:\/\/www.naturparkmagazin.de\/dahme-heideseen\/#website"},"datePublished":"2016-03-14T12:31:55+00:00","dateModified":"2016-03-24T12:20:58+00:00","author":{"@id":"https:\/\/www.naturparkmagazin.de\/dahme-heideseen\/#\/schema\/person\/c81c96c3a1f5ee7bffff8b8022c105f0"},"breadcrumb":{"@id":"https:\/\/www.naturparkmagazin.de\/dahme-heideseen\/waldwispern-wenn-baeume-sprechen-2\/#breadcrumb"},"inLanguage":"de","potentialAction":[{"@type":"ReadAction","target":["https:\/\/www.naturparkmagazin.de\/dahme-heideseen\/waldwispern-wenn-baeume-sprechen-2\/"]}]},{"@type":"BreadcrumbList","@id":"https:\/\/www.naturparkmagazin.de\/dahme-heideseen\/waldwispern-wenn-baeume-sprechen-2\/#breadcrumb","itemListElement":[{"@type":"ListItem","position":1,"name":"Home","item":"https:\/\/www.naturparkmagazin.de\/dahme-heideseen\/"},{"@type":"ListItem","position":2,"name":"Waldwispern \u2013 wenn B\u00e4ume sprechen"}]},{"@type":"WebSite","@id":"https:\/\/www.naturparkmagazin.de\/dahme-heideseen\/#website","url":"https:\/\/www.naturparkmagazin.de\/dahme-heideseen\/","name":"Naturpark Dahme-Heideseen","description":"","potentialAction":[{"@type":"SearchAction","target":{"@type":"EntryPoint","urlTemplate":"https:\/\/www.naturparkmagazin.de\/dahme-heideseen\/?s={search_term_string}"},"query-input":"required name=search_term_string"}],"inLanguage":"de"},{"@type":"Person","@id":"https:\/\/www.naturparkmagazin.de\/dahme-heideseen\/#\/schema\/person\/c81c96c3a1f5ee7bffff8b8022c105f0","name":"hanssonnenberg","url":"https:\/\/www.naturparkmagazin.de\/dahme-heideseen\/author\/hanssonnenberg\/"}]}},"_links":{"self":[{"href":"https:\/\/www.naturparkmagazin.de\/dahme-heideseen\/wp-json\/wp\/v2\/posts\/1445"}],"collection":[{"href":"https:\/\/www.naturparkmagazin.de\/dahme-heideseen\/wp-json\/wp\/v2\/posts"}],"about":[{"href":"https:\/\/www.naturparkmagazin.de\/dahme-heideseen\/wp-json\/wp\/v2\/types\/post"}],"author":[{"embeddable":true,"href":"https:\/\/www.naturparkmagazin.de\/dahme-heideseen\/wp-json\/wp\/v2\/users\/48"}],"replies":[{"embeddable":true,"href":"https:\/\/www.naturparkmagazin.de\/dahme-heideseen\/wp-json\/wp\/v2\/comments?post=1445"}],"version-history":[{"count":3,"href":"https:\/\/www.naturparkmagazin.de\/dahme-heideseen\/wp-json\/wp\/v2\/posts\/1445\/revisions"}],"predecessor-version":[{"id":1459,"href":"https:\/\/www.naturparkmagazin.de\/dahme-heideseen\/wp-json\/wp\/v2\/posts\/1445\/revisions\/1459"}],"wp:featuredmedia":[{"embeddable":true,"href":"https:\/\/www.naturparkmagazin.de\/dahme-heideseen\/wp-json\/wp\/v2\/media\/1446"}],"wp:attachment":[{"href":"https:\/\/www.naturparkmagazin.de\/dahme-heideseen\/wp-json\/wp\/v2\/media?parent=1445"}],"wp:term":[{"taxonomy":"category","embeddable":true,"href":"https:\/\/www.naturparkmagazin.de\/dahme-heideseen\/wp-json\/wp\/v2\/categories?post=1445"},{"taxonomy":"post_tag","embeddable":true,"href":"https:\/\/www.naturparkmagazin.de\/dahme-heideseen\/wp-json\/wp\/v2\/tags?post=1445"}],"curies":[{"name":"wp","href":"https:\/\/api.w.org\/{rel}","templated":true}]}}