{"id":1448,"date":"2016-03-14T13:41:26","date_gmt":"2016-03-14T12:41:26","guid":{"rendered":"http:\/\/www.naturparkmagazin.de\/dahme-heideseen\/?p=1448"},"modified":"2016-03-24T13:16:33","modified_gmt":"2016-03-24T12:16:33","slug":"vorwaerts-kopf-unter-der-kleiber","status":"publish","type":"post","link":"https:\/\/www.naturparkmagazin.de\/dahme-heideseen\/vorwaerts-kopf-unter-der-kleiber\/","title":{"rendered":"Vorw\u00e4rts Kopf unter &#8211; Der Kleiber"},"content":{"rendered":"<p>Der Naturfotograf Erhard Laube gestaltet mit seinen Vogelaufnahmen die Kalenderbl\u00e4tter des JahreBuch 2016. Als kleine Serie durch das Jahr stellen wir Ihnen die Kalendermotive hier vor.\u00a0 Heute: Der Kleiber. (Sitta europaea)<!--more--><\/p>\n<p>Er ist der einzige Vogel, der mit dem Kopf voraus am Stamm auf- und abw\u00e4rts klettern kann. So sieht man ihn mitunter mit dem Kopf nach unten h\u00e4ngend an einem Stamm, dabei immer einen Fu\u00df unten und einen Fu\u00df oben. Das macht ihm keine Meise, kein Buntspecht und auch kein Bauml\u00e4ufer nach!<\/p>\n<p>Sehr verbreitet ist er, aber nirgendwo wirklich h\u00e4ufig. Geselligkeit ist nicht seine Sache! Aber an der Futterstelle im Winter zeigt er seine Dominanz gegen\u00fcber allen Meisen und Sperlingen; rigoros vertreibt er sie, um schnell einen Sonnenblumenkern zu packen. Wenn ein anderer Kleiber dazu kommt, wird in einem kurzen Streit schnell entschieden, wer das Sagen hat!<\/p>\n<div id=\"attachment_1449\" style=\"width: 437px\" class=\"wp-caption aligncenter\"><a href=\"https:\/\/www.naturparkmagazin.de\/dahme-heideseen\/wp-content\/uploads\/sites\/37\/npdh_kleiber_-am_einflugsloch_laube-013.jpg\"><img aria-describedby=\"caption-attachment-1449\" decoding=\"async\" loading=\"lazy\" class=\"size-full wp-image-1449\" src=\"https:\/\/www.naturparkmagazin.de\/dahme-heideseen\/wp-content\/uploads\/sites\/37\/npdh_kleiber_-am_einflugsloch_laube-013.jpg\" alt=\"Kleiber am Einflugsloch (Foto: E. Laube)\" width=\"427\" height=\"412\" srcset=\"https:\/\/www.naturparkmagazin.de\/dahme-heideseen\/wp-content\/uploads\/sites\/37\/npdh_kleiber_-am_einflugsloch_laube-013.jpg 427w, https:\/\/www.naturparkmagazin.de\/dahme-heideseen\/wp-content\/uploads\/sites\/37\/npdh_kleiber_-am_einflugsloch_laube-013-300x289.jpg 300w, https:\/\/www.naturparkmagazin.de\/dahme-heideseen\/wp-content\/uploads\/sites\/37\/npdh_kleiber_-am_einflugsloch_laube-013-30x30.jpg 30w, https:\/\/www.naturparkmagazin.de\/dahme-heideseen\/wp-content\/uploads\/sites\/37\/npdh_kleiber_-am_einflugsloch_laube-013-200x193.jpg 200w\" sizes=\"(max-width: 427px) 100vw, 427px\" \/><\/a><p id=\"caption-attachment-1449\" class=\"wp-caption-text\">Kleiber am Einflugsloch (Foto: E. Laube)<\/p><\/div>\n<p>In seinem Namen steckt das Wort kleben; auf dem Foto ist zu sehen, wie er das Einflugsloch seiner Bruth\u00f6hle in einer Birke, das in den Jahren zuvor Staren als Wohnstatt gedient hatte, so weit verkleinert, dass er gerade noch hindurchpasst. Damit war er einige Tage besch\u00e4ftigt. Die Verkleinerung des Einflugloches sch\u00fctzt ihn und seine Jungen vor Konkurrenten und Feinden. Gegen einen r\u00e4uberischen Specht allerdings soll das nicht helfen; der hackt angeblich m\u00fchelos das Loch wieder auf, wenn er als Nestr\u00e4uber t\u00e4tig ist.<\/p>\n<p>&nbsp;<\/p>\n","protected":false},"excerpt":{"rendered":"<p>Der Naturfotograf Erhard Laube gestaltet mit seinen Vogelaufnahmen die Kalenderbl\u00e4tter des JahreBuch 2016. Als kleine Serie durch das Jahr stellen wir Ihnen die Kalendermotive hier vor.<\/p>\n","protected":false},"author":48,"featured_media":1451,"comment_status":"open","ping_status":"open","sticky":false,"template":"","format":"standard","meta":[],"categories":[7],"tags":[],"yoast_head":"<!-- This site is optimized with the Yoast SEO plugin v19.10 - https:\/\/yoast.com\/wordpress\/plugins\/seo\/ -->\n<title>Vorw\u00e4rts Kopf unter - Der Kleiber - Naturpark Dahme-Heideseen<\/title>\n<meta name=\"robots\" content=\"index, follow, max-snippet:-1, max-image-preview:large, max-video-preview:-1\" \/>\n<link rel=\"canonical\" href=\"https:\/\/www.naturparkmagazin.de\/dahme-heideseen\/vorwaerts-kopf-unter-der-kleiber\/\" \/>\n<meta property=\"og:locale\" content=\"de_DE\" \/>\n<meta property=\"og:type\" content=\"article\" \/>\n<meta property=\"og:title\" content=\"Vorw\u00e4rts Kopf unter - Der Kleiber - Naturpark Dahme-Heideseen\" \/>\n<meta property=\"og:description\" content=\"Der Naturfotograf Erhard Laube gestaltet mit seinen Vogelaufnahmen die Kalenderbl\u00e4tter des JahreBuch 2016. Als kleine Serie durch das Jahr stellen wir Ihnen die Kalendermotive hier vor.\" \/>\n<meta property=\"og:url\" content=\"https:\/\/www.naturparkmagazin.de\/dahme-heideseen\/vorwaerts-kopf-unter-der-kleiber\/\" \/>\n<meta property=\"og:site_name\" content=\"Naturpark Dahme-Heideseen\" \/>\n<meta property=\"article:published_time\" content=\"2016-03-14T12:41:26+00:00\" \/>\n<meta property=\"article:modified_time\" content=\"2016-03-24T12:16:33+00:00\" \/>\n<meta property=\"og:image\" content=\"https:\/\/www.naturparkmagazin.de\/dahme-heideseen\/wp-content\/uploads\/sites\/37\/npdh_Kleiber_Laube.jpg\" \/>\n\t<meta property=\"og:image:width\" content=\"640\" \/>\n\t<meta property=\"og:image:height\" content=\"427\" \/>\n\t<meta property=\"og:image:type\" content=\"image\/jpeg\" \/>\n<meta name=\"author\" content=\"hanssonnenberg\" \/>\n<meta name=\"twitter:label1\" content=\"Verfasst von\" \/>\n\t<meta name=\"twitter:data1\" content=\"hanssonnenberg\" \/>\n\t<meta name=\"twitter:label2\" content=\"Gesch\u00e4tzte Lesezeit\" \/>\n\t<meta name=\"twitter:data2\" content=\"1\u00a0Minute\" \/>\n<script type=\"application\/ld+json\" class=\"yoast-schema-graph\">{\"@context\":\"https:\/\/schema.org\",\"@graph\":[{\"@type\":\"WebPage\",\"@id\":\"https:\/\/www.naturparkmagazin.de\/dahme-heideseen\/vorwaerts-kopf-unter-der-kleiber\/\",\"url\":\"https:\/\/www.naturparkmagazin.de\/dahme-heideseen\/vorwaerts-kopf-unter-der-kleiber\/\",\"name\":\"Vorw\u00e4rts Kopf unter - Der Kleiber - Naturpark Dahme-Heideseen\",\"isPartOf\":{\"@id\":\"https:\/\/www.naturparkmagazin.de\/dahme-heideseen\/#website\"},\"datePublished\":\"2016-03-14T12:41:26+00:00\",\"dateModified\":\"2016-03-24T12:16:33+00:00\",\"author\":{\"@id\":\"https:\/\/www.naturparkmagazin.de\/dahme-heideseen\/#\/schema\/person\/c81c96c3a1f5ee7bffff8b8022c105f0\"},\"breadcrumb\":{\"@id\":\"https:\/\/www.naturparkmagazin.de\/dahme-heideseen\/vorwaerts-kopf-unter-der-kleiber\/#breadcrumb\"},\"inLanguage\":\"de\",\"potentialAction\":[{\"@type\":\"ReadAction\",\"target\":[\"https:\/\/www.naturparkmagazin.de\/dahme-heideseen\/vorwaerts-kopf-unter-der-kleiber\/\"]}]},{\"@type\":\"BreadcrumbList\",\"@id\":\"https:\/\/www.naturparkmagazin.de\/dahme-heideseen\/vorwaerts-kopf-unter-der-kleiber\/#breadcrumb\",\"itemListElement\":[{\"@type\":\"ListItem\",\"position\":1,\"name\":\"Home\",\"item\":\"https:\/\/www.naturparkmagazin.de\/dahme-heideseen\/\"},{\"@type\":\"ListItem\",\"position\":2,\"name\":\"Vorw\u00e4rts Kopf unter &#8211; Der Kleiber\"}]},{\"@type\":\"WebSite\",\"@id\":\"https:\/\/www.naturparkmagazin.de\/dahme-heideseen\/#website\",\"url\":\"https:\/\/www.naturparkmagazin.de\/dahme-heideseen\/\",\"name\":\"Naturpark Dahme-Heideseen\",\"description\":\"\",\"potentialAction\":[{\"@type\":\"SearchAction\",\"target\":{\"@type\":\"EntryPoint\",\"urlTemplate\":\"https:\/\/www.naturparkmagazin.de\/dahme-heideseen\/?s={search_term_string}\"},\"query-input\":\"required name=search_term_string\"}],\"inLanguage\":\"de\"},{\"@type\":\"Person\",\"@id\":\"https:\/\/www.naturparkmagazin.de\/dahme-heideseen\/#\/schema\/person\/c81c96c3a1f5ee7bffff8b8022c105f0\",\"name\":\"hanssonnenberg\",\"url\":\"https:\/\/www.naturparkmagazin.de\/dahme-heideseen\/author\/hanssonnenberg\/\"}]}<\/script>\n<!-- \/ Yoast SEO plugin. -->","yoast_head_json":{"title":"Vorw\u00e4rts Kopf unter - Der Kleiber - Naturpark Dahme-Heideseen","robots":{"index":"index","follow":"follow","max-snippet":"max-snippet:-1","max-image-preview":"max-image-preview:large","max-video-preview":"max-video-preview:-1"},"canonical":"https:\/\/www.naturparkmagazin.de\/dahme-heideseen\/vorwaerts-kopf-unter-der-kleiber\/","og_locale":"de_DE","og_type":"article","og_title":"Vorw\u00e4rts Kopf unter - Der Kleiber - Naturpark Dahme-Heideseen","og_description":"Der Naturfotograf Erhard Laube gestaltet mit seinen Vogelaufnahmen die Kalenderbl\u00e4tter des JahreBuch 2016. Als kleine Serie durch das Jahr stellen wir Ihnen die Kalendermotive hier vor.","og_url":"https:\/\/www.naturparkmagazin.de\/dahme-heideseen\/vorwaerts-kopf-unter-der-kleiber\/","og_site_name":"Naturpark Dahme-Heideseen","article_published_time":"2016-03-14T12:41:26+00:00","article_modified_time":"2016-03-24T12:16:33+00:00","og_image":[{"width":640,"height":427,"url":"https:\/\/www.naturparkmagazin.de\/dahme-heideseen\/wp-content\/uploads\/sites\/37\/npdh_Kleiber_Laube.jpg","type":"image\/jpeg"}],"author":"hanssonnenberg","twitter_misc":{"Verfasst von":"hanssonnenberg","Gesch\u00e4tzte Lesezeit":"1\u00a0Minute"},"schema":{"@context":"https:\/\/schema.org","@graph":[{"@type":"WebPage","@id":"https:\/\/www.naturparkmagazin.de\/dahme-heideseen\/vorwaerts-kopf-unter-der-kleiber\/","url":"https:\/\/www.naturparkmagazin.de\/dahme-heideseen\/vorwaerts-kopf-unter-der-kleiber\/","name":"Vorw\u00e4rts Kopf unter - Der Kleiber - Naturpark Dahme-Heideseen","isPartOf":{"@id":"https:\/\/www.naturparkmagazin.de\/dahme-heideseen\/#website"},"datePublished":"2016-03-14T12:41:26+00:00","dateModified":"2016-03-24T12:16:33+00:00","author":{"@id":"https:\/\/www.naturparkmagazin.de\/dahme-heideseen\/#\/schema\/person\/c81c96c3a1f5ee7bffff8b8022c105f0"},"breadcrumb":{"@id":"https:\/\/www.naturparkmagazin.de\/dahme-heideseen\/vorwaerts-kopf-unter-der-kleiber\/#breadcrumb"},"inLanguage":"de","potentialAction":[{"@type":"ReadAction","target":["https:\/\/www.naturparkmagazin.de\/dahme-heideseen\/vorwaerts-kopf-unter-der-kleiber\/"]}]},{"@type":"BreadcrumbList","@id":"https:\/\/www.naturparkmagazin.de\/dahme-heideseen\/vorwaerts-kopf-unter-der-kleiber\/#breadcrumb","itemListElement":[{"@type":"ListItem","position":1,"name":"Home","item":"https:\/\/www.naturparkmagazin.de\/dahme-heideseen\/"},{"@type":"ListItem","position":2,"name":"Vorw\u00e4rts Kopf unter &#8211; Der Kleiber"}]},{"@type":"WebSite","@id":"https:\/\/www.naturparkmagazin.de\/dahme-heideseen\/#website","url":"https:\/\/www.naturparkmagazin.de\/dahme-heideseen\/","name":"Naturpark Dahme-Heideseen","description":"","potentialAction":[{"@type":"SearchAction","target":{"@type":"EntryPoint","urlTemplate":"https:\/\/www.naturparkmagazin.de\/dahme-heideseen\/?s={search_term_string}"},"query-input":"required name=search_term_string"}],"inLanguage":"de"},{"@type":"Person","@id":"https:\/\/www.naturparkmagazin.de\/dahme-heideseen\/#\/schema\/person\/c81c96c3a1f5ee7bffff8b8022c105f0","name":"hanssonnenberg","url":"https:\/\/www.naturparkmagazin.de\/dahme-heideseen\/author\/hanssonnenberg\/"}]}},"_links":{"self":[{"href":"https:\/\/www.naturparkmagazin.de\/dahme-heideseen\/wp-json\/wp\/v2\/posts\/1448"}],"collection":[{"href":"https:\/\/www.naturparkmagazin.de\/dahme-heideseen\/wp-json\/wp\/v2\/posts"}],"about":[{"href":"https:\/\/www.naturparkmagazin.de\/dahme-heideseen\/wp-json\/wp\/v2\/types\/post"}],"author":[{"embeddable":true,"href":"https:\/\/www.naturparkmagazin.de\/dahme-heideseen\/wp-json\/wp\/v2\/users\/48"}],"replies":[{"embeddable":true,"href":"https:\/\/www.naturparkmagazin.de\/dahme-heideseen\/wp-json\/wp\/v2\/comments?post=1448"}],"version-history":[{"count":6,"href":"https:\/\/www.naturparkmagazin.de\/dahme-heideseen\/wp-json\/wp\/v2\/posts\/1448\/revisions"}],"predecessor-version":[{"id":1458,"href":"https:\/\/www.naturparkmagazin.de\/dahme-heideseen\/wp-json\/wp\/v2\/posts\/1448\/revisions\/1458"}],"wp:featuredmedia":[{"embeddable":true,"href":"https:\/\/www.naturparkmagazin.de\/dahme-heideseen\/wp-json\/wp\/v2\/media\/1451"}],"wp:attachment":[{"href":"https:\/\/www.naturparkmagazin.de\/dahme-heideseen\/wp-json\/wp\/v2\/media?parent=1448"}],"wp:term":[{"taxonomy":"category","embeddable":true,"href":"https:\/\/www.naturparkmagazin.de\/dahme-heideseen\/wp-json\/wp\/v2\/categories?post=1448"},{"taxonomy":"post_tag","embeddable":true,"href":"https:\/\/www.naturparkmagazin.de\/dahme-heideseen\/wp-json\/wp\/v2\/tags?post=1448"}],"curies":[{"name":"wp","href":"https:\/\/api.w.org\/{rel}","templated":true}]}}