{"id":1469,"date":"2016-04-15T14:50:33","date_gmt":"2016-04-15T12:50:33","guid":{"rendered":"http:\/\/www.naturparkmagazin.de\/dahme-heideseen\/?p=1469"},"modified":"2016-04-21T10:03:45","modified_gmt":"2016-04-21T08:03:45","slug":"ab-dem-ersten-tag-koennen-die-jungen-schwimmen","status":"publish","type":"post","link":"https:\/\/www.naturparkmagazin.de\/dahme-heideseen\/ab-dem-ersten-tag-koennen-die-jungen-schwimmen\/","title":{"rendered":"Ab dem ersten Tag k\u00f6nnen die Jungen schwimmen"},"content":{"rendered":"<p>Der Naturfotograf Erhard Laube gestaltet mit seinen Vogelaufnahmen die Kalenderbl\u00e4tter des JahreBuch 2016. Als kleine Serie durch das Jahr stellen wir Ihnen die Kalendermotive hier vor.\u00a0 Heute: Der Haubentaucher. (Podiceps cristatus)<!--more--><\/p>\n<p>F\u00fcr mich ist es unerkl\u00e4rlich, was die Ursachen f\u00fcr den von mir beobachteten und offenkundigen Bestandsr\u00fcckgang der Haubentaucher am Streganzer See und an der Dahme, wo ich bevorzugt Vogelbeobachtungen mache und fotografiere, sind. Dagegen br\u00fcten am dem Streganzer See benachbarten Tiefen See regelm\u00e4\u00dfig und erfolgreich mehrere Haubentaucherpaare, obwohl da St\u00f6rungen durch Boote und Badende ungleich h\u00e4ufiger und st\u00e4rker sind.<\/p>\n<p>Auch vor Jahren, als der Bestand am Streganzer See und an der Dahme nach meinen Beobachtungen noch gr\u00f6\u00dfer war, war der Bruterfolg nicht immer gesichert. Denn oft waren die Nester schon bezogen, bevor die Urlaubssaison mit den vielen damit verbundenen St\u00f6rungen begann. Und wenn dann an sch\u00f6nen Wochenenden Boot auf Boot dicht am Nest vorbeifuhr, wurde es wohl schon mal aufgegeben oder auch verlassen, so dass Nestr\u00e4uber sich \u00fcber die Eier hermachen konnten. Dabei k\u00f6nnen die Jungen schon ab dem ersten Tag schwimmen und tauchen. Es ist immer wieder anr\u00fchrend zu sehen, wie sie auf dem R\u00fccken der Eltern getragen und mitgenommen werden. In den ersten Tagen, wenn die Jungen noch sehr klein sind, werden sie \u00fcberwiegend mit Wasserinsekten, darunter sehr vielen Libellen, gef\u00fcttert. Sp\u00e4ter ist es schon erstaunlich, wie gro\u00dfe Fische sie verschlingen k\u00f6nnen. Immer mit dem Kopf zuerst werden sie verschlungen, was sicherlich bei einem Fisch wie dem Barsch mit seinen Stacheln an der R\u00fcckenflosse, \u00e4u\u00dferst sinnvoll ist.<\/p>\n<div id=\"attachment_1465\" style=\"width: 437px\" class=\"wp-caption aligncenter\"><a href=\"https:\/\/www.naturparkmagazin.de\/dahme-heideseen\/wp-content\/uploads\/sites\/37\/npdh_haubentaucher_laube1.jpg\"><img aria-describedby=\"caption-attachment-1465\" decoding=\"async\" loading=\"lazy\" class=\"size-full wp-image-1465\" src=\"https:\/\/www.naturparkmagazin.de\/dahme-heideseen\/wp-content\/uploads\/sites\/37\/npdh_haubentaucher_laube1.jpg\" alt=\"Haubentaucher (Foto: E. Laube)\" width=\"427\" height=\"570\" srcset=\"https:\/\/www.naturparkmagazin.de\/dahme-heideseen\/wp-content\/uploads\/sites\/37\/npdh_haubentaucher_laube1.jpg 427w, https:\/\/www.naturparkmagazin.de\/dahme-heideseen\/wp-content\/uploads\/sites\/37\/npdh_haubentaucher_laube1-300x400.jpg 300w, https:\/\/www.naturparkmagazin.de\/dahme-heideseen\/wp-content\/uploads\/sites\/37\/npdh_haubentaucher_laube1-420x560.jpg 420w, https:\/\/www.naturparkmagazin.de\/dahme-heideseen\/wp-content\/uploads\/sites\/37\/npdh_haubentaucher_laube1-135x180.jpg 135w, https:\/\/www.naturparkmagazin.de\/dahme-heideseen\/wp-content\/uploads\/sites\/37\/npdh_haubentaucher_laube1-53x71.jpg 53w, https:\/\/www.naturparkmagazin.de\/dahme-heideseen\/wp-content\/uploads\/sites\/37\/npdh_haubentaucher_laube1-200x267.jpg 200w\" sizes=\"(max-width: 427px) 100vw, 427px\" \/><\/a><p id=\"caption-attachment-1465\" class=\"wp-caption-text\">Haubentaucher (Foto: E. Laube)<\/p><\/div>\n<p>&nbsp;<\/p>\n<p><a href=\"http:\/\/www.nabu-dahmeland.de\/upload\/Dokumente\/Jahrebuch\/2016\/Laube_Erhard_Naturfotograf.pdf\" target=\"_blank\">Vorgestellt: Der Naturfotograf Erhard Laube<\/a><\/p>\n<p>&nbsp;<\/p>\n","protected":false},"excerpt":{"rendered":"<p>Der Naturfotograf Erhard Laube gestaltet mit seinen Vogelaufnahmen die Kalenderbl\u00e4tter des JahreBuch 2016. Als kleine Serie durch das Jahr stellen wir Ihnen die Kalendermotive hier vor.<\/p>\n","protected":false},"author":48,"featured_media":1466,"comment_status":"open","ping_status":"open","sticky":false,"template":"","format":"standard","meta":[],"categories":[7],"tags":[],"yoast_head":"<!-- This site is optimized with the Yoast SEO plugin v19.10 - https:\/\/yoast.com\/wordpress\/plugins\/seo\/ -->\n<title>Ab dem ersten Tag k\u00f6nnen die Jungen schwimmen - Naturpark Dahme-Heideseen<\/title>\n<meta name=\"robots\" content=\"index, follow, max-snippet:-1, max-image-preview:large, max-video-preview:-1\" \/>\n<link rel=\"canonical\" href=\"https:\/\/www.naturparkmagazin.de\/dahme-heideseen\/ab-dem-ersten-tag-koennen-die-jungen-schwimmen\/\" \/>\n<meta property=\"og:locale\" content=\"de_DE\" \/>\n<meta property=\"og:type\" content=\"article\" \/>\n<meta property=\"og:title\" content=\"Ab dem ersten Tag k\u00f6nnen die Jungen schwimmen - Naturpark Dahme-Heideseen\" \/>\n<meta property=\"og:description\" content=\"Der Naturfotograf Erhard Laube gestaltet mit seinen Vogelaufnahmen die Kalenderbl\u00e4tter des JahreBuch 2016. Als kleine Serie durch das Jahr stellen wir Ihnen die Kalendermotive hier vor.\" \/>\n<meta property=\"og:url\" content=\"https:\/\/www.naturparkmagazin.de\/dahme-heideseen\/ab-dem-ersten-tag-koennen-die-jungen-schwimmen\/\" \/>\n<meta property=\"og:site_name\" content=\"Naturpark Dahme-Heideseen\" \/>\n<meta property=\"article:published_time\" content=\"2016-04-15T12:50:33+00:00\" \/>\n<meta property=\"article:modified_time\" content=\"2016-04-21T08:03:45+00:00\" \/>\n<meta property=\"og:image\" content=\"https:\/\/www.naturparkmagazin.de\/dahme-heideseen\/wp-content\/uploads\/sites\/37\/npdh_Haubentaucher_mit-Barsch_laube.jpg\" \/>\n\t<meta property=\"og:image:width\" content=\"640\" \/>\n\t<meta property=\"og:image:height\" content=\"427\" \/>\n\t<meta property=\"og:image:type\" content=\"image\/jpeg\" \/>\n<meta name=\"author\" content=\"hanssonnenberg\" \/>\n<meta name=\"twitter:label1\" content=\"Verfasst von\" \/>\n\t<meta name=\"twitter:data1\" content=\"hanssonnenberg\" \/>\n\t<meta name=\"twitter:label2\" content=\"Gesch\u00e4tzte Lesezeit\" \/>\n\t<meta name=\"twitter:data2\" content=\"1\u00a0Minute\" \/>\n<script type=\"application\/ld+json\" class=\"yoast-schema-graph\">{\"@context\":\"https:\/\/schema.org\",\"@graph\":[{\"@type\":\"WebPage\",\"@id\":\"https:\/\/www.naturparkmagazin.de\/dahme-heideseen\/ab-dem-ersten-tag-koennen-die-jungen-schwimmen\/\",\"url\":\"https:\/\/www.naturparkmagazin.de\/dahme-heideseen\/ab-dem-ersten-tag-koennen-die-jungen-schwimmen\/\",\"name\":\"Ab dem ersten Tag k\u00f6nnen die Jungen schwimmen - Naturpark Dahme-Heideseen\",\"isPartOf\":{\"@id\":\"https:\/\/www.naturparkmagazin.de\/dahme-heideseen\/#website\"},\"datePublished\":\"2016-04-15T12:50:33+00:00\",\"dateModified\":\"2016-04-21T08:03:45+00:00\",\"author\":{\"@id\":\"https:\/\/www.naturparkmagazin.de\/dahme-heideseen\/#\/schema\/person\/c81c96c3a1f5ee7bffff8b8022c105f0\"},\"breadcrumb\":{\"@id\":\"https:\/\/www.naturparkmagazin.de\/dahme-heideseen\/ab-dem-ersten-tag-koennen-die-jungen-schwimmen\/#breadcrumb\"},\"inLanguage\":\"de\",\"potentialAction\":[{\"@type\":\"ReadAction\",\"target\":[\"https:\/\/www.naturparkmagazin.de\/dahme-heideseen\/ab-dem-ersten-tag-koennen-die-jungen-schwimmen\/\"]}]},{\"@type\":\"BreadcrumbList\",\"@id\":\"https:\/\/www.naturparkmagazin.de\/dahme-heideseen\/ab-dem-ersten-tag-koennen-die-jungen-schwimmen\/#breadcrumb\",\"itemListElement\":[{\"@type\":\"ListItem\",\"position\":1,\"name\":\"Home\",\"item\":\"https:\/\/www.naturparkmagazin.de\/dahme-heideseen\/\"},{\"@type\":\"ListItem\",\"position\":2,\"name\":\"Ab dem ersten Tag k\u00f6nnen die Jungen schwimmen\"}]},{\"@type\":\"WebSite\",\"@id\":\"https:\/\/www.naturparkmagazin.de\/dahme-heideseen\/#website\",\"url\":\"https:\/\/www.naturparkmagazin.de\/dahme-heideseen\/\",\"name\":\"Naturpark Dahme-Heideseen\",\"description\":\"\",\"potentialAction\":[{\"@type\":\"SearchAction\",\"target\":{\"@type\":\"EntryPoint\",\"urlTemplate\":\"https:\/\/www.naturparkmagazin.de\/dahme-heideseen\/?s={search_term_string}\"},\"query-input\":\"required name=search_term_string\"}],\"inLanguage\":\"de\"},{\"@type\":\"Person\",\"@id\":\"https:\/\/www.naturparkmagazin.de\/dahme-heideseen\/#\/schema\/person\/c81c96c3a1f5ee7bffff8b8022c105f0\",\"name\":\"hanssonnenberg\",\"url\":\"https:\/\/www.naturparkmagazin.de\/dahme-heideseen\/author\/hanssonnenberg\/\"}]}<\/script>\n<!-- \/ Yoast SEO plugin. -->","yoast_head_json":{"title":"Ab dem ersten Tag k\u00f6nnen die Jungen schwimmen - Naturpark Dahme-Heideseen","robots":{"index":"index","follow":"follow","max-snippet":"max-snippet:-1","max-image-preview":"max-image-preview:large","max-video-preview":"max-video-preview:-1"},"canonical":"https:\/\/www.naturparkmagazin.de\/dahme-heideseen\/ab-dem-ersten-tag-koennen-die-jungen-schwimmen\/","og_locale":"de_DE","og_type":"article","og_title":"Ab dem ersten Tag k\u00f6nnen die Jungen schwimmen - Naturpark Dahme-Heideseen","og_description":"Der Naturfotograf Erhard Laube gestaltet mit seinen Vogelaufnahmen die Kalenderbl\u00e4tter des JahreBuch 2016. Als kleine Serie durch das Jahr stellen wir Ihnen die Kalendermotive hier vor.","og_url":"https:\/\/www.naturparkmagazin.de\/dahme-heideseen\/ab-dem-ersten-tag-koennen-die-jungen-schwimmen\/","og_site_name":"Naturpark Dahme-Heideseen","article_published_time":"2016-04-15T12:50:33+00:00","article_modified_time":"2016-04-21T08:03:45+00:00","og_image":[{"width":640,"height":427,"url":"https:\/\/www.naturparkmagazin.de\/dahme-heideseen\/wp-content\/uploads\/sites\/37\/npdh_Haubentaucher_mit-Barsch_laube.jpg","type":"image\/jpeg"}],"author":"hanssonnenberg","twitter_misc":{"Verfasst von":"hanssonnenberg","Gesch\u00e4tzte Lesezeit":"1\u00a0Minute"},"schema":{"@context":"https:\/\/schema.org","@graph":[{"@type":"WebPage","@id":"https:\/\/www.naturparkmagazin.de\/dahme-heideseen\/ab-dem-ersten-tag-koennen-die-jungen-schwimmen\/","url":"https:\/\/www.naturparkmagazin.de\/dahme-heideseen\/ab-dem-ersten-tag-koennen-die-jungen-schwimmen\/","name":"Ab dem ersten Tag k\u00f6nnen die Jungen schwimmen - Naturpark Dahme-Heideseen","isPartOf":{"@id":"https:\/\/www.naturparkmagazin.de\/dahme-heideseen\/#website"},"datePublished":"2016-04-15T12:50:33+00:00","dateModified":"2016-04-21T08:03:45+00:00","author":{"@id":"https:\/\/www.naturparkmagazin.de\/dahme-heideseen\/#\/schema\/person\/c81c96c3a1f5ee7bffff8b8022c105f0"},"breadcrumb":{"@id":"https:\/\/www.naturparkmagazin.de\/dahme-heideseen\/ab-dem-ersten-tag-koennen-die-jungen-schwimmen\/#breadcrumb"},"inLanguage":"de","potentialAction":[{"@type":"ReadAction","target":["https:\/\/www.naturparkmagazin.de\/dahme-heideseen\/ab-dem-ersten-tag-koennen-die-jungen-schwimmen\/"]}]},{"@type":"BreadcrumbList","@id":"https:\/\/www.naturparkmagazin.de\/dahme-heideseen\/ab-dem-ersten-tag-koennen-die-jungen-schwimmen\/#breadcrumb","itemListElement":[{"@type":"ListItem","position":1,"name":"Home","item":"https:\/\/www.naturparkmagazin.de\/dahme-heideseen\/"},{"@type":"ListItem","position":2,"name":"Ab dem ersten Tag k\u00f6nnen die Jungen schwimmen"}]},{"@type":"WebSite","@id":"https:\/\/www.naturparkmagazin.de\/dahme-heideseen\/#website","url":"https:\/\/www.naturparkmagazin.de\/dahme-heideseen\/","name":"Naturpark Dahme-Heideseen","description":"","potentialAction":[{"@type":"SearchAction","target":{"@type":"EntryPoint","urlTemplate":"https:\/\/www.naturparkmagazin.de\/dahme-heideseen\/?s={search_term_string}"},"query-input":"required name=search_term_string"}],"inLanguage":"de"},{"@type":"Person","@id":"https:\/\/www.naturparkmagazin.de\/dahme-heideseen\/#\/schema\/person\/c81c96c3a1f5ee7bffff8b8022c105f0","name":"hanssonnenberg","url":"https:\/\/www.naturparkmagazin.de\/dahme-heideseen\/author\/hanssonnenberg\/"}]}},"_links":{"self":[{"href":"https:\/\/www.naturparkmagazin.de\/dahme-heideseen\/wp-json\/wp\/v2\/posts\/1469"}],"collection":[{"href":"https:\/\/www.naturparkmagazin.de\/dahme-heideseen\/wp-json\/wp\/v2\/posts"}],"about":[{"href":"https:\/\/www.naturparkmagazin.de\/dahme-heideseen\/wp-json\/wp\/v2\/types\/post"}],"author":[{"embeddable":true,"href":"https:\/\/www.naturparkmagazin.de\/dahme-heideseen\/wp-json\/wp\/v2\/users\/48"}],"replies":[{"embeddable":true,"href":"https:\/\/www.naturparkmagazin.de\/dahme-heideseen\/wp-json\/wp\/v2\/comments?post=1469"}],"version-history":[{"count":5,"href":"https:\/\/www.naturparkmagazin.de\/dahme-heideseen\/wp-json\/wp\/v2\/posts\/1469\/revisions"}],"predecessor-version":[{"id":1499,"href":"https:\/\/www.naturparkmagazin.de\/dahme-heideseen\/wp-json\/wp\/v2\/posts\/1469\/revisions\/1499"}],"wp:featuredmedia":[{"embeddable":true,"href":"https:\/\/www.naturparkmagazin.de\/dahme-heideseen\/wp-json\/wp\/v2\/media\/1466"}],"wp:attachment":[{"href":"https:\/\/www.naturparkmagazin.de\/dahme-heideseen\/wp-json\/wp\/v2\/media?parent=1469"}],"wp:term":[{"taxonomy":"category","embeddable":true,"href":"https:\/\/www.naturparkmagazin.de\/dahme-heideseen\/wp-json\/wp\/v2\/categories?post=1469"},{"taxonomy":"post_tag","embeddable":true,"href":"https:\/\/www.naturparkmagazin.de\/dahme-heideseen\/wp-json\/wp\/v2\/tags?post=1469"}],"curies":[{"name":"wp","href":"https:\/\/api.w.org\/{rel}","templated":true}]}}