{"id":1489,"date":"2018-04-18T23:30:26","date_gmt":"2018-04-18T21:30:26","guid":{"rendered":"http:\/\/www.naturparkmagazin.de\/dahme-heideseen\/?p=1489"},"modified":"2018-04-19T11:40:20","modified_gmt":"2018-04-19T09:40:20","slug":"1-mai-saisonstart-im-biogarten","status":"publish","type":"post","link":"https:\/\/www.naturparkmagazin.de\/dahme-heideseen\/1-mai-saisonstart-im-biogarten\/","title":{"rendered":"1. Mai &#8211; Saisonstart im Biogarten"},"content":{"rendered":"<p>Zum 1. Mai wird der Biogarten heraus geputzt. Damit Sie als Besucher schon erkennen k\u00f6nnen, was hier im Sommer alles gedeihen wird.<!--more--><\/p>\n<p>Zum 1. Mai wird der Biogarten heraus geputzt. Damit Sie als Besucher schon erkennen k\u00f6nnen, was hier im Sommer alles gedeihen wird. Bei leiser Musik, Kaffee und Kuchen sowie guten Gespr\u00e4chen wollen wir gemeinsam mit Ihnen den Start in die neue Gartenzeit feiern. Ganz nebenbei k\u00f6nnen Sie g\u00e4rtnerische Fachfragen stellen und Sie erhalten die aktuellen Infos zum Programm im Biogarten.<\/p>\n<p>01. Mai 2018 &#8211; 14:00 bis 18:00 Ur<\/p>\n<div id=\"attachment_2489\" style=\"width: 510px\" class=\"wp-caption aligncenter\"><a href=\"https:\/\/www.naturparkmagazin.de\/dahme-heideseen\/wp-content\/uploads\/sites\/37\/csm_1524107124_item_288853_pic_2_contentwidth_1e66e1cb4f.jpg\"><img aria-describedby=\"caption-attachment-2489\" decoding=\"async\" loading=\"lazy\" class=\"size-full wp-image-2489\" src=\"https:\/\/www.naturparkmagazin.de\/dahme-heideseen\/wp-content\/uploads\/sites\/37\/csm_1524107124_item_288853_pic_2_contentwidth_1e66e1cb4f.jpg\" alt=\"Frisches Gem\u00fcse im Biogarten \u00a9 Hans Sonnenberg\" width=\"500\" height=\"326\" srcset=\"https:\/\/www.naturparkmagazin.de\/dahme-heideseen\/wp-content\/uploads\/sites\/37\/csm_1524107124_item_288853_pic_2_contentwidth_1e66e1cb4f.jpg 500w, https:\/\/www.naturparkmagazin.de\/dahme-heideseen\/wp-content\/uploads\/sites\/37\/csm_1524107124_item_288853_pic_2_contentwidth_1e66e1cb4f-300x196.jpg 300w, https:\/\/www.naturparkmagazin.de\/dahme-heideseen\/wp-content\/uploads\/sites\/37\/csm_1524107124_item_288853_pic_2_contentwidth_1e66e1cb4f-200x130.jpg 200w\" sizes=\"(max-width: 500px) 100vw, 500px\" \/><\/a><p id=\"caption-attachment-2489\" class=\"wp-caption-text\">Frisches Gem\u00fcse im Biogarten \u00a9 Hans Sonnenberg<\/p><\/div>\n<p>&nbsp;<\/p>\n<p>Prieros\nBiogarten Prieros\nM\u00fchlendamm 14\n15754 Heidesee OT Prieros<\/p>\n<p>+49 (0) 3376850130\nbiogarten@vgsdahme-spreewald.de<\/p>\n<p><a href=\"http:\/\/www.vhs-dahme-spreewald.de\" target=\"_blank\">VHS Dahme-Spreewald.de<\/a><\/p>\n<p>&nbsp;<\/p>\n","protected":false},"excerpt":{"rendered":"<p>Zum 1. Mai wird der Biogarten heraus geputzt, damit Sie als Besucher schon erkennen k\u00f6nnen, was hier im Sommer alles gedeihen wird.<\/p>\n","protected":false},"author":48,"featured_media":2488,"comment_status":"open","ping_status":"open","sticky":false,"template":"","format":"standard","meta":[],"categories":[11],"tags":[],"yoast_head":"<!-- This site is optimized with the Yoast SEO plugin v19.10 - https:\/\/yoast.com\/wordpress\/plugins\/seo\/ -->\n<title>1. Mai - Saisonstart im Biogarten - Naturpark Dahme-Heideseen<\/title>\n<meta name=\"robots\" content=\"index, follow, max-snippet:-1, max-image-preview:large, max-video-preview:-1\" \/>\n<link rel=\"canonical\" href=\"https:\/\/www.naturparkmagazin.de\/dahme-heideseen\/1-mai-saisonstart-im-biogarten\/\" \/>\n<meta property=\"og:locale\" content=\"de_DE\" \/>\n<meta property=\"og:type\" content=\"article\" \/>\n<meta property=\"og:title\" content=\"1. Mai - Saisonstart im Biogarten - Naturpark Dahme-Heideseen\" \/>\n<meta property=\"og:description\" content=\"Zum 1. Mai wird der Biogarten heraus geputzt, damit Sie als Besucher schon erkennen k\u00f6nnen, was hier im Sommer alles gedeihen wird.\" \/>\n<meta property=\"og:url\" content=\"https:\/\/www.naturparkmagazin.de\/dahme-heideseen\/1-mai-saisonstart-im-biogarten\/\" \/>\n<meta property=\"og:site_name\" content=\"Naturpark Dahme-Heideseen\" \/>\n<meta property=\"article:published_time\" content=\"2018-04-18T21:30:26+00:00\" \/>\n<meta property=\"article:modified_time\" content=\"2018-04-19T09:40:20+00:00\" \/>\n<meta property=\"og:image\" content=\"https:\/\/www.naturparkmagazin.de\/dahme-heideseen\/wp-content\/uploads\/sites\/37\/csm_1524107124_item_288853_pic_1_contentwidth_25020132d1.jpg\" \/>\n\t<meta property=\"og:image:width\" content=\"1000\" \/>\n\t<meta property=\"og:image:height\" content=\"669\" \/>\n\t<meta property=\"og:image:type\" content=\"image\/jpeg\" \/>\n<meta name=\"author\" content=\"hanssonnenberg\" \/>\n<meta name=\"twitter:label1\" content=\"Verfasst von\" \/>\n\t<meta name=\"twitter:data1\" content=\"hanssonnenberg\" \/>\n\t<meta name=\"twitter:label2\" content=\"Gesch\u00e4tzte Lesezeit\" \/>\n\t<meta name=\"twitter:data2\" content=\"1\u00a0Minute\" \/>\n<script type=\"application\/ld+json\" class=\"yoast-schema-graph\">{\"@context\":\"https:\/\/schema.org\",\"@graph\":[{\"@type\":\"WebPage\",\"@id\":\"https:\/\/www.naturparkmagazin.de\/dahme-heideseen\/1-mai-saisonstart-im-biogarten\/\",\"url\":\"https:\/\/www.naturparkmagazin.de\/dahme-heideseen\/1-mai-saisonstart-im-biogarten\/\",\"name\":\"1. Mai - Saisonstart im Biogarten - Naturpark Dahme-Heideseen\",\"isPartOf\":{\"@id\":\"https:\/\/www.naturparkmagazin.de\/dahme-heideseen\/#website\"},\"datePublished\":\"2018-04-18T21:30:26+00:00\",\"dateModified\":\"2018-04-19T09:40:20+00:00\",\"author\":{\"@id\":\"https:\/\/www.naturparkmagazin.de\/dahme-heideseen\/#\/schema\/person\/c81c96c3a1f5ee7bffff8b8022c105f0\"},\"breadcrumb\":{\"@id\":\"https:\/\/www.naturparkmagazin.de\/dahme-heideseen\/1-mai-saisonstart-im-biogarten\/#breadcrumb\"},\"inLanguage\":\"de\",\"potentialAction\":[{\"@type\":\"ReadAction\",\"target\":[\"https:\/\/www.naturparkmagazin.de\/dahme-heideseen\/1-mai-saisonstart-im-biogarten\/\"]}]},{\"@type\":\"BreadcrumbList\",\"@id\":\"https:\/\/www.naturparkmagazin.de\/dahme-heideseen\/1-mai-saisonstart-im-biogarten\/#breadcrumb\",\"itemListElement\":[{\"@type\":\"ListItem\",\"position\":1,\"name\":\"Home\",\"item\":\"https:\/\/www.naturparkmagazin.de\/dahme-heideseen\/\"},{\"@type\":\"ListItem\",\"position\":2,\"name\":\"1. Mai &#8211; Saisonstart im Biogarten\"}]},{\"@type\":\"WebSite\",\"@id\":\"https:\/\/www.naturparkmagazin.de\/dahme-heideseen\/#website\",\"url\":\"https:\/\/www.naturparkmagazin.de\/dahme-heideseen\/\",\"name\":\"Naturpark Dahme-Heideseen\",\"description\":\"\",\"potentialAction\":[{\"@type\":\"SearchAction\",\"target\":{\"@type\":\"EntryPoint\",\"urlTemplate\":\"https:\/\/www.naturparkmagazin.de\/dahme-heideseen\/?s={search_term_string}\"},\"query-input\":\"required name=search_term_string\"}],\"inLanguage\":\"de\"},{\"@type\":\"Person\",\"@id\":\"https:\/\/www.naturparkmagazin.de\/dahme-heideseen\/#\/schema\/person\/c81c96c3a1f5ee7bffff8b8022c105f0\",\"name\":\"hanssonnenberg\",\"url\":\"https:\/\/www.naturparkmagazin.de\/dahme-heideseen\/author\/hanssonnenberg\/\"}]}<\/script>\n<!-- \/ Yoast SEO plugin. -->","yoast_head_json":{"title":"1. Mai - Saisonstart im Biogarten - Naturpark Dahme-Heideseen","robots":{"index":"index","follow":"follow","max-snippet":"max-snippet:-1","max-image-preview":"max-image-preview:large","max-video-preview":"max-video-preview:-1"},"canonical":"https:\/\/www.naturparkmagazin.de\/dahme-heideseen\/1-mai-saisonstart-im-biogarten\/","og_locale":"de_DE","og_type":"article","og_title":"1. Mai - Saisonstart im Biogarten - Naturpark Dahme-Heideseen","og_description":"Zum 1. Mai wird der Biogarten heraus geputzt, damit Sie als Besucher schon erkennen k\u00f6nnen, was hier im Sommer alles gedeihen wird.","og_url":"https:\/\/www.naturparkmagazin.de\/dahme-heideseen\/1-mai-saisonstart-im-biogarten\/","og_site_name":"Naturpark Dahme-Heideseen","article_published_time":"2018-04-18T21:30:26+00:00","article_modified_time":"2018-04-19T09:40:20+00:00","og_image":[{"width":1000,"height":669,"url":"https:\/\/www.naturparkmagazin.de\/dahme-heideseen\/wp-content\/uploads\/sites\/37\/csm_1524107124_item_288853_pic_1_contentwidth_25020132d1.jpg","type":"image\/jpeg"}],"author":"hanssonnenberg","twitter_misc":{"Verfasst von":"hanssonnenberg","Gesch\u00e4tzte Lesezeit":"1\u00a0Minute"},"schema":{"@context":"https:\/\/schema.org","@graph":[{"@type":"WebPage","@id":"https:\/\/www.naturparkmagazin.de\/dahme-heideseen\/1-mai-saisonstart-im-biogarten\/","url":"https:\/\/www.naturparkmagazin.de\/dahme-heideseen\/1-mai-saisonstart-im-biogarten\/","name":"1. Mai - Saisonstart im Biogarten - Naturpark Dahme-Heideseen","isPartOf":{"@id":"https:\/\/www.naturparkmagazin.de\/dahme-heideseen\/#website"},"datePublished":"2018-04-18T21:30:26+00:00","dateModified":"2018-04-19T09:40:20+00:00","author":{"@id":"https:\/\/www.naturparkmagazin.de\/dahme-heideseen\/#\/schema\/person\/c81c96c3a1f5ee7bffff8b8022c105f0"},"breadcrumb":{"@id":"https:\/\/www.naturparkmagazin.de\/dahme-heideseen\/1-mai-saisonstart-im-biogarten\/#breadcrumb"},"inLanguage":"de","potentialAction":[{"@type":"ReadAction","target":["https:\/\/www.naturparkmagazin.de\/dahme-heideseen\/1-mai-saisonstart-im-biogarten\/"]}]},{"@type":"BreadcrumbList","@id":"https:\/\/www.naturparkmagazin.de\/dahme-heideseen\/1-mai-saisonstart-im-biogarten\/#breadcrumb","itemListElement":[{"@type":"ListItem","position":1,"name":"Home","item":"https:\/\/www.naturparkmagazin.de\/dahme-heideseen\/"},{"@type":"ListItem","position":2,"name":"1. Mai &#8211; Saisonstart im Biogarten"}]},{"@type":"WebSite","@id":"https:\/\/www.naturparkmagazin.de\/dahme-heideseen\/#website","url":"https:\/\/www.naturparkmagazin.de\/dahme-heideseen\/","name":"Naturpark Dahme-Heideseen","description":"","potentialAction":[{"@type":"SearchAction","target":{"@type":"EntryPoint","urlTemplate":"https:\/\/www.naturparkmagazin.de\/dahme-heideseen\/?s={search_term_string}"},"query-input":"required name=search_term_string"}],"inLanguage":"de"},{"@type":"Person","@id":"https:\/\/www.naturparkmagazin.de\/dahme-heideseen\/#\/schema\/person\/c81c96c3a1f5ee7bffff8b8022c105f0","name":"hanssonnenberg","url":"https:\/\/www.naturparkmagazin.de\/dahme-heideseen\/author\/hanssonnenberg\/"}]}},"_links":{"self":[{"href":"https:\/\/www.naturparkmagazin.de\/dahme-heideseen\/wp-json\/wp\/v2\/posts\/1489"}],"collection":[{"href":"https:\/\/www.naturparkmagazin.de\/dahme-heideseen\/wp-json\/wp\/v2\/posts"}],"about":[{"href":"https:\/\/www.naturparkmagazin.de\/dahme-heideseen\/wp-json\/wp\/v2\/types\/post"}],"author":[{"embeddable":true,"href":"https:\/\/www.naturparkmagazin.de\/dahme-heideseen\/wp-json\/wp\/v2\/users\/48"}],"replies":[{"embeddable":true,"href":"https:\/\/www.naturparkmagazin.de\/dahme-heideseen\/wp-json\/wp\/v2\/comments?post=1489"}],"version-history":[{"count":5,"href":"https:\/\/www.naturparkmagazin.de\/dahme-heideseen\/wp-json\/wp\/v2\/posts\/1489\/revisions"}],"predecessor-version":[{"id":2490,"href":"https:\/\/www.naturparkmagazin.de\/dahme-heideseen\/wp-json\/wp\/v2\/posts\/1489\/revisions\/2490"}],"wp:featuredmedia":[{"embeddable":true,"href":"https:\/\/www.naturparkmagazin.de\/dahme-heideseen\/wp-json\/wp\/v2\/media\/2488"}],"wp:attachment":[{"href":"https:\/\/www.naturparkmagazin.de\/dahme-heideseen\/wp-json\/wp\/v2\/media?parent=1489"}],"wp:term":[{"taxonomy":"category","embeddable":true,"href":"https:\/\/www.naturparkmagazin.de\/dahme-heideseen\/wp-json\/wp\/v2\/categories?post=1489"},{"taxonomy":"post_tag","embeddable":true,"href":"https:\/\/www.naturparkmagazin.de\/dahme-heideseen\/wp-json\/wp\/v2\/tags?post=1489"}],"curies":[{"name":"wp","href":"https:\/\/api.w.org\/{rel}","templated":true}]}}