{"id":1516,"date":"2016-05-17T10:46:18","date_gmt":"2016-05-17T08:46:18","guid":{"rendered":"http:\/\/www.naturparkmagazin.de\/dahme-heideseen\/?p=1516"},"modified":"2016-05-31T10:27:57","modified_gmt":"2016-05-31T08:27:57","slug":"die-andere-heimat-im-waldkino-hammer","status":"publish","type":"post","link":"https:\/\/www.naturparkmagazin.de\/dahme-heideseen\/die-andere-heimat-im-waldkino-hammer\/","title":{"rendered":"&#8222;Die Andere Heimat&#8220; im Waldkino Hammer"},"content":{"rendered":"<p>Das von der Landeswaldoberf\u00f6rsterei Hammer mit Unterst\u00fctzung des Amtes Schenkenl\u00e4ndchen organisierte Waldkino l\u00e4uft nunmehr im vierten Jahr und erfreut sich ungebrochener Beliebtheit. Noch bis September l\u00e4dt die F\u00f6rsterei jeweils am letzten Freitag des Monats um 20 Uhr zur Kinovorstellung im Wald ein. Der Eintritt ist frei. <!--more-->Am\u00a0 27. Juni 2016 wird ab 18:00 Uhr der Film &#8222;Die andere Heimat&#8220; gezeigt&#8220;.<\/p>\n<p>Das Waldkino-Projekt ist eine Kooperation des Landesbetriebs Forst Brandenburg mit dem K\u00fcnstler Wolfgang Georgsdorf und Unterst\u00fctzung des Amtes Schenkenl\u00e4ndchen.<\/p>\n<p>Von Mai bis September finden an jedem letzten Freitag im Monat Einzelvorf\u00fchrungen der Filme statt. Weitere Filme 2016:\n29. Juli, 20 Uhr: Fisch oder Fleisch\n26. August, 20 Uhr: Chinas Gr\u00fcne Mauer \/ Themenabend der Aufforstung\n30. September, 20 Uhr: Der Marsch<\/p>\n<p>&nbsp;<\/p>\n<div id=\"attachment_1025\" style=\"width: 630px\" class=\"wp-caption aligncenter\"><a href=\"https:\/\/www.naturparkmagazin.de\/dahme-heideseen\/wp-content\/uploads\/sites\/37\/hammer_web_2009.jpg\"><img aria-describedby=\"caption-attachment-1025\" decoding=\"async\" loading=\"lazy\" class=\"size-medium wp-image-1025\" src=\"https:\/\/www.naturparkmagazin.de\/dahme-heideseen\/wp-content\/uploads\/sites\/37\/hammer_web_2009-620x441.jpg\" alt=\"Forsthaus Hammer (Foto: Hans Sonnenberg) \" width=\"620\" height=\"441\" srcset=\"https:\/\/www.naturparkmagazin.de\/dahme-heideseen\/wp-content\/uploads\/sites\/37\/hammer_web_2009-620x441.jpg 620w, https:\/\/www.naturparkmagazin.de\/dahme-heideseen\/wp-content\/uploads\/sites\/37\/hammer_web_2009-300x213.jpg 300w, https:\/\/www.naturparkmagazin.de\/dahme-heideseen\/wp-content\/uploads\/sites\/37\/hammer_web_2009-200x142.jpg 200w, https:\/\/www.naturparkmagazin.de\/dahme-heideseen\/wp-content\/uploads\/sites\/37\/hammer_web_2009.jpg 640w\" sizes=\"(max-width: 620px) 100vw, 620px\" \/><\/a><p id=\"caption-attachment-1025\" class=\"wp-caption-text\">Forsthaus Hammer (Foto: Hans Sonnenberg)<\/p><\/div>\n<p>Veranstaltungsort:<\/p>\n<p>L\u00f6pten\nLandesforstbetrieb Brandenburg\nAn der B 179\n15746 Gro\u00df K\u00f6ris<\/p>\n<p>Telefon: +49 (0) 33765 21780\nE-Mail:\u00a0 Obf.Hammer@affwu.brandenburg.de\nInternet: \u00a0\u00a0\u00a0 <a href=\"http:\/\/www.forst.brandenburg.de\" target=\"_blank\">www.forst.brandenburg.de <\/a><\/p>\n<p><a href=\"http:\/\/georgsdorf.com\" target=\"_blank\">Kontakt Georgsdorf<\/a><\/p>\n","protected":false},"excerpt":{"rendered":"<p>Das von der Landeswaldoberf\u00f6rsterei Hammer mit Unterst\u00fctzung des Amtes Schenkenl\u00e4ndchen organisierte Waldkino l\u00e4uft nunmehr im vierten Jahr und erfreut sich ungebrochener Beliebtheit. Noch bis September l\u00e4dt die F\u00f6rsterei jeweils am letzten Freitag des Monats um 20 Uhr zur Kinovorstellung im Wald ein. Der Eintritt ist frei.<\/p>\n","protected":false},"author":48,"featured_media":1025,"comment_status":"open","ping_status":"open","sticky":false,"template":"","format":"standard","meta":[],"categories":[11],"tags":[],"yoast_head":"<!-- This site is optimized with the Yoast SEO plugin v19.10 - https:\/\/yoast.com\/wordpress\/plugins\/seo\/ -->\n<title>&quot;Die Andere Heimat&quot; im Waldkino Hammer - Naturpark Dahme-Heideseen<\/title>\n<meta name=\"robots\" content=\"index, follow, max-snippet:-1, max-image-preview:large, max-video-preview:-1\" \/>\n<link rel=\"canonical\" href=\"https:\/\/www.naturparkmagazin.de\/dahme-heideseen\/die-andere-heimat-im-waldkino-hammer\/\" \/>\n<meta property=\"og:locale\" content=\"de_DE\" \/>\n<meta property=\"og:type\" content=\"article\" \/>\n<meta property=\"og:title\" content=\"&quot;Die Andere Heimat&quot; im Waldkino Hammer - Naturpark Dahme-Heideseen\" \/>\n<meta property=\"og:description\" content=\"Das von der Landeswaldoberf\u00f6rsterei Hammer mit Unterst\u00fctzung des Amtes Schenkenl\u00e4ndchen organisierte Waldkino l\u00e4uft nunmehr im vierten Jahr und erfreut sich ungebrochener Beliebtheit. Noch bis September l\u00e4dt die F\u00f6rsterei jeweils am letzten Freitag des Monats um 20 Uhr zur Kinovorstellung im Wald ein. Der Eintritt ist frei.\" \/>\n<meta property=\"og:url\" content=\"https:\/\/www.naturparkmagazin.de\/dahme-heideseen\/die-andere-heimat-im-waldkino-hammer\/\" \/>\n<meta property=\"og:site_name\" content=\"Naturpark Dahme-Heideseen\" \/>\n<meta property=\"article:published_time\" content=\"2016-05-17T08:46:18+00:00\" \/>\n<meta property=\"article:modified_time\" content=\"2016-05-31T08:27:57+00:00\" \/>\n<meta property=\"og:image\" content=\"https:\/\/www.naturparkmagazin.de\/dahme-heideseen\/wp-content\/uploads\/sites\/37\/hammer_web_2009.jpg\" \/>\n\t<meta property=\"og:image:width\" content=\"640\" \/>\n\t<meta property=\"og:image:height\" content=\"455\" \/>\n\t<meta property=\"og:image:type\" content=\"image\/jpeg\" \/>\n<meta name=\"author\" content=\"hanssonnenberg\" \/>\n<meta name=\"twitter:label1\" content=\"Verfasst von\" \/>\n\t<meta name=\"twitter:data1\" content=\"hanssonnenberg\" \/>\n\t<meta name=\"twitter:label2\" content=\"Gesch\u00e4tzte Lesezeit\" \/>\n\t<meta name=\"twitter:data2\" content=\"1\u00a0Minute\" \/>\n<script type=\"application\/ld+json\" class=\"yoast-schema-graph\">{\"@context\":\"https:\/\/schema.org\",\"@graph\":[{\"@type\":\"WebPage\",\"@id\":\"https:\/\/www.naturparkmagazin.de\/dahme-heideseen\/die-andere-heimat-im-waldkino-hammer\/\",\"url\":\"https:\/\/www.naturparkmagazin.de\/dahme-heideseen\/die-andere-heimat-im-waldkino-hammer\/\",\"name\":\"\\\"Die Andere Heimat\\\" im Waldkino Hammer - Naturpark Dahme-Heideseen\",\"isPartOf\":{\"@id\":\"https:\/\/www.naturparkmagazin.de\/dahme-heideseen\/#website\"},\"datePublished\":\"2016-05-17T08:46:18+00:00\",\"dateModified\":\"2016-05-31T08:27:57+00:00\",\"author\":{\"@id\":\"https:\/\/www.naturparkmagazin.de\/dahme-heideseen\/#\/schema\/person\/c81c96c3a1f5ee7bffff8b8022c105f0\"},\"breadcrumb\":{\"@id\":\"https:\/\/www.naturparkmagazin.de\/dahme-heideseen\/die-andere-heimat-im-waldkino-hammer\/#breadcrumb\"},\"inLanguage\":\"de\",\"potentialAction\":[{\"@type\":\"ReadAction\",\"target\":[\"https:\/\/www.naturparkmagazin.de\/dahme-heideseen\/die-andere-heimat-im-waldkino-hammer\/\"]}]},{\"@type\":\"BreadcrumbList\",\"@id\":\"https:\/\/www.naturparkmagazin.de\/dahme-heideseen\/die-andere-heimat-im-waldkino-hammer\/#breadcrumb\",\"itemListElement\":[{\"@type\":\"ListItem\",\"position\":1,\"name\":\"Home\",\"item\":\"https:\/\/www.naturparkmagazin.de\/dahme-heideseen\/\"},{\"@type\":\"ListItem\",\"position\":2,\"name\":\"&#8222;Die Andere Heimat&#8220; im Waldkino Hammer\"}]},{\"@type\":\"WebSite\",\"@id\":\"https:\/\/www.naturparkmagazin.de\/dahme-heideseen\/#website\",\"url\":\"https:\/\/www.naturparkmagazin.de\/dahme-heideseen\/\",\"name\":\"Naturpark Dahme-Heideseen\",\"description\":\"\",\"potentialAction\":[{\"@type\":\"SearchAction\",\"target\":{\"@type\":\"EntryPoint\",\"urlTemplate\":\"https:\/\/www.naturparkmagazin.de\/dahme-heideseen\/?s={search_term_string}\"},\"query-input\":\"required name=search_term_string\"}],\"inLanguage\":\"de\"},{\"@type\":\"Person\",\"@id\":\"https:\/\/www.naturparkmagazin.de\/dahme-heideseen\/#\/schema\/person\/c81c96c3a1f5ee7bffff8b8022c105f0\",\"name\":\"hanssonnenberg\",\"url\":\"https:\/\/www.naturparkmagazin.de\/dahme-heideseen\/author\/hanssonnenberg\/\"}]}<\/script>\n<!-- \/ Yoast SEO plugin. -->","yoast_head_json":{"title":"\"Die Andere Heimat\" im Waldkino Hammer - Naturpark Dahme-Heideseen","robots":{"index":"index","follow":"follow","max-snippet":"max-snippet:-1","max-image-preview":"max-image-preview:large","max-video-preview":"max-video-preview:-1"},"canonical":"https:\/\/www.naturparkmagazin.de\/dahme-heideseen\/die-andere-heimat-im-waldkino-hammer\/","og_locale":"de_DE","og_type":"article","og_title":"\"Die Andere Heimat\" im Waldkino Hammer - Naturpark Dahme-Heideseen","og_description":"Das von der Landeswaldoberf\u00f6rsterei Hammer mit Unterst\u00fctzung des Amtes Schenkenl\u00e4ndchen organisierte Waldkino l\u00e4uft nunmehr im vierten Jahr und erfreut sich ungebrochener Beliebtheit. Noch bis September l\u00e4dt die F\u00f6rsterei jeweils am letzten Freitag des Monats um 20 Uhr zur Kinovorstellung im Wald ein. Der Eintritt ist frei.","og_url":"https:\/\/www.naturparkmagazin.de\/dahme-heideseen\/die-andere-heimat-im-waldkino-hammer\/","og_site_name":"Naturpark Dahme-Heideseen","article_published_time":"2016-05-17T08:46:18+00:00","article_modified_time":"2016-05-31T08:27:57+00:00","og_image":[{"width":640,"height":455,"url":"https:\/\/www.naturparkmagazin.de\/dahme-heideseen\/wp-content\/uploads\/sites\/37\/hammer_web_2009.jpg","type":"image\/jpeg"}],"author":"hanssonnenberg","twitter_misc":{"Verfasst von":"hanssonnenberg","Gesch\u00e4tzte Lesezeit":"1\u00a0Minute"},"schema":{"@context":"https:\/\/schema.org","@graph":[{"@type":"WebPage","@id":"https:\/\/www.naturparkmagazin.de\/dahme-heideseen\/die-andere-heimat-im-waldkino-hammer\/","url":"https:\/\/www.naturparkmagazin.de\/dahme-heideseen\/die-andere-heimat-im-waldkino-hammer\/","name":"\"Die Andere Heimat\" im Waldkino Hammer - Naturpark Dahme-Heideseen","isPartOf":{"@id":"https:\/\/www.naturparkmagazin.de\/dahme-heideseen\/#website"},"datePublished":"2016-05-17T08:46:18+00:00","dateModified":"2016-05-31T08:27:57+00:00","author":{"@id":"https:\/\/www.naturparkmagazin.de\/dahme-heideseen\/#\/schema\/person\/c81c96c3a1f5ee7bffff8b8022c105f0"},"breadcrumb":{"@id":"https:\/\/www.naturparkmagazin.de\/dahme-heideseen\/die-andere-heimat-im-waldkino-hammer\/#breadcrumb"},"inLanguage":"de","potentialAction":[{"@type":"ReadAction","target":["https:\/\/www.naturparkmagazin.de\/dahme-heideseen\/die-andere-heimat-im-waldkino-hammer\/"]}]},{"@type":"BreadcrumbList","@id":"https:\/\/www.naturparkmagazin.de\/dahme-heideseen\/die-andere-heimat-im-waldkino-hammer\/#breadcrumb","itemListElement":[{"@type":"ListItem","position":1,"name":"Home","item":"https:\/\/www.naturparkmagazin.de\/dahme-heideseen\/"},{"@type":"ListItem","position":2,"name":"&#8222;Die Andere Heimat&#8220; im Waldkino Hammer"}]},{"@type":"WebSite","@id":"https:\/\/www.naturparkmagazin.de\/dahme-heideseen\/#website","url":"https:\/\/www.naturparkmagazin.de\/dahme-heideseen\/","name":"Naturpark Dahme-Heideseen","description":"","potentialAction":[{"@type":"SearchAction","target":{"@type":"EntryPoint","urlTemplate":"https:\/\/www.naturparkmagazin.de\/dahme-heideseen\/?s={search_term_string}"},"query-input":"required name=search_term_string"}],"inLanguage":"de"},{"@type":"Person","@id":"https:\/\/www.naturparkmagazin.de\/dahme-heideseen\/#\/schema\/person\/c81c96c3a1f5ee7bffff8b8022c105f0","name":"hanssonnenberg","url":"https:\/\/www.naturparkmagazin.de\/dahme-heideseen\/author\/hanssonnenberg\/"}]}},"_links":{"self":[{"href":"https:\/\/www.naturparkmagazin.de\/dahme-heideseen\/wp-json\/wp\/v2\/posts\/1516"}],"collection":[{"href":"https:\/\/www.naturparkmagazin.de\/dahme-heideseen\/wp-json\/wp\/v2\/posts"}],"about":[{"href":"https:\/\/www.naturparkmagazin.de\/dahme-heideseen\/wp-json\/wp\/v2\/types\/post"}],"author":[{"embeddable":true,"href":"https:\/\/www.naturparkmagazin.de\/dahme-heideseen\/wp-json\/wp\/v2\/users\/48"}],"replies":[{"embeddable":true,"href":"https:\/\/www.naturparkmagazin.de\/dahme-heideseen\/wp-json\/wp\/v2\/comments?post=1516"}],"version-history":[{"count":6,"href":"https:\/\/www.naturparkmagazin.de\/dahme-heideseen\/wp-json\/wp\/v2\/posts\/1516\/revisions"}],"predecessor-version":[{"id":1571,"href":"https:\/\/www.naturparkmagazin.de\/dahme-heideseen\/wp-json\/wp\/v2\/posts\/1516\/revisions\/1571"}],"wp:featuredmedia":[{"embeddable":true,"href":"https:\/\/www.naturparkmagazin.de\/dahme-heideseen\/wp-json\/wp\/v2\/media\/1025"}],"wp:attachment":[{"href":"https:\/\/www.naturparkmagazin.de\/dahme-heideseen\/wp-json\/wp\/v2\/media?parent=1516"}],"wp:term":[{"taxonomy":"category","embeddable":true,"href":"https:\/\/www.naturparkmagazin.de\/dahme-heideseen\/wp-json\/wp\/v2\/categories?post=1516"},{"taxonomy":"post_tag","embeddable":true,"href":"https:\/\/www.naturparkmagazin.de\/dahme-heideseen\/wp-json\/wp\/v2\/tags?post=1516"}],"curies":[{"name":"wp","href":"https:\/\/api.w.org\/{rel}","templated":true}]}}