{"id":1523,"date":"2016-05-17T11:11:38","date_gmt":"2016-05-17T09:11:38","guid":{"rendered":"http:\/\/www.naturparkmagazin.de\/dahme-heideseen\/?p=1523"},"modified":"2016-05-25T13:55:21","modified_gmt":"2016-05-25T11:55:21","slug":"bunt-und-zum-glueck-haeufig","status":"publish","type":"post","link":"https:\/\/www.naturparkmagazin.de\/dahme-heideseen\/bunt-und-zum-glueck-haeufig\/","title":{"rendered":"Bunt und zum Gl\u00fcck h\u00e4ufig"},"content":{"rendered":"<p>Der Naturfotograf Erhard Laube gestaltet mit seinen Vogelaufnahmen die Kalenderbl\u00e4tter des JahreBuch 2016. Als kleine Serie durch das Jahr stellen wir Ihnen die Kalendermotive hier vor. Heute: Der Buntspecht (<em>Picoides major<\/em>).<!--more-->\nWarum er in seinem lateinischen Namen das &#8222;Major&#8220; , also zu deutsch &#8222;gr\u00f6\u00dfer&#8220;, f\u00fchrt, ist mir nicht klar. Denn im Vergleich zum Schwarzspecht oder Gr\u00fcnspecht ist er, vielleicht gerade knapp so gro\u00df wie eine Amsel, wirklich nicht besonders gro\u00df. Aber vielleicht bezieht sich der Name ausschlie\u00dflich auf den Kleinspecht, der ja auch Picoides minor hei\u00dft. Der allerdings ist tats\u00e4chlich deutlich kleiner, kaum gr\u00f6\u00dfer als ein Sperling. Der Buntspecht ist bei uns mit Abstand der h\u00e4ufigste aller Spechte, regelm\u00e4\u00dfig auch ein Besucher im Garten und an der Futterstelle. An die N\u00e4he der Menschen gew\u00f6hnt er sich leicht.<\/p>\n<div id=\"attachment_1524\" style=\"width: 630px\" class=\"wp-caption aligncenter\"><a href=\"https:\/\/www.naturparkmagazin.de\/dahme-heideseen\/wp-content\/uploads\/sites\/37\/npdh_Buntspecht_vor_gelben_-Blumen_laube.jpg\"><img aria-describedby=\"caption-attachment-1524\" decoding=\"async\" loading=\"lazy\" class=\"size-medium wp-image-1524\" src=\"https:\/\/www.naturparkmagazin.de\/dahme-heideseen\/wp-content\/uploads\/sites\/37\/npdh_Buntspecht_vor_gelben_-Blumen_laube-620x414.jpg\" alt=\"Buntspecht (Foto: E. Lauebe)\" width=\"620\" height=\"414\" srcset=\"https:\/\/www.naturparkmagazin.de\/dahme-heideseen\/wp-content\/uploads\/sites\/37\/npdh_Buntspecht_vor_gelben_-Blumen_laube-620x414.jpg 620w, https:\/\/www.naturparkmagazin.de\/dahme-heideseen\/wp-content\/uploads\/sites\/37\/npdh_Buntspecht_vor_gelben_-Blumen_laube-300x200.jpg 300w, https:\/\/www.naturparkmagazin.de\/dahme-heideseen\/wp-content\/uploads\/sites\/37\/npdh_Buntspecht_vor_gelben_-Blumen_laube-200x133.jpg 200w, https:\/\/www.naturparkmagazin.de\/dahme-heideseen\/wp-content\/uploads\/sites\/37\/npdh_Buntspecht_vor_gelben_-Blumen_laube.jpg 640w\" sizes=\"(max-width: 620px) 100vw, 620px\" \/><\/a><p id=\"caption-attachment-1524\" class=\"wp-caption-text\">Buntspecht (Foto: E. Lauebe)<\/p><\/div>\n<p>So habe ich das Foto bei mir im Garten bei Prieros aus wenigen Metern Entfernung aufgenommen, ohne Tarnnetz oder Tarnzelt. Dabei konnte ich sogar darauf achten, die Kamera so auszurichten, dass die im Sp\u00e4tsommer bl\u00fchenden gelben Blumen\u00a0 einen sch\u00f6n aufgel\u00f6sten Hintergrund geben.<\/p>\n<div id=\"attachment_1525\" style=\"width: 437px\" class=\"wp-caption aligncenter\"><a href=\"https:\/\/www.naturparkmagazin.de\/dahme-heideseen\/wp-content\/uploads\/sites\/37\/npdh_Buntspecht_E_laube.jpg\"><img aria-describedby=\"caption-attachment-1525\" decoding=\"async\" loading=\"lazy\" class=\"size-full wp-image-1525\" src=\"https:\/\/www.naturparkmagazin.de\/dahme-heideseen\/wp-content\/uploads\/sites\/37\/npdh_Buntspecht_E_laube.jpg\" alt=\"Buntspechte an der Baumh\u00f6hle (Foto: E. Laube)\" width=\"427\" height=\"640\" srcset=\"https:\/\/www.naturparkmagazin.de\/dahme-heideseen\/wp-content\/uploads\/sites\/37\/npdh_Buntspecht_E_laube.jpg 427w, https:\/\/www.naturparkmagazin.de\/dahme-heideseen\/wp-content\/uploads\/sites\/37\/npdh_Buntspecht_E_laube-300x450.jpg 300w, https:\/\/www.naturparkmagazin.de\/dahme-heideseen\/wp-content\/uploads\/sites\/37\/npdh_Buntspecht_E_laube-200x300.jpg 200w\" sizes=\"(max-width: 427px) 100vw, 427px\" \/><\/a><p id=\"caption-attachment-1525\" class=\"wp-caption-text\">Buntspechte an der Baumh\u00f6hle (Foto: E. Laube)<\/p><\/div>\n<p>Den Specht an der Bruth\u00f6hle allerdings habe ich, um nicht zu st\u00f6ren, aus einer geh\u00f6rigen Entfernung fotografiert. Nachdem ich zun\u00e4chst die Kamera mit Teleobjektiv in einigen Metern Entfernung aufgebaut hatte, erfolgte das Fotografieren \u00fcber einen Fernausl\u00f6ser.<\/p>\n<p>&nbsp;<\/p>\n","protected":false},"excerpt":{"rendered":"<p>Der Naturfotograf Erhard Laube gestaltet mit seinen Vogelaufnahmen die Kalenderbl\u00e4tter des JahreBuch 2016. Als kleine Serie durch das Jahr stellen wir Ihnen die Kalendermotive hier vor. Heute: Der Buntspecht <\/p>\n","protected":false},"author":48,"featured_media":1524,"comment_status":"open","ping_status":"open","sticky":false,"template":"","format":"standard","meta":[],"categories":[7],"tags":[],"yoast_head":"<!-- This site is optimized with the Yoast SEO plugin v19.10 - https:\/\/yoast.com\/wordpress\/plugins\/seo\/ -->\n<title>Bunt und zum Gl\u00fcck h\u00e4ufig - Naturpark Dahme-Heideseen<\/title>\n<meta name=\"robots\" content=\"index, follow, max-snippet:-1, max-image-preview:large, max-video-preview:-1\" \/>\n<link rel=\"canonical\" href=\"https:\/\/www.naturparkmagazin.de\/dahme-heideseen\/bunt-und-zum-glueck-haeufig\/\" \/>\n<meta property=\"og:locale\" content=\"de_DE\" \/>\n<meta property=\"og:type\" content=\"article\" \/>\n<meta property=\"og:title\" content=\"Bunt und zum Gl\u00fcck h\u00e4ufig - Naturpark Dahme-Heideseen\" \/>\n<meta property=\"og:description\" content=\"Der Naturfotograf Erhard Laube gestaltet mit seinen Vogelaufnahmen die Kalenderbl\u00e4tter des JahreBuch 2016. Als kleine Serie durch das Jahr stellen wir Ihnen die Kalendermotive hier vor. Heute: Der Buntspecht\" \/>\n<meta property=\"og:url\" content=\"https:\/\/www.naturparkmagazin.de\/dahme-heideseen\/bunt-und-zum-glueck-haeufig\/\" \/>\n<meta property=\"og:site_name\" content=\"Naturpark Dahme-Heideseen\" \/>\n<meta property=\"article:published_time\" content=\"2016-05-17T09:11:38+00:00\" \/>\n<meta property=\"article:modified_time\" content=\"2016-05-25T11:55:21+00:00\" \/>\n<meta property=\"og:image\" content=\"https:\/\/www.naturparkmagazin.de\/dahme-heideseen\/wp-content\/uploads\/sites\/37\/npdh_Buntspecht_vor_gelben_-Blumen_laube.jpg\" \/>\n\t<meta property=\"og:image:width\" content=\"640\" \/>\n\t<meta property=\"og:image:height\" content=\"427\" \/>\n\t<meta property=\"og:image:type\" content=\"image\/jpeg\" \/>\n<meta name=\"author\" content=\"hanssonnenberg\" \/>\n<meta name=\"twitter:label1\" content=\"Verfasst von\" \/>\n\t<meta name=\"twitter:data1\" content=\"hanssonnenberg\" \/>\n\t<meta name=\"twitter:label2\" content=\"Gesch\u00e4tzte Lesezeit\" \/>\n\t<meta name=\"twitter:data2\" content=\"1\u00a0Minute\" \/>\n<script type=\"application\/ld+json\" class=\"yoast-schema-graph\">{\"@context\":\"https:\/\/schema.org\",\"@graph\":[{\"@type\":\"WebPage\",\"@id\":\"https:\/\/www.naturparkmagazin.de\/dahme-heideseen\/bunt-und-zum-glueck-haeufig\/\",\"url\":\"https:\/\/www.naturparkmagazin.de\/dahme-heideseen\/bunt-und-zum-glueck-haeufig\/\",\"name\":\"Bunt und zum Gl\u00fcck h\u00e4ufig - Naturpark Dahme-Heideseen\",\"isPartOf\":{\"@id\":\"https:\/\/www.naturparkmagazin.de\/dahme-heideseen\/#website\"},\"datePublished\":\"2016-05-17T09:11:38+00:00\",\"dateModified\":\"2016-05-25T11:55:21+00:00\",\"author\":{\"@id\":\"https:\/\/www.naturparkmagazin.de\/dahme-heideseen\/#\/schema\/person\/c81c96c3a1f5ee7bffff8b8022c105f0\"},\"breadcrumb\":{\"@id\":\"https:\/\/www.naturparkmagazin.de\/dahme-heideseen\/bunt-und-zum-glueck-haeufig\/#breadcrumb\"},\"inLanguage\":\"de\",\"potentialAction\":[{\"@type\":\"ReadAction\",\"target\":[\"https:\/\/www.naturparkmagazin.de\/dahme-heideseen\/bunt-und-zum-glueck-haeufig\/\"]}]},{\"@type\":\"BreadcrumbList\",\"@id\":\"https:\/\/www.naturparkmagazin.de\/dahme-heideseen\/bunt-und-zum-glueck-haeufig\/#breadcrumb\",\"itemListElement\":[{\"@type\":\"ListItem\",\"position\":1,\"name\":\"Home\",\"item\":\"https:\/\/www.naturparkmagazin.de\/dahme-heideseen\/\"},{\"@type\":\"ListItem\",\"position\":2,\"name\":\"Bunt und zum Gl\u00fcck h\u00e4ufig\"}]},{\"@type\":\"WebSite\",\"@id\":\"https:\/\/www.naturparkmagazin.de\/dahme-heideseen\/#website\",\"url\":\"https:\/\/www.naturparkmagazin.de\/dahme-heideseen\/\",\"name\":\"Naturpark Dahme-Heideseen\",\"description\":\"\",\"potentialAction\":[{\"@type\":\"SearchAction\",\"target\":{\"@type\":\"EntryPoint\",\"urlTemplate\":\"https:\/\/www.naturparkmagazin.de\/dahme-heideseen\/?s={search_term_string}\"},\"query-input\":\"required name=search_term_string\"}],\"inLanguage\":\"de\"},{\"@type\":\"Person\",\"@id\":\"https:\/\/www.naturparkmagazin.de\/dahme-heideseen\/#\/schema\/person\/c81c96c3a1f5ee7bffff8b8022c105f0\",\"name\":\"hanssonnenberg\",\"url\":\"https:\/\/www.naturparkmagazin.de\/dahme-heideseen\/author\/hanssonnenberg\/\"}]}<\/script>\n<!-- \/ Yoast SEO plugin. -->","yoast_head_json":{"title":"Bunt und zum Gl\u00fcck h\u00e4ufig - Naturpark Dahme-Heideseen","robots":{"index":"index","follow":"follow","max-snippet":"max-snippet:-1","max-image-preview":"max-image-preview:large","max-video-preview":"max-video-preview:-1"},"canonical":"https:\/\/www.naturparkmagazin.de\/dahme-heideseen\/bunt-und-zum-glueck-haeufig\/","og_locale":"de_DE","og_type":"article","og_title":"Bunt und zum Gl\u00fcck h\u00e4ufig - Naturpark Dahme-Heideseen","og_description":"Der Naturfotograf Erhard Laube gestaltet mit seinen Vogelaufnahmen die Kalenderbl\u00e4tter des JahreBuch 2016. Als kleine Serie durch das Jahr stellen wir Ihnen die Kalendermotive hier vor. Heute: Der Buntspecht","og_url":"https:\/\/www.naturparkmagazin.de\/dahme-heideseen\/bunt-und-zum-glueck-haeufig\/","og_site_name":"Naturpark Dahme-Heideseen","article_published_time":"2016-05-17T09:11:38+00:00","article_modified_time":"2016-05-25T11:55:21+00:00","og_image":[{"width":640,"height":427,"url":"https:\/\/www.naturparkmagazin.de\/dahme-heideseen\/wp-content\/uploads\/sites\/37\/npdh_Buntspecht_vor_gelben_-Blumen_laube.jpg","type":"image\/jpeg"}],"author":"hanssonnenberg","twitter_misc":{"Verfasst von":"hanssonnenberg","Gesch\u00e4tzte Lesezeit":"1\u00a0Minute"},"schema":{"@context":"https:\/\/schema.org","@graph":[{"@type":"WebPage","@id":"https:\/\/www.naturparkmagazin.de\/dahme-heideseen\/bunt-und-zum-glueck-haeufig\/","url":"https:\/\/www.naturparkmagazin.de\/dahme-heideseen\/bunt-und-zum-glueck-haeufig\/","name":"Bunt und zum Gl\u00fcck h\u00e4ufig - Naturpark Dahme-Heideseen","isPartOf":{"@id":"https:\/\/www.naturparkmagazin.de\/dahme-heideseen\/#website"},"datePublished":"2016-05-17T09:11:38+00:00","dateModified":"2016-05-25T11:55:21+00:00","author":{"@id":"https:\/\/www.naturparkmagazin.de\/dahme-heideseen\/#\/schema\/person\/c81c96c3a1f5ee7bffff8b8022c105f0"},"breadcrumb":{"@id":"https:\/\/www.naturparkmagazin.de\/dahme-heideseen\/bunt-und-zum-glueck-haeufig\/#breadcrumb"},"inLanguage":"de","potentialAction":[{"@type":"ReadAction","target":["https:\/\/www.naturparkmagazin.de\/dahme-heideseen\/bunt-und-zum-glueck-haeufig\/"]}]},{"@type":"BreadcrumbList","@id":"https:\/\/www.naturparkmagazin.de\/dahme-heideseen\/bunt-und-zum-glueck-haeufig\/#breadcrumb","itemListElement":[{"@type":"ListItem","position":1,"name":"Home","item":"https:\/\/www.naturparkmagazin.de\/dahme-heideseen\/"},{"@type":"ListItem","position":2,"name":"Bunt und zum Gl\u00fcck h\u00e4ufig"}]},{"@type":"WebSite","@id":"https:\/\/www.naturparkmagazin.de\/dahme-heideseen\/#website","url":"https:\/\/www.naturparkmagazin.de\/dahme-heideseen\/","name":"Naturpark Dahme-Heideseen","description":"","potentialAction":[{"@type":"SearchAction","target":{"@type":"EntryPoint","urlTemplate":"https:\/\/www.naturparkmagazin.de\/dahme-heideseen\/?s={search_term_string}"},"query-input":"required name=search_term_string"}],"inLanguage":"de"},{"@type":"Person","@id":"https:\/\/www.naturparkmagazin.de\/dahme-heideseen\/#\/schema\/person\/c81c96c3a1f5ee7bffff8b8022c105f0","name":"hanssonnenberg","url":"https:\/\/www.naturparkmagazin.de\/dahme-heideseen\/author\/hanssonnenberg\/"}]}},"_links":{"self":[{"href":"https:\/\/www.naturparkmagazin.de\/dahme-heideseen\/wp-json\/wp\/v2\/posts\/1523"}],"collection":[{"href":"https:\/\/www.naturparkmagazin.de\/dahme-heideseen\/wp-json\/wp\/v2\/posts"}],"about":[{"href":"https:\/\/www.naturparkmagazin.de\/dahme-heideseen\/wp-json\/wp\/v2\/types\/post"}],"author":[{"embeddable":true,"href":"https:\/\/www.naturparkmagazin.de\/dahme-heideseen\/wp-json\/wp\/v2\/users\/48"}],"replies":[{"embeddable":true,"href":"https:\/\/www.naturparkmagazin.de\/dahme-heideseen\/wp-json\/wp\/v2\/comments?post=1523"}],"version-history":[{"count":4,"href":"https:\/\/www.naturparkmagazin.de\/dahme-heideseen\/wp-json\/wp\/v2\/posts\/1523\/revisions"}],"predecessor-version":[{"id":1561,"href":"https:\/\/www.naturparkmagazin.de\/dahme-heideseen\/wp-json\/wp\/v2\/posts\/1523\/revisions\/1561"}],"wp:featuredmedia":[{"embeddable":true,"href":"https:\/\/www.naturparkmagazin.de\/dahme-heideseen\/wp-json\/wp\/v2\/media\/1524"}],"wp:attachment":[{"href":"https:\/\/www.naturparkmagazin.de\/dahme-heideseen\/wp-json\/wp\/v2\/media?parent=1523"}],"wp:term":[{"taxonomy":"category","embeddable":true,"href":"https:\/\/www.naturparkmagazin.de\/dahme-heideseen\/wp-json\/wp\/v2\/categories?post=1523"},{"taxonomy":"post_tag","embeddable":true,"href":"https:\/\/www.naturparkmagazin.de\/dahme-heideseen\/wp-json\/wp\/v2\/tags?post=1523"}],"curies":[{"name":"wp","href":"https:\/\/api.w.org\/{rel}","templated":true}]}}