{"id":1536,"date":"2016-05-17T12:43:07","date_gmt":"2016-05-17T10:43:07","guid":{"rendered":"http:\/\/www.naturparkmagazin.de\/dahme-heideseen\/?p=1536"},"modified":"2016-05-25T13:58:21","modified_gmt":"2016-05-25T11:58:21","slug":"lebensraeume-der-extreme","status":"publish","type":"post","link":"https:\/\/www.naturparkmagazin.de\/dahme-heideseen\/lebensraeume-der-extreme\/","title":{"rendered":"Lebensr\u00e4ume der Extreme"},"content":{"rendered":"<p>Ranger-Erlebnis-Tour mit der Naturwacht am 4. Juni 2016<!--more-->\nDie Artenvielfalt einer Moorwiese mit Quellen und Wildorchideen ist genauso interessant und geheimnisvoll wie jene der Trockenheiden und Binnend\u00fcnen. N\u00e4sse und N\u00e4hrstoffmangel, Trockenheit und Hitze haben Pflanzen und Tiere zu ausgekl\u00fcgelten \u00dcberlebensstrategien getrieben.<\/p>\n<p>In diese Extrem-Welten einzutauchen ist das Ziel dieser Exkursion. Die Tour beginnt in einer torfunterlagerten Feuchtwiese und f\u00fchrt nach dem Abendbrot in eine fr\u00fcher milit\u00e4risch genutzte Heidelandschaft mit offener Sandd\u00fcne. Dort beginnt nach Sonnenuntergang die geheimnisvolle Balz des Ziegenmelkers, eines merkw\u00fcrdigen, nachtaktiven Vogels.<\/p>\n<p>04. Juni 2016 &#8211; 15:00\u00a0 bis 23: 00 Uhr<\/p>\n<p>Bitte anmelden bis 28. Mai 2016, die Teilnehmerzahl ist begrenzt<\/p>\n<p>Hinweis:\nAbendbrot in einer regionalen Gastst\u00e4tte im Gr\u00fcnen ist auf eigene Kosten m\u00f6glich<\/p>\n<p>Veranstaltungsort:<\/p>\n<p>Halbe\nRastplatz Massow\n15757 Halbe<\/p>\n<p>Veranstalter\nNaturwacht im Naturpark Dahme-Heideseen\nThomas Mertke\nArnold-Breithor-Stra\u00dfe 8\n15754 Heidesee OT Prieros\nTelefon: +49(0)33768 50118\nE-Mail: dahme-heideseen@naturwacht.de\n<a href=\"http:\/\/www.naturwacht.de\" target=\"_blank\">www.naturwacht.de <\/a><\/p>\n<p>&nbsp;<\/p>\n","protected":false},"excerpt":{"rendered":"<p>Ranger-Erlebnis-Tour mit der Naturwacht am 4. Juni 2016<\/p>\n","protected":false},"author":48,"featured_media":1537,"comment_status":"open","ping_status":"open","sticky":false,"template":"","format":"standard","meta":[],"categories":[11],"tags":[],"yoast_head":"<!-- This site is optimized with the Yoast SEO plugin v19.10 - https:\/\/yoast.com\/wordpress\/plugins\/seo\/ -->\n<title>Lebensr\u00e4ume der Extreme - Naturpark Dahme-Heideseen<\/title>\n<meta name=\"robots\" content=\"index, follow, max-snippet:-1, max-image-preview:large, max-video-preview:-1\" \/>\n<link rel=\"canonical\" href=\"https:\/\/www.naturparkmagazin.de\/dahme-heideseen\/lebensraeume-der-extreme\/\" \/>\n<meta property=\"og:locale\" content=\"de_DE\" \/>\n<meta property=\"og:type\" content=\"article\" \/>\n<meta property=\"og:title\" content=\"Lebensr\u00e4ume der Extreme - Naturpark Dahme-Heideseen\" \/>\n<meta property=\"og:description\" content=\"Ranger-Erlebnis-Tour mit der Naturwacht am 4. Juni 2016\" \/>\n<meta property=\"og:url\" content=\"https:\/\/www.naturparkmagazin.de\/dahme-heideseen\/lebensraeume-der-extreme\/\" \/>\n<meta property=\"og:site_name\" content=\"Naturpark Dahme-Heideseen\" \/>\n<meta property=\"article:published_time\" content=\"2016-05-17T10:43:07+00:00\" \/>\n<meta property=\"article:modified_time\" content=\"2016-05-25T11:58:21+00:00\" \/>\n<meta property=\"og:image\" content=\"https:\/\/www.naturparkmagazin.de\/dahme-heideseen\/wp-content\/uploads\/sites\/37\/Breitbl.-Knabenkraut-_Naturwacht.jpg\" \/>\n\t<meta property=\"og:image:width\" content=\"1024\" \/>\n\t<meta property=\"og:image:height\" content=\"768\" \/>\n\t<meta property=\"og:image:type\" content=\"image\/jpeg\" \/>\n<meta name=\"author\" content=\"hanssonnenberg\" \/>\n<meta name=\"twitter:label1\" content=\"Verfasst von\" \/>\n\t<meta name=\"twitter:data1\" content=\"hanssonnenberg\" \/>\n\t<meta name=\"twitter:label2\" content=\"Gesch\u00e4tzte Lesezeit\" \/>\n\t<meta name=\"twitter:data2\" content=\"1\u00a0Minute\" \/>\n<script type=\"application\/ld+json\" class=\"yoast-schema-graph\">{\"@context\":\"https:\/\/schema.org\",\"@graph\":[{\"@type\":\"WebPage\",\"@id\":\"https:\/\/www.naturparkmagazin.de\/dahme-heideseen\/lebensraeume-der-extreme\/\",\"url\":\"https:\/\/www.naturparkmagazin.de\/dahme-heideseen\/lebensraeume-der-extreme\/\",\"name\":\"Lebensr\u00e4ume der Extreme - Naturpark Dahme-Heideseen\",\"isPartOf\":{\"@id\":\"https:\/\/www.naturparkmagazin.de\/dahme-heideseen\/#website\"},\"datePublished\":\"2016-05-17T10:43:07+00:00\",\"dateModified\":\"2016-05-25T11:58:21+00:00\",\"author\":{\"@id\":\"https:\/\/www.naturparkmagazin.de\/dahme-heideseen\/#\/schema\/person\/c81c96c3a1f5ee7bffff8b8022c105f0\"},\"breadcrumb\":{\"@id\":\"https:\/\/www.naturparkmagazin.de\/dahme-heideseen\/lebensraeume-der-extreme\/#breadcrumb\"},\"inLanguage\":\"de\",\"potentialAction\":[{\"@type\":\"ReadAction\",\"target\":[\"https:\/\/www.naturparkmagazin.de\/dahme-heideseen\/lebensraeume-der-extreme\/\"]}]},{\"@type\":\"BreadcrumbList\",\"@id\":\"https:\/\/www.naturparkmagazin.de\/dahme-heideseen\/lebensraeume-der-extreme\/#breadcrumb\",\"itemListElement\":[{\"@type\":\"ListItem\",\"position\":1,\"name\":\"Home\",\"item\":\"https:\/\/www.naturparkmagazin.de\/dahme-heideseen\/\"},{\"@type\":\"ListItem\",\"position\":2,\"name\":\"Lebensr\u00e4ume der Extreme\"}]},{\"@type\":\"WebSite\",\"@id\":\"https:\/\/www.naturparkmagazin.de\/dahme-heideseen\/#website\",\"url\":\"https:\/\/www.naturparkmagazin.de\/dahme-heideseen\/\",\"name\":\"Naturpark Dahme-Heideseen\",\"description\":\"\",\"potentialAction\":[{\"@type\":\"SearchAction\",\"target\":{\"@type\":\"EntryPoint\",\"urlTemplate\":\"https:\/\/www.naturparkmagazin.de\/dahme-heideseen\/?s={search_term_string}\"},\"query-input\":\"required name=search_term_string\"}],\"inLanguage\":\"de\"},{\"@type\":\"Person\",\"@id\":\"https:\/\/www.naturparkmagazin.de\/dahme-heideseen\/#\/schema\/person\/c81c96c3a1f5ee7bffff8b8022c105f0\",\"name\":\"hanssonnenberg\",\"url\":\"https:\/\/www.naturparkmagazin.de\/dahme-heideseen\/author\/hanssonnenberg\/\"}]}<\/script>\n<!-- \/ Yoast SEO plugin. -->","yoast_head_json":{"title":"Lebensr\u00e4ume der Extreme - Naturpark Dahme-Heideseen","robots":{"index":"index","follow":"follow","max-snippet":"max-snippet:-1","max-image-preview":"max-image-preview:large","max-video-preview":"max-video-preview:-1"},"canonical":"https:\/\/www.naturparkmagazin.de\/dahme-heideseen\/lebensraeume-der-extreme\/","og_locale":"de_DE","og_type":"article","og_title":"Lebensr\u00e4ume der Extreme - Naturpark Dahme-Heideseen","og_description":"Ranger-Erlebnis-Tour mit der Naturwacht am 4. Juni 2016","og_url":"https:\/\/www.naturparkmagazin.de\/dahme-heideseen\/lebensraeume-der-extreme\/","og_site_name":"Naturpark Dahme-Heideseen","article_published_time":"2016-05-17T10:43:07+00:00","article_modified_time":"2016-05-25T11:58:21+00:00","og_image":[{"width":1024,"height":768,"url":"https:\/\/www.naturparkmagazin.de\/dahme-heideseen\/wp-content\/uploads\/sites\/37\/Breitbl.-Knabenkraut-_Naturwacht.jpg","type":"image\/jpeg"}],"author":"hanssonnenberg","twitter_misc":{"Verfasst von":"hanssonnenberg","Gesch\u00e4tzte Lesezeit":"1\u00a0Minute"},"schema":{"@context":"https:\/\/schema.org","@graph":[{"@type":"WebPage","@id":"https:\/\/www.naturparkmagazin.de\/dahme-heideseen\/lebensraeume-der-extreme\/","url":"https:\/\/www.naturparkmagazin.de\/dahme-heideseen\/lebensraeume-der-extreme\/","name":"Lebensr\u00e4ume der Extreme - Naturpark Dahme-Heideseen","isPartOf":{"@id":"https:\/\/www.naturparkmagazin.de\/dahme-heideseen\/#website"},"datePublished":"2016-05-17T10:43:07+00:00","dateModified":"2016-05-25T11:58:21+00:00","author":{"@id":"https:\/\/www.naturparkmagazin.de\/dahme-heideseen\/#\/schema\/person\/c81c96c3a1f5ee7bffff8b8022c105f0"},"breadcrumb":{"@id":"https:\/\/www.naturparkmagazin.de\/dahme-heideseen\/lebensraeume-der-extreme\/#breadcrumb"},"inLanguage":"de","potentialAction":[{"@type":"ReadAction","target":["https:\/\/www.naturparkmagazin.de\/dahme-heideseen\/lebensraeume-der-extreme\/"]}]},{"@type":"BreadcrumbList","@id":"https:\/\/www.naturparkmagazin.de\/dahme-heideseen\/lebensraeume-der-extreme\/#breadcrumb","itemListElement":[{"@type":"ListItem","position":1,"name":"Home","item":"https:\/\/www.naturparkmagazin.de\/dahme-heideseen\/"},{"@type":"ListItem","position":2,"name":"Lebensr\u00e4ume der Extreme"}]},{"@type":"WebSite","@id":"https:\/\/www.naturparkmagazin.de\/dahme-heideseen\/#website","url":"https:\/\/www.naturparkmagazin.de\/dahme-heideseen\/","name":"Naturpark Dahme-Heideseen","description":"","potentialAction":[{"@type":"SearchAction","target":{"@type":"EntryPoint","urlTemplate":"https:\/\/www.naturparkmagazin.de\/dahme-heideseen\/?s={search_term_string}"},"query-input":"required name=search_term_string"}],"inLanguage":"de"},{"@type":"Person","@id":"https:\/\/www.naturparkmagazin.de\/dahme-heideseen\/#\/schema\/person\/c81c96c3a1f5ee7bffff8b8022c105f0","name":"hanssonnenberg","url":"https:\/\/www.naturparkmagazin.de\/dahme-heideseen\/author\/hanssonnenberg\/"}]}},"_links":{"self":[{"href":"https:\/\/www.naturparkmagazin.de\/dahme-heideseen\/wp-json\/wp\/v2\/posts\/1536"}],"collection":[{"href":"https:\/\/www.naturparkmagazin.de\/dahme-heideseen\/wp-json\/wp\/v2\/posts"}],"about":[{"href":"https:\/\/www.naturparkmagazin.de\/dahme-heideseen\/wp-json\/wp\/v2\/types\/post"}],"author":[{"embeddable":true,"href":"https:\/\/www.naturparkmagazin.de\/dahme-heideseen\/wp-json\/wp\/v2\/users\/48"}],"replies":[{"embeddable":true,"href":"https:\/\/www.naturparkmagazin.de\/dahme-heideseen\/wp-json\/wp\/v2\/comments?post=1536"}],"version-history":[{"count":3,"href":"https:\/\/www.naturparkmagazin.de\/dahme-heideseen\/wp-json\/wp\/v2\/posts\/1536\/revisions"}],"predecessor-version":[{"id":1565,"href":"https:\/\/www.naturparkmagazin.de\/dahme-heideseen\/wp-json\/wp\/v2\/posts\/1536\/revisions\/1565"}],"wp:featuredmedia":[{"embeddable":true,"href":"https:\/\/www.naturparkmagazin.de\/dahme-heideseen\/wp-json\/wp\/v2\/media\/1537"}],"wp:attachment":[{"href":"https:\/\/www.naturparkmagazin.de\/dahme-heideseen\/wp-json\/wp\/v2\/media?parent=1536"}],"wp:term":[{"taxonomy":"category","embeddable":true,"href":"https:\/\/www.naturparkmagazin.de\/dahme-heideseen\/wp-json\/wp\/v2\/categories?post=1536"},{"taxonomy":"post_tag","embeddable":true,"href":"https:\/\/www.naturparkmagazin.de\/dahme-heideseen\/wp-json\/wp\/v2\/tags?post=1536"}],"curies":[{"name":"wp","href":"https:\/\/api.w.org\/{rel}","templated":true}]}}