{"id":1580,"date":"2018-05-10T13:48:51","date_gmt":"2018-05-10T11:48:51","guid":{"rendered":"http:\/\/www.naturparkmagazin.de\/dahme-heideseen\/?p=1580"},"modified":"2018-05-11T14:41:19","modified_gmt":"2018-05-11T12:41:19","slug":"sommerfest-im-biogarten","status":"publish","type":"post","link":"https:\/\/www.naturparkmagazin.de\/dahme-heideseen\/sommerfest-im-biogarten\/","title":{"rendered":"Sommerfest im Biogarten"},"content":{"rendered":"<p>Am 30. Juni 2018 ist es wieder soweit, der Biogarten Prieros l\u00e4dt von 14 bis 19 Uhr ein zum Sommerfest.<!--more--><\/p>\n<p>Bei Kaffee und Kuchen, k\u00fchlen Getr\u00e4nken und Musik soll der Sommer im Biogarten begr\u00fc\u00dft werden. Die Tage sind nun am l\u00e4ngsten und der Garten steht in voller \u00dcppigkeit und Sommerpracht. F\u00fchrungen durch den Garten und Fachgespr\u00e4che sollen den Nachmittag auch in g\u00e4rtnerischer Hinsicht zu einem Highlight machen, daneben laden Spiel und Spa\u00df zu einem vergn\u00fcglichen Ereignis f\u00fcr alle Jungen und Junggebliebenen.<\/p>\n<div id=\"attachment_1974\" style=\"width: 630px\" class=\"wp-caption aligncenter\"><a href=\"https:\/\/www.naturparkmagazin.de\/dahme-heideseen\/wp-content\/uploads\/sites\/37\/npdh_Sommerfest-Biogarten_sonnenberg.JPG.jpg\"><img aria-describedby=\"caption-attachment-1974\" decoding=\"async\" loading=\"lazy\" class=\"size-medium wp-image-1974\" src=\"https:\/\/www.naturparkmagazin.de\/dahme-heideseen\/wp-content\/uploads\/sites\/37\/npdh_Sommerfest-Biogarten_sonnenberg.JPG-620x417.jpg\" alt=\"Ob Sonne pur oder Regen satt: Frohe Stimmung beim Sommerfest im Biogarten (Foto: Sonnenberg)\" width=\"620\" height=\"417\" srcset=\"https:\/\/www.naturparkmagazin.de\/dahme-heideseen\/wp-content\/uploads\/sites\/37\/npdh_Sommerfest-Biogarten_sonnenberg.JPG-620x417.jpg 620w, https:\/\/www.naturparkmagazin.de\/dahme-heideseen\/wp-content\/uploads\/sites\/37\/npdh_Sommerfest-Biogarten_sonnenberg.JPG-300x202.jpg 300w, https:\/\/www.naturparkmagazin.de\/dahme-heideseen\/wp-content\/uploads\/sites\/37\/npdh_Sommerfest-Biogarten_sonnenberg.JPG-200x134.jpg 200w, https:\/\/www.naturparkmagazin.de\/dahme-heideseen\/wp-content\/uploads\/sites\/37\/npdh_Sommerfest-Biogarten_sonnenberg.JPG.jpg 640w\" sizes=\"(max-width: 620px) 100vw, 620px\" \/><\/a><p id=\"caption-attachment-1974\" class=\"wp-caption-text\">Ob Sonne pur oder Regen satt: Frohe Stimmung beim Sommerfest im Biogarten (Foto: Sonnenberg)<\/p><\/div>\n<p>Leitung: Team des Biogartens in Kooperation mit der Volkshochschule<\/p>\n<p>Biogarten Prieros\nM\u00fchlendamm 14\n15754 Heidesee OT Prieros<\/p>\n<dl class=\"contact\">\n<dt class=\"phone\"><span class=\"accessibility\">Telefon <\/span>+49 (0) 3376850130<\/dt>\n<dt class=\"fax\"><span class=\"accessibility\">Fax <\/span>+49 (0)033768208931<\/dt>\n<dt class=\"mail\"><span class=\"accessibility\">E-Mail <\/span><a href=\"http:\/\/www.dahme-heideseen-naturpark.de\/service\/kontakt\/?tx_snmlugv_pi6%5Bcontact%5D=2621&amp;tx_snmlugv_pi6%5Bdate%5D=1\">biogarten(at)vgsdahme-spreewald(dot)de <\/a><\/dt>\n<dt class=\"www\"><span class=\"accessibility\">Internet <\/span><a href=\"http:\/\/www.biogartenprieros.de\/biogarten\/biogarten.html\" target=\"_blank\">http:\/\/www.biogartenprieros.de\/biogarten\/biogarten.html<\/a><\/dt>\n<\/dl>\n<h3>Veranstalter<\/h3>\n<p><strong>Volkshochschule Dahme-Spreewald<\/strong>\nKai Berdermann\nLogenstra\u00dfe 17\n15907 L\u00fcbben<\/p>\n<dl class=\"contact\">\n<dt class=\"phone\"><span class=\"accessibility\">Telefon <\/span>+49 ( 03546) 201060\/61<\/dt>\n<dt class=\"fax\"><span class=\"accessibility\">Fax <\/span>+49 (03546) 201059<\/dt>\n<dt class=\"mail\"><span class=\"accessibility\">E-Mail <\/span><a href=\"http:\/\/www.dahme-heideseen-naturpark.de\/service\/kontakt\/?tx_snmlugv_pi6%5Bcontact%5D=2621&amp;tx_snmlugv_pi6%5Bdate%5D=1\">vhs(at)dahme-spreewald(dot)de <\/a><\/dt>\n<dt class=\"www\"><span class=\"accessibility\">Internet <\/span><a href=\"http:\/\/www.vhs-dahme-spreewald.de\" target=\"_blank\">http:\/\/www.vhs-dahme-spreewald.de<\/a><\/dt>\n<\/dl>\n","protected":false},"excerpt":{"rendered":"<p>Am 2. Juli ist es wieder soweit, der Biogarten Prieros l\u00e4dt von 14 bis 20 Uhr ein zum Sommerfest.<\/p>\n","protected":false},"author":48,"featured_media":1974,"comment_status":"open","ping_status":"open","sticky":false,"template":"","format":"standard","meta":[],"categories":[11],"tags":[],"yoast_head":"<!-- This site is optimized with the Yoast SEO plugin v19.10 - https:\/\/yoast.com\/wordpress\/plugins\/seo\/ -->\n<title>Sommerfest im Biogarten - Naturpark Dahme-Heideseen<\/title>\n<meta name=\"robots\" content=\"index, follow, max-snippet:-1, max-image-preview:large, max-video-preview:-1\" \/>\n<link rel=\"canonical\" href=\"https:\/\/www.naturparkmagazin.de\/dahme-heideseen\/sommerfest-im-biogarten\/\" \/>\n<meta property=\"og:locale\" content=\"de_DE\" \/>\n<meta property=\"og:type\" content=\"article\" \/>\n<meta property=\"og:title\" content=\"Sommerfest im Biogarten - Naturpark Dahme-Heideseen\" \/>\n<meta property=\"og:description\" content=\"Am 2. Juli ist es wieder soweit, der Biogarten Prieros l\u00e4dt von 14 bis 20 Uhr ein zum Sommerfest.\" \/>\n<meta property=\"og:url\" content=\"https:\/\/www.naturparkmagazin.de\/dahme-heideseen\/sommerfest-im-biogarten\/\" \/>\n<meta property=\"og:site_name\" content=\"Naturpark Dahme-Heideseen\" \/>\n<meta property=\"article:published_time\" content=\"2018-05-10T11:48:51+00:00\" \/>\n<meta property=\"article:modified_time\" content=\"2018-05-11T12:41:19+00:00\" \/>\n<meta property=\"og:image\" content=\"https:\/\/www.naturparkmagazin.de\/dahme-heideseen\/wp-content\/uploads\/sites\/37\/npdh_Sommerfest-Biogarten_sonnenberg.JPG.jpg\" \/>\n\t<meta property=\"og:image:width\" content=\"640\" \/>\n\t<meta property=\"og:image:height\" content=\"430\" \/>\n\t<meta property=\"og:image:type\" content=\"image\/jpeg\" \/>\n<meta name=\"author\" content=\"hanssonnenberg\" \/>\n<meta name=\"twitter:label1\" content=\"Verfasst von\" \/>\n\t<meta name=\"twitter:data1\" content=\"hanssonnenberg\" \/>\n\t<meta name=\"twitter:label2\" content=\"Gesch\u00e4tzte Lesezeit\" \/>\n\t<meta name=\"twitter:data2\" content=\"1\u00a0Minute\" \/>\n<script type=\"application\/ld+json\" class=\"yoast-schema-graph\">{\"@context\":\"https:\/\/schema.org\",\"@graph\":[{\"@type\":\"WebPage\",\"@id\":\"https:\/\/www.naturparkmagazin.de\/dahme-heideseen\/sommerfest-im-biogarten\/\",\"url\":\"https:\/\/www.naturparkmagazin.de\/dahme-heideseen\/sommerfest-im-biogarten\/\",\"name\":\"Sommerfest im Biogarten - Naturpark Dahme-Heideseen\",\"isPartOf\":{\"@id\":\"https:\/\/www.naturparkmagazin.de\/dahme-heideseen\/#website\"},\"datePublished\":\"2018-05-10T11:48:51+00:00\",\"dateModified\":\"2018-05-11T12:41:19+00:00\",\"author\":{\"@id\":\"https:\/\/www.naturparkmagazin.de\/dahme-heideseen\/#\/schema\/person\/c81c96c3a1f5ee7bffff8b8022c105f0\"},\"breadcrumb\":{\"@id\":\"https:\/\/www.naturparkmagazin.de\/dahme-heideseen\/sommerfest-im-biogarten\/#breadcrumb\"},\"inLanguage\":\"de\",\"potentialAction\":[{\"@type\":\"ReadAction\",\"target\":[\"https:\/\/www.naturparkmagazin.de\/dahme-heideseen\/sommerfest-im-biogarten\/\"]}]},{\"@type\":\"BreadcrumbList\",\"@id\":\"https:\/\/www.naturparkmagazin.de\/dahme-heideseen\/sommerfest-im-biogarten\/#breadcrumb\",\"itemListElement\":[{\"@type\":\"ListItem\",\"position\":1,\"name\":\"Home\",\"item\":\"https:\/\/www.naturparkmagazin.de\/dahme-heideseen\/\"},{\"@type\":\"ListItem\",\"position\":2,\"name\":\"Sommerfest im Biogarten\"}]},{\"@type\":\"WebSite\",\"@id\":\"https:\/\/www.naturparkmagazin.de\/dahme-heideseen\/#website\",\"url\":\"https:\/\/www.naturparkmagazin.de\/dahme-heideseen\/\",\"name\":\"Naturpark Dahme-Heideseen\",\"description\":\"\",\"potentialAction\":[{\"@type\":\"SearchAction\",\"target\":{\"@type\":\"EntryPoint\",\"urlTemplate\":\"https:\/\/www.naturparkmagazin.de\/dahme-heideseen\/?s={search_term_string}\"},\"query-input\":\"required name=search_term_string\"}],\"inLanguage\":\"de\"},{\"@type\":\"Person\",\"@id\":\"https:\/\/www.naturparkmagazin.de\/dahme-heideseen\/#\/schema\/person\/c81c96c3a1f5ee7bffff8b8022c105f0\",\"name\":\"hanssonnenberg\",\"url\":\"https:\/\/www.naturparkmagazin.de\/dahme-heideseen\/author\/hanssonnenberg\/\"}]}<\/script>\n<!-- \/ Yoast SEO plugin. -->","yoast_head_json":{"title":"Sommerfest im Biogarten - Naturpark Dahme-Heideseen","robots":{"index":"index","follow":"follow","max-snippet":"max-snippet:-1","max-image-preview":"max-image-preview:large","max-video-preview":"max-video-preview:-1"},"canonical":"https:\/\/www.naturparkmagazin.de\/dahme-heideseen\/sommerfest-im-biogarten\/","og_locale":"de_DE","og_type":"article","og_title":"Sommerfest im Biogarten - Naturpark Dahme-Heideseen","og_description":"Am 2. Juli ist es wieder soweit, der Biogarten Prieros l\u00e4dt von 14 bis 20 Uhr ein zum Sommerfest.","og_url":"https:\/\/www.naturparkmagazin.de\/dahme-heideseen\/sommerfest-im-biogarten\/","og_site_name":"Naturpark Dahme-Heideseen","article_published_time":"2018-05-10T11:48:51+00:00","article_modified_time":"2018-05-11T12:41:19+00:00","og_image":[{"width":640,"height":430,"url":"https:\/\/www.naturparkmagazin.de\/dahme-heideseen\/wp-content\/uploads\/sites\/37\/npdh_Sommerfest-Biogarten_sonnenberg.JPG.jpg","type":"image\/jpeg"}],"author":"hanssonnenberg","twitter_misc":{"Verfasst von":"hanssonnenberg","Gesch\u00e4tzte Lesezeit":"1\u00a0Minute"},"schema":{"@context":"https:\/\/schema.org","@graph":[{"@type":"WebPage","@id":"https:\/\/www.naturparkmagazin.de\/dahme-heideseen\/sommerfest-im-biogarten\/","url":"https:\/\/www.naturparkmagazin.de\/dahme-heideseen\/sommerfest-im-biogarten\/","name":"Sommerfest im Biogarten - Naturpark Dahme-Heideseen","isPartOf":{"@id":"https:\/\/www.naturparkmagazin.de\/dahme-heideseen\/#website"},"datePublished":"2018-05-10T11:48:51+00:00","dateModified":"2018-05-11T12:41:19+00:00","author":{"@id":"https:\/\/www.naturparkmagazin.de\/dahme-heideseen\/#\/schema\/person\/c81c96c3a1f5ee7bffff8b8022c105f0"},"breadcrumb":{"@id":"https:\/\/www.naturparkmagazin.de\/dahme-heideseen\/sommerfest-im-biogarten\/#breadcrumb"},"inLanguage":"de","potentialAction":[{"@type":"ReadAction","target":["https:\/\/www.naturparkmagazin.de\/dahme-heideseen\/sommerfest-im-biogarten\/"]}]},{"@type":"BreadcrumbList","@id":"https:\/\/www.naturparkmagazin.de\/dahme-heideseen\/sommerfest-im-biogarten\/#breadcrumb","itemListElement":[{"@type":"ListItem","position":1,"name":"Home","item":"https:\/\/www.naturparkmagazin.de\/dahme-heideseen\/"},{"@type":"ListItem","position":2,"name":"Sommerfest im Biogarten"}]},{"@type":"WebSite","@id":"https:\/\/www.naturparkmagazin.de\/dahme-heideseen\/#website","url":"https:\/\/www.naturparkmagazin.de\/dahme-heideseen\/","name":"Naturpark Dahme-Heideseen","description":"","potentialAction":[{"@type":"SearchAction","target":{"@type":"EntryPoint","urlTemplate":"https:\/\/www.naturparkmagazin.de\/dahme-heideseen\/?s={search_term_string}"},"query-input":"required name=search_term_string"}],"inLanguage":"de"},{"@type":"Person","@id":"https:\/\/www.naturparkmagazin.de\/dahme-heideseen\/#\/schema\/person\/c81c96c3a1f5ee7bffff8b8022c105f0","name":"hanssonnenberg","url":"https:\/\/www.naturparkmagazin.de\/dahme-heideseen\/author\/hanssonnenberg\/"}]}},"_links":{"self":[{"href":"https:\/\/www.naturparkmagazin.de\/dahme-heideseen\/wp-json\/wp\/v2\/posts\/1580"}],"collection":[{"href":"https:\/\/www.naturparkmagazin.de\/dahme-heideseen\/wp-json\/wp\/v2\/posts"}],"about":[{"href":"https:\/\/www.naturparkmagazin.de\/dahme-heideseen\/wp-json\/wp\/v2\/types\/post"}],"author":[{"embeddable":true,"href":"https:\/\/www.naturparkmagazin.de\/dahme-heideseen\/wp-json\/wp\/v2\/users\/48"}],"replies":[{"embeddable":true,"href":"https:\/\/www.naturparkmagazin.de\/dahme-heideseen\/wp-json\/wp\/v2\/comments?post=1580"}],"version-history":[{"count":5,"href":"https:\/\/www.naturparkmagazin.de\/dahme-heideseen\/wp-json\/wp\/v2\/posts\/1580\/revisions"}],"predecessor-version":[{"id":2552,"href":"https:\/\/www.naturparkmagazin.de\/dahme-heideseen\/wp-json\/wp\/v2\/posts\/1580\/revisions\/2552"}],"wp:featuredmedia":[{"embeddable":true,"href":"https:\/\/www.naturparkmagazin.de\/dahme-heideseen\/wp-json\/wp\/v2\/media\/1974"}],"wp:attachment":[{"href":"https:\/\/www.naturparkmagazin.de\/dahme-heideseen\/wp-json\/wp\/v2\/media?parent=1580"}],"wp:term":[{"taxonomy":"category","embeddable":true,"href":"https:\/\/www.naturparkmagazin.de\/dahme-heideseen\/wp-json\/wp\/v2\/categories?post=1580"},{"taxonomy":"post_tag","embeddable":true,"href":"https:\/\/www.naturparkmagazin.de\/dahme-heideseen\/wp-json\/wp\/v2\/tags?post=1580"}],"curies":[{"name":"wp","href":"https:\/\/api.w.org\/{rel}","templated":true}]}}