{"id":1588,"date":"2016-06-16T14:13:42","date_gmt":"2016-06-16T12:13:42","guid":{"rendered":"http:\/\/www.naturparkmagazin.de\/dahme-heideseen\/?p=1588"},"modified":"2016-06-21T15:37:15","modified_gmt":"2016-06-21T13:37:15","slug":"prieroser-schule-gewinnt-schulgartenwettbewerb","status":"publish","type":"post","link":"https:\/\/www.naturparkmagazin.de\/dahme-heideseen\/prieroser-schule-gewinnt-schulgartenwettbewerb\/","title":{"rendered":"Prieroser Schule gewinnt Schulgartenwettbewerb"},"content":{"rendered":"<p>Der Schulgarten Prieros hat mit seinem Konzept f\u00fcr einen naturnahen Schulgarten unter fast 300 Bewerbern den diesj\u00e4hrigen bundesweiten Schulgartenwettbewerb gewonnen. <!--more--><\/p>\n<p>Die Kriterien waren:\n\u2022 naturbewusstes Denken und Handeln\n\u2022 ad\u00e4quate Bepflanzung und Pflege des Gartens unter Ber\u00fccksichtigung von regionalen\nund klimatischen Bedingungen\n\u2022 Integration des Schulgartens in den Schulalltag\n\u2022 kreative Gestaltung des Gartens<\/p>\n<p>Das Leitthema des Wettbewerbs war die Biodiversit\u00e4t im Garten. Die Lebensbereiche &#8222;Kleiner&#8220; Teich, &#8222;Trockenbeet und Wildgeh\u00f6lzsaum d\u00fcrfen nun in ihrer Bestimmung qualifiziert werden.<\/p>\n<div id=\"attachment_1596\" style=\"width: 630px\" class=\"wp-caption aligncenter\"><a href=\"https:\/\/www.naturparkmagazin.de\/dahme-heideseen\/wp-content\/uploads\/sites\/37\/npdh_schulgarten_prieros_201606_sonnenberg.jpg\"><img aria-describedby=\"caption-attachment-1596\" decoding=\"async\" loading=\"lazy\" class=\"size-medium wp-image-1596\" src=\"https:\/\/www.naturparkmagazin.de\/dahme-heideseen\/wp-content\/uploads\/sites\/37\/npdh_schulgarten_prieros_201606_sonnenberg-620x464.jpg\" alt=\"Unterricht geht auch im Freien - Schulgarten in Prieros (Foto: Sonnenberg)\" width=\"620\" height=\"464\" srcset=\"https:\/\/www.naturparkmagazin.de\/dahme-heideseen\/wp-content\/uploads\/sites\/37\/npdh_schulgarten_prieros_201606_sonnenberg-620x464.jpg 620w, https:\/\/www.naturparkmagazin.de\/dahme-heideseen\/wp-content\/uploads\/sites\/37\/npdh_schulgarten_prieros_201606_sonnenberg-300x225.jpg 300w, https:\/\/www.naturparkmagazin.de\/dahme-heideseen\/wp-content\/uploads\/sites\/37\/npdh_schulgarten_prieros_201606_sonnenberg-580x435.jpg 580w, https:\/\/www.naturparkmagazin.de\/dahme-heideseen\/wp-content\/uploads\/sites\/37\/npdh_schulgarten_prieros_201606_sonnenberg-420x315.jpg 420w, https:\/\/www.naturparkmagazin.de\/dahme-heideseen\/wp-content\/uploads\/sites\/37\/npdh_schulgarten_prieros_201606_sonnenberg-180x135.jpg 180w, https:\/\/www.naturparkmagazin.de\/dahme-heideseen\/wp-content\/uploads\/sites\/37\/npdh_schulgarten_prieros_201606_sonnenberg-95x71.jpg 95w, https:\/\/www.naturparkmagazin.de\/dahme-heideseen\/wp-content\/uploads\/sites\/37\/npdh_schulgarten_prieros_201606_sonnenberg-200x150.jpg 200w, https:\/\/www.naturparkmagazin.de\/dahme-heideseen\/wp-content\/uploads\/sites\/37\/npdh_schulgarten_prieros_201606_sonnenberg.jpg 640w\" sizes=\"(max-width: 620px) 100vw, 620px\" \/><\/a><p id=\"caption-attachment-1596\" class=\"wp-caption-text\">Unterricht geht auch im Freien &#8211; Schulgarten in Prieros (Foto: Sonnenberg)<\/p><\/div>\n<p><a href=\"https:\/\/www.naturparkmagazin.de\/dahme-heideseen\/wp-content\/uploads\/sites\/37\/schulgarten-prieros.jpg\"><img decoding=\"async\" loading=\"lazy\" class=\"aligncenter size-medium wp-image-1589\" src=\"https:\/\/www.naturparkmagazin.de\/dahme-heideseen\/wp-content\/uploads\/sites\/37\/schulgarten-prieros-620x438.jpg\" alt=\"schulgarten prieros\" width=\"620\" height=\"438\" srcset=\"https:\/\/www.naturparkmagazin.de\/dahme-heideseen\/wp-content\/uploads\/sites\/37\/schulgarten-prieros-620x438.jpg 620w, https:\/\/www.naturparkmagazin.de\/dahme-heideseen\/wp-content\/uploads\/sites\/37\/schulgarten-prieros-300x212.jpg 300w, https:\/\/www.naturparkmagazin.de\/dahme-heideseen\/wp-content\/uploads\/sites\/37\/schulgarten-prieros-200x141.jpg 200w, https:\/\/www.naturparkmagazin.de\/dahme-heideseen\/wp-content\/uploads\/sites\/37\/schulgarten-prieros.jpg 640w\" sizes=\"(max-width: 620px) 100vw, 620px\" \/><\/a><\/p>\n<p>&nbsp;<\/p>\n<p><a href=\"http:\/\/www.capri-sonne.com\/de-de\/produkte\/bio-produkte\/schulgartenwettbewerb_2016\/\" target=\"_blank\">Schulgartenwettbewerb 2016<\/a><\/p>\n<p>&nbsp;<\/p>\n","protected":false},"excerpt":{"rendered":"<p>Der Schulgarten Prieros hat mit seinem Konzept f\u00fcr einen naturnahen Schulgarten unter fast 300 Bewerbern den diesj\u00e4hrigen bundesweiten Schulgartenwettbewerb gewonnen. <\/p>\n","protected":false},"author":48,"featured_media":1596,"comment_status":"open","ping_status":"open","sticky":false,"template":"","format":"standard","meta":[],"categories":[7],"tags":[],"yoast_head":"<!-- This site is optimized with the Yoast SEO plugin v19.10 - https:\/\/yoast.com\/wordpress\/plugins\/seo\/ -->\n<title>Prieroser Schule gewinnt Schulgartenwettbewerb - Naturpark Dahme-Heideseen<\/title>\n<meta name=\"robots\" content=\"index, follow, max-snippet:-1, max-image-preview:large, max-video-preview:-1\" \/>\n<link rel=\"canonical\" href=\"https:\/\/www.naturparkmagazin.de\/dahme-heideseen\/prieroser-schule-gewinnt-schulgartenwettbewerb\/\" \/>\n<meta property=\"og:locale\" content=\"de_DE\" \/>\n<meta property=\"og:type\" content=\"article\" \/>\n<meta property=\"og:title\" content=\"Prieroser Schule gewinnt Schulgartenwettbewerb - Naturpark Dahme-Heideseen\" \/>\n<meta property=\"og:description\" content=\"Der Schulgarten Prieros hat mit seinem Konzept f\u00fcr einen naturnahen Schulgarten unter fast 300 Bewerbern den diesj\u00e4hrigen bundesweiten Schulgartenwettbewerb gewonnen.\" \/>\n<meta property=\"og:url\" content=\"https:\/\/www.naturparkmagazin.de\/dahme-heideseen\/prieroser-schule-gewinnt-schulgartenwettbewerb\/\" \/>\n<meta property=\"og:site_name\" content=\"Naturpark Dahme-Heideseen\" \/>\n<meta property=\"article:published_time\" content=\"2016-06-16T12:13:42+00:00\" \/>\n<meta property=\"article:modified_time\" content=\"2016-06-21T13:37:15+00:00\" \/>\n<meta property=\"og:image\" content=\"https:\/\/www.naturparkmagazin.de\/dahme-heideseen\/wp-content\/uploads\/sites\/37\/npdh_schulgarten_prieros_201606_sonnenberg.jpg\" \/>\n\t<meta property=\"og:image:width\" content=\"640\" \/>\n\t<meta property=\"og:image:height\" content=\"479\" \/>\n\t<meta property=\"og:image:type\" content=\"image\/jpeg\" \/>\n<meta name=\"author\" content=\"hanssonnenberg\" \/>\n<meta name=\"twitter:label1\" content=\"Verfasst von\" \/>\n\t<meta name=\"twitter:data1\" content=\"hanssonnenberg\" \/>\n\t<meta name=\"twitter:label2\" content=\"Gesch\u00e4tzte Lesezeit\" \/>\n\t<meta name=\"twitter:data2\" content=\"1\u00a0Minute\" \/>\n<script type=\"application\/ld+json\" class=\"yoast-schema-graph\">{\"@context\":\"https:\/\/schema.org\",\"@graph\":[{\"@type\":\"WebPage\",\"@id\":\"https:\/\/www.naturparkmagazin.de\/dahme-heideseen\/prieroser-schule-gewinnt-schulgartenwettbewerb\/\",\"url\":\"https:\/\/www.naturparkmagazin.de\/dahme-heideseen\/prieroser-schule-gewinnt-schulgartenwettbewerb\/\",\"name\":\"Prieroser Schule gewinnt Schulgartenwettbewerb - Naturpark Dahme-Heideseen\",\"isPartOf\":{\"@id\":\"https:\/\/www.naturparkmagazin.de\/dahme-heideseen\/#website\"},\"datePublished\":\"2016-06-16T12:13:42+00:00\",\"dateModified\":\"2016-06-21T13:37:15+00:00\",\"author\":{\"@id\":\"https:\/\/www.naturparkmagazin.de\/dahme-heideseen\/#\/schema\/person\/c81c96c3a1f5ee7bffff8b8022c105f0\"},\"breadcrumb\":{\"@id\":\"https:\/\/www.naturparkmagazin.de\/dahme-heideseen\/prieroser-schule-gewinnt-schulgartenwettbewerb\/#breadcrumb\"},\"inLanguage\":\"de\",\"potentialAction\":[{\"@type\":\"ReadAction\",\"target\":[\"https:\/\/www.naturparkmagazin.de\/dahme-heideseen\/prieroser-schule-gewinnt-schulgartenwettbewerb\/\"]}]},{\"@type\":\"BreadcrumbList\",\"@id\":\"https:\/\/www.naturparkmagazin.de\/dahme-heideseen\/prieroser-schule-gewinnt-schulgartenwettbewerb\/#breadcrumb\",\"itemListElement\":[{\"@type\":\"ListItem\",\"position\":1,\"name\":\"Home\",\"item\":\"https:\/\/www.naturparkmagazin.de\/dahme-heideseen\/\"},{\"@type\":\"ListItem\",\"position\":2,\"name\":\"Prieroser Schule gewinnt Schulgartenwettbewerb\"}]},{\"@type\":\"WebSite\",\"@id\":\"https:\/\/www.naturparkmagazin.de\/dahme-heideseen\/#website\",\"url\":\"https:\/\/www.naturparkmagazin.de\/dahme-heideseen\/\",\"name\":\"Naturpark Dahme-Heideseen\",\"description\":\"\",\"potentialAction\":[{\"@type\":\"SearchAction\",\"target\":{\"@type\":\"EntryPoint\",\"urlTemplate\":\"https:\/\/www.naturparkmagazin.de\/dahme-heideseen\/?s={search_term_string}\"},\"query-input\":\"required name=search_term_string\"}],\"inLanguage\":\"de\"},{\"@type\":\"Person\",\"@id\":\"https:\/\/www.naturparkmagazin.de\/dahme-heideseen\/#\/schema\/person\/c81c96c3a1f5ee7bffff8b8022c105f0\",\"name\":\"hanssonnenberg\",\"url\":\"https:\/\/www.naturparkmagazin.de\/dahme-heideseen\/author\/hanssonnenberg\/\"}]}<\/script>\n<!-- \/ Yoast SEO plugin. -->","yoast_head_json":{"title":"Prieroser Schule gewinnt Schulgartenwettbewerb - Naturpark Dahme-Heideseen","robots":{"index":"index","follow":"follow","max-snippet":"max-snippet:-1","max-image-preview":"max-image-preview:large","max-video-preview":"max-video-preview:-1"},"canonical":"https:\/\/www.naturparkmagazin.de\/dahme-heideseen\/prieroser-schule-gewinnt-schulgartenwettbewerb\/","og_locale":"de_DE","og_type":"article","og_title":"Prieroser Schule gewinnt Schulgartenwettbewerb - Naturpark Dahme-Heideseen","og_description":"Der Schulgarten Prieros hat mit seinem Konzept f\u00fcr einen naturnahen Schulgarten unter fast 300 Bewerbern den diesj\u00e4hrigen bundesweiten Schulgartenwettbewerb gewonnen.","og_url":"https:\/\/www.naturparkmagazin.de\/dahme-heideseen\/prieroser-schule-gewinnt-schulgartenwettbewerb\/","og_site_name":"Naturpark Dahme-Heideseen","article_published_time":"2016-06-16T12:13:42+00:00","article_modified_time":"2016-06-21T13:37:15+00:00","og_image":[{"width":640,"height":479,"url":"https:\/\/www.naturparkmagazin.de\/dahme-heideseen\/wp-content\/uploads\/sites\/37\/npdh_schulgarten_prieros_201606_sonnenberg.jpg","type":"image\/jpeg"}],"author":"hanssonnenberg","twitter_misc":{"Verfasst von":"hanssonnenberg","Gesch\u00e4tzte Lesezeit":"1\u00a0Minute"},"schema":{"@context":"https:\/\/schema.org","@graph":[{"@type":"WebPage","@id":"https:\/\/www.naturparkmagazin.de\/dahme-heideseen\/prieroser-schule-gewinnt-schulgartenwettbewerb\/","url":"https:\/\/www.naturparkmagazin.de\/dahme-heideseen\/prieroser-schule-gewinnt-schulgartenwettbewerb\/","name":"Prieroser Schule gewinnt Schulgartenwettbewerb - Naturpark Dahme-Heideseen","isPartOf":{"@id":"https:\/\/www.naturparkmagazin.de\/dahme-heideseen\/#website"},"datePublished":"2016-06-16T12:13:42+00:00","dateModified":"2016-06-21T13:37:15+00:00","author":{"@id":"https:\/\/www.naturparkmagazin.de\/dahme-heideseen\/#\/schema\/person\/c81c96c3a1f5ee7bffff8b8022c105f0"},"breadcrumb":{"@id":"https:\/\/www.naturparkmagazin.de\/dahme-heideseen\/prieroser-schule-gewinnt-schulgartenwettbewerb\/#breadcrumb"},"inLanguage":"de","potentialAction":[{"@type":"ReadAction","target":["https:\/\/www.naturparkmagazin.de\/dahme-heideseen\/prieroser-schule-gewinnt-schulgartenwettbewerb\/"]}]},{"@type":"BreadcrumbList","@id":"https:\/\/www.naturparkmagazin.de\/dahme-heideseen\/prieroser-schule-gewinnt-schulgartenwettbewerb\/#breadcrumb","itemListElement":[{"@type":"ListItem","position":1,"name":"Home","item":"https:\/\/www.naturparkmagazin.de\/dahme-heideseen\/"},{"@type":"ListItem","position":2,"name":"Prieroser Schule gewinnt Schulgartenwettbewerb"}]},{"@type":"WebSite","@id":"https:\/\/www.naturparkmagazin.de\/dahme-heideseen\/#website","url":"https:\/\/www.naturparkmagazin.de\/dahme-heideseen\/","name":"Naturpark Dahme-Heideseen","description":"","potentialAction":[{"@type":"SearchAction","target":{"@type":"EntryPoint","urlTemplate":"https:\/\/www.naturparkmagazin.de\/dahme-heideseen\/?s={search_term_string}"},"query-input":"required name=search_term_string"}],"inLanguage":"de"},{"@type":"Person","@id":"https:\/\/www.naturparkmagazin.de\/dahme-heideseen\/#\/schema\/person\/c81c96c3a1f5ee7bffff8b8022c105f0","name":"hanssonnenberg","url":"https:\/\/www.naturparkmagazin.de\/dahme-heideseen\/author\/hanssonnenberg\/"}]}},"_links":{"self":[{"href":"https:\/\/www.naturparkmagazin.de\/dahme-heideseen\/wp-json\/wp\/v2\/posts\/1588"}],"collection":[{"href":"https:\/\/www.naturparkmagazin.de\/dahme-heideseen\/wp-json\/wp\/v2\/posts"}],"about":[{"href":"https:\/\/www.naturparkmagazin.de\/dahme-heideseen\/wp-json\/wp\/v2\/types\/post"}],"author":[{"embeddable":true,"href":"https:\/\/www.naturparkmagazin.de\/dahme-heideseen\/wp-json\/wp\/v2\/users\/48"}],"replies":[{"embeddable":true,"href":"https:\/\/www.naturparkmagazin.de\/dahme-heideseen\/wp-json\/wp\/v2\/comments?post=1588"}],"version-history":[{"count":5,"href":"https:\/\/www.naturparkmagazin.de\/dahme-heideseen\/wp-json\/wp\/v2\/posts\/1588\/revisions"}],"predecessor-version":[{"id":1600,"href":"https:\/\/www.naturparkmagazin.de\/dahme-heideseen\/wp-json\/wp\/v2\/posts\/1588\/revisions\/1600"}],"wp:featuredmedia":[{"embeddable":true,"href":"https:\/\/www.naturparkmagazin.de\/dahme-heideseen\/wp-json\/wp\/v2\/media\/1596"}],"wp:attachment":[{"href":"https:\/\/www.naturparkmagazin.de\/dahme-heideseen\/wp-json\/wp\/v2\/media?parent=1588"}],"wp:term":[{"taxonomy":"category","embeddable":true,"href":"https:\/\/www.naturparkmagazin.de\/dahme-heideseen\/wp-json\/wp\/v2\/categories?post=1588"},{"taxonomy":"post_tag","embeddable":true,"href":"https:\/\/www.naturparkmagazin.de\/dahme-heideseen\/wp-json\/wp\/v2\/tags?post=1588"}],"curies":[{"name":"wp","href":"https:\/\/api.w.org\/{rel}","templated":true}]}}