{"id":1607,"date":"2016-07-15T07:59:31","date_gmt":"2016-07-15T05:59:31","guid":{"rendered":"http:\/\/www.naturparkmagazin.de\/dahme-heideseen\/?p=1607"},"modified":"2016-07-28T12:23:05","modified_gmt":"2016-07-28T10:23:05","slug":"die-koenigs-eiche-stellt-sich-zur-wahl-zum-naturwunder-2016","status":"publish","type":"post","link":"https:\/\/www.naturparkmagazin.de\/dahme-heideseen\/die-koenigs-eiche-stellt-sich-zur-wahl-zum-naturwunder-2016\/","title":{"rendered":"Die K\u00f6nigs-Eiche stellt sich zur Wahl zum Naturwunder 2016"},"content":{"rendered":"<p>Mit der K\u00f6nigs-Eiche in der Dubrow beteiligt sich der Naturpark Dahme-Heideseen beim Wettbewerb zum Naturwunder 2016.\u00a0<!--more--><\/p>\n<div id=\"attachment_1608\" style=\"width: 630px\" class=\"wp-caption aligncenter\"><a href=\"https:\/\/www.naturparkmagazin.de\/dahme-heideseen\/wp-content\/uploads\/sites\/37\/npdh_Dubrow_koenigseiche-sonnenberg.jpg\"><img aria-describedby=\"caption-attachment-1608\" decoding=\"async\" loading=\"lazy\" class=\"size-medium wp-image-1608\" src=\"https:\/\/www.naturparkmagazin.de\/dahme-heideseen\/wp-content\/uploads\/sites\/37\/npdh_Dubrow_koenigseiche-sonnenberg-620x774.jpg\" alt=\"K\u00f6nigs-Eiche in der Dubrow (Foto: Sonnenberg)\" width=\"620\" height=\"774\" srcset=\"https:\/\/www.naturparkmagazin.de\/dahme-heideseen\/wp-content\/uploads\/sites\/37\/npdh_Dubrow_koenigseiche-sonnenberg-620x774.jpg 620w, https:\/\/www.naturparkmagazin.de\/dahme-heideseen\/wp-content\/uploads\/sites\/37\/npdh_Dubrow_koenigseiche-sonnenberg-300x375.jpg 300w, https:\/\/www.naturparkmagazin.de\/dahme-heideseen\/wp-content\/uploads\/sites\/37\/npdh_Dubrow_koenigseiche-sonnenberg-670x836.jpg 670w, https:\/\/www.naturparkmagazin.de\/dahme-heideseen\/wp-content\/uploads\/sites\/37\/npdh_Dubrow_koenigseiche-sonnenberg-200x250.jpg 200w, https:\/\/www.naturparkmagazin.de\/dahme-heideseen\/wp-content\/uploads\/sites\/37\/npdh_Dubrow_koenigseiche-sonnenberg.jpg 801w\" sizes=\"(max-width: 620px) 100vw, 620px\" \/><\/a><p id=\"caption-attachment-1608\" class=\"wp-caption-text\">K\u00f6nigs-Eiche in der Dubrow (Foto: Sonnenberg)<\/p><\/div>\n<p>Sie wirken urgewaltig, die Trauben-Eichen der Dubrow. Als sie aufwuchsen wurde das Vieh zur Mast in den Wald getrieben. Danach unterdr\u00fcckten gro\u00dfe Wildbest\u00e4nde im k\u00f6niglich-preu\u00dfischen Jagdrevier den Aufwuchs junger B\u00e4ume. Jetzt geht die Zeit der gro\u00dfen Eichen zu Ende. Sie unterliegen im Kampf ums Licht. So auch die fast 600 Jahre alte K\u00f6nigseiche. Im vergangen Herbst st\u00fcrzte der gr\u00f6\u00dfte Teil des starken Stammes. Im Mulm des toten Holzes leben nun die Larven des Hirschk\u00e4fers. Wildnis im Kleinformat!<\/p>\n<p><a class=\"external-link-new-window\" title=\"Opens external link in new window\" href=\"https:\/\/www.sielmann-stiftung.de\/naturwunder\/\" target=\"_blank\">Abstimmungsseite des Naturwunders 2016<\/a><\/p>\n<p><a class=\"external-link-new-window\" title=\"Opens external link in new window\" href=\"http:\/\/www.dahme-heideseen-naturpark.de\/themen\/sehenswertes\/koenigseiche-in-der-dubrow\/\" target=\"_blank\">Infos und Ausflugstipp zur K\u00f6nigs-Eiche<\/a><\/p>\n","protected":false},"excerpt":{"rendered":"<p>Mit der K\u00f6nigs-Eiche in der Dubrow beteiligt sich der Naturpark Dahme-Heideseen beim Wettbewerb zum Naturwunder 2016. <\/p>\n","protected":false},"author":48,"featured_media":1608,"comment_status":"open","ping_status":"open","sticky":false,"template":"","format":"standard","meta":[],"categories":[7],"tags":[],"yoast_head":"<!-- This site is optimized with the Yoast SEO plugin v19.10 - https:\/\/yoast.com\/wordpress\/plugins\/seo\/ -->\n<title>Die K\u00f6nigs-Eiche stellt sich zur Wahl zum Naturwunder 2016 - Naturpark Dahme-Heideseen<\/title>\n<meta name=\"robots\" content=\"index, follow, max-snippet:-1, max-image-preview:large, max-video-preview:-1\" \/>\n<link rel=\"canonical\" href=\"https:\/\/www.naturparkmagazin.de\/dahme-heideseen\/die-koenigs-eiche-stellt-sich-zur-wahl-zum-naturwunder-2016\/\" \/>\n<meta property=\"og:locale\" content=\"de_DE\" \/>\n<meta property=\"og:type\" content=\"article\" \/>\n<meta property=\"og:title\" content=\"Die K\u00f6nigs-Eiche stellt sich zur Wahl zum Naturwunder 2016 - Naturpark Dahme-Heideseen\" \/>\n<meta property=\"og:description\" content=\"Mit der K\u00f6nigs-Eiche in der Dubrow beteiligt sich der Naturpark Dahme-Heideseen beim Wettbewerb zum Naturwunder 2016.\" \/>\n<meta property=\"og:url\" content=\"https:\/\/www.naturparkmagazin.de\/dahme-heideseen\/die-koenigs-eiche-stellt-sich-zur-wahl-zum-naturwunder-2016\/\" \/>\n<meta property=\"og:site_name\" content=\"Naturpark Dahme-Heideseen\" \/>\n<meta property=\"article:published_time\" content=\"2016-07-15T05:59:31+00:00\" \/>\n<meta property=\"article:modified_time\" content=\"2016-07-28T10:23:05+00:00\" \/>\n<meta property=\"og:image\" content=\"https:\/\/www.naturparkmagazin.de\/dahme-heideseen\/wp-content\/uploads\/sites\/37\/npdh_Dubrow_koenigseiche-sonnenberg.jpg\" \/>\n\t<meta property=\"og:image:width\" content=\"801\" \/>\n\t<meta property=\"og:image:height\" content=\"1000\" \/>\n\t<meta property=\"og:image:type\" content=\"image\/jpeg\" \/>\n<meta name=\"author\" content=\"hanssonnenberg\" \/>\n<meta name=\"twitter:label1\" content=\"Verfasst von\" \/>\n\t<meta name=\"twitter:data1\" content=\"hanssonnenberg\" \/>\n\t<meta name=\"twitter:label2\" content=\"Gesch\u00e4tzte Lesezeit\" \/>\n\t<meta name=\"twitter:data2\" content=\"1\u00a0Minute\" \/>\n<script type=\"application\/ld+json\" class=\"yoast-schema-graph\">{\"@context\":\"https:\/\/schema.org\",\"@graph\":[{\"@type\":\"WebPage\",\"@id\":\"https:\/\/www.naturparkmagazin.de\/dahme-heideseen\/die-koenigs-eiche-stellt-sich-zur-wahl-zum-naturwunder-2016\/\",\"url\":\"https:\/\/www.naturparkmagazin.de\/dahme-heideseen\/die-koenigs-eiche-stellt-sich-zur-wahl-zum-naturwunder-2016\/\",\"name\":\"Die K\u00f6nigs-Eiche stellt sich zur Wahl zum Naturwunder 2016 - Naturpark Dahme-Heideseen\",\"isPartOf\":{\"@id\":\"https:\/\/www.naturparkmagazin.de\/dahme-heideseen\/#website\"},\"datePublished\":\"2016-07-15T05:59:31+00:00\",\"dateModified\":\"2016-07-28T10:23:05+00:00\",\"author\":{\"@id\":\"https:\/\/www.naturparkmagazin.de\/dahme-heideseen\/#\/schema\/person\/c81c96c3a1f5ee7bffff8b8022c105f0\"},\"breadcrumb\":{\"@id\":\"https:\/\/www.naturparkmagazin.de\/dahme-heideseen\/die-koenigs-eiche-stellt-sich-zur-wahl-zum-naturwunder-2016\/#breadcrumb\"},\"inLanguage\":\"de\",\"potentialAction\":[{\"@type\":\"ReadAction\",\"target\":[\"https:\/\/www.naturparkmagazin.de\/dahme-heideseen\/die-koenigs-eiche-stellt-sich-zur-wahl-zum-naturwunder-2016\/\"]}]},{\"@type\":\"BreadcrumbList\",\"@id\":\"https:\/\/www.naturparkmagazin.de\/dahme-heideseen\/die-koenigs-eiche-stellt-sich-zur-wahl-zum-naturwunder-2016\/#breadcrumb\",\"itemListElement\":[{\"@type\":\"ListItem\",\"position\":1,\"name\":\"Home\",\"item\":\"https:\/\/www.naturparkmagazin.de\/dahme-heideseen\/\"},{\"@type\":\"ListItem\",\"position\":2,\"name\":\"Die K\u00f6nigs-Eiche stellt sich zur Wahl zum Naturwunder 2016\"}]},{\"@type\":\"WebSite\",\"@id\":\"https:\/\/www.naturparkmagazin.de\/dahme-heideseen\/#website\",\"url\":\"https:\/\/www.naturparkmagazin.de\/dahme-heideseen\/\",\"name\":\"Naturpark Dahme-Heideseen\",\"description\":\"\",\"potentialAction\":[{\"@type\":\"SearchAction\",\"target\":{\"@type\":\"EntryPoint\",\"urlTemplate\":\"https:\/\/www.naturparkmagazin.de\/dahme-heideseen\/?s={search_term_string}\"},\"query-input\":\"required name=search_term_string\"}],\"inLanguage\":\"de\"},{\"@type\":\"Person\",\"@id\":\"https:\/\/www.naturparkmagazin.de\/dahme-heideseen\/#\/schema\/person\/c81c96c3a1f5ee7bffff8b8022c105f0\",\"name\":\"hanssonnenberg\",\"url\":\"https:\/\/www.naturparkmagazin.de\/dahme-heideseen\/author\/hanssonnenberg\/\"}]}<\/script>\n<!-- \/ Yoast SEO plugin. -->","yoast_head_json":{"title":"Die K\u00f6nigs-Eiche stellt sich zur Wahl zum Naturwunder 2016 - Naturpark Dahme-Heideseen","robots":{"index":"index","follow":"follow","max-snippet":"max-snippet:-1","max-image-preview":"max-image-preview:large","max-video-preview":"max-video-preview:-1"},"canonical":"https:\/\/www.naturparkmagazin.de\/dahme-heideseen\/die-koenigs-eiche-stellt-sich-zur-wahl-zum-naturwunder-2016\/","og_locale":"de_DE","og_type":"article","og_title":"Die K\u00f6nigs-Eiche stellt sich zur Wahl zum Naturwunder 2016 - Naturpark Dahme-Heideseen","og_description":"Mit der K\u00f6nigs-Eiche in der Dubrow beteiligt sich der Naturpark Dahme-Heideseen beim Wettbewerb zum Naturwunder 2016.","og_url":"https:\/\/www.naturparkmagazin.de\/dahme-heideseen\/die-koenigs-eiche-stellt-sich-zur-wahl-zum-naturwunder-2016\/","og_site_name":"Naturpark Dahme-Heideseen","article_published_time":"2016-07-15T05:59:31+00:00","article_modified_time":"2016-07-28T10:23:05+00:00","og_image":[{"width":801,"height":1000,"url":"https:\/\/www.naturparkmagazin.de\/dahme-heideseen\/wp-content\/uploads\/sites\/37\/npdh_Dubrow_koenigseiche-sonnenberg.jpg","type":"image\/jpeg"}],"author":"hanssonnenberg","twitter_misc":{"Verfasst von":"hanssonnenberg","Gesch\u00e4tzte Lesezeit":"1\u00a0Minute"},"schema":{"@context":"https:\/\/schema.org","@graph":[{"@type":"WebPage","@id":"https:\/\/www.naturparkmagazin.de\/dahme-heideseen\/die-koenigs-eiche-stellt-sich-zur-wahl-zum-naturwunder-2016\/","url":"https:\/\/www.naturparkmagazin.de\/dahme-heideseen\/die-koenigs-eiche-stellt-sich-zur-wahl-zum-naturwunder-2016\/","name":"Die K\u00f6nigs-Eiche stellt sich zur Wahl zum Naturwunder 2016 - Naturpark Dahme-Heideseen","isPartOf":{"@id":"https:\/\/www.naturparkmagazin.de\/dahme-heideseen\/#website"},"datePublished":"2016-07-15T05:59:31+00:00","dateModified":"2016-07-28T10:23:05+00:00","author":{"@id":"https:\/\/www.naturparkmagazin.de\/dahme-heideseen\/#\/schema\/person\/c81c96c3a1f5ee7bffff8b8022c105f0"},"breadcrumb":{"@id":"https:\/\/www.naturparkmagazin.de\/dahme-heideseen\/die-koenigs-eiche-stellt-sich-zur-wahl-zum-naturwunder-2016\/#breadcrumb"},"inLanguage":"de","potentialAction":[{"@type":"ReadAction","target":["https:\/\/www.naturparkmagazin.de\/dahme-heideseen\/die-koenigs-eiche-stellt-sich-zur-wahl-zum-naturwunder-2016\/"]}]},{"@type":"BreadcrumbList","@id":"https:\/\/www.naturparkmagazin.de\/dahme-heideseen\/die-koenigs-eiche-stellt-sich-zur-wahl-zum-naturwunder-2016\/#breadcrumb","itemListElement":[{"@type":"ListItem","position":1,"name":"Home","item":"https:\/\/www.naturparkmagazin.de\/dahme-heideseen\/"},{"@type":"ListItem","position":2,"name":"Die K\u00f6nigs-Eiche stellt sich zur Wahl zum Naturwunder 2016"}]},{"@type":"WebSite","@id":"https:\/\/www.naturparkmagazin.de\/dahme-heideseen\/#website","url":"https:\/\/www.naturparkmagazin.de\/dahme-heideseen\/","name":"Naturpark Dahme-Heideseen","description":"","potentialAction":[{"@type":"SearchAction","target":{"@type":"EntryPoint","urlTemplate":"https:\/\/www.naturparkmagazin.de\/dahme-heideseen\/?s={search_term_string}"},"query-input":"required name=search_term_string"}],"inLanguage":"de"},{"@type":"Person","@id":"https:\/\/www.naturparkmagazin.de\/dahme-heideseen\/#\/schema\/person\/c81c96c3a1f5ee7bffff8b8022c105f0","name":"hanssonnenberg","url":"https:\/\/www.naturparkmagazin.de\/dahme-heideseen\/author\/hanssonnenberg\/"}]}},"_links":{"self":[{"href":"https:\/\/www.naturparkmagazin.de\/dahme-heideseen\/wp-json\/wp\/v2\/posts\/1607"}],"collection":[{"href":"https:\/\/www.naturparkmagazin.de\/dahme-heideseen\/wp-json\/wp\/v2\/posts"}],"about":[{"href":"https:\/\/www.naturparkmagazin.de\/dahme-heideseen\/wp-json\/wp\/v2\/types\/post"}],"author":[{"embeddable":true,"href":"https:\/\/www.naturparkmagazin.de\/dahme-heideseen\/wp-json\/wp\/v2\/users\/48"}],"replies":[{"embeddable":true,"href":"https:\/\/www.naturparkmagazin.de\/dahme-heideseen\/wp-json\/wp\/v2\/comments?post=1607"}],"version-history":[{"count":2,"href":"https:\/\/www.naturparkmagazin.de\/dahme-heideseen\/wp-json\/wp\/v2\/posts\/1607\/revisions"}],"predecessor-version":[{"id":1637,"href":"https:\/\/www.naturparkmagazin.de\/dahme-heideseen\/wp-json\/wp\/v2\/posts\/1607\/revisions\/1637"}],"wp:featuredmedia":[{"embeddable":true,"href":"https:\/\/www.naturparkmagazin.de\/dahme-heideseen\/wp-json\/wp\/v2\/media\/1608"}],"wp:attachment":[{"href":"https:\/\/www.naturparkmagazin.de\/dahme-heideseen\/wp-json\/wp\/v2\/media?parent=1607"}],"wp:term":[{"taxonomy":"category","embeddable":true,"href":"https:\/\/www.naturparkmagazin.de\/dahme-heideseen\/wp-json\/wp\/v2\/categories?post=1607"},{"taxonomy":"post_tag","embeddable":true,"href":"https:\/\/www.naturparkmagazin.de\/dahme-heideseen\/wp-json\/wp\/v2\/tags?post=1607"}],"curies":[{"name":"wp","href":"https:\/\/api.w.org\/{rel}","templated":true}]}}