{"id":1610,"date":"2018-04-18T08:01:45","date_gmt":"2018-04-18T06:01:45","guid":{"rendered":"http:\/\/www.naturparkmagazin.de\/dahme-heideseen\/?p=1610"},"modified":"2018-04-19T11:45:53","modified_gmt":"2018-04-19T09:45:53","slug":"chinas-gruene-mauer-am-26-august-im-waldkino-hammer","status":"publish","type":"post","link":"https:\/\/www.naturparkmagazin.de\/dahme-heideseen\/chinas-gruene-mauer-am-26-august-im-waldkino-hammer\/","title":{"rendered":"&#8222;Tomorrow &#8211; Die Welt ist voller L\u00f6sungen&#8220; im Waldkino Hammer"},"content":{"rendered":"<p>Am Freitag, 25. Mai 2018 l\u00e4uft um 20. Uhr der erste Film der Waldkinoreihe 2016 im Forsthaus Hammer.<\/p>\n<p><!--more--><\/p>\n<p>Tomorrow &#8211; Die Welt ist voller L\u00f6sungen (2015)<\/p>\n<p>Regie: Cyril Dion und M\u00e9lanie Laurent (Laufzeit: 118 Min.)<\/p>\n<p>Von Mai bis September finden monatliche Einzelvorf\u00fchrungen der Filme statt. Auf gro\u00dfer Leinwand, in der denkmalgesch\u00fctzten Scheune der historischen Oberf\u00f6rsterei Hammer werden an jedem letzten Freitag des Monats bei Essen und Trinken die Filmwerke des Programms mit professioneller technischer Ausstattung gezeigt. Zu den Hauptfilmen gibt es Einf\u00fchrungen und gelegentlich Vorfilme, sowie Zeit auch am Lagerfeuer f\u00fcr Fragen und Antworten im Anschluss an die Filme. Alle gezeigten Filme haben einen direkten oder indirekten Bezug zum Begriff der Nachhaltigkeit und zum Wald, beziehungsweise zu dem, was wir heute Umwelt nennen. \u201eGlobal denken, lokal handeln\u201c ist dabei ein Kernmotiv. Die gezeigten Werke spannen im Verlauf des Jahres einen weiten Bogen der Filmkunst zwischen Dokumentarfilm und Spielfilm.\nDas von der Landeswaldoberf\u00f6rsterei Hammer mit Unterst\u00fctzung des Amtes Schenkenl\u00e4ndchen organisierte Waldkino l\u00e4uft nunmehr im dritten Jahr und erfreut sich ungebrochener Beliebtheit. Von Mai bis September l\u00e4dt die F\u00f6rsterei jeweils am letzten Freitag des Monats um 20 Uhr zur Kinovorstellung im Wald ein. Der Eintritt ist frei.<\/p>\n<p>Bevor der Film startet, gibt es jeweils eine Einf\u00fchrung durch den K\u00fcnstler Wolfgang Georgsdorf und den Leiter der Oberf\u00f6rsterei Hammer, Tim Ness. Vor und nach den Filmvorf\u00fchrungen ist f\u00fcr Essen und Trinken im Hof der F\u00f6rsterei gesorgt. Anschlie\u00dfend besteht immer die M\u00f6glichkeit zu Diskussionen am Lagerfeuer.<\/p>\n<p>&nbsp;<\/p>\n<div id=\"attachment_1025\" style=\"width: 630px\" class=\"wp-caption aligncenter\"><a href=\"https:\/\/www.naturparkmagazin.de\/dahme-heideseen\/wp-content\/uploads\/sites\/37\/hammer_web_2009.jpg\"><img aria-describedby=\"caption-attachment-1025\" decoding=\"async\" loading=\"lazy\" class=\"size-medium wp-image-1025\" src=\"https:\/\/www.naturparkmagazin.de\/dahme-heideseen\/wp-content\/uploads\/sites\/37\/hammer_web_2009-620x441.jpg\" alt=\"Forsthaus Hammer (Foto: Hans Sonnenberg) \" width=\"620\" height=\"441\" srcset=\"https:\/\/www.naturparkmagazin.de\/dahme-heideseen\/wp-content\/uploads\/sites\/37\/hammer_web_2009-620x441.jpg 620w, https:\/\/www.naturparkmagazin.de\/dahme-heideseen\/wp-content\/uploads\/sites\/37\/hammer_web_2009-300x213.jpg 300w, https:\/\/www.naturparkmagazin.de\/dahme-heideseen\/wp-content\/uploads\/sites\/37\/hammer_web_2009-200x142.jpg 200w, https:\/\/www.naturparkmagazin.de\/dahme-heideseen\/wp-content\/uploads\/sites\/37\/hammer_web_2009.jpg 640w\" sizes=\"(max-width: 620px) 100vw, 620px\" \/><\/a><p id=\"caption-attachment-1025\" class=\"wp-caption-text\">Forsthaus Hammer (Foto: Hans Sonnenberg)<\/p><\/div>\n<p><strong>Weitere Filme 2018:<\/strong><\/p>\n<p>&#8211; 29. Juni: zwei Teile von Europas Urw\u00e4lder: &#8222;Wilde Karpaten&#8220; und &#8222;Bialowieza \u2013 Heimat der Wisente&#8220;<\/p>\n<p>&#8211; 27. Juli: Chihiros Reise ins Zauberland<\/p>\n<p>&#8211; 31. August: In freier Wildbahn (Wildschwein ehrenhalber)<\/p>\n<p>&#8211; 28. September: Songs from the Forest<\/p>\n<h3>Veranstaltungsort<\/h3>\n<p><strong>L\u00f6pten<\/strong>\nLandesforstbetrieb Brandenburg\nAn der B 179\n15746 Gro\u00df K\u00f6ris<\/p>\n<p>+49 (0) 33765 21780<\/p>\n<p><a href=\"http:\/\/www.dahme-heideseen-naturpark.de\/service\/kontakt\/?tx_snmlugv_pi6%5Bcontact%5D=2722&amp;tx_snmlugv_pi6%5Bdate%5D=1\">Obf(dot)Hammer(at)affwu(dot)brandenburg(dot)de<\/a><\/p>\n<p><a href=\"http:\/\/www.forst.brandenburg.de\/\" target=\"_blank\">Forst Brandenburg<\/a><\/p>\n<p><a href=\"http:\/\/www.georgsdorf.com\/\" target=\"_blank\">Kontakt Wolfgang Georgsdorf<\/a><\/p>\n","protected":false},"excerpt":{"rendered":"<p>Von Mai bis September l\u00e4dt die F\u00f6rsterei jeweils am letzten Freitag des Monats um 20 Uhr zur Kinovorstellung im Wald ein. Der Eintritt ist frei.<\/p>\n","protected":false},"author":48,"featured_media":562,"comment_status":"open","ping_status":"open","sticky":false,"template":"","format":"standard","meta":[],"categories":[11],"tags":[],"yoast_head":"<!-- This site is optimized with the Yoast SEO plugin v19.10 - https:\/\/yoast.com\/wordpress\/plugins\/seo\/ -->\n<title>&quot;Tomorrow - Die Welt ist voller L\u00f6sungen&quot; im Waldkino Hammer - Naturpark Dahme-Heideseen<\/title>\n<meta name=\"robots\" content=\"index, follow, max-snippet:-1, max-image-preview:large, max-video-preview:-1\" \/>\n<link rel=\"canonical\" href=\"https:\/\/www.naturparkmagazin.de\/dahme-heideseen\/chinas-gruene-mauer-am-26-august-im-waldkino-hammer\/\" \/>\n<meta property=\"og:locale\" content=\"de_DE\" \/>\n<meta property=\"og:type\" content=\"article\" \/>\n<meta property=\"og:title\" content=\"&quot;Tomorrow - Die Welt ist voller L\u00f6sungen&quot; im Waldkino Hammer - Naturpark Dahme-Heideseen\" \/>\n<meta property=\"og:description\" content=\"Von Mai bis September l\u00e4dt die F\u00f6rsterei jeweils am letzten Freitag des Monats um 20 Uhr zur Kinovorstellung im Wald ein. Der Eintritt ist frei.\" \/>\n<meta property=\"og:url\" content=\"https:\/\/www.naturparkmagazin.de\/dahme-heideseen\/chinas-gruene-mauer-am-26-august-im-waldkino-hammer\/\" \/>\n<meta property=\"og:site_name\" content=\"Naturpark Dahme-Heideseen\" \/>\n<meta property=\"article:published_time\" content=\"2018-04-18T06:01:45+00:00\" \/>\n<meta property=\"article:modified_time\" content=\"2018-04-19T09:45:53+00:00\" \/>\n<meta property=\"og:image\" content=\"https:\/\/www.naturparkmagazin.de\/dahme-heideseen\/wp-content\/uploads\/sites\/37\/OF-Hammer.jpg\" \/>\n\t<meta property=\"og:image:width\" content=\"1024\" \/>\n\t<meta property=\"og:image:height\" content=\"728\" \/>\n\t<meta property=\"og:image:type\" content=\"image\/jpeg\" \/>\n<meta name=\"author\" content=\"hanssonnenberg\" \/>\n<meta name=\"twitter:label1\" content=\"Verfasst von\" \/>\n\t<meta name=\"twitter:data1\" content=\"hanssonnenberg\" \/>\n\t<meta name=\"twitter:label2\" content=\"Gesch\u00e4tzte Lesezeit\" \/>\n\t<meta name=\"twitter:data2\" content=\"2\u00a0Minuten\" \/>\n<script type=\"application\/ld+json\" class=\"yoast-schema-graph\">{\"@context\":\"https:\/\/schema.org\",\"@graph\":[{\"@type\":\"WebPage\",\"@id\":\"https:\/\/www.naturparkmagazin.de\/dahme-heideseen\/chinas-gruene-mauer-am-26-august-im-waldkino-hammer\/\",\"url\":\"https:\/\/www.naturparkmagazin.de\/dahme-heideseen\/chinas-gruene-mauer-am-26-august-im-waldkino-hammer\/\",\"name\":\"\\\"Tomorrow - Die Welt ist voller L\u00f6sungen\\\" im Waldkino Hammer - Naturpark Dahme-Heideseen\",\"isPartOf\":{\"@id\":\"https:\/\/www.naturparkmagazin.de\/dahme-heideseen\/#website\"},\"datePublished\":\"2018-04-18T06:01:45+00:00\",\"dateModified\":\"2018-04-19T09:45:53+00:00\",\"author\":{\"@id\":\"https:\/\/www.naturparkmagazin.de\/dahme-heideseen\/#\/schema\/person\/c81c96c3a1f5ee7bffff8b8022c105f0\"},\"breadcrumb\":{\"@id\":\"https:\/\/www.naturparkmagazin.de\/dahme-heideseen\/chinas-gruene-mauer-am-26-august-im-waldkino-hammer\/#breadcrumb\"},\"inLanguage\":\"de\",\"potentialAction\":[{\"@type\":\"ReadAction\",\"target\":[\"https:\/\/www.naturparkmagazin.de\/dahme-heideseen\/chinas-gruene-mauer-am-26-august-im-waldkino-hammer\/\"]}]},{\"@type\":\"BreadcrumbList\",\"@id\":\"https:\/\/www.naturparkmagazin.de\/dahme-heideseen\/chinas-gruene-mauer-am-26-august-im-waldkino-hammer\/#breadcrumb\",\"itemListElement\":[{\"@type\":\"ListItem\",\"position\":1,\"name\":\"Home\",\"item\":\"https:\/\/www.naturparkmagazin.de\/dahme-heideseen\/\"},{\"@type\":\"ListItem\",\"position\":2,\"name\":\"&#8222;Tomorrow &#8211; Die Welt ist voller L\u00f6sungen&#8220; im Waldkino Hammer\"}]},{\"@type\":\"WebSite\",\"@id\":\"https:\/\/www.naturparkmagazin.de\/dahme-heideseen\/#website\",\"url\":\"https:\/\/www.naturparkmagazin.de\/dahme-heideseen\/\",\"name\":\"Naturpark Dahme-Heideseen\",\"description\":\"\",\"potentialAction\":[{\"@type\":\"SearchAction\",\"target\":{\"@type\":\"EntryPoint\",\"urlTemplate\":\"https:\/\/www.naturparkmagazin.de\/dahme-heideseen\/?s={search_term_string}\"},\"query-input\":\"required name=search_term_string\"}],\"inLanguage\":\"de\"},{\"@type\":\"Person\",\"@id\":\"https:\/\/www.naturparkmagazin.de\/dahme-heideseen\/#\/schema\/person\/c81c96c3a1f5ee7bffff8b8022c105f0\",\"name\":\"hanssonnenberg\",\"url\":\"https:\/\/www.naturparkmagazin.de\/dahme-heideseen\/author\/hanssonnenberg\/\"}]}<\/script>\n<!-- \/ Yoast SEO plugin. -->","yoast_head_json":{"title":"\"Tomorrow - Die Welt ist voller L\u00f6sungen\" im Waldkino Hammer - Naturpark Dahme-Heideseen","robots":{"index":"index","follow":"follow","max-snippet":"max-snippet:-1","max-image-preview":"max-image-preview:large","max-video-preview":"max-video-preview:-1"},"canonical":"https:\/\/www.naturparkmagazin.de\/dahme-heideseen\/chinas-gruene-mauer-am-26-august-im-waldkino-hammer\/","og_locale":"de_DE","og_type":"article","og_title":"\"Tomorrow - Die Welt ist voller L\u00f6sungen\" im Waldkino Hammer - Naturpark Dahme-Heideseen","og_description":"Von Mai bis September l\u00e4dt die F\u00f6rsterei jeweils am letzten Freitag des Monats um 20 Uhr zur Kinovorstellung im Wald ein. Der Eintritt ist frei.","og_url":"https:\/\/www.naturparkmagazin.de\/dahme-heideseen\/chinas-gruene-mauer-am-26-august-im-waldkino-hammer\/","og_site_name":"Naturpark Dahme-Heideseen","article_published_time":"2018-04-18T06:01:45+00:00","article_modified_time":"2018-04-19T09:45:53+00:00","og_image":[{"width":1024,"height":728,"url":"https:\/\/www.naturparkmagazin.de\/dahme-heideseen\/wp-content\/uploads\/sites\/37\/OF-Hammer.jpg","type":"image\/jpeg"}],"author":"hanssonnenberg","twitter_misc":{"Verfasst von":"hanssonnenberg","Gesch\u00e4tzte Lesezeit":"2\u00a0Minuten"},"schema":{"@context":"https:\/\/schema.org","@graph":[{"@type":"WebPage","@id":"https:\/\/www.naturparkmagazin.de\/dahme-heideseen\/chinas-gruene-mauer-am-26-august-im-waldkino-hammer\/","url":"https:\/\/www.naturparkmagazin.de\/dahme-heideseen\/chinas-gruene-mauer-am-26-august-im-waldkino-hammer\/","name":"\"Tomorrow - Die Welt ist voller L\u00f6sungen\" im Waldkino Hammer - Naturpark Dahme-Heideseen","isPartOf":{"@id":"https:\/\/www.naturparkmagazin.de\/dahme-heideseen\/#website"},"datePublished":"2018-04-18T06:01:45+00:00","dateModified":"2018-04-19T09:45:53+00:00","author":{"@id":"https:\/\/www.naturparkmagazin.de\/dahme-heideseen\/#\/schema\/person\/c81c96c3a1f5ee7bffff8b8022c105f0"},"breadcrumb":{"@id":"https:\/\/www.naturparkmagazin.de\/dahme-heideseen\/chinas-gruene-mauer-am-26-august-im-waldkino-hammer\/#breadcrumb"},"inLanguage":"de","potentialAction":[{"@type":"ReadAction","target":["https:\/\/www.naturparkmagazin.de\/dahme-heideseen\/chinas-gruene-mauer-am-26-august-im-waldkino-hammer\/"]}]},{"@type":"BreadcrumbList","@id":"https:\/\/www.naturparkmagazin.de\/dahme-heideseen\/chinas-gruene-mauer-am-26-august-im-waldkino-hammer\/#breadcrumb","itemListElement":[{"@type":"ListItem","position":1,"name":"Home","item":"https:\/\/www.naturparkmagazin.de\/dahme-heideseen\/"},{"@type":"ListItem","position":2,"name":"&#8222;Tomorrow &#8211; Die Welt ist voller L\u00f6sungen&#8220; im Waldkino Hammer"}]},{"@type":"WebSite","@id":"https:\/\/www.naturparkmagazin.de\/dahme-heideseen\/#website","url":"https:\/\/www.naturparkmagazin.de\/dahme-heideseen\/","name":"Naturpark Dahme-Heideseen","description":"","potentialAction":[{"@type":"SearchAction","target":{"@type":"EntryPoint","urlTemplate":"https:\/\/www.naturparkmagazin.de\/dahme-heideseen\/?s={search_term_string}"},"query-input":"required name=search_term_string"}],"inLanguage":"de"},{"@type":"Person","@id":"https:\/\/www.naturparkmagazin.de\/dahme-heideseen\/#\/schema\/person\/c81c96c3a1f5ee7bffff8b8022c105f0","name":"hanssonnenberg","url":"https:\/\/www.naturparkmagazin.de\/dahme-heideseen\/author\/hanssonnenberg\/"}]}},"_links":{"self":[{"href":"https:\/\/www.naturparkmagazin.de\/dahme-heideseen\/wp-json\/wp\/v2\/posts\/1610"}],"collection":[{"href":"https:\/\/www.naturparkmagazin.de\/dahme-heideseen\/wp-json\/wp\/v2\/posts"}],"about":[{"href":"https:\/\/www.naturparkmagazin.de\/dahme-heideseen\/wp-json\/wp\/v2\/types\/post"}],"author":[{"embeddable":true,"href":"https:\/\/www.naturparkmagazin.de\/dahme-heideseen\/wp-json\/wp\/v2\/users\/48"}],"replies":[{"embeddable":true,"href":"https:\/\/www.naturparkmagazin.de\/dahme-heideseen\/wp-json\/wp\/v2\/comments?post=1610"}],"version-history":[{"count":9,"href":"https:\/\/www.naturparkmagazin.de\/dahme-heideseen\/wp-json\/wp\/v2\/posts\/1610\/revisions"}],"predecessor-version":[{"id":2491,"href":"https:\/\/www.naturparkmagazin.de\/dahme-heideseen\/wp-json\/wp\/v2\/posts\/1610\/revisions\/2491"}],"wp:featuredmedia":[{"embeddable":true,"href":"https:\/\/www.naturparkmagazin.de\/dahme-heideseen\/wp-json\/wp\/v2\/media\/562"}],"wp:attachment":[{"href":"https:\/\/www.naturparkmagazin.de\/dahme-heideseen\/wp-json\/wp\/v2\/media?parent=1610"}],"wp:term":[{"taxonomy":"category","embeddable":true,"href":"https:\/\/www.naturparkmagazin.de\/dahme-heideseen\/wp-json\/wp\/v2\/categories?post=1610"},{"taxonomy":"post_tag","embeddable":true,"href":"https:\/\/www.naturparkmagazin.de\/dahme-heideseen\/wp-json\/wp\/v2\/tags?post=1610"}],"curies":[{"name":"wp","href":"https:\/\/api.w.org\/{rel}","templated":true}]}}