{"id":1612,"date":"2016-07-15T09:10:03","date_gmt":"2016-07-15T07:10:03","guid":{"rendered":"http:\/\/www.naturparkmagazin.de\/dahme-heideseen\/?p=1612"},"modified":"2016-07-28T12:21:16","modified_gmt":"2016-07-28T10:21:16","slug":"tage-der-offene-gaerten-am-20-und-21-august","status":"publish","type":"post","link":"https:\/\/www.naturparkmagazin.de\/dahme-heideseen\/tage-der-offene-gaerten-am-20-und-21-august\/","title":{"rendered":"Tage der offene G\u00e4rten am 20. und 21. August"},"content":{"rendered":"<p>Von Eichwalde an der Stadtgrenze von Berlin bis Luckau in der Niederlausitz. Zahlreiche G\u00e4rten \u00f6ffnen auch in diesem Jahr ihre Gartentore.\n<!--more-->\nSeit \u00fcber zehn Jahren \u00f6ffnen jedes Jahr Privatg\u00e4rten zwischen Eichwalde, dem Naturpark Dahme-Heideseen und L\u00fcbben ihre Pforten f\u00fcr interessierte Besucher, 2016 ist es das 15. Mal. Die Idee dazu hatten die Teilnehmer des Wettbewerbs &#8222;Naturnahe Gartengestaltung&#8220;, den Naturpark Dahme-Heideseen und VHS Dahme-Spreewald im Jahr 2001 im Rahmen ihres gemeinsamen Projekts zur Entdeckung der spannungsreichen und facettenreichen Verbindungen von Natur und Kultur ausgerufen hatten.<\/p>\n<p>Die Tage der offenen G\u00e4rten sind nun auch im Dahmeland schon Tradition. Und: es macht Freude, Gleichgesinnte kennenzulernen oder zu gewinnen f\u00fcr das G\u00e4rtnern im Einklang mit der Natur. Lassen auch Sie sich verzaubern von der Vielfalt der G\u00e4rten.<\/p>\n<p>Die Liste der offenen G\u00e4rten wird hier Anfang August 2016 ver\u00f6ffentlicht:<\/p>\n<p><a href=\"https:\/\/www.vhs-dahme-spreewald.de\/\" target=\"_blank\">Volkshochschule Dahme-Spreewald<\/a><\/p>\n<div id=\"attachment_126\" style=\"width: 542px\" class=\"wp-caption aligncenter\"><a href=\"https:\/\/www.naturparkmagazin.de\/dahme-heideseen\/wp-content\/uploads\/sites\/37\/Seerose-im-gartenteich.jpg\"><img aria-describedby=\"caption-attachment-126\" decoding=\"async\" loading=\"lazy\" class=\"size-full wp-image-126\" src=\"https:\/\/www.naturparkmagazin.de\/dahme-heideseen\/wp-content\/uploads\/sites\/37\/Seerose-im-gartenteich.jpg\" alt=\"Foto: Hans Sonnenberg\" width=\"532\" height=\"400\" srcset=\"https:\/\/www.naturparkmagazin.de\/dahme-heideseen\/wp-content\/uploads\/sites\/37\/Seerose-im-gartenteich.jpg 532w, https:\/\/www.naturparkmagazin.de\/dahme-heideseen\/wp-content\/uploads\/sites\/37\/Seerose-im-gartenteich-300x226.jpg 300w, https:\/\/www.naturparkmagazin.de\/dahme-heideseen\/wp-content\/uploads\/sites\/37\/Seerose-im-gartenteich-420x315.jpg 420w, https:\/\/www.naturparkmagazin.de\/dahme-heideseen\/wp-content\/uploads\/sites\/37\/Seerose-im-gartenteich-180x135.jpg 180w, https:\/\/www.naturparkmagazin.de\/dahme-heideseen\/wp-content\/uploads\/sites\/37\/Seerose-im-gartenteich-95x71.jpg 95w, https:\/\/www.naturparkmagazin.de\/dahme-heideseen\/wp-content\/uploads\/sites\/37\/Seerose-im-gartenteich-200x150.jpg 200w\" sizes=\"(max-width: 532px) 100vw, 532px\" \/><\/a><p id=\"caption-attachment-126\" class=\"wp-caption-text\">Foto: Hans Sonnenberg<\/p><\/div>\n<p><span style=\"color: #2e2d2c;font-family: Myriad, Helvetica, Arial, sans-serif;line-height: 21px\">\u00a0<\/span><\/p>\n","protected":false},"excerpt":{"rendered":"<p>Von Eichwalde an der Stadtgrenze von Berlin bis Luckau in der Niederlausitz. Zahlreiche G\u00e4rten \u00f6ffnen auch in diesem Jahr ihre Gartentore.<\/p>\n","protected":false},"author":48,"featured_media":1090,"comment_status":"open","ping_status":"open","sticky":false,"template":"","format":"standard","meta":[],"categories":[11],"tags":[],"yoast_head":"<!-- This site is optimized with the Yoast SEO plugin v19.10 - https:\/\/yoast.com\/wordpress\/plugins\/seo\/ -->\n<title>Tage der offene G\u00e4rten am 20. und 21. August - Naturpark Dahme-Heideseen<\/title>\n<meta name=\"robots\" content=\"index, follow, max-snippet:-1, max-image-preview:large, max-video-preview:-1\" \/>\n<link rel=\"canonical\" href=\"https:\/\/www.naturparkmagazin.de\/dahme-heideseen\/tage-der-offene-gaerten-am-20-und-21-august\/\" \/>\n<meta property=\"og:locale\" content=\"de_DE\" \/>\n<meta property=\"og:type\" content=\"article\" \/>\n<meta property=\"og:title\" content=\"Tage der offene G\u00e4rten am 20. und 21. August - Naturpark Dahme-Heideseen\" \/>\n<meta property=\"og:description\" content=\"Von Eichwalde an der Stadtgrenze von Berlin bis Luckau in der Niederlausitz. Zahlreiche G\u00e4rten \u00f6ffnen auch in diesem Jahr ihre Gartentore.\" \/>\n<meta property=\"og:url\" content=\"https:\/\/www.naturparkmagazin.de\/dahme-heideseen\/tage-der-offene-gaerten-am-20-und-21-august\/\" \/>\n<meta property=\"og:site_name\" content=\"Naturpark Dahme-Heideseen\" \/>\n<meta property=\"article:published_time\" content=\"2016-07-15T07:10:03+00:00\" \/>\n<meta property=\"article:modified_time\" content=\"2016-07-28T10:21:16+00:00\" \/>\n<meta property=\"og:image\" content=\"https:\/\/www.naturparkmagazin.de\/dahme-heideseen\/wp-content\/uploads\/sites\/37\/Biogarten_Mauer_klein.jpg\" \/>\n\t<meta property=\"og:image:width\" content=\"640\" \/>\n\t<meta property=\"og:image:height\" content=\"428\" \/>\n\t<meta property=\"og:image:type\" content=\"image\/jpeg\" \/>\n<meta name=\"author\" content=\"hanssonnenberg\" \/>\n<meta name=\"twitter:label1\" content=\"Verfasst von\" \/>\n\t<meta name=\"twitter:data1\" content=\"hanssonnenberg\" \/>\n\t<meta name=\"twitter:label2\" content=\"Gesch\u00e4tzte Lesezeit\" \/>\n\t<meta name=\"twitter:data2\" content=\"1\u00a0Minute\" \/>\n<script type=\"application\/ld+json\" class=\"yoast-schema-graph\">{\"@context\":\"https:\/\/schema.org\",\"@graph\":[{\"@type\":\"WebPage\",\"@id\":\"https:\/\/www.naturparkmagazin.de\/dahme-heideseen\/tage-der-offene-gaerten-am-20-und-21-august\/\",\"url\":\"https:\/\/www.naturparkmagazin.de\/dahme-heideseen\/tage-der-offene-gaerten-am-20-und-21-august\/\",\"name\":\"Tage der offene G\u00e4rten am 20. und 21. August - Naturpark Dahme-Heideseen\",\"isPartOf\":{\"@id\":\"https:\/\/www.naturparkmagazin.de\/dahme-heideseen\/#website\"},\"datePublished\":\"2016-07-15T07:10:03+00:00\",\"dateModified\":\"2016-07-28T10:21:16+00:00\",\"author\":{\"@id\":\"https:\/\/www.naturparkmagazin.de\/dahme-heideseen\/#\/schema\/person\/c81c96c3a1f5ee7bffff8b8022c105f0\"},\"breadcrumb\":{\"@id\":\"https:\/\/www.naturparkmagazin.de\/dahme-heideseen\/tage-der-offene-gaerten-am-20-und-21-august\/#breadcrumb\"},\"inLanguage\":\"de\",\"potentialAction\":[{\"@type\":\"ReadAction\",\"target\":[\"https:\/\/www.naturparkmagazin.de\/dahme-heideseen\/tage-der-offene-gaerten-am-20-und-21-august\/\"]}]},{\"@type\":\"BreadcrumbList\",\"@id\":\"https:\/\/www.naturparkmagazin.de\/dahme-heideseen\/tage-der-offene-gaerten-am-20-und-21-august\/#breadcrumb\",\"itemListElement\":[{\"@type\":\"ListItem\",\"position\":1,\"name\":\"Home\",\"item\":\"https:\/\/www.naturparkmagazin.de\/dahme-heideseen\/\"},{\"@type\":\"ListItem\",\"position\":2,\"name\":\"Tage der offene G\u00e4rten am 20. und 21. August\"}]},{\"@type\":\"WebSite\",\"@id\":\"https:\/\/www.naturparkmagazin.de\/dahme-heideseen\/#website\",\"url\":\"https:\/\/www.naturparkmagazin.de\/dahme-heideseen\/\",\"name\":\"Naturpark Dahme-Heideseen\",\"description\":\"\",\"potentialAction\":[{\"@type\":\"SearchAction\",\"target\":{\"@type\":\"EntryPoint\",\"urlTemplate\":\"https:\/\/www.naturparkmagazin.de\/dahme-heideseen\/?s={search_term_string}\"},\"query-input\":\"required name=search_term_string\"}],\"inLanguage\":\"de\"},{\"@type\":\"Person\",\"@id\":\"https:\/\/www.naturparkmagazin.de\/dahme-heideseen\/#\/schema\/person\/c81c96c3a1f5ee7bffff8b8022c105f0\",\"name\":\"hanssonnenberg\",\"url\":\"https:\/\/www.naturparkmagazin.de\/dahme-heideseen\/author\/hanssonnenberg\/\"}]}<\/script>\n<!-- \/ Yoast SEO plugin. -->","yoast_head_json":{"title":"Tage der offene G\u00e4rten am 20. und 21. August - Naturpark Dahme-Heideseen","robots":{"index":"index","follow":"follow","max-snippet":"max-snippet:-1","max-image-preview":"max-image-preview:large","max-video-preview":"max-video-preview:-1"},"canonical":"https:\/\/www.naturparkmagazin.de\/dahme-heideseen\/tage-der-offene-gaerten-am-20-und-21-august\/","og_locale":"de_DE","og_type":"article","og_title":"Tage der offene G\u00e4rten am 20. und 21. August - Naturpark Dahme-Heideseen","og_description":"Von Eichwalde an der Stadtgrenze von Berlin bis Luckau in der Niederlausitz. Zahlreiche G\u00e4rten \u00f6ffnen auch in diesem Jahr ihre Gartentore.","og_url":"https:\/\/www.naturparkmagazin.de\/dahme-heideseen\/tage-der-offene-gaerten-am-20-und-21-august\/","og_site_name":"Naturpark Dahme-Heideseen","article_published_time":"2016-07-15T07:10:03+00:00","article_modified_time":"2016-07-28T10:21:16+00:00","og_image":[{"width":640,"height":428,"url":"https:\/\/www.naturparkmagazin.de\/dahme-heideseen\/wp-content\/uploads\/sites\/37\/Biogarten_Mauer_klein.jpg","type":"image\/jpeg"}],"author":"hanssonnenberg","twitter_misc":{"Verfasst von":"hanssonnenberg","Gesch\u00e4tzte Lesezeit":"1\u00a0Minute"},"schema":{"@context":"https:\/\/schema.org","@graph":[{"@type":"WebPage","@id":"https:\/\/www.naturparkmagazin.de\/dahme-heideseen\/tage-der-offene-gaerten-am-20-und-21-august\/","url":"https:\/\/www.naturparkmagazin.de\/dahme-heideseen\/tage-der-offene-gaerten-am-20-und-21-august\/","name":"Tage der offene G\u00e4rten am 20. und 21. August - Naturpark Dahme-Heideseen","isPartOf":{"@id":"https:\/\/www.naturparkmagazin.de\/dahme-heideseen\/#website"},"datePublished":"2016-07-15T07:10:03+00:00","dateModified":"2016-07-28T10:21:16+00:00","author":{"@id":"https:\/\/www.naturparkmagazin.de\/dahme-heideseen\/#\/schema\/person\/c81c96c3a1f5ee7bffff8b8022c105f0"},"breadcrumb":{"@id":"https:\/\/www.naturparkmagazin.de\/dahme-heideseen\/tage-der-offene-gaerten-am-20-und-21-august\/#breadcrumb"},"inLanguage":"de","potentialAction":[{"@type":"ReadAction","target":["https:\/\/www.naturparkmagazin.de\/dahme-heideseen\/tage-der-offene-gaerten-am-20-und-21-august\/"]}]},{"@type":"BreadcrumbList","@id":"https:\/\/www.naturparkmagazin.de\/dahme-heideseen\/tage-der-offene-gaerten-am-20-und-21-august\/#breadcrumb","itemListElement":[{"@type":"ListItem","position":1,"name":"Home","item":"https:\/\/www.naturparkmagazin.de\/dahme-heideseen\/"},{"@type":"ListItem","position":2,"name":"Tage der offene G\u00e4rten am 20. und 21. August"}]},{"@type":"WebSite","@id":"https:\/\/www.naturparkmagazin.de\/dahme-heideseen\/#website","url":"https:\/\/www.naturparkmagazin.de\/dahme-heideseen\/","name":"Naturpark Dahme-Heideseen","description":"","potentialAction":[{"@type":"SearchAction","target":{"@type":"EntryPoint","urlTemplate":"https:\/\/www.naturparkmagazin.de\/dahme-heideseen\/?s={search_term_string}"},"query-input":"required name=search_term_string"}],"inLanguage":"de"},{"@type":"Person","@id":"https:\/\/www.naturparkmagazin.de\/dahme-heideseen\/#\/schema\/person\/c81c96c3a1f5ee7bffff8b8022c105f0","name":"hanssonnenberg","url":"https:\/\/www.naturparkmagazin.de\/dahme-heideseen\/author\/hanssonnenberg\/"}]}},"_links":{"self":[{"href":"https:\/\/www.naturparkmagazin.de\/dahme-heideseen\/wp-json\/wp\/v2\/posts\/1612"}],"collection":[{"href":"https:\/\/www.naturparkmagazin.de\/dahme-heideseen\/wp-json\/wp\/v2\/posts"}],"about":[{"href":"https:\/\/www.naturparkmagazin.de\/dahme-heideseen\/wp-json\/wp\/v2\/types\/post"}],"author":[{"embeddable":true,"href":"https:\/\/www.naturparkmagazin.de\/dahme-heideseen\/wp-json\/wp\/v2\/users\/48"}],"replies":[{"embeddable":true,"href":"https:\/\/www.naturparkmagazin.de\/dahme-heideseen\/wp-json\/wp\/v2\/comments?post=1612"}],"version-history":[{"count":2,"href":"https:\/\/www.naturparkmagazin.de\/dahme-heideseen\/wp-json\/wp\/v2\/posts\/1612\/revisions"}],"predecessor-version":[{"id":1635,"href":"https:\/\/www.naturparkmagazin.de\/dahme-heideseen\/wp-json\/wp\/v2\/posts\/1612\/revisions\/1635"}],"wp:featuredmedia":[{"embeddable":true,"href":"https:\/\/www.naturparkmagazin.de\/dahme-heideseen\/wp-json\/wp\/v2\/media\/1090"}],"wp:attachment":[{"href":"https:\/\/www.naturparkmagazin.de\/dahme-heideseen\/wp-json\/wp\/v2\/media?parent=1612"}],"wp:term":[{"taxonomy":"category","embeddable":true,"href":"https:\/\/www.naturparkmagazin.de\/dahme-heideseen\/wp-json\/wp\/v2\/categories?post=1612"},{"taxonomy":"post_tag","embeddable":true,"href":"https:\/\/www.naturparkmagazin.de\/dahme-heideseen\/wp-json\/wp\/v2\/tags?post=1612"}],"curies":[{"name":"wp","href":"https:\/\/api.w.org\/{rel}","templated":true}]}}