{"id":1627,"date":"2016-07-15T00:25:18","date_gmt":"2016-07-14T22:25:18","guid":{"rendered":"http:\/\/www.naturparkmagazin.de\/dahme-heideseen\/?p=1627"},"modified":"2016-07-28T12:43:58","modified_gmt":"2016-07-28T10:43:58","slug":"einladung-zum-netzwerktreffen-am-13-september","status":"publish","type":"post","link":"https:\/\/www.naturparkmagazin.de\/dahme-heideseen\/einladung-zum-netzwerktreffen-am-13-september\/","title":{"rendered":"Einladung zum Netzwerktreffen am 13. September"},"content":{"rendered":"<p>Hallo liebe \u201eAkteure\u201c im Naturpark Dahme-Heideseen,<\/p>\n<p>59.400 Hektar \u2013 Das ist die Gesamtfl\u00e4che unseres Naturparkes. Eine Fl\u00e4che, wo in oder umringt von wundersch\u00f6ner Natur fantastische Projekte laufen, tolle regionale Produkte hergestellt werden, herrliche Veranstaltungen und F\u00fchrungen angeboten werden und mit viel Engagement und Innovation Neues vorangetrieben oder Bew\u00e4hrtes erhalten wird.<!--more--><\/p>\n<div id=\"attachment_1628\" style=\"width: 630px\" class=\"wp-caption aligncenter\"><a href=\"https:\/\/www.naturparkmagazin.de\/dahme-heideseen\/wp-content\/uploads\/sites\/37\/npdh_biz_storkow_netzwerk.jpeg\"><img aria-describedby=\"caption-attachment-1628\" decoding=\"async\" loading=\"lazy\" class=\"size-medium wp-image-1628\" src=\"https:\/\/www.naturparkmagazin.de\/dahme-heideseen\/wp-content\/uploads\/sites\/37\/npdh_biz_storkow_netzwerk-620x264.jpeg\" alt=\"Abbildung: BIZ Storkow\" width=\"620\" height=\"264\" srcset=\"https:\/\/www.naturparkmagazin.de\/dahme-heideseen\/wp-content\/uploads\/sites\/37\/npdh_biz_storkow_netzwerk-620x264.jpeg 620w, https:\/\/www.naturparkmagazin.de\/dahme-heideseen\/wp-content\/uploads\/sites\/37\/npdh_biz_storkow_netzwerk-300x128.jpeg 300w, https:\/\/www.naturparkmagazin.de\/dahme-heideseen\/wp-content\/uploads\/sites\/37\/npdh_biz_storkow_netzwerk-200x85.jpeg 200w, https:\/\/www.naturparkmagazin.de\/dahme-heideseen\/wp-content\/uploads\/sites\/37\/npdh_biz_storkow_netzwerk.jpeg 654w\" sizes=\"(max-width: 620px) 100vw, 620px\" \/><\/a><p id=\"caption-attachment-1628\" class=\"wp-caption-text\">Abbildung: BIZ Storkow<\/p><\/div>\n<p>Mein Name ist Franziska Kreis und ich bin seit Anfang des Jahres neu im Team des Besucherzentrums des Naturparks auf der Burg in Storkow und m\u00f6chte Sie alle gern pers\u00f6nlich kennenlernen, um eine meiner Aufgaben, Sie als Akteure zu unterst\u00fctzen, auszuf\u00fcllen. Das Besucherzentrum ist eine Anlaufstelle f\u00fcr Touristen und Einheimische und soll ein Schaufenster in die gesamte Region sein. Deshalb m\u00f6chte ich ein Netzwerk mit allen Akteuren des Naturparks aufbauen.<\/p>\n<p>Ich lade Sie recht herzlich zu einem Naturpark-Stammtisch ein, um die bestehenden Verbindungen aufzufrischen und hoffentlich viele neue zu kn\u00fcpfen. Es soll ein Austausch dar\u00fcber stattfinden, wo Handlungsbedarf gesehen wird und welche Vorhaben man gemeinsam angehen k\u00f6nnte.<\/p>\n<p>Termin:<\/p>\n<p><strong>13. September 2016 &#8211; 18:00 Uhr<\/strong><\/p>\n<p><strong>Burg Storkow \u2013 Gro\u00dfer Saal<\/strong><\/p>\n<p>Themen:<\/p>\n<ul>\n<li>Bessere Vernetzung \u2013 Wege des Austausches (z.B. f\u00fcr Angebotskatalog, gemeinsame Veranstaltungs\u00fcbersicht, Veranstaltungen, F\u00f6rdermittel, Newsletter etc. )<\/li>\n<li>Vorhaben: evtl. Routen mit allen Akteuren (z.B. Geo-Info-Manager) &#8211; Wo sehen sie Handlungsbedarf \/ Ihre Visionen f\u00fcr den Naturpark<\/li>\n<li>Chance Besucherinformationszentrum<\/li>\n<li>Plattform: Naturpark-Website<\/li>\n<\/ul>\n<p>Ich freue mich sehr Sie kennenzulernen bzw. zu treffen und bitte Sie, mir f\u00fcr die Planung kurz per Mail oder Telefon eine R\u00fcckmeldung zu geben, ob Sie oder ein Vertreter kommen. Das Weitersagen dieser Veranstaltung an weitere Akteure des Naturparks ist ausdr\u00fccklich erw\u00fcnscht!<\/p>\n<p>Ihre<\/p>\n<p>Franziska Kreis<\/p>\n<p>Tel. 033 678 &#8211; 73228<\/p>\n<p>Mail: <a href=\"mailto:besucherzentrum@storkow.de\">besucherzentrum@storkow.de<\/a><\/p>\n","protected":false},"excerpt":{"rendered":"<p>Franziska Kies l\u00e4dt recht herzlich zu einem Naturpark-Stammtisch ein, um die bestehenden Verbindungen aufzufrischen und hoffentlich viele neue zu kn\u00fcpfen.<\/p>\n","protected":false},"author":48,"featured_media":1628,"comment_status":"open","ping_status":"open","sticky":false,"template":"","format":"standard","meta":[],"categories":[11],"tags":[],"yoast_head":"<!-- This site is optimized with the Yoast SEO plugin v19.10 - https:\/\/yoast.com\/wordpress\/plugins\/seo\/ -->\n<title>Einladung zum Netzwerktreffen am 13. September - Naturpark Dahme-Heideseen<\/title>\n<meta name=\"robots\" content=\"index, follow, max-snippet:-1, max-image-preview:large, max-video-preview:-1\" \/>\n<link rel=\"canonical\" href=\"https:\/\/www.naturparkmagazin.de\/dahme-heideseen\/einladung-zum-netzwerktreffen-am-13-september\/\" \/>\n<meta property=\"og:locale\" content=\"de_DE\" \/>\n<meta property=\"og:type\" content=\"article\" \/>\n<meta property=\"og:title\" content=\"Einladung zum Netzwerktreffen am 13. September - Naturpark Dahme-Heideseen\" \/>\n<meta property=\"og:description\" content=\"Franziska Kies l\u00e4dt recht herzlich zu einem Naturpark-Stammtisch ein, um die bestehenden Verbindungen aufzufrischen und hoffentlich viele neue zu kn\u00fcpfen.\" \/>\n<meta property=\"og:url\" content=\"https:\/\/www.naturparkmagazin.de\/dahme-heideseen\/einladung-zum-netzwerktreffen-am-13-september\/\" \/>\n<meta property=\"og:site_name\" content=\"Naturpark Dahme-Heideseen\" \/>\n<meta property=\"article:published_time\" content=\"2016-07-14T22:25:18+00:00\" \/>\n<meta property=\"article:modified_time\" content=\"2016-07-28T10:43:58+00:00\" \/>\n<meta property=\"og:image\" content=\"https:\/\/www.naturparkmagazin.de\/dahme-heideseen\/wp-content\/uploads\/sites\/37\/npdh_biz_storkow_netzwerk.jpeg\" \/>\n\t<meta property=\"og:image:width\" content=\"654\" \/>\n\t<meta property=\"og:image:height\" content=\"279\" \/>\n\t<meta property=\"og:image:type\" content=\"image\/jpeg\" \/>\n<meta name=\"author\" content=\"hanssonnenberg\" \/>\n<meta name=\"twitter:label1\" content=\"Verfasst von\" \/>\n\t<meta name=\"twitter:data1\" content=\"hanssonnenberg\" \/>\n\t<meta name=\"twitter:label2\" content=\"Gesch\u00e4tzte Lesezeit\" \/>\n\t<meta name=\"twitter:data2\" content=\"1\u00a0Minute\" \/>\n<script type=\"application\/ld+json\" class=\"yoast-schema-graph\">{\"@context\":\"https:\/\/schema.org\",\"@graph\":[{\"@type\":\"WebPage\",\"@id\":\"https:\/\/www.naturparkmagazin.de\/dahme-heideseen\/einladung-zum-netzwerktreffen-am-13-september\/\",\"url\":\"https:\/\/www.naturparkmagazin.de\/dahme-heideseen\/einladung-zum-netzwerktreffen-am-13-september\/\",\"name\":\"Einladung zum Netzwerktreffen am 13. September - Naturpark Dahme-Heideseen\",\"isPartOf\":{\"@id\":\"https:\/\/www.naturparkmagazin.de\/dahme-heideseen\/#website\"},\"datePublished\":\"2016-07-14T22:25:18+00:00\",\"dateModified\":\"2016-07-28T10:43:58+00:00\",\"author\":{\"@id\":\"https:\/\/www.naturparkmagazin.de\/dahme-heideseen\/#\/schema\/person\/c81c96c3a1f5ee7bffff8b8022c105f0\"},\"breadcrumb\":{\"@id\":\"https:\/\/www.naturparkmagazin.de\/dahme-heideseen\/einladung-zum-netzwerktreffen-am-13-september\/#breadcrumb\"},\"inLanguage\":\"de\",\"potentialAction\":[{\"@type\":\"ReadAction\",\"target\":[\"https:\/\/www.naturparkmagazin.de\/dahme-heideseen\/einladung-zum-netzwerktreffen-am-13-september\/\"]}]},{\"@type\":\"BreadcrumbList\",\"@id\":\"https:\/\/www.naturparkmagazin.de\/dahme-heideseen\/einladung-zum-netzwerktreffen-am-13-september\/#breadcrumb\",\"itemListElement\":[{\"@type\":\"ListItem\",\"position\":1,\"name\":\"Home\",\"item\":\"https:\/\/www.naturparkmagazin.de\/dahme-heideseen\/\"},{\"@type\":\"ListItem\",\"position\":2,\"name\":\"Einladung zum Netzwerktreffen am 13. September\"}]},{\"@type\":\"WebSite\",\"@id\":\"https:\/\/www.naturparkmagazin.de\/dahme-heideseen\/#website\",\"url\":\"https:\/\/www.naturparkmagazin.de\/dahme-heideseen\/\",\"name\":\"Naturpark Dahme-Heideseen\",\"description\":\"\",\"potentialAction\":[{\"@type\":\"SearchAction\",\"target\":{\"@type\":\"EntryPoint\",\"urlTemplate\":\"https:\/\/www.naturparkmagazin.de\/dahme-heideseen\/?s={search_term_string}\"},\"query-input\":\"required name=search_term_string\"}],\"inLanguage\":\"de\"},{\"@type\":\"Person\",\"@id\":\"https:\/\/www.naturparkmagazin.de\/dahme-heideseen\/#\/schema\/person\/c81c96c3a1f5ee7bffff8b8022c105f0\",\"name\":\"hanssonnenberg\",\"url\":\"https:\/\/www.naturparkmagazin.de\/dahme-heideseen\/author\/hanssonnenberg\/\"}]}<\/script>\n<!-- \/ Yoast SEO plugin. -->","yoast_head_json":{"title":"Einladung zum Netzwerktreffen am 13. September - Naturpark Dahme-Heideseen","robots":{"index":"index","follow":"follow","max-snippet":"max-snippet:-1","max-image-preview":"max-image-preview:large","max-video-preview":"max-video-preview:-1"},"canonical":"https:\/\/www.naturparkmagazin.de\/dahme-heideseen\/einladung-zum-netzwerktreffen-am-13-september\/","og_locale":"de_DE","og_type":"article","og_title":"Einladung zum Netzwerktreffen am 13. September - Naturpark Dahme-Heideseen","og_description":"Franziska Kies l\u00e4dt recht herzlich zu einem Naturpark-Stammtisch ein, um die bestehenden Verbindungen aufzufrischen und hoffentlich viele neue zu kn\u00fcpfen.","og_url":"https:\/\/www.naturparkmagazin.de\/dahme-heideseen\/einladung-zum-netzwerktreffen-am-13-september\/","og_site_name":"Naturpark Dahme-Heideseen","article_published_time":"2016-07-14T22:25:18+00:00","article_modified_time":"2016-07-28T10:43:58+00:00","og_image":[{"width":654,"height":279,"url":"https:\/\/www.naturparkmagazin.de\/dahme-heideseen\/wp-content\/uploads\/sites\/37\/npdh_biz_storkow_netzwerk.jpeg","type":"image\/jpeg"}],"author":"hanssonnenberg","twitter_misc":{"Verfasst von":"hanssonnenberg","Gesch\u00e4tzte Lesezeit":"1\u00a0Minute"},"schema":{"@context":"https:\/\/schema.org","@graph":[{"@type":"WebPage","@id":"https:\/\/www.naturparkmagazin.de\/dahme-heideseen\/einladung-zum-netzwerktreffen-am-13-september\/","url":"https:\/\/www.naturparkmagazin.de\/dahme-heideseen\/einladung-zum-netzwerktreffen-am-13-september\/","name":"Einladung zum Netzwerktreffen am 13. September - Naturpark Dahme-Heideseen","isPartOf":{"@id":"https:\/\/www.naturparkmagazin.de\/dahme-heideseen\/#website"},"datePublished":"2016-07-14T22:25:18+00:00","dateModified":"2016-07-28T10:43:58+00:00","author":{"@id":"https:\/\/www.naturparkmagazin.de\/dahme-heideseen\/#\/schema\/person\/c81c96c3a1f5ee7bffff8b8022c105f0"},"breadcrumb":{"@id":"https:\/\/www.naturparkmagazin.de\/dahme-heideseen\/einladung-zum-netzwerktreffen-am-13-september\/#breadcrumb"},"inLanguage":"de","potentialAction":[{"@type":"ReadAction","target":["https:\/\/www.naturparkmagazin.de\/dahme-heideseen\/einladung-zum-netzwerktreffen-am-13-september\/"]}]},{"@type":"BreadcrumbList","@id":"https:\/\/www.naturparkmagazin.de\/dahme-heideseen\/einladung-zum-netzwerktreffen-am-13-september\/#breadcrumb","itemListElement":[{"@type":"ListItem","position":1,"name":"Home","item":"https:\/\/www.naturparkmagazin.de\/dahme-heideseen\/"},{"@type":"ListItem","position":2,"name":"Einladung zum Netzwerktreffen am 13. September"}]},{"@type":"WebSite","@id":"https:\/\/www.naturparkmagazin.de\/dahme-heideseen\/#website","url":"https:\/\/www.naturparkmagazin.de\/dahme-heideseen\/","name":"Naturpark Dahme-Heideseen","description":"","potentialAction":[{"@type":"SearchAction","target":{"@type":"EntryPoint","urlTemplate":"https:\/\/www.naturparkmagazin.de\/dahme-heideseen\/?s={search_term_string}"},"query-input":"required name=search_term_string"}],"inLanguage":"de"},{"@type":"Person","@id":"https:\/\/www.naturparkmagazin.de\/dahme-heideseen\/#\/schema\/person\/c81c96c3a1f5ee7bffff8b8022c105f0","name":"hanssonnenberg","url":"https:\/\/www.naturparkmagazin.de\/dahme-heideseen\/author\/hanssonnenberg\/"}]}},"_links":{"self":[{"href":"https:\/\/www.naturparkmagazin.de\/dahme-heideseen\/wp-json\/wp\/v2\/posts\/1627"}],"collection":[{"href":"https:\/\/www.naturparkmagazin.de\/dahme-heideseen\/wp-json\/wp\/v2\/posts"}],"about":[{"href":"https:\/\/www.naturparkmagazin.de\/dahme-heideseen\/wp-json\/wp\/v2\/types\/post"}],"author":[{"embeddable":true,"href":"https:\/\/www.naturparkmagazin.de\/dahme-heideseen\/wp-json\/wp\/v2\/users\/48"}],"replies":[{"embeddable":true,"href":"https:\/\/www.naturparkmagazin.de\/dahme-heideseen\/wp-json\/wp\/v2\/comments?post=1627"}],"version-history":[{"count":4,"href":"https:\/\/www.naturparkmagazin.de\/dahme-heideseen\/wp-json\/wp\/v2\/posts\/1627\/revisions"}],"predecessor-version":[{"id":1641,"href":"https:\/\/www.naturparkmagazin.de\/dahme-heideseen\/wp-json\/wp\/v2\/posts\/1627\/revisions\/1641"}],"wp:featuredmedia":[{"embeddable":true,"href":"https:\/\/www.naturparkmagazin.de\/dahme-heideseen\/wp-json\/wp\/v2\/media\/1628"}],"wp:attachment":[{"href":"https:\/\/www.naturparkmagazin.de\/dahme-heideseen\/wp-json\/wp\/v2\/media?parent=1627"}],"wp:term":[{"taxonomy":"category","embeddable":true,"href":"https:\/\/www.naturparkmagazin.de\/dahme-heideseen\/wp-json\/wp\/v2\/categories?post=1627"},{"taxonomy":"post_tag","embeddable":true,"href":"https:\/\/www.naturparkmagazin.de\/dahme-heideseen\/wp-json\/wp\/v2\/tags?post=1627"}],"curies":[{"name":"wp","href":"https:\/\/api.w.org\/{rel}","templated":true}]}}