{"id":1652,"date":"2016-08-18T15:01:20","date_gmt":"2016-08-18T13:01:20","guid":{"rendered":"http:\/\/www.naturparkmagazin.de\/dahme-heideseen\/?p=1652"},"modified":"2016-08-29T11:55:42","modified_gmt":"2016-08-29T09:55:42","slug":"tag-des-offenen-denkmals-in-halbe-am-sonntag-11-september-2016","status":"publish","type":"post","link":"https:\/\/www.naturparkmagazin.de\/dahme-heideseen\/tag-des-offenen-denkmals-in-halbe-am-sonntag-11-september-2016\/","title":{"rendered":"Tag des offenen Denkmals in Halbe am Sonntag 11. September 2016"},"content":{"rendered":"<p>Der Europ\u00e4ische Tag des offenen Denkmals steht in diesem Jahr unter dem Motto &#8222;Gemeinsam Denkmale erhalten&#8220;.<\/p>\n<p>Zentraler Treffpunkt: 11 bis 17 Uhr an der Evangelischen Dankeskirche in Halbe<\/p>\n<p><!--more-->\nDer Naturpark Dahme-Heideseen gestaltet zusammen mit Partnern jedes Jahr an einem Ort den Tag des offenen Denkmals. In diesem Jahr findet der Denkmaltag in Halbe statt. Lassen Sie sich f\u00fchren durch den Ort mit seiner j\u00fcngeren, aber durchaus dramatischen Geschichte um das Jahr 1945. Erleben Sie die Denkm\u00e4ler des Ortes.<\/p>\n<p>Am Tag des offenen Denkmals wird Ihnen der Stand der Rekonstruktion der Dankeskirche und des Kaiserlichen Empfangsgeb\u00e4udes am Bahnhof Halbe vorgestellt. Der denkmalgesch\u00fctzte Waldfriedhof Halbe wird im Rahmen einer F\u00fchrung vorgestellt.<\/p>\n<p><strong>Programm:<\/strong><\/p>\n<p>11.00 Er\u00f6ffnung vor bzw. in der Dankeskirche Halbe (je nach Witterung)<\/p>\n<p>11.15 \u2013 12.00 F\u00fchrung durch und um die Dankeskirche Halbe<\/p>\n<p>12.30 \u2013 13.30 F\u00fchrung \u00fcber den Waldfriedhof Halbe<\/p>\n<p>14.00 \u2013 14.30 Gottesdienst in der Dankeskirche Halbe<\/p>\n<p>14.30 \u2013 17.00 Kaffeetafel im Gemeindesaal oder im Hof zwischen Kirche und Freizeitheim (je nach Witterung)<\/p>\n<p>15.00 \u2013 16.00 F\u00fchrung Kaiserbahnhof (im Geb\u00e4ude und Au\u00dfengel\u00e4nde)<\/p>\n<p>16.30\u00a0\u00a0\u00a0\u00a0\u00a0\u00a0\u00a0\u00a0\u00a0\u00a0\u00a0\u00a0\u00a0\u00a0\u00a0 Pflanzung eines Maulbeerbaumes im Hof zwischen Kirche und Freizeitheim<\/p>\n<p>17.00\u00a0\u00a0\u00a0\u00a0\u00a0\u00a0\u00a0\u00a0\u00a0\u00a0\u00a0\u00a0\u00a0\u00a0\u00a0 Ende der Veranstaltung<\/p>\n<p>&nbsp;<\/p>\n<p><strong>Evangelische Dankeskirche mit Gemeindesaal und Pfarrhaus<\/strong><\/p>\n<p>Die 1914 eingeweihte Dankeskirche pr\u00e4sentiert sich als m\u00e4rkisches und schlichtes Gotteshaus. Im April 1945 wurde die Kirche bei der Kesselschlacht von Halbe schwer besch\u00e4digt. Eng verbunden mit der Kirchengeschichte ist die Anlage des Halber Waldfriedhofs und das Wirken von Pfarrer Ernst Teichmann. Seit mehreren Jahren erfolgt die aufwendige Sanierung.<\/p>\n<p><a href=\"https:\/\/www.naturparkmagazin.de\/dahme-heideseen\/wp-content\/uploads\/sites\/37\/Dankeskirche_Frontansicht.jpg\"><img decoding=\"async\" loading=\"lazy\" class=\"aligncenter size-full wp-image-1648\" src=\"https:\/\/www.naturparkmagazin.de\/dahme-heideseen\/wp-content\/uploads\/sites\/37\/Dankeskirche_Frontansicht.jpg\" alt=\"Dankeskirche_Frontansicht\" width=\"480\" height=\"637\" srcset=\"https:\/\/www.naturparkmagazin.de\/dahme-heideseen\/wp-content\/uploads\/sites\/37\/Dankeskirche_Frontansicht.jpg 480w, https:\/\/www.naturparkmagazin.de\/dahme-heideseen\/wp-content\/uploads\/sites\/37\/Dankeskirche_Frontansicht-300x398.jpg 300w, https:\/\/www.naturparkmagazin.de\/dahme-heideseen\/wp-content\/uploads\/sites\/37\/Dankeskirche_Frontansicht-135x180.jpg 135w, https:\/\/www.naturparkmagazin.de\/dahme-heideseen\/wp-content\/uploads\/sites\/37\/Dankeskirche_Frontansicht-53x71.jpg 53w, https:\/\/www.naturparkmagazin.de\/dahme-heideseen\/wp-content\/uploads\/sites\/37\/Dankeskirche_Frontansicht-200x265.jpg 200w\" sizes=\"(max-width: 480px) 100vw, 480px\" \/><\/a><\/p>\n<p><a href=\"http:\/\/www.dankeskirche-halbe.de\" target=\"_blank\">F\u00f6rderverein Dankeskirche Halbe<\/a><\/p>\n<p>&nbsp;<\/p>\n<p>&nbsp;<\/p>\n<p><strong>Bahnhof Halbe mit k\u00f6niglichem Empfangsgeb\u00e4ude<\/strong><\/p>\n<p>Entstanden im Zusammenhang mit den preu\u00dfischen Jagdgebieten s\u00fcdlich von K\u00f6nigs Wusterhausen. Mit dem Bau der Eisenbahnstrecke Berlin-G\u00f6rlitz ab 1865 entstand der Bahnhof Halbe, bestehend aus Bahnhofsempfangsgeb\u00e4ude und sog. k\u00f6niglichem Empfangsgeb\u00e4ude. Der Komplex diente dem Empfang der Hofjagdgesellschaften. Das stark verfallene Geb\u00e4ude wird gegenw\u00e4rtig saniert.<\/p>\n<p><a href=\"https:\/\/www.naturparkmagazin.de\/dahme-heideseen\/wp-content\/uploads\/sites\/37\/Detail_Kaiserbahnhof.jpg\"><img decoding=\"async\" loading=\"lazy\" class=\"aligncenter size-medium wp-image-1650\" src=\"https:\/\/www.naturparkmagazin.de\/dahme-heideseen\/wp-content\/uploads\/sites\/37\/Detail_Kaiserbahnhof-620x408.jpg\" alt=\"Detail_Kaiserbahnhof\" width=\"620\" height=\"408\" srcset=\"https:\/\/www.naturparkmagazin.de\/dahme-heideseen\/wp-content\/uploads\/sites\/37\/Detail_Kaiserbahnhof-620x408.jpg 620w, https:\/\/www.naturparkmagazin.de\/dahme-heideseen\/wp-content\/uploads\/sites\/37\/Detail_Kaiserbahnhof-300x197.jpg 300w, https:\/\/www.naturparkmagazin.de\/dahme-heideseen\/wp-content\/uploads\/sites\/37\/Detail_Kaiserbahnhof-200x132.jpg 200w, https:\/\/www.naturparkmagazin.de\/dahme-heideseen\/wp-content\/uploads\/sites\/37\/Detail_Kaiserbahnhof.jpg 640w\" sizes=\"(max-width: 620px) 100vw, 620px\" \/><\/a><\/p>\n<p><a href=\"http:\/\/www.greiz-gruenderzeit.de\/index.php?option=com_content&amp;task=view&amp;id=229&amp;Itemid=61\" target=\"_blank\">K\u00f6nigliches empfangsgeb\u00e4ude Bahnhof Halbe<\/a><\/p>\n<p>&nbsp;<\/p>\n<p><strong>Waldfriedhof Halbe<\/strong><\/p>\n<p>Eine der gr\u00f6\u00dften Kriegsgr\u00e4berst\u00e4tten Deutschlands. Dort ruhen etwa 22.000 Opfer des II. Weltkrieges. Der Aufbau der heute denkmalgesch\u00fctzten Anlage erfolgte ab 1951 als Anlage eines Zentralfriedhofs. Seit dem Jahr 2002 hat der Volksbund Deutsche Kriegsgr\u00e4berf\u00fcrsorge e.V. die Pflege der gr\u00f6\u00dften und bedeutendsten Anlage in Brandenburg \u00fcbernommen.<\/p>\n<p><a href=\"https:\/\/www.naturparkmagazin.de\/dahme-heideseen\/wp-content\/uploads\/sites\/37\/Waldfriedhof_Halbe_Kiefern.jpg\"><img decoding=\"async\" loading=\"lazy\" class=\"aligncenter size-medium wp-image-1651\" src=\"https:\/\/www.naturparkmagazin.de\/dahme-heideseen\/wp-content\/uploads\/sites\/37\/Waldfriedhof_Halbe_Kiefern-620x416.jpg\" alt=\"Waldfriedhof_Halbe_Kiefern\" width=\"620\" height=\"416\" srcset=\"https:\/\/www.naturparkmagazin.de\/dahme-heideseen\/wp-content\/uploads\/sites\/37\/Waldfriedhof_Halbe_Kiefern-620x416.jpg 620w, https:\/\/www.naturparkmagazin.de\/dahme-heideseen\/wp-content\/uploads\/sites\/37\/Waldfriedhof_Halbe_Kiefern-300x201.jpg 300w, https:\/\/www.naturparkmagazin.de\/dahme-heideseen\/wp-content\/uploads\/sites\/37\/Waldfriedhof_Halbe_Kiefern-200x134.jpg 200w, https:\/\/www.naturparkmagazin.de\/dahme-heideseen\/wp-content\/uploads\/sites\/37\/Waldfriedhof_Halbe_Kiefern.jpg 640w\" sizes=\"(max-width: 620px) 100vw, 620px\" \/><\/a><\/p>\n<p><a href=\"http:\/\/www.volksbund.de\" target=\"_blank\">Volksbund Deutsche Kriegsgr\u00e4berf\u00fcrsorge e.V.<\/a><\/p>\n<p>&nbsp;<\/p>\n<p><a href=\"http:\/\/tag-des-offenen-denkmals.de\/programm\/\" target=\"_blank\">Tag des offenen Denkmals &#8211; Bundesweites Programm und Teilnehmer<\/a><\/p>\n<p>&nbsp;<\/p>\n","protected":false},"excerpt":{"rendered":"<p>Der Europ\u00e4ische Tag des offenen Denkmals steht in diesem Jahr unter dem Motto &#8222;Gemeinsam Denkmale erhalten&#8220;. Zentraler Treffpunkt ist von 11 bis 17 Uhr die Evangelische Dankeskirche in Halbe.<\/p>\n","protected":false},"author":48,"featured_media":1647,"comment_status":"open","ping_status":"open","sticky":false,"template":"","format":"standard","meta":[],"categories":[11],"tags":[],"yoast_head":"<!-- This site is optimized with the Yoast SEO plugin v19.10 - https:\/\/yoast.com\/wordpress\/plugins\/seo\/ -->\n<title>Tag des offenen Denkmals in Halbe am Sonntag 11. September 2016 - Naturpark Dahme-Heideseen<\/title>\n<meta name=\"robots\" content=\"index, follow, max-snippet:-1, max-image-preview:large, max-video-preview:-1\" \/>\n<link rel=\"canonical\" href=\"https:\/\/www.naturparkmagazin.de\/dahme-heideseen\/tag-des-offenen-denkmals-in-halbe-am-sonntag-11-september-2016\/\" \/>\n<meta property=\"og:locale\" content=\"de_DE\" \/>\n<meta property=\"og:type\" content=\"article\" \/>\n<meta property=\"og:title\" content=\"Tag des offenen Denkmals in Halbe am Sonntag 11. September 2016 - Naturpark Dahme-Heideseen\" \/>\n<meta property=\"og:description\" content=\"Der Europ\u00e4ische Tag des offenen Denkmals steht in diesem Jahr unter dem Motto &quot;Gemeinsam Denkmale erhalten&quot;. Zentraler Treffpunkt ist von 11 bis 17 Uhr die Evangelische Dankeskirche in Halbe.\" \/>\n<meta property=\"og:url\" content=\"https:\/\/www.naturparkmagazin.de\/dahme-heideseen\/tag-des-offenen-denkmals-in-halbe-am-sonntag-11-september-2016\/\" \/>\n<meta property=\"og:site_name\" content=\"Naturpark Dahme-Heideseen\" \/>\n<meta property=\"article:published_time\" content=\"2016-08-18T13:01:20+00:00\" \/>\n<meta property=\"article:modified_time\" content=\"2016-08-29T09:55:42+00:00\" \/>\n<meta property=\"og:image\" content=\"https:\/\/www.naturparkmagazin.de\/dahme-heideseen\/wp-content\/uploads\/sites\/37\/Dankeskirche_Eingang.jpg\" \/>\n\t<meta property=\"og:image:width\" content=\"480\" \/>\n\t<meta property=\"og:image:height\" content=\"510\" \/>\n\t<meta property=\"og:image:type\" content=\"image\/jpeg\" \/>\n<meta name=\"author\" content=\"hanssonnenberg\" \/>\n<meta name=\"twitter:label1\" content=\"Verfasst von\" \/>\n\t<meta name=\"twitter:data1\" content=\"hanssonnenberg\" \/>\n\t<meta name=\"twitter:label2\" content=\"Gesch\u00e4tzte Lesezeit\" \/>\n\t<meta name=\"twitter:data2\" content=\"2\u00a0Minuten\" \/>\n<script type=\"application\/ld+json\" class=\"yoast-schema-graph\">{\"@context\":\"https:\/\/schema.org\",\"@graph\":[{\"@type\":\"WebPage\",\"@id\":\"https:\/\/www.naturparkmagazin.de\/dahme-heideseen\/tag-des-offenen-denkmals-in-halbe-am-sonntag-11-september-2016\/\",\"url\":\"https:\/\/www.naturparkmagazin.de\/dahme-heideseen\/tag-des-offenen-denkmals-in-halbe-am-sonntag-11-september-2016\/\",\"name\":\"Tag des offenen Denkmals in Halbe am Sonntag 11. September 2016 - Naturpark Dahme-Heideseen\",\"isPartOf\":{\"@id\":\"https:\/\/www.naturparkmagazin.de\/dahme-heideseen\/#website\"},\"datePublished\":\"2016-08-18T13:01:20+00:00\",\"dateModified\":\"2016-08-29T09:55:42+00:00\",\"author\":{\"@id\":\"https:\/\/www.naturparkmagazin.de\/dahme-heideseen\/#\/schema\/person\/c81c96c3a1f5ee7bffff8b8022c105f0\"},\"breadcrumb\":{\"@id\":\"https:\/\/www.naturparkmagazin.de\/dahme-heideseen\/tag-des-offenen-denkmals-in-halbe-am-sonntag-11-september-2016\/#breadcrumb\"},\"inLanguage\":\"de\",\"potentialAction\":[{\"@type\":\"ReadAction\",\"target\":[\"https:\/\/www.naturparkmagazin.de\/dahme-heideseen\/tag-des-offenen-denkmals-in-halbe-am-sonntag-11-september-2016\/\"]}]},{\"@type\":\"BreadcrumbList\",\"@id\":\"https:\/\/www.naturparkmagazin.de\/dahme-heideseen\/tag-des-offenen-denkmals-in-halbe-am-sonntag-11-september-2016\/#breadcrumb\",\"itemListElement\":[{\"@type\":\"ListItem\",\"position\":1,\"name\":\"Home\",\"item\":\"https:\/\/www.naturparkmagazin.de\/dahme-heideseen\/\"},{\"@type\":\"ListItem\",\"position\":2,\"name\":\"Tag des offenen Denkmals in Halbe am Sonntag 11. September 2016\"}]},{\"@type\":\"WebSite\",\"@id\":\"https:\/\/www.naturparkmagazin.de\/dahme-heideseen\/#website\",\"url\":\"https:\/\/www.naturparkmagazin.de\/dahme-heideseen\/\",\"name\":\"Naturpark Dahme-Heideseen\",\"description\":\"\",\"potentialAction\":[{\"@type\":\"SearchAction\",\"target\":{\"@type\":\"EntryPoint\",\"urlTemplate\":\"https:\/\/www.naturparkmagazin.de\/dahme-heideseen\/?s={search_term_string}\"},\"query-input\":\"required name=search_term_string\"}],\"inLanguage\":\"de\"},{\"@type\":\"Person\",\"@id\":\"https:\/\/www.naturparkmagazin.de\/dahme-heideseen\/#\/schema\/person\/c81c96c3a1f5ee7bffff8b8022c105f0\",\"name\":\"hanssonnenberg\",\"url\":\"https:\/\/www.naturparkmagazin.de\/dahme-heideseen\/author\/hanssonnenberg\/\"}]}<\/script>\n<!-- \/ Yoast SEO plugin. -->","yoast_head_json":{"title":"Tag des offenen Denkmals in Halbe am Sonntag 11. September 2016 - Naturpark Dahme-Heideseen","robots":{"index":"index","follow":"follow","max-snippet":"max-snippet:-1","max-image-preview":"max-image-preview:large","max-video-preview":"max-video-preview:-1"},"canonical":"https:\/\/www.naturparkmagazin.de\/dahme-heideseen\/tag-des-offenen-denkmals-in-halbe-am-sonntag-11-september-2016\/","og_locale":"de_DE","og_type":"article","og_title":"Tag des offenen Denkmals in Halbe am Sonntag 11. September 2016 - Naturpark Dahme-Heideseen","og_description":"Der Europ\u00e4ische Tag des offenen Denkmals steht in diesem Jahr unter dem Motto \"Gemeinsam Denkmale erhalten\". Zentraler Treffpunkt ist von 11 bis 17 Uhr die Evangelische Dankeskirche in Halbe.","og_url":"https:\/\/www.naturparkmagazin.de\/dahme-heideseen\/tag-des-offenen-denkmals-in-halbe-am-sonntag-11-september-2016\/","og_site_name":"Naturpark Dahme-Heideseen","article_published_time":"2016-08-18T13:01:20+00:00","article_modified_time":"2016-08-29T09:55:42+00:00","og_image":[{"width":480,"height":510,"url":"https:\/\/www.naturparkmagazin.de\/dahme-heideseen\/wp-content\/uploads\/sites\/37\/Dankeskirche_Eingang.jpg","type":"image\/jpeg"}],"author":"hanssonnenberg","twitter_misc":{"Verfasst von":"hanssonnenberg","Gesch\u00e4tzte Lesezeit":"2\u00a0Minuten"},"schema":{"@context":"https:\/\/schema.org","@graph":[{"@type":"WebPage","@id":"https:\/\/www.naturparkmagazin.de\/dahme-heideseen\/tag-des-offenen-denkmals-in-halbe-am-sonntag-11-september-2016\/","url":"https:\/\/www.naturparkmagazin.de\/dahme-heideseen\/tag-des-offenen-denkmals-in-halbe-am-sonntag-11-september-2016\/","name":"Tag des offenen Denkmals in Halbe am Sonntag 11. September 2016 - Naturpark Dahme-Heideseen","isPartOf":{"@id":"https:\/\/www.naturparkmagazin.de\/dahme-heideseen\/#website"},"datePublished":"2016-08-18T13:01:20+00:00","dateModified":"2016-08-29T09:55:42+00:00","author":{"@id":"https:\/\/www.naturparkmagazin.de\/dahme-heideseen\/#\/schema\/person\/c81c96c3a1f5ee7bffff8b8022c105f0"},"breadcrumb":{"@id":"https:\/\/www.naturparkmagazin.de\/dahme-heideseen\/tag-des-offenen-denkmals-in-halbe-am-sonntag-11-september-2016\/#breadcrumb"},"inLanguage":"de","potentialAction":[{"@type":"ReadAction","target":["https:\/\/www.naturparkmagazin.de\/dahme-heideseen\/tag-des-offenen-denkmals-in-halbe-am-sonntag-11-september-2016\/"]}]},{"@type":"BreadcrumbList","@id":"https:\/\/www.naturparkmagazin.de\/dahme-heideseen\/tag-des-offenen-denkmals-in-halbe-am-sonntag-11-september-2016\/#breadcrumb","itemListElement":[{"@type":"ListItem","position":1,"name":"Home","item":"https:\/\/www.naturparkmagazin.de\/dahme-heideseen\/"},{"@type":"ListItem","position":2,"name":"Tag des offenen Denkmals in Halbe am Sonntag 11. September 2016"}]},{"@type":"WebSite","@id":"https:\/\/www.naturparkmagazin.de\/dahme-heideseen\/#website","url":"https:\/\/www.naturparkmagazin.de\/dahme-heideseen\/","name":"Naturpark Dahme-Heideseen","description":"","potentialAction":[{"@type":"SearchAction","target":{"@type":"EntryPoint","urlTemplate":"https:\/\/www.naturparkmagazin.de\/dahme-heideseen\/?s={search_term_string}"},"query-input":"required name=search_term_string"}],"inLanguage":"de"},{"@type":"Person","@id":"https:\/\/www.naturparkmagazin.de\/dahme-heideseen\/#\/schema\/person\/c81c96c3a1f5ee7bffff8b8022c105f0","name":"hanssonnenberg","url":"https:\/\/www.naturparkmagazin.de\/dahme-heideseen\/author\/hanssonnenberg\/"}]}},"_links":{"self":[{"href":"https:\/\/www.naturparkmagazin.de\/dahme-heideseen\/wp-json\/wp\/v2\/posts\/1652"}],"collection":[{"href":"https:\/\/www.naturparkmagazin.de\/dahme-heideseen\/wp-json\/wp\/v2\/posts"}],"about":[{"href":"https:\/\/www.naturparkmagazin.de\/dahme-heideseen\/wp-json\/wp\/v2\/types\/post"}],"author":[{"embeddable":true,"href":"https:\/\/www.naturparkmagazin.de\/dahme-heideseen\/wp-json\/wp\/v2\/users\/48"}],"replies":[{"embeddable":true,"href":"https:\/\/www.naturparkmagazin.de\/dahme-heideseen\/wp-json\/wp\/v2\/comments?post=1652"}],"version-history":[{"count":4,"href":"https:\/\/www.naturparkmagazin.de\/dahme-heideseen\/wp-json\/wp\/v2\/posts\/1652\/revisions"}],"predecessor-version":[{"id":1685,"href":"https:\/\/www.naturparkmagazin.de\/dahme-heideseen\/wp-json\/wp\/v2\/posts\/1652\/revisions\/1685"}],"wp:featuredmedia":[{"embeddable":true,"href":"https:\/\/www.naturparkmagazin.de\/dahme-heideseen\/wp-json\/wp\/v2\/media\/1647"}],"wp:attachment":[{"href":"https:\/\/www.naturparkmagazin.de\/dahme-heideseen\/wp-json\/wp\/v2\/media?parent=1652"}],"wp:term":[{"taxonomy":"category","embeddable":true,"href":"https:\/\/www.naturparkmagazin.de\/dahme-heideseen\/wp-json\/wp\/v2\/categories?post=1652"},{"taxonomy":"post_tag","embeddable":true,"href":"https:\/\/www.naturparkmagazin.de\/dahme-heideseen\/wp-json\/wp\/v2\/tags?post=1652"}],"curies":[{"name":"wp","href":"https:\/\/api.w.org\/{rel}","templated":true}]}}