{"id":1659,"date":"2016-08-18T14:34:25","date_gmt":"2016-08-18T12:34:25","guid":{"rendered":"http:\/\/www.naturparkmagazin.de\/dahme-heideseen\/?p=1659"},"modified":"2016-08-30T11:33:56","modified_gmt":"2016-08-30T09:33:56","slug":"angebote-aus-dem-biogarten-nun-auch-am-prieroser-naturschutzzentrum","status":"publish","type":"post","link":"https:\/\/www.naturparkmagazin.de\/dahme-heideseen\/angebote-aus-dem-biogarten-nun-auch-am-prieroser-naturschutzzentrum\/","title":{"rendered":"Angebote aus dem Biogarten nun auch am Prieroser Naturschutzzentrum"},"content":{"rendered":"<p>Im Prieroser Biogarten wird in einem Lehr- und Schaugarten auf rein biologischer Grundlage im Einklang der Natur gesundes und schadstofffreies Obst und Gem\u00fcse angebaut. Die hier wachsenden Produkte, vom Mangold bis zur Tomate, vom Dill bis zum Bohnenkraut k\u00f6nnen f\u00fcr ein kleines Entgeld erworben werden.\u00a0<!--more--><\/p>\n<p>Seit Anfang August gibt es nun auch einen kleinen Angebotsstand f\u00fcr Biogartenprodukte am Naturschutzzentrum mitten in Prieros. Hier k\u00f6nnen sie von Montag bis Freitag vorbei schauen und sich mit t\u00e4glich frischem Gem\u00fcse versorgen.<\/p>\n<p><a href=\"https:\/\/www.naturparkmagazin.de\/dahme-heideseen\/wp-content\/uploads\/sites\/37\/npdh_gem\u00fcsestand_sonnenberg.jpg\"><img decoding=\"async\" loading=\"lazy\" class=\"aligncenter size-full wp-image-1645\" src=\"https:\/\/www.naturparkmagazin.de\/dahme-heideseen\/wp-content\/uploads\/sites\/37\/npdh_gem\u00fcsestand_sonnenberg.jpg\" alt=\"npdh_gem\u00fcsestand_sonnenberg\" width=\"448\" height=\"329\" srcset=\"https:\/\/www.naturparkmagazin.de\/dahme-heideseen\/wp-content\/uploads\/sites\/37\/npdh_gem\u00fcsestand_sonnenberg.jpg 448w, https:\/\/www.naturparkmagazin.de\/dahme-heideseen\/wp-content\/uploads\/sites\/37\/npdh_gem\u00fcsestand_sonnenberg-300x220.jpg 300w, https:\/\/www.naturparkmagazin.de\/dahme-heideseen\/wp-content\/uploads\/sites\/37\/npdh_gem\u00fcsestand_sonnenberg-95x71.jpg 95w, https:\/\/www.naturparkmagazin.de\/dahme-heideseen\/wp-content\/uploads\/sites\/37\/npdh_gem\u00fcsestand_sonnenberg-200x147.jpg 200w\" sizes=\"(max-width: 448px) 100vw, 448px\" \/><\/a><\/p>\n<p>Aktuell empfehlen wir das Angebot aus mehreren Kartoffel-, Zuchinie- und Zwiebelsorten.<\/p>\n<p><strong>\u00d6ffnungszeiten im Biogarten:<\/strong><\/p>\n<p>April &#8211; Oktober\u00a0 Montag bis Freitag von 9.00 &#8211; 16.00 Uhr<\/p>\n<p>Mai &#8211; September\u00a0 Montag bis Freitag von 9.00 &#8211; 16.00 Uhr und zus\u00e4tzlich Samstag und Sonntag und an Feiertagen 13.00 &#8211; 17.00 Uhr<\/p>\n<p><a href=\"http:\/\/www.vgsdahme-spreewald.de\/biogarten\/biogarten.html\" target=\"_blank\">Biogarten Prieros<\/a><\/p>\n","protected":false},"excerpt":{"rendered":"<p>Im Prieroser Biogarten wird in einem Lehr- und Schaugarten auf rein biologischer Grundlage im Einklang der Natur gesundes und schadstofffreies Obst und Gem\u00fcse angebaut, das auch zum Verkauf angeboten wird. <\/p>\n","protected":false},"author":48,"featured_media":1660,"comment_status":"open","ping_status":"open","sticky":false,"template":"","format":"standard","meta":[],"categories":[7],"tags":[],"yoast_head":"<!-- This site is optimized with the Yoast SEO plugin v19.10 - https:\/\/yoast.com\/wordpress\/plugins\/seo\/ -->\n<title>Angebote aus dem Biogarten nun auch am Prieroser Naturschutzzentrum - Naturpark Dahme-Heideseen<\/title>\n<meta name=\"robots\" content=\"index, follow, max-snippet:-1, max-image-preview:large, max-video-preview:-1\" \/>\n<link rel=\"canonical\" href=\"https:\/\/www.naturparkmagazin.de\/dahme-heideseen\/angebote-aus-dem-biogarten-nun-auch-am-prieroser-naturschutzzentrum\/\" \/>\n<meta property=\"og:locale\" content=\"de_DE\" \/>\n<meta property=\"og:type\" content=\"article\" \/>\n<meta property=\"og:title\" content=\"Angebote aus dem Biogarten nun auch am Prieroser Naturschutzzentrum - Naturpark Dahme-Heideseen\" \/>\n<meta property=\"og:description\" content=\"Im Prieroser Biogarten wird in einem Lehr- und Schaugarten auf rein biologischer Grundlage im Einklang der Natur gesundes und schadstofffreies Obst und Gem\u00fcse angebaut, das auch zum Verkauf angeboten wird.\" \/>\n<meta property=\"og:url\" content=\"https:\/\/www.naturparkmagazin.de\/dahme-heideseen\/angebote-aus-dem-biogarten-nun-auch-am-prieroser-naturschutzzentrum\/\" \/>\n<meta property=\"og:site_name\" content=\"Naturpark Dahme-Heideseen\" \/>\n<meta property=\"article:published_time\" content=\"2016-08-18T12:34:25+00:00\" \/>\n<meta property=\"article:modified_time\" content=\"2016-08-30T09:33:56+00:00\" \/>\n<meta property=\"og:image\" content=\"https:\/\/www.naturparkmagazin.de\/dahme-heideseen\/wp-content\/uploads\/sites\/37\/npdh_biogareten_gem\u00fcse_sonnenberg.jpg\" \/>\n\t<meta property=\"og:image:width\" content=\"448\" \/>\n\t<meta property=\"og:image:height\" content=\"336\" \/>\n\t<meta property=\"og:image:type\" content=\"image\/jpeg\" \/>\n<meta name=\"author\" content=\"hanssonnenberg\" \/>\n<meta name=\"twitter:label1\" content=\"Verfasst von\" \/>\n\t<meta name=\"twitter:data1\" content=\"hanssonnenberg\" \/>\n\t<meta name=\"twitter:label2\" content=\"Gesch\u00e4tzte Lesezeit\" \/>\n\t<meta name=\"twitter:data2\" content=\"1\u00a0Minute\" \/>\n<script type=\"application\/ld+json\" class=\"yoast-schema-graph\">{\"@context\":\"https:\/\/schema.org\",\"@graph\":[{\"@type\":\"WebPage\",\"@id\":\"https:\/\/www.naturparkmagazin.de\/dahme-heideseen\/angebote-aus-dem-biogarten-nun-auch-am-prieroser-naturschutzzentrum\/\",\"url\":\"https:\/\/www.naturparkmagazin.de\/dahme-heideseen\/angebote-aus-dem-biogarten-nun-auch-am-prieroser-naturschutzzentrum\/\",\"name\":\"Angebote aus dem Biogarten nun auch am Prieroser Naturschutzzentrum - Naturpark Dahme-Heideseen\",\"isPartOf\":{\"@id\":\"https:\/\/www.naturparkmagazin.de\/dahme-heideseen\/#website\"},\"datePublished\":\"2016-08-18T12:34:25+00:00\",\"dateModified\":\"2016-08-30T09:33:56+00:00\",\"author\":{\"@id\":\"https:\/\/www.naturparkmagazin.de\/dahme-heideseen\/#\/schema\/person\/c81c96c3a1f5ee7bffff8b8022c105f0\"},\"breadcrumb\":{\"@id\":\"https:\/\/www.naturparkmagazin.de\/dahme-heideseen\/angebote-aus-dem-biogarten-nun-auch-am-prieroser-naturschutzzentrum\/#breadcrumb\"},\"inLanguage\":\"de\",\"potentialAction\":[{\"@type\":\"ReadAction\",\"target\":[\"https:\/\/www.naturparkmagazin.de\/dahme-heideseen\/angebote-aus-dem-biogarten-nun-auch-am-prieroser-naturschutzzentrum\/\"]}]},{\"@type\":\"BreadcrumbList\",\"@id\":\"https:\/\/www.naturparkmagazin.de\/dahme-heideseen\/angebote-aus-dem-biogarten-nun-auch-am-prieroser-naturschutzzentrum\/#breadcrumb\",\"itemListElement\":[{\"@type\":\"ListItem\",\"position\":1,\"name\":\"Home\",\"item\":\"https:\/\/www.naturparkmagazin.de\/dahme-heideseen\/\"},{\"@type\":\"ListItem\",\"position\":2,\"name\":\"Angebote aus dem Biogarten nun auch am Prieroser Naturschutzzentrum\"}]},{\"@type\":\"WebSite\",\"@id\":\"https:\/\/www.naturparkmagazin.de\/dahme-heideseen\/#website\",\"url\":\"https:\/\/www.naturparkmagazin.de\/dahme-heideseen\/\",\"name\":\"Naturpark Dahme-Heideseen\",\"description\":\"\",\"potentialAction\":[{\"@type\":\"SearchAction\",\"target\":{\"@type\":\"EntryPoint\",\"urlTemplate\":\"https:\/\/www.naturparkmagazin.de\/dahme-heideseen\/?s={search_term_string}\"},\"query-input\":\"required name=search_term_string\"}],\"inLanguage\":\"de\"},{\"@type\":\"Person\",\"@id\":\"https:\/\/www.naturparkmagazin.de\/dahme-heideseen\/#\/schema\/person\/c81c96c3a1f5ee7bffff8b8022c105f0\",\"name\":\"hanssonnenberg\",\"url\":\"https:\/\/www.naturparkmagazin.de\/dahme-heideseen\/author\/hanssonnenberg\/\"}]}<\/script>\n<!-- \/ Yoast SEO plugin. -->","yoast_head_json":{"title":"Angebote aus dem Biogarten nun auch am Prieroser Naturschutzzentrum - Naturpark Dahme-Heideseen","robots":{"index":"index","follow":"follow","max-snippet":"max-snippet:-1","max-image-preview":"max-image-preview:large","max-video-preview":"max-video-preview:-1"},"canonical":"https:\/\/www.naturparkmagazin.de\/dahme-heideseen\/angebote-aus-dem-biogarten-nun-auch-am-prieroser-naturschutzzentrum\/","og_locale":"de_DE","og_type":"article","og_title":"Angebote aus dem Biogarten nun auch am Prieroser Naturschutzzentrum - Naturpark Dahme-Heideseen","og_description":"Im Prieroser Biogarten wird in einem Lehr- und Schaugarten auf rein biologischer Grundlage im Einklang der Natur gesundes und schadstofffreies Obst und Gem\u00fcse angebaut, das auch zum Verkauf angeboten wird.","og_url":"https:\/\/www.naturparkmagazin.de\/dahme-heideseen\/angebote-aus-dem-biogarten-nun-auch-am-prieroser-naturschutzzentrum\/","og_site_name":"Naturpark Dahme-Heideseen","article_published_time":"2016-08-18T12:34:25+00:00","article_modified_time":"2016-08-30T09:33:56+00:00","og_image":[{"width":448,"height":336,"url":"https:\/\/www.naturparkmagazin.de\/dahme-heideseen\/wp-content\/uploads\/sites\/37\/npdh_biogareten_gem\u00fcse_sonnenberg.jpg","type":"image\/jpeg"}],"author":"hanssonnenberg","twitter_misc":{"Verfasst von":"hanssonnenberg","Gesch\u00e4tzte Lesezeit":"1\u00a0Minute"},"schema":{"@context":"https:\/\/schema.org","@graph":[{"@type":"WebPage","@id":"https:\/\/www.naturparkmagazin.de\/dahme-heideseen\/angebote-aus-dem-biogarten-nun-auch-am-prieroser-naturschutzzentrum\/","url":"https:\/\/www.naturparkmagazin.de\/dahme-heideseen\/angebote-aus-dem-biogarten-nun-auch-am-prieroser-naturschutzzentrum\/","name":"Angebote aus dem Biogarten nun auch am Prieroser Naturschutzzentrum - Naturpark Dahme-Heideseen","isPartOf":{"@id":"https:\/\/www.naturparkmagazin.de\/dahme-heideseen\/#website"},"datePublished":"2016-08-18T12:34:25+00:00","dateModified":"2016-08-30T09:33:56+00:00","author":{"@id":"https:\/\/www.naturparkmagazin.de\/dahme-heideseen\/#\/schema\/person\/c81c96c3a1f5ee7bffff8b8022c105f0"},"breadcrumb":{"@id":"https:\/\/www.naturparkmagazin.de\/dahme-heideseen\/angebote-aus-dem-biogarten-nun-auch-am-prieroser-naturschutzzentrum\/#breadcrumb"},"inLanguage":"de","potentialAction":[{"@type":"ReadAction","target":["https:\/\/www.naturparkmagazin.de\/dahme-heideseen\/angebote-aus-dem-biogarten-nun-auch-am-prieroser-naturschutzzentrum\/"]}]},{"@type":"BreadcrumbList","@id":"https:\/\/www.naturparkmagazin.de\/dahme-heideseen\/angebote-aus-dem-biogarten-nun-auch-am-prieroser-naturschutzzentrum\/#breadcrumb","itemListElement":[{"@type":"ListItem","position":1,"name":"Home","item":"https:\/\/www.naturparkmagazin.de\/dahme-heideseen\/"},{"@type":"ListItem","position":2,"name":"Angebote aus dem Biogarten nun auch am Prieroser Naturschutzzentrum"}]},{"@type":"WebSite","@id":"https:\/\/www.naturparkmagazin.de\/dahme-heideseen\/#website","url":"https:\/\/www.naturparkmagazin.de\/dahme-heideseen\/","name":"Naturpark Dahme-Heideseen","description":"","potentialAction":[{"@type":"SearchAction","target":{"@type":"EntryPoint","urlTemplate":"https:\/\/www.naturparkmagazin.de\/dahme-heideseen\/?s={search_term_string}"},"query-input":"required name=search_term_string"}],"inLanguage":"de"},{"@type":"Person","@id":"https:\/\/www.naturparkmagazin.de\/dahme-heideseen\/#\/schema\/person\/c81c96c3a1f5ee7bffff8b8022c105f0","name":"hanssonnenberg","url":"https:\/\/www.naturparkmagazin.de\/dahme-heideseen\/author\/hanssonnenberg\/"}]}},"_links":{"self":[{"href":"https:\/\/www.naturparkmagazin.de\/dahme-heideseen\/wp-json\/wp\/v2\/posts\/1659"}],"collection":[{"href":"https:\/\/www.naturparkmagazin.de\/dahme-heideseen\/wp-json\/wp\/v2\/posts"}],"about":[{"href":"https:\/\/www.naturparkmagazin.de\/dahme-heideseen\/wp-json\/wp\/v2\/types\/post"}],"author":[{"embeddable":true,"href":"https:\/\/www.naturparkmagazin.de\/dahme-heideseen\/wp-json\/wp\/v2\/users\/48"}],"replies":[{"embeddable":true,"href":"https:\/\/www.naturparkmagazin.de\/dahme-heideseen\/wp-json\/wp\/v2\/comments?post=1659"}],"version-history":[{"count":4,"href":"https:\/\/www.naturparkmagazin.de\/dahme-heideseen\/wp-json\/wp\/v2\/posts\/1659\/revisions"}],"predecessor-version":[{"id":1691,"href":"https:\/\/www.naturparkmagazin.de\/dahme-heideseen\/wp-json\/wp\/v2\/posts\/1659\/revisions\/1691"}],"wp:featuredmedia":[{"embeddable":true,"href":"https:\/\/www.naturparkmagazin.de\/dahme-heideseen\/wp-json\/wp\/v2\/media\/1660"}],"wp:attachment":[{"href":"https:\/\/www.naturparkmagazin.de\/dahme-heideseen\/wp-json\/wp\/v2\/media?parent=1659"}],"wp:term":[{"taxonomy":"category","embeddable":true,"href":"https:\/\/www.naturparkmagazin.de\/dahme-heideseen\/wp-json\/wp\/v2\/categories?post=1659"},{"taxonomy":"post_tag","embeddable":true,"href":"https:\/\/www.naturparkmagazin.de\/dahme-heideseen\/wp-json\/wp\/v2\/tags?post=1659"}],"curies":[{"name":"wp","href":"https:\/\/api.w.org\/{rel}","templated":true}]}}