{"id":1700,"date":"2016-09-16T11:50:47","date_gmt":"2016-09-16T09:50:47","guid":{"rendered":"http:\/\/www.naturparkmagazin.de\/dahme-heideseen\/?p=1700"},"modified":"2016-09-27T11:03:43","modified_gmt":"2016-09-27T09:03:43","slug":"ein-maulbeerbaum-fuer-die-dankeskirche-halbe","status":"publish","type":"post","link":"https:\/\/www.naturparkmagazin.de\/dahme-heideseen\/ein-maulbeerbaum-fuer-die-dankeskirche-halbe\/","title":{"rendered":"Ein Maulbeerbaum f\u00fcr die Dankeskirche Halbe"},"content":{"rendered":"<p>Tag des offenen Denkmals am 11. September 2016<!--more--><\/p>\n<p>Seit seiner Festsetzung im Jahre 1989 organisiert der Naturpark Dahme-Heideseen Veranstaltungen zum Europ\u00e4ischen Tag des offenen Denkmals. An j\u00e4hrlich wechselnden Orten werden die Natur- und Kulturdenkmale der Region vorgestellt. Die Denkmale, hier pr\u00e4sentiert in der Verbindung von Natur und Kultur, vermitteln Einblicke ich die historische Entwicklung der Region. Sie sind sicht- und erlebbare Zeugnisse der vielf\u00e4ltigen Kultur- und Naturlandschaft. Ihre Bewahrung ist gemeinsames Anliegen aller Beteiligter.<\/p>\n<p>2016 fand der Denkmaltag in Halbe, mit seiner j\u00fcngeren, aber durchaus dramatischen Geschichte um das Jahr 1945 statt. Am Tag des offenen Denkmals wurde der Stand der Rekonstruktion der Dankeskirche und des Kaiserlichen Empfangsgeb\u00e4udes am Bahnhof Halbe vorgestellt. Eine F\u00fchrung fand statt auf dem denkmalgesch\u00fctzten Waldfriedhof Halbe mit seiner naturnahen Parkgestaltung.<\/p>\n<p><a href=\"https:\/\/www.naturparkmagazin.de\/dahme-heideseen\/wp-content\/uploads\/sites\/37\/Waldfriedhof_Halbe_Kiefern.jpg\"><img decoding=\"async\" loading=\"lazy\" class=\"aligncenter size-medium wp-image-1651\" src=\"https:\/\/www.naturparkmagazin.de\/dahme-heideseen\/wp-content\/uploads\/sites\/37\/Waldfriedhof_Halbe_Kiefern-620x416.jpg\" alt=\"Waldfriedhof_Halbe_Kiefern\" width=\"620\" height=\"416\" srcset=\"https:\/\/www.naturparkmagazin.de\/dahme-heideseen\/wp-content\/uploads\/sites\/37\/Waldfriedhof_Halbe_Kiefern-620x416.jpg 620w, https:\/\/www.naturparkmagazin.de\/dahme-heideseen\/wp-content\/uploads\/sites\/37\/Waldfriedhof_Halbe_Kiefern-300x201.jpg 300w, https:\/\/www.naturparkmagazin.de\/dahme-heideseen\/wp-content\/uploads\/sites\/37\/Waldfriedhof_Halbe_Kiefern-200x134.jpg 200w, https:\/\/www.naturparkmagazin.de\/dahme-heideseen\/wp-content\/uploads\/sites\/37\/Waldfriedhof_Halbe_Kiefern.jpg 640w\" sizes=\"(max-width: 620px) 100vw, 620px\" \/><\/a><\/p>\n<p>Getreu dem diesj\u00e4hrigen Motto des Denkmaltages \u201eGemeinsam Denkmale erhalten\u201c erfolgt die Veranstaltung in Zusammenarbeit mit zahlreichen regionalen Partnern. In diesem Jahr waren es der F\u00f6rderverein Dankeskirche Halbe e.V., der Volksbund Deutsche Kriegsgr\u00e4berf\u00fcrsorge e.V., die Naturwacht Brandenburg und Peter Macky vom Kaiserbahnhof Halbe.<\/p>\n<div id=\"attachment_1703\" style=\"width: 630px\" class=\"wp-caption aligncenter\"><a href=\"https:\/\/www.naturparkmagazin.de\/dahme-heideseen\/wp-content\/uploads\/sites\/37\/Denkmaltag_kaiserbahnhof_halbe.jpg\"><img aria-describedby=\"caption-attachment-1703\" decoding=\"async\" loading=\"lazy\" class=\"size-medium wp-image-1703\" src=\"https:\/\/www.naturparkmagazin.de\/dahme-heideseen\/wp-content\/uploads\/sites\/37\/Denkmaltag_kaiserbahnhof_halbe-620x465.jpg\" alt=\"Zahlreich waren die Besucher des \u201eKaiserbahnhofes\u201c (Foto: H. Sonnenberg)\" width=\"620\" height=\"465\" srcset=\"https:\/\/www.naturparkmagazin.de\/dahme-heideseen\/wp-content\/uploads\/sites\/37\/Denkmaltag_kaiserbahnhof_halbe-620x465.jpg 620w, https:\/\/www.naturparkmagazin.de\/dahme-heideseen\/wp-content\/uploads\/sites\/37\/Denkmaltag_kaiserbahnhof_halbe-300x225.jpg 300w, https:\/\/www.naturparkmagazin.de\/dahme-heideseen\/wp-content\/uploads\/sites\/37\/Denkmaltag_kaiserbahnhof_halbe-580x435.jpg 580w, https:\/\/www.naturparkmagazin.de\/dahme-heideseen\/wp-content\/uploads\/sites\/37\/Denkmaltag_kaiserbahnhof_halbe-420x315.jpg 420w, https:\/\/www.naturparkmagazin.de\/dahme-heideseen\/wp-content\/uploads\/sites\/37\/Denkmaltag_kaiserbahnhof_halbe-180x135.jpg 180w, https:\/\/www.naturparkmagazin.de\/dahme-heideseen\/wp-content\/uploads\/sites\/37\/Denkmaltag_kaiserbahnhof_halbe-95x71.jpg 95w, https:\/\/www.naturparkmagazin.de\/dahme-heideseen\/wp-content\/uploads\/sites\/37\/Denkmaltag_kaiserbahnhof_halbe-200x150.jpg 200w, https:\/\/www.naturparkmagazin.de\/dahme-heideseen\/wp-content\/uploads\/sites\/37\/Denkmaltag_kaiserbahnhof_halbe.jpg 640w\" sizes=\"(max-width: 620px) 100vw, 620px\" \/><\/a><p id=\"caption-attachment-1703\" class=\"wp-caption-text\">Zahlreich waren die Besucher des \u201eKaiserbahnhofes\u201c (Foto: H. Sonnenberg)<\/p><\/div>\n<p>Etwa 180 Personen besuchten den Denkmaltag in Halbe. Die Besichtigung des Kaiserbahnhofs interessiert hierbei die meisten G\u00e4ste. in seiner Predigt beim nachmitt\u00e4glichen Gottesdienst stellte Pfarrer J\u00fcrgen Behnken das Motto des Denkmaltags und das gemeinsame Engagement f\u00fcr die Sanierung der Dankeskirche besonders heraus. Die Pflanzung eines Maulbeerbaumes neben der Kirche, finanziert aus Spenden von Naturwacht-Veranstaltungen, bildete den Abschluss des Tagesprogramms. Der Baum ist ein Dank an alle Beteiligten und eine sch\u00f6ne Erinnerung an einen fr\u00f6hlichen wie auch nachdenklichen, Denkmaltag bei sp\u00e4tsommerlich sch\u00f6nstem Wetter.<\/p>\n<p>&nbsp;<\/p>\n<div id=\"attachment_1701\" style=\"width: 438px\" class=\"wp-caption aligncenter\"><a href=\"https:\/\/www.naturparkmagazin.de\/dahme-heideseen\/wp-content\/uploads\/sites\/37\/Denkmalatg_Pflanzung-Maulbeere.jpg\"><img aria-describedby=\"caption-attachment-1701\" decoding=\"async\" loading=\"lazy\" class=\"size-full wp-image-1701\" src=\"https:\/\/www.naturparkmagazin.de\/dahme-heideseen\/wp-content\/uploads\/sites\/37\/Denkmalatg_Pflanzung-Maulbeere.jpg\" alt=\"Pflanzung eines Maulbeebaumes an der Dankeskirche (Foto: Sonnenberg)\" width=\"428\" height=\"640\" srcset=\"https:\/\/www.naturparkmagazin.de\/dahme-heideseen\/wp-content\/uploads\/sites\/37\/Denkmalatg_Pflanzung-Maulbeere.jpg 428w, https:\/\/www.naturparkmagazin.de\/dahme-heideseen\/wp-content\/uploads\/sites\/37\/Denkmalatg_Pflanzung-Maulbeere-300x449.jpg 300w, https:\/\/www.naturparkmagazin.de\/dahme-heideseen\/wp-content\/uploads\/sites\/37\/Denkmalatg_Pflanzung-Maulbeere-200x299.jpg 200w\" sizes=\"(max-width: 428px) 100vw, 428px\" \/><\/a><p id=\"caption-attachment-1701\" class=\"wp-caption-text\">Pflanzung eines Maulbeebaumes an der Dankeskirche (Foto: Sonnenberg)<\/p><\/div>\n","protected":false},"excerpt":{"rendered":"<p>Tag des offenen Denkmals am 11. September 2016<\/p>\n","protected":false},"author":48,"featured_media":1648,"comment_status":"open","ping_status":"open","sticky":false,"template":"","format":"standard","meta":[],"categories":[7],"tags":[],"yoast_head":"<!-- This site is optimized with the Yoast SEO plugin v19.10 - https:\/\/yoast.com\/wordpress\/plugins\/seo\/ -->\n<title>Ein Maulbeerbaum f\u00fcr die Dankeskirche Halbe - Naturpark Dahme-Heideseen<\/title>\n<meta name=\"robots\" content=\"index, follow, max-snippet:-1, max-image-preview:large, max-video-preview:-1\" \/>\n<link rel=\"canonical\" href=\"https:\/\/www.naturparkmagazin.de\/dahme-heideseen\/ein-maulbeerbaum-fuer-die-dankeskirche-halbe\/\" \/>\n<meta property=\"og:locale\" content=\"de_DE\" \/>\n<meta property=\"og:type\" content=\"article\" \/>\n<meta property=\"og:title\" content=\"Ein Maulbeerbaum f\u00fcr die Dankeskirche Halbe - Naturpark Dahme-Heideseen\" \/>\n<meta property=\"og:description\" content=\"Tag des offenen Denkmals am 11. September 2016\" \/>\n<meta property=\"og:url\" content=\"https:\/\/www.naturparkmagazin.de\/dahme-heideseen\/ein-maulbeerbaum-fuer-die-dankeskirche-halbe\/\" \/>\n<meta property=\"og:site_name\" content=\"Naturpark Dahme-Heideseen\" \/>\n<meta property=\"article:published_time\" content=\"2016-09-16T09:50:47+00:00\" \/>\n<meta property=\"article:modified_time\" content=\"2016-09-27T09:03:43+00:00\" \/>\n<meta property=\"og:image\" content=\"https:\/\/www.naturparkmagazin.de\/dahme-heideseen\/wp-content\/uploads\/sites\/37\/Dankeskirche_Frontansicht.jpg\" \/>\n\t<meta property=\"og:image:width\" content=\"480\" \/>\n\t<meta property=\"og:image:height\" content=\"637\" \/>\n\t<meta property=\"og:image:type\" content=\"image\/jpeg\" \/>\n<meta name=\"author\" content=\"hanssonnenberg\" \/>\n<meta name=\"twitter:label1\" content=\"Verfasst von\" \/>\n\t<meta name=\"twitter:data1\" content=\"hanssonnenberg\" \/>\n\t<meta name=\"twitter:label2\" content=\"Gesch\u00e4tzte Lesezeit\" \/>\n\t<meta name=\"twitter:data2\" content=\"1\u00a0Minute\" \/>\n<script type=\"application\/ld+json\" class=\"yoast-schema-graph\">{\"@context\":\"https:\/\/schema.org\",\"@graph\":[{\"@type\":\"WebPage\",\"@id\":\"https:\/\/www.naturparkmagazin.de\/dahme-heideseen\/ein-maulbeerbaum-fuer-die-dankeskirche-halbe\/\",\"url\":\"https:\/\/www.naturparkmagazin.de\/dahme-heideseen\/ein-maulbeerbaum-fuer-die-dankeskirche-halbe\/\",\"name\":\"Ein Maulbeerbaum f\u00fcr die Dankeskirche Halbe - Naturpark Dahme-Heideseen\",\"isPartOf\":{\"@id\":\"https:\/\/www.naturparkmagazin.de\/dahme-heideseen\/#website\"},\"datePublished\":\"2016-09-16T09:50:47+00:00\",\"dateModified\":\"2016-09-27T09:03:43+00:00\",\"author\":{\"@id\":\"https:\/\/www.naturparkmagazin.de\/dahme-heideseen\/#\/schema\/person\/c81c96c3a1f5ee7bffff8b8022c105f0\"},\"breadcrumb\":{\"@id\":\"https:\/\/www.naturparkmagazin.de\/dahme-heideseen\/ein-maulbeerbaum-fuer-die-dankeskirche-halbe\/#breadcrumb\"},\"inLanguage\":\"de\",\"potentialAction\":[{\"@type\":\"ReadAction\",\"target\":[\"https:\/\/www.naturparkmagazin.de\/dahme-heideseen\/ein-maulbeerbaum-fuer-die-dankeskirche-halbe\/\"]}]},{\"@type\":\"BreadcrumbList\",\"@id\":\"https:\/\/www.naturparkmagazin.de\/dahme-heideseen\/ein-maulbeerbaum-fuer-die-dankeskirche-halbe\/#breadcrumb\",\"itemListElement\":[{\"@type\":\"ListItem\",\"position\":1,\"name\":\"Home\",\"item\":\"https:\/\/www.naturparkmagazin.de\/dahme-heideseen\/\"},{\"@type\":\"ListItem\",\"position\":2,\"name\":\"Ein Maulbeerbaum f\u00fcr die Dankeskirche Halbe\"}]},{\"@type\":\"WebSite\",\"@id\":\"https:\/\/www.naturparkmagazin.de\/dahme-heideseen\/#website\",\"url\":\"https:\/\/www.naturparkmagazin.de\/dahme-heideseen\/\",\"name\":\"Naturpark Dahme-Heideseen\",\"description\":\"\",\"potentialAction\":[{\"@type\":\"SearchAction\",\"target\":{\"@type\":\"EntryPoint\",\"urlTemplate\":\"https:\/\/www.naturparkmagazin.de\/dahme-heideseen\/?s={search_term_string}\"},\"query-input\":\"required name=search_term_string\"}],\"inLanguage\":\"de\"},{\"@type\":\"Person\",\"@id\":\"https:\/\/www.naturparkmagazin.de\/dahme-heideseen\/#\/schema\/person\/c81c96c3a1f5ee7bffff8b8022c105f0\",\"name\":\"hanssonnenberg\",\"url\":\"https:\/\/www.naturparkmagazin.de\/dahme-heideseen\/author\/hanssonnenberg\/\"}]}<\/script>\n<!-- \/ Yoast SEO plugin. -->","yoast_head_json":{"title":"Ein Maulbeerbaum f\u00fcr die Dankeskirche Halbe - Naturpark Dahme-Heideseen","robots":{"index":"index","follow":"follow","max-snippet":"max-snippet:-1","max-image-preview":"max-image-preview:large","max-video-preview":"max-video-preview:-1"},"canonical":"https:\/\/www.naturparkmagazin.de\/dahme-heideseen\/ein-maulbeerbaum-fuer-die-dankeskirche-halbe\/","og_locale":"de_DE","og_type":"article","og_title":"Ein Maulbeerbaum f\u00fcr die Dankeskirche Halbe - Naturpark Dahme-Heideseen","og_description":"Tag des offenen Denkmals am 11. September 2016","og_url":"https:\/\/www.naturparkmagazin.de\/dahme-heideseen\/ein-maulbeerbaum-fuer-die-dankeskirche-halbe\/","og_site_name":"Naturpark Dahme-Heideseen","article_published_time":"2016-09-16T09:50:47+00:00","article_modified_time":"2016-09-27T09:03:43+00:00","og_image":[{"width":480,"height":637,"url":"https:\/\/www.naturparkmagazin.de\/dahme-heideseen\/wp-content\/uploads\/sites\/37\/Dankeskirche_Frontansicht.jpg","type":"image\/jpeg"}],"author":"hanssonnenberg","twitter_misc":{"Verfasst von":"hanssonnenberg","Gesch\u00e4tzte Lesezeit":"1\u00a0Minute"},"schema":{"@context":"https:\/\/schema.org","@graph":[{"@type":"WebPage","@id":"https:\/\/www.naturparkmagazin.de\/dahme-heideseen\/ein-maulbeerbaum-fuer-die-dankeskirche-halbe\/","url":"https:\/\/www.naturparkmagazin.de\/dahme-heideseen\/ein-maulbeerbaum-fuer-die-dankeskirche-halbe\/","name":"Ein Maulbeerbaum f\u00fcr die Dankeskirche Halbe - Naturpark Dahme-Heideseen","isPartOf":{"@id":"https:\/\/www.naturparkmagazin.de\/dahme-heideseen\/#website"},"datePublished":"2016-09-16T09:50:47+00:00","dateModified":"2016-09-27T09:03:43+00:00","author":{"@id":"https:\/\/www.naturparkmagazin.de\/dahme-heideseen\/#\/schema\/person\/c81c96c3a1f5ee7bffff8b8022c105f0"},"breadcrumb":{"@id":"https:\/\/www.naturparkmagazin.de\/dahme-heideseen\/ein-maulbeerbaum-fuer-die-dankeskirche-halbe\/#breadcrumb"},"inLanguage":"de","potentialAction":[{"@type":"ReadAction","target":["https:\/\/www.naturparkmagazin.de\/dahme-heideseen\/ein-maulbeerbaum-fuer-die-dankeskirche-halbe\/"]}]},{"@type":"BreadcrumbList","@id":"https:\/\/www.naturparkmagazin.de\/dahme-heideseen\/ein-maulbeerbaum-fuer-die-dankeskirche-halbe\/#breadcrumb","itemListElement":[{"@type":"ListItem","position":1,"name":"Home","item":"https:\/\/www.naturparkmagazin.de\/dahme-heideseen\/"},{"@type":"ListItem","position":2,"name":"Ein Maulbeerbaum f\u00fcr die Dankeskirche Halbe"}]},{"@type":"WebSite","@id":"https:\/\/www.naturparkmagazin.de\/dahme-heideseen\/#website","url":"https:\/\/www.naturparkmagazin.de\/dahme-heideseen\/","name":"Naturpark Dahme-Heideseen","description":"","potentialAction":[{"@type":"SearchAction","target":{"@type":"EntryPoint","urlTemplate":"https:\/\/www.naturparkmagazin.de\/dahme-heideseen\/?s={search_term_string}"},"query-input":"required name=search_term_string"}],"inLanguage":"de"},{"@type":"Person","@id":"https:\/\/www.naturparkmagazin.de\/dahme-heideseen\/#\/schema\/person\/c81c96c3a1f5ee7bffff8b8022c105f0","name":"hanssonnenberg","url":"https:\/\/www.naturparkmagazin.de\/dahme-heideseen\/author\/hanssonnenberg\/"}]}},"_links":{"self":[{"href":"https:\/\/www.naturparkmagazin.de\/dahme-heideseen\/wp-json\/wp\/v2\/posts\/1700"}],"collection":[{"href":"https:\/\/www.naturparkmagazin.de\/dahme-heideseen\/wp-json\/wp\/v2\/posts"}],"about":[{"href":"https:\/\/www.naturparkmagazin.de\/dahme-heideseen\/wp-json\/wp\/v2\/types\/post"}],"author":[{"embeddable":true,"href":"https:\/\/www.naturparkmagazin.de\/dahme-heideseen\/wp-json\/wp\/v2\/users\/48"}],"replies":[{"embeddable":true,"href":"https:\/\/www.naturparkmagazin.de\/dahme-heideseen\/wp-json\/wp\/v2\/comments?post=1700"}],"version-history":[{"count":1,"href":"https:\/\/www.naturparkmagazin.de\/dahme-heideseen\/wp-json\/wp\/v2\/posts\/1700\/revisions"}],"predecessor-version":[{"id":1705,"href":"https:\/\/www.naturparkmagazin.de\/dahme-heideseen\/wp-json\/wp\/v2\/posts\/1700\/revisions\/1705"}],"wp:featuredmedia":[{"embeddable":true,"href":"https:\/\/www.naturparkmagazin.de\/dahme-heideseen\/wp-json\/wp\/v2\/media\/1648"}],"wp:attachment":[{"href":"https:\/\/www.naturparkmagazin.de\/dahme-heideseen\/wp-json\/wp\/v2\/media?parent=1700"}],"wp:term":[{"taxonomy":"category","embeddable":true,"href":"https:\/\/www.naturparkmagazin.de\/dahme-heideseen\/wp-json\/wp\/v2\/categories?post=1700"},{"taxonomy":"post_tag","embeddable":true,"href":"https:\/\/www.naturparkmagazin.de\/dahme-heideseen\/wp-json\/wp\/v2\/tags?post=1700"}],"curies":[{"name":"wp","href":"https:\/\/api.w.org\/{rel}","templated":true}]}}