{"id":1706,"date":"2016-09-16T15:13:30","date_gmt":"2016-09-16T13:13:30","guid":{"rendered":"http:\/\/www.naturparkmagazin.de\/dahme-heideseen\/?p=1706"},"modified":"2016-09-27T11:03:33","modified_gmt":"2016-09-27T09:03:33","slug":"schon-kleine-kinder-kennen-ihren-namen","status":"publish","type":"post","link":"https:\/\/www.naturparkmagazin.de\/dahme-heideseen\/schon-kleine-kinder-kennen-ihren-namen\/","title":{"rendered":"Schon kleine Kinder kennen ihren Namen"},"content":{"rendered":"<p>Der Naturfotograf Erhard Laube gestaltet mit seinen Vogelaufnahmen die Kalenderbl\u00e4tter des JahreBuch 2016. Als kleine Serie durch das Jahr stellen wir Ihnen die Kalendermotive hier vor. Heute: Die Amsel (<em>Turdus merula<\/em>)<\/p>\n<div id=\"attachment_1708\" style=\"width: 630px\" class=\"wp-caption aligncenter\"><a href=\"https:\/\/www.naturparkmagazin.de\/dahme-heideseen\/wp-content\/uploads\/sites\/37\/npdh_Amse_laube.jpg\"><img aria-describedby=\"caption-attachment-1708\" decoding=\"async\" loading=\"lazy\" class=\"size-medium wp-image-1708\" src=\"https:\/\/www.naturparkmagazin.de\/dahme-heideseen\/wp-content\/uploads\/sites\/37\/npdh_Amse_laube-620x414.jpg\" alt=\"Amsel an einer Eibe (Foto: E. Laube)\" width=\"620\" height=\"414\" srcset=\"https:\/\/www.naturparkmagazin.de\/dahme-heideseen\/wp-content\/uploads\/sites\/37\/npdh_Amse_laube-620x414.jpg 620w, https:\/\/www.naturparkmagazin.de\/dahme-heideseen\/wp-content\/uploads\/sites\/37\/npdh_Amse_laube-300x200.jpg 300w, https:\/\/www.naturparkmagazin.de\/dahme-heideseen\/wp-content\/uploads\/sites\/37\/npdh_Amse_laube-200x133.jpg 200w, https:\/\/www.naturparkmagazin.de\/dahme-heideseen\/wp-content\/uploads\/sites\/37\/npdh_Amse_laube.jpg 640w\" sizes=\"(max-width: 620px) 100vw, 620px\" \/><\/a><p id=\"caption-attachment-1708\" class=\"wp-caption-text\">Amsel an einer Eibe (Foto: E. Laube)<\/p><\/div>\n<p>Ob Sie der bekannteste Vogel bei uns \u00fcberhaupt ist? Zumindest geh\u00f6rt sie zu den Vogelarten, deren Namen\u00a0 Kinder zuerst kennen und nennen k\u00f6nnen.\nDabei ist sie erst in neuerer Zeit als Bewohnerin des Waldes in die St\u00e4dte gezogen und f\u00fchlt sich hier, nicht nur in G\u00e4rten und Parks, ausgesprochen wohl. Vielfach \u00fcberwintert sie bei uns, so dass wir sie das ganze Jahr \u00fcber beobachten k\u00f6nnen. Dankbar ist\u00a0 sie, wenn wir ihr im Herbst Bl\u00e4tter zwischen den Stauden und Blumen liegen lassen, so dass sie nach W\u00fcrmern suchen kann. Und im Herbst verschm\u00e4ht sie kaum eine Beere, wie man auf den Fotos sehen kann.\n\u201eBei den Aschek\u00fcbeln im Hof Darling fl\u00fcstert die Amsel&#8230;\u201c hei\u00dft es in der Schlusszeile des Gedichtes \u201eDie Luft riecht schon nach Schnee\u201c von Sarah Kirsch.\u00a0 So wird sie als Vogel der Hoffnung beschrieben, den Fr\u00fchling ank\u00fcndigend. Tats\u00e4chlich k\u00f6nnen wir die Amsel oft schon im sp\u00e4ten Winter morgens in der D\u00e4mmerung singen h\u00f6ren, oft auf einem Hausdach oder einem Baumgipfel sitzend.<\/p>\n<p>Ihr Nest scheint sie nach meinen Beobachtungen bevorzugt in der N\u00e4he von Menschen zu bauen; da sie selbst nicht scheu ist, gibt ihr dies Schutz vor Nestr\u00e4ubern.<\/p>\n<div id=\"attachment_1707\" style=\"width: 437px\" class=\"wp-caption aligncenter\"><a href=\"https:\/\/www.naturparkmagazin.de\/dahme-heideseen\/wp-content\/uploads\/sites\/37\/npdh_amsel_eberesche_laube.jpg\"><img aria-describedby=\"caption-attachment-1707\" decoding=\"async\" loading=\"lazy\" class=\"size-full wp-image-1707\" src=\"https:\/\/www.naturparkmagazin.de\/dahme-heideseen\/wp-content\/uploads\/sites\/37\/npdh_amsel_eberesche_laube.jpg\" alt=\"Amsel vernascht Fr\u00fcchte der Eberesche\" width=\"427\" height=\"485\" srcset=\"https:\/\/www.naturparkmagazin.de\/dahme-heideseen\/wp-content\/uploads\/sites\/37\/npdh_amsel_eberesche_laube.jpg 427w, https:\/\/www.naturparkmagazin.de\/dahme-heideseen\/wp-content\/uploads\/sites\/37\/npdh_amsel_eberesche_laube-300x341.jpg 300w, https:\/\/www.naturparkmagazin.de\/dahme-heideseen\/wp-content\/uploads\/sites\/37\/npdh_amsel_eberesche_laube-200x227.jpg 200w\" sizes=\"(max-width: 427px) 100vw, 427px\" \/><\/a><p id=\"caption-attachment-1707\" class=\"wp-caption-text\">Amsel vernascht Fr\u00fcchte der Eberesche<\/p><\/div>\n<p>&nbsp;<\/p>\n<p>(Text und Fotos: E. Laube)<\/p>\n","protected":false},"excerpt":{"rendered":"<p>Der Naturfotograf Erhard Laube gestaltet mit seinen Vogelaufnahmen die Kalenderbl\u00e4tter des JahreBuch 2016. Als kleine Serie durch das Jahr stellen wir Ihnen die Kalendermotive hier vor. Heute: Die Amsel (Turdus merula) Ob Sie der bekannteste Vogel bei uns \u00fcberhaupt ist? Zumindest geh\u00f6rt sie zu den Vogelarten, deren Namen\u00a0 Kinder zuerst kennen und nennen k\u00f6nnen. Dabei<\/p>\n","protected":false},"author":48,"featured_media":1707,"comment_status":"open","ping_status":"open","sticky":false,"template":"","format":"standard","meta":[],"categories":[7],"tags":[],"yoast_head":"<!-- This site is optimized with the Yoast SEO plugin v19.10 - https:\/\/yoast.com\/wordpress\/plugins\/seo\/ -->\n<title>Schon kleine Kinder kennen ihren Namen - Naturpark Dahme-Heideseen<\/title>\n<meta name=\"robots\" content=\"index, follow, max-snippet:-1, max-image-preview:large, max-video-preview:-1\" \/>\n<link rel=\"canonical\" href=\"https:\/\/www.naturparkmagazin.de\/dahme-heideseen\/schon-kleine-kinder-kennen-ihren-namen\/\" \/>\n<meta property=\"og:locale\" content=\"de_DE\" \/>\n<meta property=\"og:type\" content=\"article\" \/>\n<meta property=\"og:title\" content=\"Schon kleine Kinder kennen ihren Namen - Naturpark Dahme-Heideseen\" \/>\n<meta property=\"og:description\" content=\"Der Naturfotograf Erhard Laube gestaltet mit seinen Vogelaufnahmen die Kalenderbl\u00e4tter des JahreBuch 2016. Als kleine Serie durch das Jahr stellen wir Ihnen die Kalendermotive hier vor. Heute: Die Amsel (Turdus merula) Ob Sie der bekannteste Vogel bei uns \u00fcberhaupt ist? Zumindest geh\u00f6rt sie zu den Vogelarten, deren Namen\u00a0 Kinder zuerst kennen und nennen k\u00f6nnen. Dabei\" \/>\n<meta property=\"og:url\" content=\"https:\/\/www.naturparkmagazin.de\/dahme-heideseen\/schon-kleine-kinder-kennen-ihren-namen\/\" \/>\n<meta property=\"og:site_name\" content=\"Naturpark Dahme-Heideseen\" \/>\n<meta property=\"article:published_time\" content=\"2016-09-16T13:13:30+00:00\" \/>\n<meta property=\"article:modified_time\" content=\"2016-09-27T09:03:33+00:00\" \/>\n<meta property=\"og:image\" content=\"https:\/\/www.naturparkmagazin.de\/dahme-heideseen\/wp-content\/uploads\/sites\/37\/npdh_amsel_eberesche_laube.jpg\" \/>\n\t<meta property=\"og:image:width\" content=\"427\" \/>\n\t<meta property=\"og:image:height\" content=\"485\" \/>\n\t<meta property=\"og:image:type\" content=\"image\/jpeg\" \/>\n<meta name=\"author\" content=\"hanssonnenberg\" \/>\n<meta name=\"twitter:label1\" content=\"Verfasst von\" \/>\n\t<meta name=\"twitter:data1\" content=\"hanssonnenberg\" \/>\n\t<meta name=\"twitter:label2\" content=\"Gesch\u00e4tzte Lesezeit\" \/>\n\t<meta name=\"twitter:data2\" content=\"1\u00a0Minute\" \/>\n<script type=\"application\/ld+json\" class=\"yoast-schema-graph\">{\"@context\":\"https:\/\/schema.org\",\"@graph\":[{\"@type\":\"WebPage\",\"@id\":\"https:\/\/www.naturparkmagazin.de\/dahme-heideseen\/schon-kleine-kinder-kennen-ihren-namen\/\",\"url\":\"https:\/\/www.naturparkmagazin.de\/dahme-heideseen\/schon-kleine-kinder-kennen-ihren-namen\/\",\"name\":\"Schon kleine Kinder kennen ihren Namen - Naturpark Dahme-Heideseen\",\"isPartOf\":{\"@id\":\"https:\/\/www.naturparkmagazin.de\/dahme-heideseen\/#website\"},\"datePublished\":\"2016-09-16T13:13:30+00:00\",\"dateModified\":\"2016-09-27T09:03:33+00:00\",\"author\":{\"@id\":\"https:\/\/www.naturparkmagazin.de\/dahme-heideseen\/#\/schema\/person\/c81c96c3a1f5ee7bffff8b8022c105f0\"},\"breadcrumb\":{\"@id\":\"https:\/\/www.naturparkmagazin.de\/dahme-heideseen\/schon-kleine-kinder-kennen-ihren-namen\/#breadcrumb\"},\"inLanguage\":\"de\",\"potentialAction\":[{\"@type\":\"ReadAction\",\"target\":[\"https:\/\/www.naturparkmagazin.de\/dahme-heideseen\/schon-kleine-kinder-kennen-ihren-namen\/\"]}]},{\"@type\":\"BreadcrumbList\",\"@id\":\"https:\/\/www.naturparkmagazin.de\/dahme-heideseen\/schon-kleine-kinder-kennen-ihren-namen\/#breadcrumb\",\"itemListElement\":[{\"@type\":\"ListItem\",\"position\":1,\"name\":\"Home\",\"item\":\"https:\/\/www.naturparkmagazin.de\/dahme-heideseen\/\"},{\"@type\":\"ListItem\",\"position\":2,\"name\":\"Schon kleine Kinder kennen ihren Namen\"}]},{\"@type\":\"WebSite\",\"@id\":\"https:\/\/www.naturparkmagazin.de\/dahme-heideseen\/#website\",\"url\":\"https:\/\/www.naturparkmagazin.de\/dahme-heideseen\/\",\"name\":\"Naturpark Dahme-Heideseen\",\"description\":\"\",\"potentialAction\":[{\"@type\":\"SearchAction\",\"target\":{\"@type\":\"EntryPoint\",\"urlTemplate\":\"https:\/\/www.naturparkmagazin.de\/dahme-heideseen\/?s={search_term_string}\"},\"query-input\":\"required name=search_term_string\"}],\"inLanguage\":\"de\"},{\"@type\":\"Person\",\"@id\":\"https:\/\/www.naturparkmagazin.de\/dahme-heideseen\/#\/schema\/person\/c81c96c3a1f5ee7bffff8b8022c105f0\",\"name\":\"hanssonnenberg\",\"url\":\"https:\/\/www.naturparkmagazin.de\/dahme-heideseen\/author\/hanssonnenberg\/\"}]}<\/script>\n<!-- \/ Yoast SEO plugin. -->","yoast_head_json":{"title":"Schon kleine Kinder kennen ihren Namen - Naturpark Dahme-Heideseen","robots":{"index":"index","follow":"follow","max-snippet":"max-snippet:-1","max-image-preview":"max-image-preview:large","max-video-preview":"max-video-preview:-1"},"canonical":"https:\/\/www.naturparkmagazin.de\/dahme-heideseen\/schon-kleine-kinder-kennen-ihren-namen\/","og_locale":"de_DE","og_type":"article","og_title":"Schon kleine Kinder kennen ihren Namen - Naturpark Dahme-Heideseen","og_description":"Der Naturfotograf Erhard Laube gestaltet mit seinen Vogelaufnahmen die Kalenderbl\u00e4tter des JahreBuch 2016. Als kleine Serie durch das Jahr stellen wir Ihnen die Kalendermotive hier vor. Heute: Die Amsel (Turdus merula) Ob Sie der bekannteste Vogel bei uns \u00fcberhaupt ist? Zumindest geh\u00f6rt sie zu den Vogelarten, deren Namen\u00a0 Kinder zuerst kennen und nennen k\u00f6nnen. Dabei","og_url":"https:\/\/www.naturparkmagazin.de\/dahme-heideseen\/schon-kleine-kinder-kennen-ihren-namen\/","og_site_name":"Naturpark Dahme-Heideseen","article_published_time":"2016-09-16T13:13:30+00:00","article_modified_time":"2016-09-27T09:03:33+00:00","og_image":[{"width":427,"height":485,"url":"https:\/\/www.naturparkmagazin.de\/dahme-heideseen\/wp-content\/uploads\/sites\/37\/npdh_amsel_eberesche_laube.jpg","type":"image\/jpeg"}],"author":"hanssonnenberg","twitter_misc":{"Verfasst von":"hanssonnenberg","Gesch\u00e4tzte Lesezeit":"1\u00a0Minute"},"schema":{"@context":"https:\/\/schema.org","@graph":[{"@type":"WebPage","@id":"https:\/\/www.naturparkmagazin.de\/dahme-heideseen\/schon-kleine-kinder-kennen-ihren-namen\/","url":"https:\/\/www.naturparkmagazin.de\/dahme-heideseen\/schon-kleine-kinder-kennen-ihren-namen\/","name":"Schon kleine Kinder kennen ihren Namen - Naturpark Dahme-Heideseen","isPartOf":{"@id":"https:\/\/www.naturparkmagazin.de\/dahme-heideseen\/#website"},"datePublished":"2016-09-16T13:13:30+00:00","dateModified":"2016-09-27T09:03:33+00:00","author":{"@id":"https:\/\/www.naturparkmagazin.de\/dahme-heideseen\/#\/schema\/person\/c81c96c3a1f5ee7bffff8b8022c105f0"},"breadcrumb":{"@id":"https:\/\/www.naturparkmagazin.de\/dahme-heideseen\/schon-kleine-kinder-kennen-ihren-namen\/#breadcrumb"},"inLanguage":"de","potentialAction":[{"@type":"ReadAction","target":["https:\/\/www.naturparkmagazin.de\/dahme-heideseen\/schon-kleine-kinder-kennen-ihren-namen\/"]}]},{"@type":"BreadcrumbList","@id":"https:\/\/www.naturparkmagazin.de\/dahme-heideseen\/schon-kleine-kinder-kennen-ihren-namen\/#breadcrumb","itemListElement":[{"@type":"ListItem","position":1,"name":"Home","item":"https:\/\/www.naturparkmagazin.de\/dahme-heideseen\/"},{"@type":"ListItem","position":2,"name":"Schon kleine Kinder kennen ihren Namen"}]},{"@type":"WebSite","@id":"https:\/\/www.naturparkmagazin.de\/dahme-heideseen\/#website","url":"https:\/\/www.naturparkmagazin.de\/dahme-heideseen\/","name":"Naturpark Dahme-Heideseen","description":"","potentialAction":[{"@type":"SearchAction","target":{"@type":"EntryPoint","urlTemplate":"https:\/\/www.naturparkmagazin.de\/dahme-heideseen\/?s={search_term_string}"},"query-input":"required name=search_term_string"}],"inLanguage":"de"},{"@type":"Person","@id":"https:\/\/www.naturparkmagazin.de\/dahme-heideseen\/#\/schema\/person\/c81c96c3a1f5ee7bffff8b8022c105f0","name":"hanssonnenberg","url":"https:\/\/www.naturparkmagazin.de\/dahme-heideseen\/author\/hanssonnenberg\/"}]}},"_links":{"self":[{"href":"https:\/\/www.naturparkmagazin.de\/dahme-heideseen\/wp-json\/wp\/v2\/posts\/1706"}],"collection":[{"href":"https:\/\/www.naturparkmagazin.de\/dahme-heideseen\/wp-json\/wp\/v2\/posts"}],"about":[{"href":"https:\/\/www.naturparkmagazin.de\/dahme-heideseen\/wp-json\/wp\/v2\/types\/post"}],"author":[{"embeddable":true,"href":"https:\/\/www.naturparkmagazin.de\/dahme-heideseen\/wp-json\/wp\/v2\/users\/48"}],"replies":[{"embeddable":true,"href":"https:\/\/www.naturparkmagazin.de\/dahme-heideseen\/wp-json\/wp\/v2\/comments?post=1706"}],"version-history":[{"count":2,"href":"https:\/\/www.naturparkmagazin.de\/dahme-heideseen\/wp-json\/wp\/v2\/posts\/1706\/revisions"}],"predecessor-version":[{"id":1710,"href":"https:\/\/www.naturparkmagazin.de\/dahme-heideseen\/wp-json\/wp\/v2\/posts\/1706\/revisions\/1710"}],"wp:featuredmedia":[{"embeddable":true,"href":"https:\/\/www.naturparkmagazin.de\/dahme-heideseen\/wp-json\/wp\/v2\/media\/1707"}],"wp:attachment":[{"href":"https:\/\/www.naturparkmagazin.de\/dahme-heideseen\/wp-json\/wp\/v2\/media?parent=1706"}],"wp:term":[{"taxonomy":"category","embeddable":true,"href":"https:\/\/www.naturparkmagazin.de\/dahme-heideseen\/wp-json\/wp\/v2\/categories?post=1706"},{"taxonomy":"post_tag","embeddable":true,"href":"https:\/\/www.naturparkmagazin.de\/dahme-heideseen\/wp-json\/wp\/v2\/tags?post=1706"}],"curies":[{"name":"wp","href":"https:\/\/api.w.org\/{rel}","templated":true}]}}