{"id":1717,"date":"2016-10-15T14:59:04","date_gmt":"2016-10-15T12:59:04","guid":{"rendered":"http:\/\/www.naturparkmagazin.de\/dahme-heideseen\/?p=1717"},"modified":"2016-10-27T14:11:52","modified_gmt":"2016-10-27T12:11:52","slug":"1717","status":"publish","type":"post","link":"https:\/\/www.naturparkmagazin.de\/dahme-heideseen\/1717\/","title":{"rendered":"Ob er bei uns schon br\u00fctet?"},"content":{"rendered":"<p>Der Naturfotograf Erhard Laube gestaltet mit seinen Vogelaufnahmen die Kalenderbl\u00e4tter des JahreBuch 2016. Als kleine Serie durch das Jahr stellen wir Ihnen die Kalendermotive hier vor. Heute: Der Silberreiher (<em>Ardea alba<\/em>).<!--more--><\/p>\n<p>Erhard Laube: &#8222;Gut kann ich mich noch daran erinnern, wie aufgeregt ich vor etlichen Jahren war, als ich auf der anderen Seite eines Sees bei den Wasserwerken in Hennigsdorf n\u00f6rdlich von Berlin zwischen Graureihern einen v\u00f6llig wei\u00df gef\u00e4rbten Vogel sah. War es ein Albino? Sp\u00e4ter erst, als ich in einem Bestimmungsbuch nachschlug, stellte ich fest, einen Silberreiher gesehen zu haben. Bis dahin kannte ich ihn nicht, muss ich gestehen. Allenfalls die ebenfalls wei\u00dfen Kuhreiher hatte ich bis dahin im S\u00fcden Europas gesehen.<\/p>\n<p>Diese Zeit ist lange vorbei. In ganz Deutschland haben sich Silberreiher ausgebreitet und sind das ganze Jahr \u00fcber zu sehen, vor allem im Herbst auch in gr\u00f6\u00dferen Ansammlungen. In den letzten Jahren konnte ich sie immer wieder am Streganzer See bei Prieros oder am Linowsee bei Streganz beobachten. Anders als die mit ihnen verwandten Graureiher stehen sie nicht bei der Jagd lange wartend auf einer Stelle, sondern scheuchen im flachen Wasser mit ihren F\u00fc\u00dfen Fische am Boden auf, um sie blitzschnell mit dem Schnabel zu erfassen.<\/p>\n<p>Nachgewiesene Bruterfolge jedoch gibt es bislang nur ganz vereinzelt in Deutschland, nach meinen Recherchen in Brandenburg noch gar nicht. Das kann sich nat\u00fcrlich beim lesen dieser Zeilen schon ge\u00e4ndert haben.&#8220;<\/p>\n<div id=\"attachment_1718\" style=\"width: 630px\" class=\"wp-caption aligncenter\"><a href=\"https:\/\/www.naturparkmagazin.de\/dahme-heideseen\/wp-content\/uploads\/sites\/37\/npdh_Silberreiher_Erhard_laube.jpg\"><img aria-describedby=\"caption-attachment-1718\" decoding=\"async\" loading=\"lazy\" class=\"size-medium wp-image-1718\" src=\"https:\/\/www.naturparkmagazin.de\/dahme-heideseen\/wp-content\/uploads\/sites\/37\/npdh_Silberreiher_Erhard_laube-620x930.jpg\" alt=\"Silberreiher (Foto: E. Laube)\" width=\"620\" height=\"930\" srcset=\"https:\/\/www.naturparkmagazin.de\/dahme-heideseen\/wp-content\/uploads\/sites\/37\/npdh_Silberreiher_Erhard_laube-620x930.jpg 620w, https:\/\/www.naturparkmagazin.de\/dahme-heideseen\/wp-content\/uploads\/sites\/37\/npdh_Silberreiher_Erhard_laube-300x450.jpg 300w, https:\/\/www.naturparkmagazin.de\/dahme-heideseen\/wp-content\/uploads\/sites\/37\/npdh_Silberreiher_Erhard_laube-940x1410.jpg 940w, https:\/\/www.naturparkmagazin.de\/dahme-heideseen\/wp-content\/uploads\/sites\/37\/npdh_Silberreiher_Erhard_laube-670x1005.jpg 670w, https:\/\/www.naturparkmagazin.de\/dahme-heideseen\/wp-content\/uploads\/sites\/37\/npdh_Silberreiher_Erhard_laube-200x300.jpg 200w, https:\/\/www.naturparkmagazin.de\/dahme-heideseen\/wp-content\/uploads\/sites\/37\/npdh_Silberreiher_Erhard_laube.jpg 1353w\" sizes=\"(max-width: 620px) 100vw, 620px\" \/><\/a><p id=\"caption-attachment-1718\" class=\"wp-caption-text\">Silberreiher (Foto: E. Laube)<\/p><\/div>\n<p>&nbsp;<\/p>\n","protected":false},"excerpt":{"rendered":"<p>Der Naturfotograf Erhard Laube gestaltet mit seinen Vogelaufnahmen die Kalenderbl\u00e4tter des JahreBuch 2016. Als kleine Serie stellen wir Ihnen die Kalendermotive vor. Heute: Der Silberreiher (Ardea alba).<\/p>\n","protected":false},"author":48,"featured_media":1719,"comment_status":"open","ping_status":"open","sticky":false,"template":"","format":"standard","meta":[],"categories":[7],"tags":[],"yoast_head":"<!-- This site is optimized with the Yoast SEO plugin v19.10 - https:\/\/yoast.com\/wordpress\/plugins\/seo\/ -->\n<title>Ob er bei uns schon br\u00fctet? - Naturpark Dahme-Heideseen<\/title>\n<meta name=\"robots\" content=\"index, follow, max-snippet:-1, max-image-preview:large, max-video-preview:-1\" \/>\n<link rel=\"canonical\" href=\"https:\/\/www.naturparkmagazin.de\/dahme-heideseen\/1717\/\" \/>\n<meta property=\"og:locale\" content=\"de_DE\" \/>\n<meta property=\"og:type\" content=\"article\" \/>\n<meta property=\"og:title\" content=\"Ob er bei uns schon br\u00fctet? - Naturpark Dahme-Heideseen\" \/>\n<meta property=\"og:description\" content=\"Der Naturfotograf Erhard Laube gestaltet mit seinen Vogelaufnahmen die Kalenderbl\u00e4tter des JahreBuch 2016. Als kleine Serie stellen wir Ihnen die Kalendermotive vor. Heute: Der Silberreiher (Ardea alba).\" \/>\n<meta property=\"og:url\" content=\"https:\/\/www.naturparkmagazin.de\/dahme-heideseen\/1717\/\" \/>\n<meta property=\"og:site_name\" content=\"Naturpark Dahme-Heideseen\" \/>\n<meta property=\"article:published_time\" content=\"2016-10-15T12:59:04+00:00\" \/>\n<meta property=\"article:modified_time\" content=\"2016-10-27T12:11:52+00:00\" \/>\n<meta property=\"og:image\" content=\"https:\/\/www.naturparkmagazin.de\/dahme-heideseen\/wp-content\/uploads\/sites\/37\/npdh_Silberreiher_Erhard_Laube1.jpg\" \/>\n\t<meta property=\"og:image:width\" content=\"640\" \/>\n\t<meta property=\"og:image:height\" content=\"427\" \/>\n\t<meta property=\"og:image:type\" content=\"image\/jpeg\" \/>\n<meta name=\"author\" content=\"hanssonnenberg\" \/>\n<meta name=\"twitter:label1\" content=\"Verfasst von\" \/>\n\t<meta name=\"twitter:data1\" content=\"hanssonnenberg\" \/>\n\t<meta name=\"twitter:label2\" content=\"Gesch\u00e4tzte Lesezeit\" \/>\n\t<meta name=\"twitter:data2\" content=\"1\u00a0Minute\" \/>\n<script type=\"application\/ld+json\" class=\"yoast-schema-graph\">{\"@context\":\"https:\/\/schema.org\",\"@graph\":[{\"@type\":\"WebPage\",\"@id\":\"https:\/\/www.naturparkmagazin.de\/dahme-heideseen\/1717\/\",\"url\":\"https:\/\/www.naturparkmagazin.de\/dahme-heideseen\/1717\/\",\"name\":\"Ob er bei uns schon br\u00fctet? - Naturpark Dahme-Heideseen\",\"isPartOf\":{\"@id\":\"https:\/\/www.naturparkmagazin.de\/dahme-heideseen\/#website\"},\"datePublished\":\"2016-10-15T12:59:04+00:00\",\"dateModified\":\"2016-10-27T12:11:52+00:00\",\"author\":{\"@id\":\"https:\/\/www.naturparkmagazin.de\/dahme-heideseen\/#\/schema\/person\/c81c96c3a1f5ee7bffff8b8022c105f0\"},\"breadcrumb\":{\"@id\":\"https:\/\/www.naturparkmagazin.de\/dahme-heideseen\/1717\/#breadcrumb\"},\"inLanguage\":\"de\",\"potentialAction\":[{\"@type\":\"ReadAction\",\"target\":[\"https:\/\/www.naturparkmagazin.de\/dahme-heideseen\/1717\/\"]}]},{\"@type\":\"BreadcrumbList\",\"@id\":\"https:\/\/www.naturparkmagazin.de\/dahme-heideseen\/1717\/#breadcrumb\",\"itemListElement\":[{\"@type\":\"ListItem\",\"position\":1,\"name\":\"Home\",\"item\":\"https:\/\/www.naturparkmagazin.de\/dahme-heideseen\/\"},{\"@type\":\"ListItem\",\"position\":2,\"name\":\"Ob er bei uns schon br\u00fctet?\"}]},{\"@type\":\"WebSite\",\"@id\":\"https:\/\/www.naturparkmagazin.de\/dahme-heideseen\/#website\",\"url\":\"https:\/\/www.naturparkmagazin.de\/dahme-heideseen\/\",\"name\":\"Naturpark Dahme-Heideseen\",\"description\":\"\",\"potentialAction\":[{\"@type\":\"SearchAction\",\"target\":{\"@type\":\"EntryPoint\",\"urlTemplate\":\"https:\/\/www.naturparkmagazin.de\/dahme-heideseen\/?s={search_term_string}\"},\"query-input\":\"required name=search_term_string\"}],\"inLanguage\":\"de\"},{\"@type\":\"Person\",\"@id\":\"https:\/\/www.naturparkmagazin.de\/dahme-heideseen\/#\/schema\/person\/c81c96c3a1f5ee7bffff8b8022c105f0\",\"name\":\"hanssonnenberg\",\"url\":\"https:\/\/www.naturparkmagazin.de\/dahme-heideseen\/author\/hanssonnenberg\/\"}]}<\/script>\n<!-- \/ Yoast SEO plugin. -->","yoast_head_json":{"title":"Ob er bei uns schon br\u00fctet? - Naturpark Dahme-Heideseen","robots":{"index":"index","follow":"follow","max-snippet":"max-snippet:-1","max-image-preview":"max-image-preview:large","max-video-preview":"max-video-preview:-1"},"canonical":"https:\/\/www.naturparkmagazin.de\/dahme-heideseen\/1717\/","og_locale":"de_DE","og_type":"article","og_title":"Ob er bei uns schon br\u00fctet? - Naturpark Dahme-Heideseen","og_description":"Der Naturfotograf Erhard Laube gestaltet mit seinen Vogelaufnahmen die Kalenderbl\u00e4tter des JahreBuch 2016. Als kleine Serie stellen wir Ihnen die Kalendermotive vor. Heute: Der Silberreiher (Ardea alba).","og_url":"https:\/\/www.naturparkmagazin.de\/dahme-heideseen\/1717\/","og_site_name":"Naturpark Dahme-Heideseen","article_published_time":"2016-10-15T12:59:04+00:00","article_modified_time":"2016-10-27T12:11:52+00:00","og_image":[{"width":640,"height":427,"url":"https:\/\/www.naturparkmagazin.de\/dahme-heideseen\/wp-content\/uploads\/sites\/37\/npdh_Silberreiher_Erhard_Laube1.jpg","type":"image\/jpeg"}],"author":"hanssonnenberg","twitter_misc":{"Verfasst von":"hanssonnenberg","Gesch\u00e4tzte Lesezeit":"1\u00a0Minute"},"schema":{"@context":"https:\/\/schema.org","@graph":[{"@type":"WebPage","@id":"https:\/\/www.naturparkmagazin.de\/dahme-heideseen\/1717\/","url":"https:\/\/www.naturparkmagazin.de\/dahme-heideseen\/1717\/","name":"Ob er bei uns schon br\u00fctet? - Naturpark Dahme-Heideseen","isPartOf":{"@id":"https:\/\/www.naturparkmagazin.de\/dahme-heideseen\/#website"},"datePublished":"2016-10-15T12:59:04+00:00","dateModified":"2016-10-27T12:11:52+00:00","author":{"@id":"https:\/\/www.naturparkmagazin.de\/dahme-heideseen\/#\/schema\/person\/c81c96c3a1f5ee7bffff8b8022c105f0"},"breadcrumb":{"@id":"https:\/\/www.naturparkmagazin.de\/dahme-heideseen\/1717\/#breadcrumb"},"inLanguage":"de","potentialAction":[{"@type":"ReadAction","target":["https:\/\/www.naturparkmagazin.de\/dahme-heideseen\/1717\/"]}]},{"@type":"BreadcrumbList","@id":"https:\/\/www.naturparkmagazin.de\/dahme-heideseen\/1717\/#breadcrumb","itemListElement":[{"@type":"ListItem","position":1,"name":"Home","item":"https:\/\/www.naturparkmagazin.de\/dahme-heideseen\/"},{"@type":"ListItem","position":2,"name":"Ob er bei uns schon br\u00fctet?"}]},{"@type":"WebSite","@id":"https:\/\/www.naturparkmagazin.de\/dahme-heideseen\/#website","url":"https:\/\/www.naturparkmagazin.de\/dahme-heideseen\/","name":"Naturpark Dahme-Heideseen","description":"","potentialAction":[{"@type":"SearchAction","target":{"@type":"EntryPoint","urlTemplate":"https:\/\/www.naturparkmagazin.de\/dahme-heideseen\/?s={search_term_string}"},"query-input":"required name=search_term_string"}],"inLanguage":"de"},{"@type":"Person","@id":"https:\/\/www.naturparkmagazin.de\/dahme-heideseen\/#\/schema\/person\/c81c96c3a1f5ee7bffff8b8022c105f0","name":"hanssonnenberg","url":"https:\/\/www.naturparkmagazin.de\/dahme-heideseen\/author\/hanssonnenberg\/"}]}},"_links":{"self":[{"href":"https:\/\/www.naturparkmagazin.de\/dahme-heideseen\/wp-json\/wp\/v2\/posts\/1717"}],"collection":[{"href":"https:\/\/www.naturparkmagazin.de\/dahme-heideseen\/wp-json\/wp\/v2\/posts"}],"about":[{"href":"https:\/\/www.naturparkmagazin.de\/dahme-heideseen\/wp-json\/wp\/v2\/types\/post"}],"author":[{"embeddable":true,"href":"https:\/\/www.naturparkmagazin.de\/dahme-heideseen\/wp-json\/wp\/v2\/users\/48"}],"replies":[{"embeddable":true,"href":"https:\/\/www.naturparkmagazin.de\/dahme-heideseen\/wp-json\/wp\/v2\/comments?post=1717"}],"version-history":[{"count":9,"href":"https:\/\/www.naturparkmagazin.de\/dahme-heideseen\/wp-json\/wp\/v2\/posts\/1717\/revisions"}],"predecessor-version":[{"id":1738,"href":"https:\/\/www.naturparkmagazin.de\/dahme-heideseen\/wp-json\/wp\/v2\/posts\/1717\/revisions\/1738"}],"wp:featuredmedia":[{"embeddable":true,"href":"https:\/\/www.naturparkmagazin.de\/dahme-heideseen\/wp-json\/wp\/v2\/media\/1719"}],"wp:attachment":[{"href":"https:\/\/www.naturparkmagazin.de\/dahme-heideseen\/wp-json\/wp\/v2\/media?parent=1717"}],"wp:term":[{"taxonomy":"category","embeddable":true,"href":"https:\/\/www.naturparkmagazin.de\/dahme-heideseen\/wp-json\/wp\/v2\/categories?post=1717"},{"taxonomy":"post_tag","embeddable":true,"href":"https:\/\/www.naturparkmagazin.de\/dahme-heideseen\/wp-json\/wp\/v2\/tags?post=1717"}],"curies":[{"name":"wp","href":"https:\/\/api.w.org\/{rel}","templated":true}]}}