{"id":1726,"date":"2016-10-15T15:22:30","date_gmt":"2016-10-15T13:22:30","guid":{"rendered":"http:\/\/www.naturparkmagazin.de\/dahme-heideseen\/?p=1726"},"modified":"2016-10-27T14:12:23","modified_gmt":"2016-10-27T12:12:23","slug":"storkower-herbstpoesie-vom-21-bis-23-oktober","status":"publish","type":"post","link":"https:\/\/www.naturparkmagazin.de\/dahme-heideseen\/storkower-herbstpoesie-vom-21-bis-23-oktober\/","title":{"rendered":"Storkower Herbstpoesie vom 21. bis 23. Oktober"},"content":{"rendered":"<p>Premiere der Festtage f\u00fcr Literatur &amp; Theater in Storkow<!--more--><\/p>\n<div class=\"description-switch\">\n<div class=\"bodytext longdescription\">\n<div class=\"bodytext\">Inmitten der wundersch\u00f6nen Farbenpracht des Herbstlaubs, nach Wanderungen in sauberer, frischer Luft in herbstlicher Umgebung in der beschaulichen Stadt Storkow, genie\u00dfen Sie an drei Tagen und Abenden Lesungen und Theatervorstellungen, teilweise mit musikalischer Begleitung.Daf\u00fcr haben wir f\u00fcr Sie passende, sehr charmante, historische Domizile mit liebensw\u00fcrdigen Gastgebern ausgew\u00e4hlt.\nF\u00fcr jung und alt, bieten wir Ihnen ein Programm, das vielf\u00e4ltiger kaum sein k\u00f6nnte: heiter-besinnlich, verspielt, enorm Spannendes mit Bauchkribbeln, gro\u00dfe Emotionen mit bewegenden Geschichten und Klassiker der Weltliteratur.Ausf\u00fchrliche Veranstaltungsinformationen erhalten Sie \u00fcber die Einzelveranstaltungen:<\/div>\n<\/div>\n<\/div>\n<div class=\"description-switch\">\n<div class=\"bodytext\">\u00a0<a href=\"http:\/\/www.storkower-herbstpoesie.de\/\">Storkower Herbstpoesie<\/a><\/div>\n<div class=\"bodytext\"><a href=\"https:\/\/www.naturparkmagazin.de\/dahme-heideseen\/wp-content\/uploads\/sites\/37\/storkower-herbstpoesie.jpg\"><img decoding=\"async\" loading=\"lazy\" class=\"aligncenter size-full wp-image-1727\" src=\"https:\/\/www.naturparkmagazin.de\/dahme-heideseen\/wp-content\/uploads\/sites\/37\/storkower-herbstpoesie.jpg\" alt=\"storkower herbstpoesie\" width=\"310\" height=\"194\" srcset=\"https:\/\/www.naturparkmagazin.de\/dahme-heideseen\/wp-content\/uploads\/sites\/37\/storkower-herbstpoesie.jpg 310w, https:\/\/www.naturparkmagazin.de\/dahme-heideseen\/wp-content\/uploads\/sites\/37\/storkower-herbstpoesie-300x188.jpg 300w, https:\/\/www.naturparkmagazin.de\/dahme-heideseen\/wp-content\/uploads\/sites\/37\/storkower-herbstpoesie-200x125.jpg 200w\" sizes=\"(max-width: 310px) 100vw, 310px\" \/><\/a><a href=\"http:\/\/www.reiseland-brandenburg.de\/reiseziele\/seenland-oder-spree\/details\/id\/362825\/theme\/event.html\">Reiseland Brandenburg<\/a><\/div>\n<\/div>\n","protected":false},"excerpt":{"rendered":"<p>Premiere der Festtage f\u00fcr Literatur &#038; Theater in Storkow<\/p>\n","protected":false},"author":48,"featured_media":1736,"comment_status":"open","ping_status":"open","sticky":false,"template":"","format":"standard","meta":[],"categories":[11],"tags":[],"yoast_head":"<!-- This site is optimized with the Yoast SEO plugin v19.10 - https:\/\/yoast.com\/wordpress\/plugins\/seo\/ -->\n<title>Storkower Herbstpoesie vom 21. bis 23. Oktober - Naturpark Dahme-Heideseen<\/title>\n<meta name=\"robots\" content=\"index, follow, max-snippet:-1, max-image-preview:large, max-video-preview:-1\" \/>\n<link rel=\"canonical\" href=\"https:\/\/www.naturparkmagazin.de\/dahme-heideseen\/storkower-herbstpoesie-vom-21-bis-23-oktober\/\" \/>\n<meta property=\"og:locale\" content=\"de_DE\" \/>\n<meta property=\"og:type\" content=\"article\" \/>\n<meta property=\"og:title\" content=\"Storkower Herbstpoesie vom 21. bis 23. Oktober - Naturpark Dahme-Heideseen\" \/>\n<meta property=\"og:description\" content=\"Premiere der Festtage f\u00fcr Literatur &amp; Theater in Storkow\" \/>\n<meta property=\"og:url\" content=\"https:\/\/www.naturparkmagazin.de\/dahme-heideseen\/storkower-herbstpoesie-vom-21-bis-23-oktober\/\" \/>\n<meta property=\"og:site_name\" content=\"Naturpark Dahme-Heideseen\" \/>\n<meta property=\"article:published_time\" content=\"2016-10-15T13:22:30+00:00\" \/>\n<meta property=\"article:modified_time\" content=\"2016-10-27T12:12:23+00:00\" \/>\n<meta property=\"og:image\" content=\"https:\/\/www.naturparkmagazin.de\/dahme-heideseen\/wp-content\/uploads\/sites\/37\/storkower-herbstpoesie_Beitrag-Vorschau.png\" \/>\n\t<meta property=\"og:image:width\" content=\"200\" \/>\n\t<meta property=\"og:image:height\" content=\"200\" \/>\n\t<meta property=\"og:image:type\" content=\"image\/png\" \/>\n<meta name=\"author\" content=\"hanssonnenberg\" \/>\n<meta name=\"twitter:label1\" content=\"Verfasst von\" \/>\n\t<meta name=\"twitter:data1\" content=\"hanssonnenberg\" \/>\n\t<meta name=\"twitter:label2\" content=\"Gesch\u00e4tzte Lesezeit\" \/>\n\t<meta name=\"twitter:data2\" content=\"1\u00a0Minute\" \/>\n<script type=\"application\/ld+json\" class=\"yoast-schema-graph\">{\"@context\":\"https:\/\/schema.org\",\"@graph\":[{\"@type\":\"WebPage\",\"@id\":\"https:\/\/www.naturparkmagazin.de\/dahme-heideseen\/storkower-herbstpoesie-vom-21-bis-23-oktober\/\",\"url\":\"https:\/\/www.naturparkmagazin.de\/dahme-heideseen\/storkower-herbstpoesie-vom-21-bis-23-oktober\/\",\"name\":\"Storkower Herbstpoesie vom 21. bis 23. Oktober - Naturpark Dahme-Heideseen\",\"isPartOf\":{\"@id\":\"https:\/\/www.naturparkmagazin.de\/dahme-heideseen\/#website\"},\"datePublished\":\"2016-10-15T13:22:30+00:00\",\"dateModified\":\"2016-10-27T12:12:23+00:00\",\"author\":{\"@id\":\"https:\/\/www.naturparkmagazin.de\/dahme-heideseen\/#\/schema\/person\/c81c96c3a1f5ee7bffff8b8022c105f0\"},\"breadcrumb\":{\"@id\":\"https:\/\/www.naturparkmagazin.de\/dahme-heideseen\/storkower-herbstpoesie-vom-21-bis-23-oktober\/#breadcrumb\"},\"inLanguage\":\"de\",\"potentialAction\":[{\"@type\":\"ReadAction\",\"target\":[\"https:\/\/www.naturparkmagazin.de\/dahme-heideseen\/storkower-herbstpoesie-vom-21-bis-23-oktober\/\"]}]},{\"@type\":\"BreadcrumbList\",\"@id\":\"https:\/\/www.naturparkmagazin.de\/dahme-heideseen\/storkower-herbstpoesie-vom-21-bis-23-oktober\/#breadcrumb\",\"itemListElement\":[{\"@type\":\"ListItem\",\"position\":1,\"name\":\"Home\",\"item\":\"https:\/\/www.naturparkmagazin.de\/dahme-heideseen\/\"},{\"@type\":\"ListItem\",\"position\":2,\"name\":\"Storkower Herbstpoesie vom 21. bis 23. Oktober\"}]},{\"@type\":\"WebSite\",\"@id\":\"https:\/\/www.naturparkmagazin.de\/dahme-heideseen\/#website\",\"url\":\"https:\/\/www.naturparkmagazin.de\/dahme-heideseen\/\",\"name\":\"Naturpark Dahme-Heideseen\",\"description\":\"\",\"potentialAction\":[{\"@type\":\"SearchAction\",\"target\":{\"@type\":\"EntryPoint\",\"urlTemplate\":\"https:\/\/www.naturparkmagazin.de\/dahme-heideseen\/?s={search_term_string}\"},\"query-input\":\"required name=search_term_string\"}],\"inLanguage\":\"de\"},{\"@type\":\"Person\",\"@id\":\"https:\/\/www.naturparkmagazin.de\/dahme-heideseen\/#\/schema\/person\/c81c96c3a1f5ee7bffff8b8022c105f0\",\"name\":\"hanssonnenberg\",\"url\":\"https:\/\/www.naturparkmagazin.de\/dahme-heideseen\/author\/hanssonnenberg\/\"}]}<\/script>\n<!-- \/ Yoast SEO plugin. -->","yoast_head_json":{"title":"Storkower Herbstpoesie vom 21. bis 23. Oktober - Naturpark Dahme-Heideseen","robots":{"index":"index","follow":"follow","max-snippet":"max-snippet:-1","max-image-preview":"max-image-preview:large","max-video-preview":"max-video-preview:-1"},"canonical":"https:\/\/www.naturparkmagazin.de\/dahme-heideseen\/storkower-herbstpoesie-vom-21-bis-23-oktober\/","og_locale":"de_DE","og_type":"article","og_title":"Storkower Herbstpoesie vom 21. bis 23. Oktober - Naturpark Dahme-Heideseen","og_description":"Premiere der Festtage f\u00fcr Literatur & Theater in Storkow","og_url":"https:\/\/www.naturparkmagazin.de\/dahme-heideseen\/storkower-herbstpoesie-vom-21-bis-23-oktober\/","og_site_name":"Naturpark Dahme-Heideseen","article_published_time":"2016-10-15T13:22:30+00:00","article_modified_time":"2016-10-27T12:12:23+00:00","og_image":[{"width":200,"height":200,"url":"https:\/\/www.naturparkmagazin.de\/dahme-heideseen\/wp-content\/uploads\/sites\/37\/storkower-herbstpoesie_Beitrag-Vorschau.png","type":"image\/png"}],"author":"hanssonnenberg","twitter_misc":{"Verfasst von":"hanssonnenberg","Gesch\u00e4tzte Lesezeit":"1\u00a0Minute"},"schema":{"@context":"https:\/\/schema.org","@graph":[{"@type":"WebPage","@id":"https:\/\/www.naturparkmagazin.de\/dahme-heideseen\/storkower-herbstpoesie-vom-21-bis-23-oktober\/","url":"https:\/\/www.naturparkmagazin.de\/dahme-heideseen\/storkower-herbstpoesie-vom-21-bis-23-oktober\/","name":"Storkower Herbstpoesie vom 21. bis 23. Oktober - Naturpark Dahme-Heideseen","isPartOf":{"@id":"https:\/\/www.naturparkmagazin.de\/dahme-heideseen\/#website"},"datePublished":"2016-10-15T13:22:30+00:00","dateModified":"2016-10-27T12:12:23+00:00","author":{"@id":"https:\/\/www.naturparkmagazin.de\/dahme-heideseen\/#\/schema\/person\/c81c96c3a1f5ee7bffff8b8022c105f0"},"breadcrumb":{"@id":"https:\/\/www.naturparkmagazin.de\/dahme-heideseen\/storkower-herbstpoesie-vom-21-bis-23-oktober\/#breadcrumb"},"inLanguage":"de","potentialAction":[{"@type":"ReadAction","target":["https:\/\/www.naturparkmagazin.de\/dahme-heideseen\/storkower-herbstpoesie-vom-21-bis-23-oktober\/"]}]},{"@type":"BreadcrumbList","@id":"https:\/\/www.naturparkmagazin.de\/dahme-heideseen\/storkower-herbstpoesie-vom-21-bis-23-oktober\/#breadcrumb","itemListElement":[{"@type":"ListItem","position":1,"name":"Home","item":"https:\/\/www.naturparkmagazin.de\/dahme-heideseen\/"},{"@type":"ListItem","position":2,"name":"Storkower Herbstpoesie vom 21. bis 23. Oktober"}]},{"@type":"WebSite","@id":"https:\/\/www.naturparkmagazin.de\/dahme-heideseen\/#website","url":"https:\/\/www.naturparkmagazin.de\/dahme-heideseen\/","name":"Naturpark Dahme-Heideseen","description":"","potentialAction":[{"@type":"SearchAction","target":{"@type":"EntryPoint","urlTemplate":"https:\/\/www.naturparkmagazin.de\/dahme-heideseen\/?s={search_term_string}"},"query-input":"required name=search_term_string"}],"inLanguage":"de"},{"@type":"Person","@id":"https:\/\/www.naturparkmagazin.de\/dahme-heideseen\/#\/schema\/person\/c81c96c3a1f5ee7bffff8b8022c105f0","name":"hanssonnenberg","url":"https:\/\/www.naturparkmagazin.de\/dahme-heideseen\/author\/hanssonnenberg\/"}]}},"_links":{"self":[{"href":"https:\/\/www.naturparkmagazin.de\/dahme-heideseen\/wp-json\/wp\/v2\/posts\/1726"}],"collection":[{"href":"https:\/\/www.naturparkmagazin.de\/dahme-heideseen\/wp-json\/wp\/v2\/posts"}],"about":[{"href":"https:\/\/www.naturparkmagazin.de\/dahme-heideseen\/wp-json\/wp\/v2\/types\/post"}],"author":[{"embeddable":true,"href":"https:\/\/www.naturparkmagazin.de\/dahme-heideseen\/wp-json\/wp\/v2\/users\/48"}],"replies":[{"embeddable":true,"href":"https:\/\/www.naturparkmagazin.de\/dahme-heideseen\/wp-json\/wp\/v2\/comments?post=1726"}],"version-history":[{"count":4,"href":"https:\/\/www.naturparkmagazin.de\/dahme-heideseen\/wp-json\/wp\/v2\/posts\/1726\/revisions"}],"predecessor-version":[{"id":1739,"href":"https:\/\/www.naturparkmagazin.de\/dahme-heideseen\/wp-json\/wp\/v2\/posts\/1726\/revisions\/1739"}],"wp:featuredmedia":[{"embeddable":true,"href":"https:\/\/www.naturparkmagazin.de\/dahme-heideseen\/wp-json\/wp\/v2\/media\/1736"}],"wp:attachment":[{"href":"https:\/\/www.naturparkmagazin.de\/dahme-heideseen\/wp-json\/wp\/v2\/media?parent=1726"}],"wp:term":[{"taxonomy":"category","embeddable":true,"href":"https:\/\/www.naturparkmagazin.de\/dahme-heideseen\/wp-json\/wp\/v2\/categories?post=1726"},{"taxonomy":"post_tag","embeddable":true,"href":"https:\/\/www.naturparkmagazin.de\/dahme-heideseen\/wp-json\/wp\/v2\/tags?post=1726"}],"curies":[{"name":"wp","href":"https:\/\/api.w.org\/{rel}","templated":true}]}}