{"id":1731,"date":"2016-10-15T15:41:42","date_gmt":"2016-10-15T13:41:42","guid":{"rendered":"http:\/\/www.naturparkmagazin.de\/dahme-heideseen\/?p=1731"},"modified":"2016-10-27T14:13:42","modified_gmt":"2016-10-27T12:13:42","slug":"maerchenwanderung-ueber-die-lesefaehrten-waldweisen-am-19-november","status":"publish","type":"post","link":"https:\/\/www.naturparkmagazin.de\/dahme-heideseen\/maerchenwanderung-ueber-die-lesefaehrten-waldweisen-am-19-november\/","title":{"rendered":"M\u00e4rchenwanderung \u00fcber die Lesef\u00e4hrten Waldweisen am 19. November"},"content":{"rendered":"<p>Poetische und naturkundliche F\u00fchrung durch die Lesef\u00e4hrte Waldweisen von 14. bis 16. Uhr<!--more-->\nDie Lesef\u00e4hrte Waldweise ist ein mit literarischen Texten begleiteter Wanderweg, der die typischen Merkmale der Landschaft in Brandenburg aufweist. Er wurde von dem K\u00fcnstler Wolfgang Georgsdorf konzipiert. An kleinen Mooren entlang, f\u00fchrt der f\u00fcr die Mark bestimmende Kiefern- und Birkenwald zur Dahme hin. Inspiriert von Geschichten \u00fcber ehemalige Waldberufe, durch die Texte am Wegesrand, Fauna und Flora und k\u00f6nnen sie die Sch\u00f6nheit der Natur auf sich wirken lassen. Bei dieser Tour werden sie Zeit haben, die Natur mit allen Sinnen zu erfahren.<\/p>\n<p>Hinweis: Material bitte mitbringen: Rucksack, wetterfeste Kleidung und Sitzunterlage, Schreibzeug, Getr\u00e4nke\/kleiner Imbiss<\/p>\n<p>Kursleitung Kirsten Heidler<\/p>\n<div id=\"attachment_1732\" style=\"width: 630px\" class=\"wp-caption aligncenter\"><a href=\"https:\/\/www.naturparkmagazin.de\/dahme-heideseen\/wp-content\/uploads\/sites\/37\/npdh_Kiefer_im-Nebel_sonnenberg.jpg\"><img aria-describedby=\"caption-attachment-1732\" decoding=\"async\" loading=\"lazy\" class=\"size-medium wp-image-1732\" src=\"https:\/\/www.naturparkmagazin.de\/dahme-heideseen\/wp-content\/uploads\/sites\/37\/npdh_Kiefer_im-Nebel_sonnenberg-620x442.jpg\" alt=\"Kiefernwald im Nebel (Foto: Sonnenberg)\" width=\"620\" height=\"442\" srcset=\"https:\/\/www.naturparkmagazin.de\/dahme-heideseen\/wp-content\/uploads\/sites\/37\/npdh_Kiefer_im-Nebel_sonnenberg-620x442.jpg 620w, https:\/\/www.naturparkmagazin.de\/dahme-heideseen\/wp-content\/uploads\/sites\/37\/npdh_Kiefer_im-Nebel_sonnenberg-300x214.jpg 300w, https:\/\/www.naturparkmagazin.de\/dahme-heideseen\/wp-content\/uploads\/sites\/37\/npdh_Kiefer_im-Nebel_sonnenberg-940x670.jpg 940w, https:\/\/www.naturparkmagazin.de\/dahme-heideseen\/wp-content\/uploads\/sites\/37\/npdh_Kiefer_im-Nebel_sonnenberg-670x478.jpg 670w, https:\/\/www.naturparkmagazin.de\/dahme-heideseen\/wp-content\/uploads\/sites\/37\/npdh_Kiefer_im-Nebel_sonnenberg-200x143.jpg 200w, https:\/\/www.naturparkmagazin.de\/dahme-heideseen\/wp-content\/uploads\/sites\/37\/npdh_Kiefer_im-Nebel_sonnenberg.jpg 1038w\" sizes=\"(max-width: 620px) 100vw, 620px\" \/><\/a><p id=\"caption-attachment-1732\" class=\"wp-caption-text\">Kiefernwald im Nebel (Foto: Sonnenberg)<\/p><\/div>\n<p>&nbsp;<\/p>\n<p><strong>Treff: Gro\u00df K\u00f6ris<\/strong>\nOberf\u00f6rsterei Hammer\nOberf\u00f6rsterei Hammer an der B 179, zwischen Neubr\u00fcck und M\u00e4rkisch Buchholz\n15746 Gro\u00df K\u00f6ris OT L\u00f6pten<\/p>\n<p><strong>Veranstalter: Wandern und Schreiben<\/strong>\nKirsten Heidler<\/p>\n<dl class=\"contact\">\n<dt class=\"phone\"><span class=\"accessibility\">Telefon <\/span>+49 (0) 1774695649<\/dt>\n<dt class=\"mail\"><span class=\"accessibility\">E-Mail <\/span><a href=\"http:\/\/www.dahme-heideseen-naturpark.de\/service\/kontakt\/?tx_snmlugv_pi6%5Bcontact%5D=2603&amp;tx_snmlugv_pi6%5Bdate%5D=1\">heidler(at)studio58-berlin(dot)de <\/a><\/dt>\n<dt class=\"www\"><span class=\"accessibility\">Internet <\/span><a href=\"http:\/\/wandern-und-schreiben.de\/\" target=\"_blank\">http:\/\/wandern-und-schreiben.de\/<\/a><\/dt>\n<\/dl>\n","protected":false},"excerpt":{"rendered":"<p>Poetische und naturkundliche F\u00fchrung durch die Lesef\u00e4hrte Waldweisen von 14. bis 16. Uhr.<\/p>\n","protected":false},"author":48,"featured_media":1732,"comment_status":"open","ping_status":"open","sticky":false,"template":"","format":"standard","meta":[],"categories":[11],"tags":[],"yoast_head":"<!-- This site is optimized with the Yoast SEO plugin v19.10 - https:\/\/yoast.com\/wordpress\/plugins\/seo\/ -->\n<title>M\u00e4rchenwanderung \u00fcber die Lesef\u00e4hrten Waldweisen am 19. November - Naturpark Dahme-Heideseen<\/title>\n<meta name=\"robots\" content=\"index, follow, max-snippet:-1, max-image-preview:large, max-video-preview:-1\" \/>\n<link rel=\"canonical\" href=\"https:\/\/www.naturparkmagazin.de\/dahme-heideseen\/maerchenwanderung-ueber-die-lesefaehrten-waldweisen-am-19-november\/\" \/>\n<meta property=\"og:locale\" content=\"de_DE\" \/>\n<meta property=\"og:type\" content=\"article\" \/>\n<meta property=\"og:title\" content=\"M\u00e4rchenwanderung \u00fcber die Lesef\u00e4hrten Waldweisen am 19. November - Naturpark Dahme-Heideseen\" \/>\n<meta property=\"og:description\" content=\"Poetische und naturkundliche F\u00fchrung durch die Lesef\u00e4hrte Waldweisen von 14. bis 16. Uhr.\" \/>\n<meta property=\"og:url\" content=\"https:\/\/www.naturparkmagazin.de\/dahme-heideseen\/maerchenwanderung-ueber-die-lesefaehrten-waldweisen-am-19-november\/\" \/>\n<meta property=\"og:site_name\" content=\"Naturpark Dahme-Heideseen\" \/>\n<meta property=\"article:published_time\" content=\"2016-10-15T13:41:42+00:00\" \/>\n<meta property=\"article:modified_time\" content=\"2016-10-27T12:13:42+00:00\" \/>\n<meta property=\"og:image\" content=\"https:\/\/www.naturparkmagazin.de\/dahme-heideseen\/wp-content\/uploads\/sites\/37\/npdh_Kiefer_im-Nebel_sonnenberg.jpg\" \/>\n\t<meta property=\"og:image:width\" content=\"1038\" \/>\n\t<meta property=\"og:image:height\" content=\"740\" \/>\n\t<meta property=\"og:image:type\" content=\"image\/jpeg\" \/>\n<meta name=\"author\" content=\"hanssonnenberg\" \/>\n<meta name=\"twitter:label1\" content=\"Verfasst von\" \/>\n\t<meta name=\"twitter:data1\" content=\"hanssonnenberg\" \/>\n\t<meta name=\"twitter:label2\" content=\"Gesch\u00e4tzte Lesezeit\" \/>\n\t<meta name=\"twitter:data2\" content=\"1\u00a0Minute\" \/>\n<script type=\"application\/ld+json\" class=\"yoast-schema-graph\">{\"@context\":\"https:\/\/schema.org\",\"@graph\":[{\"@type\":\"WebPage\",\"@id\":\"https:\/\/www.naturparkmagazin.de\/dahme-heideseen\/maerchenwanderung-ueber-die-lesefaehrten-waldweisen-am-19-november\/\",\"url\":\"https:\/\/www.naturparkmagazin.de\/dahme-heideseen\/maerchenwanderung-ueber-die-lesefaehrten-waldweisen-am-19-november\/\",\"name\":\"M\u00e4rchenwanderung \u00fcber die Lesef\u00e4hrten Waldweisen am 19. November - Naturpark Dahme-Heideseen\",\"isPartOf\":{\"@id\":\"https:\/\/www.naturparkmagazin.de\/dahme-heideseen\/#website\"},\"datePublished\":\"2016-10-15T13:41:42+00:00\",\"dateModified\":\"2016-10-27T12:13:42+00:00\",\"author\":{\"@id\":\"https:\/\/www.naturparkmagazin.de\/dahme-heideseen\/#\/schema\/person\/c81c96c3a1f5ee7bffff8b8022c105f0\"},\"breadcrumb\":{\"@id\":\"https:\/\/www.naturparkmagazin.de\/dahme-heideseen\/maerchenwanderung-ueber-die-lesefaehrten-waldweisen-am-19-november\/#breadcrumb\"},\"inLanguage\":\"de\",\"potentialAction\":[{\"@type\":\"ReadAction\",\"target\":[\"https:\/\/www.naturparkmagazin.de\/dahme-heideseen\/maerchenwanderung-ueber-die-lesefaehrten-waldweisen-am-19-november\/\"]}]},{\"@type\":\"BreadcrumbList\",\"@id\":\"https:\/\/www.naturparkmagazin.de\/dahme-heideseen\/maerchenwanderung-ueber-die-lesefaehrten-waldweisen-am-19-november\/#breadcrumb\",\"itemListElement\":[{\"@type\":\"ListItem\",\"position\":1,\"name\":\"Home\",\"item\":\"https:\/\/www.naturparkmagazin.de\/dahme-heideseen\/\"},{\"@type\":\"ListItem\",\"position\":2,\"name\":\"M\u00e4rchenwanderung \u00fcber die Lesef\u00e4hrten Waldweisen am 19. November\"}]},{\"@type\":\"WebSite\",\"@id\":\"https:\/\/www.naturparkmagazin.de\/dahme-heideseen\/#website\",\"url\":\"https:\/\/www.naturparkmagazin.de\/dahme-heideseen\/\",\"name\":\"Naturpark Dahme-Heideseen\",\"description\":\"\",\"potentialAction\":[{\"@type\":\"SearchAction\",\"target\":{\"@type\":\"EntryPoint\",\"urlTemplate\":\"https:\/\/www.naturparkmagazin.de\/dahme-heideseen\/?s={search_term_string}\"},\"query-input\":\"required name=search_term_string\"}],\"inLanguage\":\"de\"},{\"@type\":\"Person\",\"@id\":\"https:\/\/www.naturparkmagazin.de\/dahme-heideseen\/#\/schema\/person\/c81c96c3a1f5ee7bffff8b8022c105f0\",\"name\":\"hanssonnenberg\",\"url\":\"https:\/\/www.naturparkmagazin.de\/dahme-heideseen\/author\/hanssonnenberg\/\"}]}<\/script>\n<!-- \/ Yoast SEO plugin. -->","yoast_head_json":{"title":"M\u00e4rchenwanderung \u00fcber die Lesef\u00e4hrten Waldweisen am 19. November - Naturpark Dahme-Heideseen","robots":{"index":"index","follow":"follow","max-snippet":"max-snippet:-1","max-image-preview":"max-image-preview:large","max-video-preview":"max-video-preview:-1"},"canonical":"https:\/\/www.naturparkmagazin.de\/dahme-heideseen\/maerchenwanderung-ueber-die-lesefaehrten-waldweisen-am-19-november\/","og_locale":"de_DE","og_type":"article","og_title":"M\u00e4rchenwanderung \u00fcber die Lesef\u00e4hrten Waldweisen am 19. November - Naturpark Dahme-Heideseen","og_description":"Poetische und naturkundliche F\u00fchrung durch die Lesef\u00e4hrte Waldweisen von 14. bis 16. Uhr.","og_url":"https:\/\/www.naturparkmagazin.de\/dahme-heideseen\/maerchenwanderung-ueber-die-lesefaehrten-waldweisen-am-19-november\/","og_site_name":"Naturpark Dahme-Heideseen","article_published_time":"2016-10-15T13:41:42+00:00","article_modified_time":"2016-10-27T12:13:42+00:00","og_image":[{"width":1038,"height":740,"url":"https:\/\/www.naturparkmagazin.de\/dahme-heideseen\/wp-content\/uploads\/sites\/37\/npdh_Kiefer_im-Nebel_sonnenberg.jpg","type":"image\/jpeg"}],"author":"hanssonnenberg","twitter_misc":{"Verfasst von":"hanssonnenberg","Gesch\u00e4tzte Lesezeit":"1\u00a0Minute"},"schema":{"@context":"https:\/\/schema.org","@graph":[{"@type":"WebPage","@id":"https:\/\/www.naturparkmagazin.de\/dahme-heideseen\/maerchenwanderung-ueber-die-lesefaehrten-waldweisen-am-19-november\/","url":"https:\/\/www.naturparkmagazin.de\/dahme-heideseen\/maerchenwanderung-ueber-die-lesefaehrten-waldweisen-am-19-november\/","name":"M\u00e4rchenwanderung \u00fcber die Lesef\u00e4hrten Waldweisen am 19. November - Naturpark Dahme-Heideseen","isPartOf":{"@id":"https:\/\/www.naturparkmagazin.de\/dahme-heideseen\/#website"},"datePublished":"2016-10-15T13:41:42+00:00","dateModified":"2016-10-27T12:13:42+00:00","author":{"@id":"https:\/\/www.naturparkmagazin.de\/dahme-heideseen\/#\/schema\/person\/c81c96c3a1f5ee7bffff8b8022c105f0"},"breadcrumb":{"@id":"https:\/\/www.naturparkmagazin.de\/dahme-heideseen\/maerchenwanderung-ueber-die-lesefaehrten-waldweisen-am-19-november\/#breadcrumb"},"inLanguage":"de","potentialAction":[{"@type":"ReadAction","target":["https:\/\/www.naturparkmagazin.de\/dahme-heideseen\/maerchenwanderung-ueber-die-lesefaehrten-waldweisen-am-19-november\/"]}]},{"@type":"BreadcrumbList","@id":"https:\/\/www.naturparkmagazin.de\/dahme-heideseen\/maerchenwanderung-ueber-die-lesefaehrten-waldweisen-am-19-november\/#breadcrumb","itemListElement":[{"@type":"ListItem","position":1,"name":"Home","item":"https:\/\/www.naturparkmagazin.de\/dahme-heideseen\/"},{"@type":"ListItem","position":2,"name":"M\u00e4rchenwanderung \u00fcber die Lesef\u00e4hrten Waldweisen am 19. November"}]},{"@type":"WebSite","@id":"https:\/\/www.naturparkmagazin.de\/dahme-heideseen\/#website","url":"https:\/\/www.naturparkmagazin.de\/dahme-heideseen\/","name":"Naturpark Dahme-Heideseen","description":"","potentialAction":[{"@type":"SearchAction","target":{"@type":"EntryPoint","urlTemplate":"https:\/\/www.naturparkmagazin.de\/dahme-heideseen\/?s={search_term_string}"},"query-input":"required name=search_term_string"}],"inLanguage":"de"},{"@type":"Person","@id":"https:\/\/www.naturparkmagazin.de\/dahme-heideseen\/#\/schema\/person\/c81c96c3a1f5ee7bffff8b8022c105f0","name":"hanssonnenberg","url":"https:\/\/www.naturparkmagazin.de\/dahme-heideseen\/author\/hanssonnenberg\/"}]}},"_links":{"self":[{"href":"https:\/\/www.naturparkmagazin.de\/dahme-heideseen\/wp-json\/wp\/v2\/posts\/1731"}],"collection":[{"href":"https:\/\/www.naturparkmagazin.de\/dahme-heideseen\/wp-json\/wp\/v2\/posts"}],"about":[{"href":"https:\/\/www.naturparkmagazin.de\/dahme-heideseen\/wp-json\/wp\/v2\/types\/post"}],"author":[{"embeddable":true,"href":"https:\/\/www.naturparkmagazin.de\/dahme-heideseen\/wp-json\/wp\/v2\/users\/48"}],"replies":[{"embeddable":true,"href":"https:\/\/www.naturparkmagazin.de\/dahme-heideseen\/wp-json\/wp\/v2\/comments?post=1731"}],"version-history":[{"count":2,"href":"https:\/\/www.naturparkmagazin.de\/dahme-heideseen\/wp-json\/wp\/v2\/posts\/1731\/revisions"}],"predecessor-version":[{"id":1740,"href":"https:\/\/www.naturparkmagazin.de\/dahme-heideseen\/wp-json\/wp\/v2\/posts\/1731\/revisions\/1740"}],"wp:featuredmedia":[{"embeddable":true,"href":"https:\/\/www.naturparkmagazin.de\/dahme-heideseen\/wp-json\/wp\/v2\/media\/1732"}],"wp:attachment":[{"href":"https:\/\/www.naturparkmagazin.de\/dahme-heideseen\/wp-json\/wp\/v2\/media?parent=1731"}],"wp:term":[{"taxonomy":"category","embeddable":true,"href":"https:\/\/www.naturparkmagazin.de\/dahme-heideseen\/wp-json\/wp\/v2\/categories?post=1731"},{"taxonomy":"post_tag","embeddable":true,"href":"https:\/\/www.naturparkmagazin.de\/dahme-heideseen\/wp-json\/wp\/v2\/tags?post=1731"}],"curies":[{"name":"wp","href":"https:\/\/api.w.org\/{rel}","templated":true}]}}