{"id":1753,"date":"2016-11-15T21:52:45","date_gmt":"2016-11-15T20:52:45","guid":{"rendered":"http:\/\/www.naturparkmagazin.de\/dahme-heideseen\/?p=1753"},"modified":"2016-11-23T12:41:13","modified_gmt":"2016-11-23T11:41:13","slug":"binnenduene-burg-und-malerkiefer-naturnachmittag-in-storkow-am-24-november","status":"publish","type":"post","link":"https:\/\/www.naturparkmagazin.de\/dahme-heideseen\/binnenduene-burg-und-malerkiefer-naturnachmittag-in-storkow-am-24-november\/","title":{"rendered":"Binnend\u00fcne, Burg und Malerkiefer &#8211; Naturnachmittag in Storkow am 24. November"},"content":{"rendered":"<p>Naturpark Dahme-Heideseen, Naturschutzfonds Brandenburg und NABU Dahmeland laden ein zu einem Natur-und Kultur-Nachmittag in und um Storkow (Mark). <!--more--><\/p>\n<p><strong>Donnerstag, 24. November 2016 von 13.00 bis 18.30 Uhr<\/strong><\/p>\n<p>B\u00e4ume bestimmen das Bild unsere Landschaft, unserer D\u00f6rfer und St\u00e4dte, unserer Heimat. Jeder einzelne, egal ob Obst-, Stra\u00dfen- oder Forstbaum im Wald, kann seine eigene Geschichte erz\u00e4hlen. Sie handelt vom geboren werden, von aufwachsen und \u00fcberdauern, vom langsamen Altern und Sterben. Besonders interessante und spannende Baumgeschichten wurden von den Autoren des neuen JahreBuch 2017 in Text und Bild fest gehalten. Auf 144 Seiten erfahren Sie, wie alt unsere Eichen werden k\u00f6nnen, welche Vogelarten und K\u00e4fer in und an alten St\u00e4mmen zu Hause sind und wie B\u00e4ume k\u00fcnftig mit dem Klimawandel zurecht kommen k\u00f6nnen. Vorgestellt im Jahreslauf werden die \u00a0&#8222;LIFE-Naturschutzprojekte&#8220;, wie auch ein fast vergessener Weinberg. Am 24. November 2016 wollen wir Ihnen aber nicht nur etwas \u00fcber das JahreBuch erz\u00e4hlen, wir wollen mit Ihnen hinaus in die Natur. Eine Wanderung f\u00fchrt zu den malerischen Kiefern der \u201eBinnend\u00fcne Waltersberge\u201c. Sie k\u00f6nnen auch einem ganz besonderen Baum helfen, der \u201eMalerkiefer&#8220; am Sportplatz Karlslust. Bei einem gemeinsamen Arbeitseinsatz wollen wir den alten Baum von bedr\u00e4ngendem Aufwuchs befreien und ihm so wieder Luft und Licht verschaffen. Auf das er auch noch in hundert Jahren seine \u00c4ste weit ausstrecken kann und von nah und fern bewundert wird.<\/p>\n<p>Programm<\/p>\n<p><strong>13.00 Uhr &#8211; Naturf\u00fchrung auf und \u00fcber die Binnend\u00fcne Storkow<\/strong><\/p>\n<ul>\n<li>Helga und Lutz K\u00fchne f\u00fchren \u00fcber die Binnend\u00fcne Waltersberge.<\/li>\n<\/ul>\n<ul>\n<li>Stefanie Luka zeigt seltenen Pflanzen, die hier wieder angesiedelt wurden.<\/li>\n<\/ul>\n<p><em>Dauer: 1- 1,5 Stunden; Treffpunkt: Storkow, Reichenwalder Stra\u00dfe, Aufgang zur Binnend\u00fcne, gegen\u00fcber dem Restaurant Alter Weinberg<\/em><\/p>\n<p>&nbsp;<\/p>\n<p><strong>13.00 Uhr \u2013 Hilfe f\u00fcr die Malerkiefer<\/strong><\/p>\n<ul>\n<li>Arbeitseinsatz zur Erhaltung des Naturdenkmals &#8211; Freistellung der Malerkiefer von Geh\u00f6lzaufwuchs.<\/li>\n<li>Bitte Arbeitskleidung und Arbeitshandschuhe, gerne auch Spaten und evtl. kleineHands\u00e4ge mitbringen.<\/li>\n<\/ul>\n<p><em>Dauer: 2 Stunden; Treffpunkt: Storkow, Sportplatz Karlslust (oder 12.40 an der Burg Storkow)<\/em><\/p>\n<p>&nbsp;<\/p>\n<p><strong>17.00 Uhr \u2013 Vorstellung des JahreBuch 2017<\/strong><\/p>\n<ul>\n<li>K\u00f6nig Friedrich II (Lutz Werner) erz\u00e4hlt von der Malerkiefer in seiner Regierungszeit.<\/li>\n<li>Spezialisten kehren zur\u00fcck &#8211; Stefanie Luka vom Naturschutzfonds Brandenburg berichtet \u00fcber einst verschwundene Pflanzen, auf der Binnend\u00fcne Waltersberge nun wieder auftauchen.<\/li>\n<li>M\u00e4rchenkiefern und Gespensterw\u00e4lder \u2013 Hans Sonnenberg vom Naturpark erz\u00e4hlt, was es mit merkw\u00fcrdigen Baumgestalten so auf sich hat.<\/li>\n<\/ul>\n<p><em>Dauer: etwa 1,5 Stunden; Treffpunkt: Burg Storkow (Gro\u00dfer Saal)<\/em><\/p>\n<p><a href=\"https:\/\/www.naturparkmagazin.de\/dahme-heideseen\/wp-content\/uploads\/sites\/37\/Cover_jahrebuch_2017.jpg\"><img decoding=\"async\" loading=\"lazy\" class=\"aligncenter size-medium wp-image-1755\" src=\"https:\/\/www.naturparkmagazin.de\/dahme-heideseen\/wp-content\/uploads\/sites\/37\/Cover_jahrebuch_2017-620x908.jpg\" alt=\"JahreBuch 2017\" width=\"620\" height=\"908\" srcset=\"https:\/\/www.naturparkmagazin.de\/dahme-heideseen\/wp-content\/uploads\/sites\/37\/Cover_jahrebuch_2017-620x908.jpg 620w, https:\/\/www.naturparkmagazin.de\/dahme-heideseen\/wp-content\/uploads\/sites\/37\/Cover_jahrebuch_2017-300x439.jpg 300w, https:\/\/www.naturparkmagazin.de\/dahme-heideseen\/wp-content\/uploads\/sites\/37\/Cover_jahrebuch_2017-940x1377.jpg 940w, https:\/\/www.naturparkmagazin.de\/dahme-heideseen\/wp-content\/uploads\/sites\/37\/Cover_jahrebuch_2017-670x981.jpg 670w, https:\/\/www.naturparkmagazin.de\/dahme-heideseen\/wp-content\/uploads\/sites\/37\/Cover_jahrebuch_2017-200x293.jpg 200w\" sizes=\"(max-width: 620px) 100vw, 620px\" \/><\/a><\/p>\n<p>&nbsp;<\/p>\n<p>Das JahreBuch 2016 kann bei allen Veranstaltungen zum Preis von 7 \u20ac erworben werden.<\/p>\n","protected":false},"excerpt":{"rendered":"<p>Naturpark Dahme-Heideseen, Naturschutzfonds Brandenburg und NABU Dahmeland laden ein zu einem Natur-und Kultur-Nachmittag in und um Storkow (Mark).<\/p>\n","protected":false},"author":48,"featured_media":1754,"comment_status":"open","ping_status":"open","sticky":false,"template":"","format":"standard","meta":[],"categories":[11],"tags":[],"yoast_head":"<!-- This site is optimized with the Yoast SEO plugin v19.10 - https:\/\/yoast.com\/wordpress\/plugins\/seo\/ -->\n<title>Binnend\u00fcne, Burg und Malerkiefer - Naturnachmittag in Storkow am 24. November - Naturpark Dahme-Heideseen<\/title>\n<meta name=\"robots\" content=\"index, follow, max-snippet:-1, max-image-preview:large, max-video-preview:-1\" \/>\n<link rel=\"canonical\" href=\"https:\/\/www.naturparkmagazin.de\/dahme-heideseen\/binnenduene-burg-und-malerkiefer-naturnachmittag-in-storkow-am-24-november\/\" \/>\n<meta property=\"og:locale\" content=\"de_DE\" \/>\n<meta property=\"og:type\" content=\"article\" \/>\n<meta property=\"og:title\" content=\"Binnend\u00fcne, Burg und Malerkiefer - Naturnachmittag in Storkow am 24. November - Naturpark Dahme-Heideseen\" \/>\n<meta property=\"og:description\" content=\"Naturpark Dahme-Heideseen, Naturschutzfonds Brandenburg und NABU Dahmeland laden ein zu einem Natur-und Kultur-Nachmittag in und um Storkow (Mark).\" \/>\n<meta property=\"og:url\" content=\"https:\/\/www.naturparkmagazin.de\/dahme-heideseen\/binnenduene-burg-und-malerkiefer-naturnachmittag-in-storkow-am-24-november\/\" \/>\n<meta property=\"og:site_name\" content=\"Naturpark Dahme-Heideseen\" \/>\n<meta property=\"article:published_time\" content=\"2016-11-15T20:52:45+00:00\" \/>\n<meta property=\"article:modified_time\" content=\"2016-11-23T11:41:13+00:00\" \/>\n<meta property=\"og:image\" content=\"https:\/\/www.naturparkmagazin.de\/dahme-heideseen\/wp-content\/uploads\/sites\/37\/npdh_Malerkiefer_sonnenberg.jpg\" \/>\n\t<meta property=\"og:image:width\" content=\"800\" \/>\n\t<meta property=\"og:image:height\" content=\"600\" \/>\n\t<meta property=\"og:image:type\" content=\"image\/jpeg\" \/>\n<meta name=\"author\" content=\"hanssonnenberg\" \/>\n<meta name=\"twitter:label1\" content=\"Verfasst von\" \/>\n\t<meta name=\"twitter:data1\" content=\"hanssonnenberg\" \/>\n\t<meta name=\"twitter:label2\" content=\"Gesch\u00e4tzte Lesezeit\" \/>\n\t<meta name=\"twitter:data2\" content=\"2\u00a0Minuten\" \/>\n<script type=\"application\/ld+json\" class=\"yoast-schema-graph\">{\"@context\":\"https:\/\/schema.org\",\"@graph\":[{\"@type\":\"WebPage\",\"@id\":\"https:\/\/www.naturparkmagazin.de\/dahme-heideseen\/binnenduene-burg-und-malerkiefer-naturnachmittag-in-storkow-am-24-november\/\",\"url\":\"https:\/\/www.naturparkmagazin.de\/dahme-heideseen\/binnenduene-burg-und-malerkiefer-naturnachmittag-in-storkow-am-24-november\/\",\"name\":\"Binnend\u00fcne, Burg und Malerkiefer - Naturnachmittag in Storkow am 24. November - Naturpark Dahme-Heideseen\",\"isPartOf\":{\"@id\":\"https:\/\/www.naturparkmagazin.de\/dahme-heideseen\/#website\"},\"datePublished\":\"2016-11-15T20:52:45+00:00\",\"dateModified\":\"2016-11-23T11:41:13+00:00\",\"author\":{\"@id\":\"https:\/\/www.naturparkmagazin.de\/dahme-heideseen\/#\/schema\/person\/c81c96c3a1f5ee7bffff8b8022c105f0\"},\"breadcrumb\":{\"@id\":\"https:\/\/www.naturparkmagazin.de\/dahme-heideseen\/binnenduene-burg-und-malerkiefer-naturnachmittag-in-storkow-am-24-november\/#breadcrumb\"},\"inLanguage\":\"de\",\"potentialAction\":[{\"@type\":\"ReadAction\",\"target\":[\"https:\/\/www.naturparkmagazin.de\/dahme-heideseen\/binnenduene-burg-und-malerkiefer-naturnachmittag-in-storkow-am-24-november\/\"]}]},{\"@type\":\"BreadcrumbList\",\"@id\":\"https:\/\/www.naturparkmagazin.de\/dahme-heideseen\/binnenduene-burg-und-malerkiefer-naturnachmittag-in-storkow-am-24-november\/#breadcrumb\",\"itemListElement\":[{\"@type\":\"ListItem\",\"position\":1,\"name\":\"Home\",\"item\":\"https:\/\/www.naturparkmagazin.de\/dahme-heideseen\/\"},{\"@type\":\"ListItem\",\"position\":2,\"name\":\"Binnend\u00fcne, Burg und Malerkiefer &#8211; Naturnachmittag in Storkow am 24. November\"}]},{\"@type\":\"WebSite\",\"@id\":\"https:\/\/www.naturparkmagazin.de\/dahme-heideseen\/#website\",\"url\":\"https:\/\/www.naturparkmagazin.de\/dahme-heideseen\/\",\"name\":\"Naturpark Dahme-Heideseen\",\"description\":\"\",\"potentialAction\":[{\"@type\":\"SearchAction\",\"target\":{\"@type\":\"EntryPoint\",\"urlTemplate\":\"https:\/\/www.naturparkmagazin.de\/dahme-heideseen\/?s={search_term_string}\"},\"query-input\":\"required name=search_term_string\"}],\"inLanguage\":\"de\"},{\"@type\":\"Person\",\"@id\":\"https:\/\/www.naturparkmagazin.de\/dahme-heideseen\/#\/schema\/person\/c81c96c3a1f5ee7bffff8b8022c105f0\",\"name\":\"hanssonnenberg\",\"url\":\"https:\/\/www.naturparkmagazin.de\/dahme-heideseen\/author\/hanssonnenberg\/\"}]}<\/script>\n<!-- \/ Yoast SEO plugin. -->","yoast_head_json":{"title":"Binnend\u00fcne, Burg und Malerkiefer - Naturnachmittag in Storkow am 24. November - Naturpark Dahme-Heideseen","robots":{"index":"index","follow":"follow","max-snippet":"max-snippet:-1","max-image-preview":"max-image-preview:large","max-video-preview":"max-video-preview:-1"},"canonical":"https:\/\/www.naturparkmagazin.de\/dahme-heideseen\/binnenduene-burg-und-malerkiefer-naturnachmittag-in-storkow-am-24-november\/","og_locale":"de_DE","og_type":"article","og_title":"Binnend\u00fcne, Burg und Malerkiefer - Naturnachmittag in Storkow am 24. November - Naturpark Dahme-Heideseen","og_description":"Naturpark Dahme-Heideseen, Naturschutzfonds Brandenburg und NABU Dahmeland laden ein zu einem Natur-und Kultur-Nachmittag in und um Storkow (Mark).","og_url":"https:\/\/www.naturparkmagazin.de\/dahme-heideseen\/binnenduene-burg-und-malerkiefer-naturnachmittag-in-storkow-am-24-november\/","og_site_name":"Naturpark Dahme-Heideseen","article_published_time":"2016-11-15T20:52:45+00:00","article_modified_time":"2016-11-23T11:41:13+00:00","og_image":[{"width":800,"height":600,"url":"https:\/\/www.naturparkmagazin.de\/dahme-heideseen\/wp-content\/uploads\/sites\/37\/npdh_Malerkiefer_sonnenberg.jpg","type":"image\/jpeg"}],"author":"hanssonnenberg","twitter_misc":{"Verfasst von":"hanssonnenberg","Gesch\u00e4tzte Lesezeit":"2\u00a0Minuten"},"schema":{"@context":"https:\/\/schema.org","@graph":[{"@type":"WebPage","@id":"https:\/\/www.naturparkmagazin.de\/dahme-heideseen\/binnenduene-burg-und-malerkiefer-naturnachmittag-in-storkow-am-24-november\/","url":"https:\/\/www.naturparkmagazin.de\/dahme-heideseen\/binnenduene-burg-und-malerkiefer-naturnachmittag-in-storkow-am-24-november\/","name":"Binnend\u00fcne, Burg und Malerkiefer - Naturnachmittag in Storkow am 24. November - Naturpark Dahme-Heideseen","isPartOf":{"@id":"https:\/\/www.naturparkmagazin.de\/dahme-heideseen\/#website"},"datePublished":"2016-11-15T20:52:45+00:00","dateModified":"2016-11-23T11:41:13+00:00","author":{"@id":"https:\/\/www.naturparkmagazin.de\/dahme-heideseen\/#\/schema\/person\/c81c96c3a1f5ee7bffff8b8022c105f0"},"breadcrumb":{"@id":"https:\/\/www.naturparkmagazin.de\/dahme-heideseen\/binnenduene-burg-und-malerkiefer-naturnachmittag-in-storkow-am-24-november\/#breadcrumb"},"inLanguage":"de","potentialAction":[{"@type":"ReadAction","target":["https:\/\/www.naturparkmagazin.de\/dahme-heideseen\/binnenduene-burg-und-malerkiefer-naturnachmittag-in-storkow-am-24-november\/"]}]},{"@type":"BreadcrumbList","@id":"https:\/\/www.naturparkmagazin.de\/dahme-heideseen\/binnenduene-burg-und-malerkiefer-naturnachmittag-in-storkow-am-24-november\/#breadcrumb","itemListElement":[{"@type":"ListItem","position":1,"name":"Home","item":"https:\/\/www.naturparkmagazin.de\/dahme-heideseen\/"},{"@type":"ListItem","position":2,"name":"Binnend\u00fcne, Burg und Malerkiefer &#8211; Naturnachmittag in Storkow am 24. November"}]},{"@type":"WebSite","@id":"https:\/\/www.naturparkmagazin.de\/dahme-heideseen\/#website","url":"https:\/\/www.naturparkmagazin.de\/dahme-heideseen\/","name":"Naturpark Dahme-Heideseen","description":"","potentialAction":[{"@type":"SearchAction","target":{"@type":"EntryPoint","urlTemplate":"https:\/\/www.naturparkmagazin.de\/dahme-heideseen\/?s={search_term_string}"},"query-input":"required name=search_term_string"}],"inLanguage":"de"},{"@type":"Person","@id":"https:\/\/www.naturparkmagazin.de\/dahme-heideseen\/#\/schema\/person\/c81c96c3a1f5ee7bffff8b8022c105f0","name":"hanssonnenberg","url":"https:\/\/www.naturparkmagazin.de\/dahme-heideseen\/author\/hanssonnenberg\/"}]}},"_links":{"self":[{"href":"https:\/\/www.naturparkmagazin.de\/dahme-heideseen\/wp-json\/wp\/v2\/posts\/1753"}],"collection":[{"href":"https:\/\/www.naturparkmagazin.de\/dahme-heideseen\/wp-json\/wp\/v2\/posts"}],"about":[{"href":"https:\/\/www.naturparkmagazin.de\/dahme-heideseen\/wp-json\/wp\/v2\/types\/post"}],"author":[{"embeddable":true,"href":"https:\/\/www.naturparkmagazin.de\/dahme-heideseen\/wp-json\/wp\/v2\/users\/48"}],"replies":[{"embeddable":true,"href":"https:\/\/www.naturparkmagazin.de\/dahme-heideseen\/wp-json\/wp\/v2\/comments?post=1753"}],"version-history":[{"count":1,"href":"https:\/\/www.naturparkmagazin.de\/dahme-heideseen\/wp-json\/wp\/v2\/posts\/1753\/revisions"}],"predecessor-version":[{"id":1756,"href":"https:\/\/www.naturparkmagazin.de\/dahme-heideseen\/wp-json\/wp\/v2\/posts\/1753\/revisions\/1756"}],"wp:featuredmedia":[{"embeddable":true,"href":"https:\/\/www.naturparkmagazin.de\/dahme-heideseen\/wp-json\/wp\/v2\/media\/1754"}],"wp:attachment":[{"href":"https:\/\/www.naturparkmagazin.de\/dahme-heideseen\/wp-json\/wp\/v2\/media?parent=1753"}],"wp:term":[{"taxonomy":"category","embeddable":true,"href":"https:\/\/www.naturparkmagazin.de\/dahme-heideseen\/wp-json\/wp\/v2\/categories?post=1753"},{"taxonomy":"post_tag","embeddable":true,"href":"https:\/\/www.naturparkmagazin.de\/dahme-heideseen\/wp-json\/wp\/v2\/tags?post=1753"}],"curies":[{"name":"wp","href":"https:\/\/api.w.org\/{rel}","templated":true}]}}