{"id":1763,"date":"2017-11-21T14:02:43","date_gmt":"2017-11-21T13:02:43","guid":{"rendered":"http:\/\/www.naturparkmagazin.de\/dahme-heideseen\/?p=1763"},"modified":"2017-11-21T14:47:22","modified_gmt":"2017-11-21T13:47:22","slug":"waldweihnacht-in-der-oberfoersterei-hammer-am-10-dezember","status":"publish","type":"post","link":"https:\/\/www.naturparkmagazin.de\/dahme-heideseen\/waldweihnacht-in-der-oberfoersterei-hammer-am-10-dezember\/","title":{"rendered":"Waldweihnacht in der Oberf\u00f6rsterei Hammer am 9. Dezember"},"content":{"rendered":"<p>Freuen Sie sich auf die Waldweihnacht in der Landeswald-Oberf\u00f6rsterei Hammer mit Lagerfeuer, Gl\u00fchwein und Wildbraten am Samstag, den 9 . Dezember von 12 bis 17 Uhr. Hier k\u00f6nnen Sie auch Weihnachtsb\u00e4ume selber schlagen (Kiefern, Schwarzkiefern, Fichten).\n<!--more-->\nAnfahrt: Autobahn A 13, Abfahrt Gro\u00df K\u00f6ris, Landstra\u00dfe in \u00f6stlicher Richtung \u00fcber Klein K\u00f6ris auf die B 179, dort rechts in Richtung L\u00fcbben (s\u00fcdlich) 3 km bis zur Landeswald-Oberf\u00f6rsterei<\/p>\n<p>Veranstaltungsort\nGro\u00df K\u00f6ris\nLandeswald-Oberf\u00f6rsterei Hammer\nAn der B 179\n15746 Gro\u00df K\u00f6ris<\/p>\n<p><a href=\"https:\/\/www.naturparkmagazin.de\/dahme-heideseen\/wp-content\/uploads\/sites\/37\/Hammer-im-Winter_sonnenberg.jpg\"><img decoding=\"async\" loading=\"lazy\" class=\"aligncenter size-medium wp-image-1760\" src=\"https:\/\/www.naturparkmagazin.de\/dahme-heideseen\/wp-content\/uploads\/sites\/37\/Hammer-im-Winter_sonnenberg-620x439.jpg\" alt=\"Hammer im Winter_sonnenberg\" width=\"620\" height=\"439\" srcset=\"https:\/\/www.naturparkmagazin.de\/dahme-heideseen\/wp-content\/uploads\/sites\/37\/Hammer-im-Winter_sonnenberg-620x439.jpg 620w, https:\/\/www.naturparkmagazin.de\/dahme-heideseen\/wp-content\/uploads\/sites\/37\/Hammer-im-Winter_sonnenberg-300x212.jpg 300w, https:\/\/www.naturparkmagazin.de\/dahme-heideseen\/wp-content\/uploads\/sites\/37\/Hammer-im-Winter_sonnenberg-940x666.jpg 940w, https:\/\/www.naturparkmagazin.de\/dahme-heideseen\/wp-content\/uploads\/sites\/37\/Hammer-im-Winter_sonnenberg-670x474.jpg 670w, https:\/\/www.naturparkmagazin.de\/dahme-heideseen\/wp-content\/uploads\/sites\/37\/Hammer-im-Winter_sonnenberg-200x142.jpg 200w, https:\/\/www.naturparkmagazin.de\/dahme-heideseen\/wp-content\/uploads\/sites\/37\/Hammer-im-Winter_sonnenberg.jpg 1000w\" sizes=\"(max-width: 620px) 100vw, 620px\" \/><\/a>\nhttp:\/\/www.forst.brandenburg.de<\/p>\n","protected":false},"excerpt":{"rendered":"<p>Freuen Sie sich auf die Waldweihnacht in der Landeswald-Oberf\u00f6rsterei Hammer mit Lagerfeuer, Gl\u00fchwein und Wildbraten am Samstag, den 9 . Dezember von 12 bis 17 Uhr. Hier k\u00f6nnen Sie auch Weihnachtsb\u00e4ume selber schlagen (Kiefern, Schwarzkiefern, Fichten).<\/p>\n","protected":false},"author":48,"featured_media":1760,"comment_status":"open","ping_status":"open","sticky":false,"template":"","format":"standard","meta":[],"categories":[11],"tags":[],"yoast_head":"<!-- This site is optimized with the Yoast SEO plugin v19.10 - https:\/\/yoast.com\/wordpress\/plugins\/seo\/ -->\n<title>Waldweihnacht in der Oberf\u00f6rsterei Hammer am 9. Dezember - Naturpark Dahme-Heideseen<\/title>\n<meta name=\"robots\" content=\"index, follow, max-snippet:-1, max-image-preview:large, max-video-preview:-1\" \/>\n<link rel=\"canonical\" href=\"https:\/\/www.naturparkmagazin.de\/dahme-heideseen\/waldweihnacht-in-der-oberfoersterei-hammer-am-10-dezember\/\" \/>\n<meta property=\"og:locale\" content=\"de_DE\" \/>\n<meta property=\"og:type\" content=\"article\" \/>\n<meta property=\"og:title\" content=\"Waldweihnacht in der Oberf\u00f6rsterei Hammer am 9. Dezember - Naturpark Dahme-Heideseen\" \/>\n<meta property=\"og:description\" content=\"Freuen Sie sich auf die Waldweihnacht in der Landeswald-Oberf\u00f6rsterei Hammer mit Lagerfeuer, Gl\u00fchwein und Wildbraten am Samstag, den 9 . Dezember von 12 bis 17 Uhr. Hier k\u00f6nnen Sie auch Weihnachtsb\u00e4ume selber schlagen (Kiefern, Schwarzkiefern, Fichten).\" \/>\n<meta property=\"og:url\" content=\"https:\/\/www.naturparkmagazin.de\/dahme-heideseen\/waldweihnacht-in-der-oberfoersterei-hammer-am-10-dezember\/\" \/>\n<meta property=\"og:site_name\" content=\"Naturpark Dahme-Heideseen\" \/>\n<meta property=\"article:published_time\" content=\"2017-11-21T13:02:43+00:00\" \/>\n<meta property=\"article:modified_time\" content=\"2017-11-21T13:47:22+00:00\" \/>\n<meta property=\"og:image\" content=\"https:\/\/www.naturparkmagazin.de\/dahme-heideseen\/wp-content\/uploads\/sites\/37\/Hammer-im-Winter_sonnenberg.jpg\" \/>\n\t<meta property=\"og:image:width\" content=\"1000\" \/>\n\t<meta property=\"og:image:height\" content=\"708\" \/>\n\t<meta property=\"og:image:type\" content=\"image\/jpeg\" \/>\n<meta name=\"author\" content=\"hanssonnenberg\" \/>\n<meta name=\"twitter:label1\" content=\"Verfasst von\" \/>\n\t<meta name=\"twitter:data1\" content=\"hanssonnenberg\" \/>\n<script type=\"application\/ld+json\" class=\"yoast-schema-graph\">{\"@context\":\"https:\/\/schema.org\",\"@graph\":[{\"@type\":\"WebPage\",\"@id\":\"https:\/\/www.naturparkmagazin.de\/dahme-heideseen\/waldweihnacht-in-der-oberfoersterei-hammer-am-10-dezember\/\",\"url\":\"https:\/\/www.naturparkmagazin.de\/dahme-heideseen\/waldweihnacht-in-der-oberfoersterei-hammer-am-10-dezember\/\",\"name\":\"Waldweihnacht in der Oberf\u00f6rsterei Hammer am 9. Dezember - Naturpark Dahme-Heideseen\",\"isPartOf\":{\"@id\":\"https:\/\/www.naturparkmagazin.de\/dahme-heideseen\/#website\"},\"datePublished\":\"2017-11-21T13:02:43+00:00\",\"dateModified\":\"2017-11-21T13:47:22+00:00\",\"author\":{\"@id\":\"https:\/\/www.naturparkmagazin.de\/dahme-heideseen\/#\/schema\/person\/c81c96c3a1f5ee7bffff8b8022c105f0\"},\"breadcrumb\":{\"@id\":\"https:\/\/www.naturparkmagazin.de\/dahme-heideseen\/waldweihnacht-in-der-oberfoersterei-hammer-am-10-dezember\/#breadcrumb\"},\"inLanguage\":\"de\",\"potentialAction\":[{\"@type\":\"ReadAction\",\"target\":[\"https:\/\/www.naturparkmagazin.de\/dahme-heideseen\/waldweihnacht-in-der-oberfoersterei-hammer-am-10-dezember\/\"]}]},{\"@type\":\"BreadcrumbList\",\"@id\":\"https:\/\/www.naturparkmagazin.de\/dahme-heideseen\/waldweihnacht-in-der-oberfoersterei-hammer-am-10-dezember\/#breadcrumb\",\"itemListElement\":[{\"@type\":\"ListItem\",\"position\":1,\"name\":\"Home\",\"item\":\"https:\/\/www.naturparkmagazin.de\/dahme-heideseen\/\"},{\"@type\":\"ListItem\",\"position\":2,\"name\":\"Waldweihnacht in der Oberf\u00f6rsterei Hammer am 9. Dezember\"}]},{\"@type\":\"WebSite\",\"@id\":\"https:\/\/www.naturparkmagazin.de\/dahme-heideseen\/#website\",\"url\":\"https:\/\/www.naturparkmagazin.de\/dahme-heideseen\/\",\"name\":\"Naturpark Dahme-Heideseen\",\"description\":\"\",\"potentialAction\":[{\"@type\":\"SearchAction\",\"target\":{\"@type\":\"EntryPoint\",\"urlTemplate\":\"https:\/\/www.naturparkmagazin.de\/dahme-heideseen\/?s={search_term_string}\"},\"query-input\":\"required name=search_term_string\"}],\"inLanguage\":\"de\"},{\"@type\":\"Person\",\"@id\":\"https:\/\/www.naturparkmagazin.de\/dahme-heideseen\/#\/schema\/person\/c81c96c3a1f5ee7bffff8b8022c105f0\",\"name\":\"hanssonnenberg\",\"url\":\"https:\/\/www.naturparkmagazin.de\/dahme-heideseen\/author\/hanssonnenberg\/\"}]}<\/script>\n<!-- \/ Yoast SEO plugin. -->","yoast_head_json":{"title":"Waldweihnacht in der Oberf\u00f6rsterei Hammer am 9. Dezember - Naturpark Dahme-Heideseen","robots":{"index":"index","follow":"follow","max-snippet":"max-snippet:-1","max-image-preview":"max-image-preview:large","max-video-preview":"max-video-preview:-1"},"canonical":"https:\/\/www.naturparkmagazin.de\/dahme-heideseen\/waldweihnacht-in-der-oberfoersterei-hammer-am-10-dezember\/","og_locale":"de_DE","og_type":"article","og_title":"Waldweihnacht in der Oberf\u00f6rsterei Hammer am 9. Dezember - Naturpark Dahme-Heideseen","og_description":"Freuen Sie sich auf die Waldweihnacht in der Landeswald-Oberf\u00f6rsterei Hammer mit Lagerfeuer, Gl\u00fchwein und Wildbraten am Samstag, den 9 . Dezember von 12 bis 17 Uhr. Hier k\u00f6nnen Sie auch Weihnachtsb\u00e4ume selber schlagen (Kiefern, Schwarzkiefern, Fichten).","og_url":"https:\/\/www.naturparkmagazin.de\/dahme-heideseen\/waldweihnacht-in-der-oberfoersterei-hammer-am-10-dezember\/","og_site_name":"Naturpark Dahme-Heideseen","article_published_time":"2017-11-21T13:02:43+00:00","article_modified_time":"2017-11-21T13:47:22+00:00","og_image":[{"width":1000,"height":708,"url":"https:\/\/www.naturparkmagazin.de\/dahme-heideseen\/wp-content\/uploads\/sites\/37\/Hammer-im-Winter_sonnenberg.jpg","type":"image\/jpeg"}],"author":"hanssonnenberg","twitter_misc":{"Verfasst von":"hanssonnenberg"},"schema":{"@context":"https:\/\/schema.org","@graph":[{"@type":"WebPage","@id":"https:\/\/www.naturparkmagazin.de\/dahme-heideseen\/waldweihnacht-in-der-oberfoersterei-hammer-am-10-dezember\/","url":"https:\/\/www.naturparkmagazin.de\/dahme-heideseen\/waldweihnacht-in-der-oberfoersterei-hammer-am-10-dezember\/","name":"Waldweihnacht in der Oberf\u00f6rsterei Hammer am 9. Dezember - Naturpark Dahme-Heideseen","isPartOf":{"@id":"https:\/\/www.naturparkmagazin.de\/dahme-heideseen\/#website"},"datePublished":"2017-11-21T13:02:43+00:00","dateModified":"2017-11-21T13:47:22+00:00","author":{"@id":"https:\/\/www.naturparkmagazin.de\/dahme-heideseen\/#\/schema\/person\/c81c96c3a1f5ee7bffff8b8022c105f0"},"breadcrumb":{"@id":"https:\/\/www.naturparkmagazin.de\/dahme-heideseen\/waldweihnacht-in-der-oberfoersterei-hammer-am-10-dezember\/#breadcrumb"},"inLanguage":"de","potentialAction":[{"@type":"ReadAction","target":["https:\/\/www.naturparkmagazin.de\/dahme-heideseen\/waldweihnacht-in-der-oberfoersterei-hammer-am-10-dezember\/"]}]},{"@type":"BreadcrumbList","@id":"https:\/\/www.naturparkmagazin.de\/dahme-heideseen\/waldweihnacht-in-der-oberfoersterei-hammer-am-10-dezember\/#breadcrumb","itemListElement":[{"@type":"ListItem","position":1,"name":"Home","item":"https:\/\/www.naturparkmagazin.de\/dahme-heideseen\/"},{"@type":"ListItem","position":2,"name":"Waldweihnacht in der Oberf\u00f6rsterei Hammer am 9. Dezember"}]},{"@type":"WebSite","@id":"https:\/\/www.naturparkmagazin.de\/dahme-heideseen\/#website","url":"https:\/\/www.naturparkmagazin.de\/dahme-heideseen\/","name":"Naturpark Dahme-Heideseen","description":"","potentialAction":[{"@type":"SearchAction","target":{"@type":"EntryPoint","urlTemplate":"https:\/\/www.naturparkmagazin.de\/dahme-heideseen\/?s={search_term_string}"},"query-input":"required name=search_term_string"}],"inLanguage":"de"},{"@type":"Person","@id":"https:\/\/www.naturparkmagazin.de\/dahme-heideseen\/#\/schema\/person\/c81c96c3a1f5ee7bffff8b8022c105f0","name":"hanssonnenberg","url":"https:\/\/www.naturparkmagazin.de\/dahme-heideseen\/author\/hanssonnenberg\/"}]}},"_links":{"self":[{"href":"https:\/\/www.naturparkmagazin.de\/dahme-heideseen\/wp-json\/wp\/v2\/posts\/1763"}],"collection":[{"href":"https:\/\/www.naturparkmagazin.de\/dahme-heideseen\/wp-json\/wp\/v2\/posts"}],"about":[{"href":"https:\/\/www.naturparkmagazin.de\/dahme-heideseen\/wp-json\/wp\/v2\/types\/post"}],"author":[{"embeddable":true,"href":"https:\/\/www.naturparkmagazin.de\/dahme-heideseen\/wp-json\/wp\/v2\/users\/48"}],"replies":[{"embeddable":true,"href":"https:\/\/www.naturparkmagazin.de\/dahme-heideseen\/wp-json\/wp\/v2\/comments?post=1763"}],"version-history":[{"count":2,"href":"https:\/\/www.naturparkmagazin.de\/dahme-heideseen\/wp-json\/wp\/v2\/posts\/1763\/revisions"}],"predecessor-version":[{"id":2226,"href":"https:\/\/www.naturparkmagazin.de\/dahme-heideseen\/wp-json\/wp\/v2\/posts\/1763\/revisions\/2226"}],"wp:featuredmedia":[{"embeddable":true,"href":"https:\/\/www.naturparkmagazin.de\/dahme-heideseen\/wp-json\/wp\/v2\/media\/1760"}],"wp:attachment":[{"href":"https:\/\/www.naturparkmagazin.de\/dahme-heideseen\/wp-json\/wp\/v2\/media?parent=1763"}],"wp:term":[{"taxonomy":"category","embeddable":true,"href":"https:\/\/www.naturparkmagazin.de\/dahme-heideseen\/wp-json\/wp\/v2\/categories?post=1763"},{"taxonomy":"post_tag","embeddable":true,"href":"https:\/\/www.naturparkmagazin.de\/dahme-heideseen\/wp-json\/wp\/v2\/tags?post=1763"}],"curies":[{"name":"wp","href":"https:\/\/api.w.org\/{rel}","templated":true}]}}