{"id":1765,"date":"2016-11-15T21:53:08","date_gmt":"2016-11-15T20:53:08","guid":{"rendered":"http:\/\/www.naturparkmagazin.de\/dahme-heideseen\/?p=1765"},"modified":"2016-11-23T12:38:14","modified_gmt":"2016-11-23T11:38:14","slug":"das-jahrebuch-2017-ist-da","status":"publish","type":"post","link":"https:\/\/www.naturparkmagazin.de\/dahme-heideseen\/das-jahrebuch-2017-ist-da\/","title":{"rendered":"Das neue JahreBuch 2017 ist da!"},"content":{"rendered":"<p>Bereits in seiner 18. Auflage ist das neue JahreBuch erschienen. <!--more-->Das 144 Seiten starke Buch wird herausgegeben vom\u00a0\u00a0NABU Regionalverband Dahmeland und dem Naturschutzfonds Brandenburg. Im Mittelpunkt der neuen Ausgabe stehen alte, liebenswerte B\u00e4ume.<\/p>\n<p>Traditionell enth\u00e4lt das JahreBuch einen Monatskalender mit zahlreichen Veranstaltungstipps. In diesem Jahr hat die in Streganz lebende K\u00fcnstlerin Inka Luma die Kalendermotive gestaltet. Wunderbare Bilder zeigen liebenswerte wie alte B\u00e4ume zwischen Glash\u00fctte, K\u00f6nigs Wusterhausen und Lindenberg. Neben einer einf\u00fchlsamen Beschreibung der B\u00e4ume gibt es zu jedem Baum eine Karte mit seinem Standort. Freuen Sie sich auf die B\u00e4ume und viele weitere Besonderheiten des Dahmelandes!<\/p>\n<p>&nbsp;<\/p>\n<p><a href=\"https:\/\/www.naturparkmagazin.de\/dahme-heideseen\/wp-content\/uploads\/sites\/37\/Cover_jahrebuch_2017.jpg\"><img decoding=\"async\" loading=\"lazy\" class=\"aligncenter size-medium wp-image-1755\" src=\"https:\/\/www.naturparkmagazin.de\/dahme-heideseen\/wp-content\/uploads\/sites\/37\/Cover_jahrebuch_2017-620x908.jpg\" alt=\"JahreBuch 2017\" width=\"620\" height=\"908\" srcset=\"https:\/\/www.naturparkmagazin.de\/dahme-heideseen\/wp-content\/uploads\/sites\/37\/Cover_jahrebuch_2017-620x908.jpg 620w, https:\/\/www.naturparkmagazin.de\/dahme-heideseen\/wp-content\/uploads\/sites\/37\/Cover_jahrebuch_2017-300x439.jpg 300w, https:\/\/www.naturparkmagazin.de\/dahme-heideseen\/wp-content\/uploads\/sites\/37\/Cover_jahrebuch_2017-940x1377.jpg 940w, https:\/\/www.naturparkmagazin.de\/dahme-heideseen\/wp-content\/uploads\/sites\/37\/Cover_jahrebuch_2017-670x981.jpg 670w, https:\/\/www.naturparkmagazin.de\/dahme-heideseen\/wp-content\/uploads\/sites\/37\/Cover_jahrebuch_2017-200x293.jpg 200w\" sizes=\"(max-width: 620px) 100vw, 620px\" \/><\/a><\/p>\n<p>&nbsp;<\/p>\n<p>&nbsp;<\/p>\n<p>Das JahreBuch ist \u00a0zum Preis von 7 \u20ac ab sofort im regionalen Buchhandel und weiteren <a href=\"http:\/\/www.nabu-dahmeland.de\/front_content.php?idcat=65\" target=\"_blank\">Verkaufsstellen<\/a> erh\u00e4ltlich.<\/p>\n<p>&nbsp;<\/p>\n","protected":false},"excerpt":{"rendered":"<p>In diesem Jahr hat die in Streganz lebende K\u00fcnstlerin Inka Luma die Kalendermotive gestaltet. Wunderbare Bilder zeigen ebenso liebenswerte wie alte B\u00e4ume zwischen Glash\u00fctte, K\u00f6nigs Wusterhausen und Lindenberg.<\/p>\n","protected":false},"author":48,"featured_media":1755,"comment_status":"open","ping_status":"open","sticky":false,"template":"","format":"standard","meta":[],"categories":[7],"tags":[],"yoast_head":"<!-- This site is optimized with the Yoast SEO plugin v19.10 - https:\/\/yoast.com\/wordpress\/plugins\/seo\/ -->\n<title>Das neue JahreBuch 2017 ist da! - Naturpark Dahme-Heideseen<\/title>\n<meta name=\"robots\" content=\"index, follow, max-snippet:-1, max-image-preview:large, max-video-preview:-1\" \/>\n<link rel=\"canonical\" href=\"https:\/\/www.naturparkmagazin.de\/dahme-heideseen\/das-jahrebuch-2017-ist-da\/\" \/>\n<meta property=\"og:locale\" content=\"de_DE\" \/>\n<meta property=\"og:type\" content=\"article\" \/>\n<meta property=\"og:title\" content=\"Das neue JahreBuch 2017 ist da! - Naturpark Dahme-Heideseen\" \/>\n<meta property=\"og:description\" content=\"In diesem Jahr hat die in Streganz lebende K\u00fcnstlerin Inka Luma die Kalendermotive gestaltet. Wunderbare Bilder zeigen ebenso liebenswerte wie alte B\u00e4ume zwischen Glash\u00fctte, K\u00f6nigs Wusterhausen und Lindenberg.\" \/>\n<meta property=\"og:url\" content=\"https:\/\/www.naturparkmagazin.de\/dahme-heideseen\/das-jahrebuch-2017-ist-da\/\" \/>\n<meta property=\"og:site_name\" content=\"Naturpark Dahme-Heideseen\" \/>\n<meta property=\"article:published_time\" content=\"2016-11-15T20:53:08+00:00\" \/>\n<meta property=\"article:modified_time\" content=\"2016-11-23T11:38:14+00:00\" \/>\n<meta property=\"og:image\" content=\"https:\/\/www.naturparkmagazin.de\/dahme-heideseen\/wp-content\/uploads\/sites\/37\/Cover_jahrebuch_2017.jpg\" \/>\n\t<meta property=\"og:image:width\" content=\"2189\" \/>\n\t<meta property=\"og:image:height\" content=\"3206\" \/>\n\t<meta property=\"og:image:type\" content=\"image\/jpeg\" \/>\n<meta name=\"author\" content=\"hanssonnenberg\" \/>\n<meta name=\"twitter:label1\" content=\"Verfasst von\" \/>\n\t<meta name=\"twitter:data1\" content=\"hanssonnenberg\" \/>\n\t<meta name=\"twitter:label2\" content=\"Gesch\u00e4tzte Lesezeit\" \/>\n\t<meta name=\"twitter:data2\" content=\"1\u00a0Minute\" \/>\n<script type=\"application\/ld+json\" class=\"yoast-schema-graph\">{\"@context\":\"https:\/\/schema.org\",\"@graph\":[{\"@type\":\"WebPage\",\"@id\":\"https:\/\/www.naturparkmagazin.de\/dahme-heideseen\/das-jahrebuch-2017-ist-da\/\",\"url\":\"https:\/\/www.naturparkmagazin.de\/dahme-heideseen\/das-jahrebuch-2017-ist-da\/\",\"name\":\"Das neue JahreBuch 2017 ist da! - Naturpark Dahme-Heideseen\",\"isPartOf\":{\"@id\":\"https:\/\/www.naturparkmagazin.de\/dahme-heideseen\/#website\"},\"datePublished\":\"2016-11-15T20:53:08+00:00\",\"dateModified\":\"2016-11-23T11:38:14+00:00\",\"author\":{\"@id\":\"https:\/\/www.naturparkmagazin.de\/dahme-heideseen\/#\/schema\/person\/c81c96c3a1f5ee7bffff8b8022c105f0\"},\"breadcrumb\":{\"@id\":\"https:\/\/www.naturparkmagazin.de\/dahme-heideseen\/das-jahrebuch-2017-ist-da\/#breadcrumb\"},\"inLanguage\":\"de\",\"potentialAction\":[{\"@type\":\"ReadAction\",\"target\":[\"https:\/\/www.naturparkmagazin.de\/dahme-heideseen\/das-jahrebuch-2017-ist-da\/\"]}]},{\"@type\":\"BreadcrumbList\",\"@id\":\"https:\/\/www.naturparkmagazin.de\/dahme-heideseen\/das-jahrebuch-2017-ist-da\/#breadcrumb\",\"itemListElement\":[{\"@type\":\"ListItem\",\"position\":1,\"name\":\"Home\",\"item\":\"https:\/\/www.naturparkmagazin.de\/dahme-heideseen\/\"},{\"@type\":\"ListItem\",\"position\":2,\"name\":\"Das neue JahreBuch 2017 ist da!\"}]},{\"@type\":\"WebSite\",\"@id\":\"https:\/\/www.naturparkmagazin.de\/dahme-heideseen\/#website\",\"url\":\"https:\/\/www.naturparkmagazin.de\/dahme-heideseen\/\",\"name\":\"Naturpark Dahme-Heideseen\",\"description\":\"\",\"potentialAction\":[{\"@type\":\"SearchAction\",\"target\":{\"@type\":\"EntryPoint\",\"urlTemplate\":\"https:\/\/www.naturparkmagazin.de\/dahme-heideseen\/?s={search_term_string}\"},\"query-input\":\"required name=search_term_string\"}],\"inLanguage\":\"de\"},{\"@type\":\"Person\",\"@id\":\"https:\/\/www.naturparkmagazin.de\/dahme-heideseen\/#\/schema\/person\/c81c96c3a1f5ee7bffff8b8022c105f0\",\"name\":\"hanssonnenberg\",\"url\":\"https:\/\/www.naturparkmagazin.de\/dahme-heideseen\/author\/hanssonnenberg\/\"}]}<\/script>\n<!-- \/ Yoast SEO plugin. -->","yoast_head_json":{"title":"Das neue JahreBuch 2017 ist da! - Naturpark Dahme-Heideseen","robots":{"index":"index","follow":"follow","max-snippet":"max-snippet:-1","max-image-preview":"max-image-preview:large","max-video-preview":"max-video-preview:-1"},"canonical":"https:\/\/www.naturparkmagazin.de\/dahme-heideseen\/das-jahrebuch-2017-ist-da\/","og_locale":"de_DE","og_type":"article","og_title":"Das neue JahreBuch 2017 ist da! - Naturpark Dahme-Heideseen","og_description":"In diesem Jahr hat die in Streganz lebende K\u00fcnstlerin Inka Luma die Kalendermotive gestaltet. Wunderbare Bilder zeigen ebenso liebenswerte wie alte B\u00e4ume zwischen Glash\u00fctte, K\u00f6nigs Wusterhausen und Lindenberg.","og_url":"https:\/\/www.naturparkmagazin.de\/dahme-heideseen\/das-jahrebuch-2017-ist-da\/","og_site_name":"Naturpark Dahme-Heideseen","article_published_time":"2016-11-15T20:53:08+00:00","article_modified_time":"2016-11-23T11:38:14+00:00","og_image":[{"width":2189,"height":3206,"url":"https:\/\/www.naturparkmagazin.de\/dahme-heideseen\/wp-content\/uploads\/sites\/37\/Cover_jahrebuch_2017.jpg","type":"image\/jpeg"}],"author":"hanssonnenberg","twitter_misc":{"Verfasst von":"hanssonnenberg","Gesch\u00e4tzte Lesezeit":"1\u00a0Minute"},"schema":{"@context":"https:\/\/schema.org","@graph":[{"@type":"WebPage","@id":"https:\/\/www.naturparkmagazin.de\/dahme-heideseen\/das-jahrebuch-2017-ist-da\/","url":"https:\/\/www.naturparkmagazin.de\/dahme-heideseen\/das-jahrebuch-2017-ist-da\/","name":"Das neue JahreBuch 2017 ist da! - Naturpark Dahme-Heideseen","isPartOf":{"@id":"https:\/\/www.naturparkmagazin.de\/dahme-heideseen\/#website"},"datePublished":"2016-11-15T20:53:08+00:00","dateModified":"2016-11-23T11:38:14+00:00","author":{"@id":"https:\/\/www.naturparkmagazin.de\/dahme-heideseen\/#\/schema\/person\/c81c96c3a1f5ee7bffff8b8022c105f0"},"breadcrumb":{"@id":"https:\/\/www.naturparkmagazin.de\/dahme-heideseen\/das-jahrebuch-2017-ist-da\/#breadcrumb"},"inLanguage":"de","potentialAction":[{"@type":"ReadAction","target":["https:\/\/www.naturparkmagazin.de\/dahme-heideseen\/das-jahrebuch-2017-ist-da\/"]}]},{"@type":"BreadcrumbList","@id":"https:\/\/www.naturparkmagazin.de\/dahme-heideseen\/das-jahrebuch-2017-ist-da\/#breadcrumb","itemListElement":[{"@type":"ListItem","position":1,"name":"Home","item":"https:\/\/www.naturparkmagazin.de\/dahme-heideseen\/"},{"@type":"ListItem","position":2,"name":"Das neue JahreBuch 2017 ist da!"}]},{"@type":"WebSite","@id":"https:\/\/www.naturparkmagazin.de\/dahme-heideseen\/#website","url":"https:\/\/www.naturparkmagazin.de\/dahme-heideseen\/","name":"Naturpark Dahme-Heideseen","description":"","potentialAction":[{"@type":"SearchAction","target":{"@type":"EntryPoint","urlTemplate":"https:\/\/www.naturparkmagazin.de\/dahme-heideseen\/?s={search_term_string}"},"query-input":"required name=search_term_string"}],"inLanguage":"de"},{"@type":"Person","@id":"https:\/\/www.naturparkmagazin.de\/dahme-heideseen\/#\/schema\/person\/c81c96c3a1f5ee7bffff8b8022c105f0","name":"hanssonnenberg","url":"https:\/\/www.naturparkmagazin.de\/dahme-heideseen\/author\/hanssonnenberg\/"}]}},"_links":{"self":[{"href":"https:\/\/www.naturparkmagazin.de\/dahme-heideseen\/wp-json\/wp\/v2\/posts\/1765"}],"collection":[{"href":"https:\/\/www.naturparkmagazin.de\/dahme-heideseen\/wp-json\/wp\/v2\/posts"}],"about":[{"href":"https:\/\/www.naturparkmagazin.de\/dahme-heideseen\/wp-json\/wp\/v2\/types\/post"}],"author":[{"embeddable":true,"href":"https:\/\/www.naturparkmagazin.de\/dahme-heideseen\/wp-json\/wp\/v2\/users\/48"}],"replies":[{"embeddable":true,"href":"https:\/\/www.naturparkmagazin.de\/dahme-heideseen\/wp-json\/wp\/v2\/comments?post=1765"}],"version-history":[{"count":5,"href":"https:\/\/www.naturparkmagazin.de\/dahme-heideseen\/wp-json\/wp\/v2\/posts\/1765\/revisions"}],"predecessor-version":[{"id":1779,"href":"https:\/\/www.naturparkmagazin.de\/dahme-heideseen\/wp-json\/wp\/v2\/posts\/1765\/revisions\/1779"}],"wp:featuredmedia":[{"embeddable":true,"href":"https:\/\/www.naturparkmagazin.de\/dahme-heideseen\/wp-json\/wp\/v2\/media\/1755"}],"wp:attachment":[{"href":"https:\/\/www.naturparkmagazin.de\/dahme-heideseen\/wp-json\/wp\/v2\/media?parent=1765"}],"wp:term":[{"taxonomy":"category","embeddable":true,"href":"https:\/\/www.naturparkmagazin.de\/dahme-heideseen\/wp-json\/wp\/v2\/categories?post=1765"},{"taxonomy":"post_tag","embeddable":true,"href":"https:\/\/www.naturparkmagazin.de\/dahme-heideseen\/wp-json\/wp\/v2\/tags?post=1765"}],"curies":[{"name":"wp","href":"https:\/\/api.w.org\/{rel}","templated":true}]}}