{"id":1786,"date":"2016-12-20T17:57:06","date_gmt":"2016-12-20T16:57:06","guid":{"rendered":"http:\/\/www.naturparkmagazin.de\/dahme-heideseen\/?p=1786"},"modified":"2016-12-21T09:41:09","modified_gmt":"2016-12-21T08:41:09","slug":"die-hohle-linde-in-prieros","status":"publish","type":"post","link":"https:\/\/www.naturparkmagazin.de\/dahme-heideseen\/die-hohle-linde-in-prieros\/","title":{"rendered":"Die hohle Linde in Prieros"},"content":{"rendered":"<p>Der Grafikerin Inka Lumer gestaltet mit ihren Baumbildern die Kalenderbl\u00e4tter des JahreBuch 2017. Als kleine Serie durch das Jahr stellen wir Ihnen die Kalendermotive hier vor. Heute: Die denkmalw\u00fcrdige hohle Linde in Prieros.<!--more--><\/p>\n<p>Auf dem sogenannten \u00bbSchadlischka-Berg\u00ab an der Dahme bei Prieros existierte urspr\u00fcnglich eine slawische Ansiedlung. Das sp\u00e4ter als Rundling um eine Dorfaue herum gebaute Prieros wurde 1314 erstmalig urkundlich erw\u00e4hnt. Dieses im Laufe der Jahrhunderte gewachsene Fischer- und Bauerndorf wurde seit Anfang des\n20. Jahrhunderts zu einem Ausflugs- und Ferienort und erstreckt sich entlang der Gew\u00e4sser Dahme, Schm\u00f6lde, Langer See, Streganzer See und Tiefer See.\nDie alte Linde hat einen Durchmesser von 4,10 Metern, innen ist sie hohl. Sie steht auf der Dorfaue vor dem Zugang zur Dahme mit der Gastst\u00e4tte \u00bbZur Linde\u00ab, ganz in der N\u00e4he des Heimathauses.<\/p>\n<p>Inka Lumer: \u00bbIch glaube, dieser Baum zieht alle Vorbeikommenden in seinen Bann. Besonders anziehend ist der hohle Stamm als Versteckplatz f\u00fcr Kinder.\u00ab<\/p>\n<div id=\"attachment_1787\" style=\"width: 475px\" class=\"wp-caption aligncenter\"><a href=\"https:\/\/www.naturparkmagazin.de\/dahme-heideseen\/wp-content\/uploads\/sites\/37\/npdh_Linde_Prieros_Inka_Lumer.jpg\"><img aria-describedby=\"caption-attachment-1787\" decoding=\"async\" loading=\"lazy\" class=\"size-full wp-image-1787\" src=\"https:\/\/www.naturparkmagazin.de\/dahme-heideseen\/wp-content\/uploads\/sites\/37\/npdh_Linde_Prieros_Inka_Lumer.jpg\" alt=\"Linde in Prieros von Inka Lumer\" width=\"465\" height=\"640\" srcset=\"https:\/\/www.naturparkmagazin.de\/dahme-heideseen\/wp-content\/uploads\/sites\/37\/npdh_Linde_Prieros_Inka_Lumer.jpg 465w, https:\/\/www.naturparkmagazin.de\/dahme-heideseen\/wp-content\/uploads\/sites\/37\/npdh_Linde_Prieros_Inka_Lumer-300x413.jpg 300w, https:\/\/www.naturparkmagazin.de\/dahme-heideseen\/wp-content\/uploads\/sites\/37\/npdh_Linde_Prieros_Inka_Lumer-200x275.jpg 200w\" sizes=\"(max-width: 465px) 100vw, 465px\" \/><\/a><p id=\"caption-attachment-1787\" class=\"wp-caption-text\">Linde in Prieros von Inka Lumer<\/p><\/div>\n<p>&nbsp;<\/p>\n<p><a href=\"http:\/\/www.traumwerker.de\/inka\/\" target=\"_blank\">Inka Lumer Ilustrationen<\/a><\/p>\n","protected":false},"excerpt":{"rendered":"<p>Der Grafikerin Inka Lumer gestaltet mit ihren Baumbildern die Kalenderbl\u00e4tter des JahreBuch 2017. Als kleine Serie durch das Jahr stellen wir Ihnen die Kalendermotive hier vor. Heute: Die denkmalw\u00fcrdige hohle Linde in Prieros.<\/p>\n","protected":false},"author":48,"featured_media":1787,"comment_status":"open","ping_status":"open","sticky":false,"template":"","format":"standard","meta":[],"categories":[7],"tags":[],"yoast_head":"<!-- This site is optimized with the Yoast SEO plugin v19.10 - https:\/\/yoast.com\/wordpress\/plugins\/seo\/ -->\n<title>Die hohle Linde in Prieros - Naturpark Dahme-Heideseen<\/title>\n<meta name=\"robots\" content=\"index, follow, max-snippet:-1, max-image-preview:large, max-video-preview:-1\" \/>\n<link rel=\"canonical\" href=\"https:\/\/www.naturparkmagazin.de\/dahme-heideseen\/die-hohle-linde-in-prieros\/\" \/>\n<meta property=\"og:locale\" content=\"de_DE\" \/>\n<meta property=\"og:type\" content=\"article\" \/>\n<meta property=\"og:title\" content=\"Die hohle Linde in Prieros - Naturpark Dahme-Heideseen\" \/>\n<meta property=\"og:description\" content=\"Der Grafikerin Inka Lumer gestaltet mit ihren Baumbildern die Kalenderbl\u00e4tter des JahreBuch 2017. Als kleine Serie durch das Jahr stellen wir Ihnen die Kalendermotive hier vor. Heute: Die denkmalw\u00fcrdige hohle Linde in Prieros.\" \/>\n<meta property=\"og:url\" content=\"https:\/\/www.naturparkmagazin.de\/dahme-heideseen\/die-hohle-linde-in-prieros\/\" \/>\n<meta property=\"og:site_name\" content=\"Naturpark Dahme-Heideseen\" \/>\n<meta property=\"article:published_time\" content=\"2016-12-20T16:57:06+00:00\" \/>\n<meta property=\"article:modified_time\" content=\"2016-12-21T08:41:09+00:00\" \/>\n<meta property=\"og:image\" content=\"https:\/\/www.naturparkmagazin.de\/dahme-heideseen\/wp-content\/uploads\/sites\/37\/npdh_Linde_Prieros_Inka_Lumer.jpg\" \/>\n\t<meta property=\"og:image:width\" content=\"465\" \/>\n\t<meta property=\"og:image:height\" content=\"640\" \/>\n\t<meta property=\"og:image:type\" content=\"image\/jpeg\" \/>\n<meta name=\"author\" content=\"hanssonnenberg\" \/>\n<meta name=\"twitter:label1\" content=\"Verfasst von\" \/>\n\t<meta name=\"twitter:data1\" content=\"hanssonnenberg\" \/>\n\t<meta name=\"twitter:label2\" content=\"Gesch\u00e4tzte Lesezeit\" \/>\n\t<meta name=\"twitter:data2\" content=\"1\u00a0Minute\" \/>\n<script type=\"application\/ld+json\" class=\"yoast-schema-graph\">{\"@context\":\"https:\/\/schema.org\",\"@graph\":[{\"@type\":\"WebPage\",\"@id\":\"https:\/\/www.naturparkmagazin.de\/dahme-heideseen\/die-hohle-linde-in-prieros\/\",\"url\":\"https:\/\/www.naturparkmagazin.de\/dahme-heideseen\/die-hohle-linde-in-prieros\/\",\"name\":\"Die hohle Linde in Prieros - Naturpark Dahme-Heideseen\",\"isPartOf\":{\"@id\":\"https:\/\/www.naturparkmagazin.de\/dahme-heideseen\/#website\"},\"datePublished\":\"2016-12-20T16:57:06+00:00\",\"dateModified\":\"2016-12-21T08:41:09+00:00\",\"author\":{\"@id\":\"https:\/\/www.naturparkmagazin.de\/dahme-heideseen\/#\/schema\/person\/c81c96c3a1f5ee7bffff8b8022c105f0\"},\"breadcrumb\":{\"@id\":\"https:\/\/www.naturparkmagazin.de\/dahme-heideseen\/die-hohle-linde-in-prieros\/#breadcrumb\"},\"inLanguage\":\"de\",\"potentialAction\":[{\"@type\":\"ReadAction\",\"target\":[\"https:\/\/www.naturparkmagazin.de\/dahme-heideseen\/die-hohle-linde-in-prieros\/\"]}]},{\"@type\":\"BreadcrumbList\",\"@id\":\"https:\/\/www.naturparkmagazin.de\/dahme-heideseen\/die-hohle-linde-in-prieros\/#breadcrumb\",\"itemListElement\":[{\"@type\":\"ListItem\",\"position\":1,\"name\":\"Home\",\"item\":\"https:\/\/www.naturparkmagazin.de\/dahme-heideseen\/\"},{\"@type\":\"ListItem\",\"position\":2,\"name\":\"Die hohle Linde in Prieros\"}]},{\"@type\":\"WebSite\",\"@id\":\"https:\/\/www.naturparkmagazin.de\/dahme-heideseen\/#website\",\"url\":\"https:\/\/www.naturparkmagazin.de\/dahme-heideseen\/\",\"name\":\"Naturpark Dahme-Heideseen\",\"description\":\"\",\"potentialAction\":[{\"@type\":\"SearchAction\",\"target\":{\"@type\":\"EntryPoint\",\"urlTemplate\":\"https:\/\/www.naturparkmagazin.de\/dahme-heideseen\/?s={search_term_string}\"},\"query-input\":\"required name=search_term_string\"}],\"inLanguage\":\"de\"},{\"@type\":\"Person\",\"@id\":\"https:\/\/www.naturparkmagazin.de\/dahme-heideseen\/#\/schema\/person\/c81c96c3a1f5ee7bffff8b8022c105f0\",\"name\":\"hanssonnenberg\",\"url\":\"https:\/\/www.naturparkmagazin.de\/dahme-heideseen\/author\/hanssonnenberg\/\"}]}<\/script>\n<!-- \/ Yoast SEO plugin. -->","yoast_head_json":{"title":"Die hohle Linde in Prieros - Naturpark Dahme-Heideseen","robots":{"index":"index","follow":"follow","max-snippet":"max-snippet:-1","max-image-preview":"max-image-preview:large","max-video-preview":"max-video-preview:-1"},"canonical":"https:\/\/www.naturparkmagazin.de\/dahme-heideseen\/die-hohle-linde-in-prieros\/","og_locale":"de_DE","og_type":"article","og_title":"Die hohle Linde in Prieros - Naturpark Dahme-Heideseen","og_description":"Der Grafikerin Inka Lumer gestaltet mit ihren Baumbildern die Kalenderbl\u00e4tter des JahreBuch 2017. Als kleine Serie durch das Jahr stellen wir Ihnen die Kalendermotive hier vor. Heute: Die denkmalw\u00fcrdige hohle Linde in Prieros.","og_url":"https:\/\/www.naturparkmagazin.de\/dahme-heideseen\/die-hohle-linde-in-prieros\/","og_site_name":"Naturpark Dahme-Heideseen","article_published_time":"2016-12-20T16:57:06+00:00","article_modified_time":"2016-12-21T08:41:09+00:00","og_image":[{"width":465,"height":640,"url":"https:\/\/www.naturparkmagazin.de\/dahme-heideseen\/wp-content\/uploads\/sites\/37\/npdh_Linde_Prieros_Inka_Lumer.jpg","type":"image\/jpeg"}],"author":"hanssonnenberg","twitter_misc":{"Verfasst von":"hanssonnenberg","Gesch\u00e4tzte Lesezeit":"1\u00a0Minute"},"schema":{"@context":"https:\/\/schema.org","@graph":[{"@type":"WebPage","@id":"https:\/\/www.naturparkmagazin.de\/dahme-heideseen\/die-hohle-linde-in-prieros\/","url":"https:\/\/www.naturparkmagazin.de\/dahme-heideseen\/die-hohle-linde-in-prieros\/","name":"Die hohle Linde in Prieros - Naturpark Dahme-Heideseen","isPartOf":{"@id":"https:\/\/www.naturparkmagazin.de\/dahme-heideseen\/#website"},"datePublished":"2016-12-20T16:57:06+00:00","dateModified":"2016-12-21T08:41:09+00:00","author":{"@id":"https:\/\/www.naturparkmagazin.de\/dahme-heideseen\/#\/schema\/person\/c81c96c3a1f5ee7bffff8b8022c105f0"},"breadcrumb":{"@id":"https:\/\/www.naturparkmagazin.de\/dahme-heideseen\/die-hohle-linde-in-prieros\/#breadcrumb"},"inLanguage":"de","potentialAction":[{"@type":"ReadAction","target":["https:\/\/www.naturparkmagazin.de\/dahme-heideseen\/die-hohle-linde-in-prieros\/"]}]},{"@type":"BreadcrumbList","@id":"https:\/\/www.naturparkmagazin.de\/dahme-heideseen\/die-hohle-linde-in-prieros\/#breadcrumb","itemListElement":[{"@type":"ListItem","position":1,"name":"Home","item":"https:\/\/www.naturparkmagazin.de\/dahme-heideseen\/"},{"@type":"ListItem","position":2,"name":"Die hohle Linde in Prieros"}]},{"@type":"WebSite","@id":"https:\/\/www.naturparkmagazin.de\/dahme-heideseen\/#website","url":"https:\/\/www.naturparkmagazin.de\/dahme-heideseen\/","name":"Naturpark Dahme-Heideseen","description":"","potentialAction":[{"@type":"SearchAction","target":{"@type":"EntryPoint","urlTemplate":"https:\/\/www.naturparkmagazin.de\/dahme-heideseen\/?s={search_term_string}"},"query-input":"required name=search_term_string"}],"inLanguage":"de"},{"@type":"Person","@id":"https:\/\/www.naturparkmagazin.de\/dahme-heideseen\/#\/schema\/person\/c81c96c3a1f5ee7bffff8b8022c105f0","name":"hanssonnenberg","url":"https:\/\/www.naturparkmagazin.de\/dahme-heideseen\/author\/hanssonnenberg\/"}]}},"_links":{"self":[{"href":"https:\/\/www.naturparkmagazin.de\/dahme-heideseen\/wp-json\/wp\/v2\/posts\/1786"}],"collection":[{"href":"https:\/\/www.naturparkmagazin.de\/dahme-heideseen\/wp-json\/wp\/v2\/posts"}],"about":[{"href":"https:\/\/www.naturparkmagazin.de\/dahme-heideseen\/wp-json\/wp\/v2\/types\/post"}],"author":[{"embeddable":true,"href":"https:\/\/www.naturparkmagazin.de\/dahme-heideseen\/wp-json\/wp\/v2\/users\/48"}],"replies":[{"embeddable":true,"href":"https:\/\/www.naturparkmagazin.de\/dahme-heideseen\/wp-json\/wp\/v2\/comments?post=1786"}],"version-history":[{"count":5,"href":"https:\/\/www.naturparkmagazin.de\/dahme-heideseen\/wp-json\/wp\/v2\/posts\/1786\/revisions"}],"predecessor-version":[{"id":1800,"href":"https:\/\/www.naturparkmagazin.de\/dahme-heideseen\/wp-json\/wp\/v2\/posts\/1786\/revisions\/1800"}],"wp:featuredmedia":[{"embeddable":true,"href":"https:\/\/www.naturparkmagazin.de\/dahme-heideseen\/wp-json\/wp\/v2\/media\/1787"}],"wp:attachment":[{"href":"https:\/\/www.naturparkmagazin.de\/dahme-heideseen\/wp-json\/wp\/v2\/media?parent=1786"}],"wp:term":[{"taxonomy":"category","embeddable":true,"href":"https:\/\/www.naturparkmagazin.de\/dahme-heideseen\/wp-json\/wp\/v2\/categories?post=1786"},{"taxonomy":"post_tag","embeddable":true,"href":"https:\/\/www.naturparkmagazin.de\/dahme-heideseen\/wp-json\/wp\/v2\/tags?post=1786"}],"curies":[{"name":"wp","href":"https:\/\/api.w.org\/{rel}","templated":true}]}}