{"id":1815,"date":"2017-01-16T17:49:35","date_gmt":"2017-01-16T16:49:35","guid":{"rendered":"http:\/\/www.naturparkmagazin.de\/dahme-heideseen\/?p=1815"},"modified":"2017-01-23T18:17:37","modified_gmt":"2017-01-23T17:17:37","slug":"das-gruene-wunder-unser-wald-am-19-februar-in-der-dankeskirche-halbe","status":"publish","type":"post","link":"https:\/\/www.naturparkmagazin.de\/dahme-heideseen\/das-gruene-wunder-unser-wald-am-19-februar-in-der-dankeskirche-halbe\/","title":{"rendered":"&#8222;Das gr\u00fcne Wunder &#8211; unser Wald&#8220; am 19. Februar in der Dankeskirche Halbe"},"content":{"rendered":"<p>Der F\u00f6rderverein Dankeskirche Halbe zeigt am 19. Februar 2017 um 15. Uhr im Gemeindesaal den Film &#8222;&#8220;Das gr\u00fcne Wunder &#8211; unser Wald&#8220;<!--more--><\/p>\n<p>Dankeskirche Halbe, Gemeindesaal\nKirchstra\u00dfe 7\n15757 Halbe<\/p>\n<p>&nbsp;<\/p>\n<p>W\u00e4hrend einer Drehzeit von insgesamt sechs Jahren waren international vielfach pr\u00e4mierte Kameram\u00e4nner Motiven auf der Spur, die im Wald besonders schwer zu filmen sind: Verhaltenssequenzen der Waldtiere und packende Lichtstimmungen. Zum Einsatz kamen neueste Filmtechniken, extreme Zeitlupen der neuesten Generation sowie bewegte und bewegende Zeitraffer zu allen Tages und Nachtzeiten.<\/p>\n<p>Regisseur Jan Haft stellt in diesem Film auch die Frage: Was ist ein guter Wald? Ist er ein dichtes, allumspannendes Blattwerk, so wie es noch die alten R\u00f6mer von Germanien berichteten? Tats\u00e4chlich enth\u00fcllt der Film ein sehr viel differenzierteres Bild vom Wald und nimmt den Zuschauer am Ende auf eine Zeitreise bis vor die letzte Eiszeit mit. Darin sieht man den wirklichen Urwald, so wie er in unseren Breiten ohne den Einfluss des Menschen wuchs.<\/p>\n<p>Dazu gibt es Kaffee und selbstgebackenen Kuchen. Der Eintritt ist frei. Um eine Spende f\u00fcr die weitere Sanierung der Dankeskirche wird gebeten.\nVeranstalter<\/p>\n<p><strong>F\u00f6rderverein Dankeskirche Halbe e. V.<\/strong><\/p>\n<p>+49 (0)33765 84962<\/p>\n<p><a href=\"http:\/\/www.dahme-heideseen-naturpark.de\/service\/kontakt\/?tx_snmlugv_pi6%5Bcontact%5D=3537&amp;tx_snmlugv_pi6%5Bdate%5D=1\">eckart.koethe@freizeitheim-halbe.de<\/a><\/p>\n<p><a href=\"http:\/\/www.dankeskirche-halbe.de\/\" target=\"_blank\">www.dankeskirche-halbe.de<\/a><\/p>\n<p>&nbsp;<\/p>\n<p>&nbsp;<\/p>\n","protected":false},"excerpt":{"rendered":"<p>Der F\u00f6rderverein Dankeskirche Halbe zeigt am 19. Februar 2017 um 15. Uhr im Gemeindesaal den Film &#8222;&#8220;Das gr\u00fcne Wunder &#8211; unser Wald&#8220;<\/p>\n","protected":false},"author":48,"featured_media":1816,"comment_status":"open","ping_status":"open","sticky":false,"template":"","format":"standard","meta":[],"categories":[11],"tags":[],"yoast_head":"<!-- This site is optimized with the Yoast SEO plugin v19.10 - https:\/\/yoast.com\/wordpress\/plugins\/seo\/ -->\n<title>&quot;Das gr\u00fcne Wunder - unser Wald&quot; am 19. Februar in der Dankeskirche Halbe - Naturpark Dahme-Heideseen<\/title>\n<meta name=\"robots\" content=\"index, follow, max-snippet:-1, max-image-preview:large, max-video-preview:-1\" \/>\n<link rel=\"canonical\" href=\"https:\/\/www.naturparkmagazin.de\/dahme-heideseen\/das-gruene-wunder-unser-wald-am-19-februar-in-der-dankeskirche-halbe\/\" \/>\n<meta property=\"og:locale\" content=\"de_DE\" \/>\n<meta property=\"og:type\" content=\"article\" \/>\n<meta property=\"og:title\" content=\"&quot;Das gr\u00fcne Wunder - unser Wald&quot; am 19. Februar in der Dankeskirche Halbe - Naturpark Dahme-Heideseen\" \/>\n<meta property=\"og:description\" content=\"Der F\u00f6rderverein Dankeskirche Halbe zeigt am 19. Februar 2017 um 15. Uhr im Gemeindesaal den Film &#8222;&#8220;Das gr\u00fcne Wunder &#8211; unser Wald&#8220;\" \/>\n<meta property=\"og:url\" content=\"https:\/\/www.naturparkmagazin.de\/dahme-heideseen\/das-gruene-wunder-unser-wald-am-19-februar-in-der-dankeskirche-halbe\/\" \/>\n<meta property=\"og:site_name\" content=\"Naturpark Dahme-Heideseen\" \/>\n<meta property=\"article:published_time\" content=\"2017-01-16T16:49:35+00:00\" \/>\n<meta property=\"article:modified_time\" content=\"2017-01-23T17:17:37+00:00\" \/>\n<meta property=\"og:image\" content=\"https:\/\/www.naturparkmagazin.de\/dahme-heideseen\/wp-content\/uploads\/sites\/37\/wald_hans_sonnenberg.jpg\" \/>\n\t<meta property=\"og:image:width\" content=\"1000\" \/>\n\t<meta property=\"og:image:height\" content=\"670\" \/>\n\t<meta property=\"og:image:type\" content=\"image\/jpeg\" \/>\n<meta name=\"author\" content=\"hanssonnenberg\" \/>\n<meta name=\"twitter:label1\" content=\"Verfasst von\" \/>\n\t<meta name=\"twitter:data1\" content=\"hanssonnenberg\" \/>\n\t<meta name=\"twitter:label2\" content=\"Gesch\u00e4tzte Lesezeit\" \/>\n\t<meta name=\"twitter:data2\" content=\"1\u00a0Minute\" \/>\n<script type=\"application\/ld+json\" class=\"yoast-schema-graph\">{\"@context\":\"https:\/\/schema.org\",\"@graph\":[{\"@type\":\"WebPage\",\"@id\":\"https:\/\/www.naturparkmagazin.de\/dahme-heideseen\/das-gruene-wunder-unser-wald-am-19-februar-in-der-dankeskirche-halbe\/\",\"url\":\"https:\/\/www.naturparkmagazin.de\/dahme-heideseen\/das-gruene-wunder-unser-wald-am-19-februar-in-der-dankeskirche-halbe\/\",\"name\":\"\\\"Das gr\u00fcne Wunder - unser Wald\\\" am 19. Februar in der Dankeskirche Halbe - Naturpark Dahme-Heideseen\",\"isPartOf\":{\"@id\":\"https:\/\/www.naturparkmagazin.de\/dahme-heideseen\/#website\"},\"datePublished\":\"2017-01-16T16:49:35+00:00\",\"dateModified\":\"2017-01-23T17:17:37+00:00\",\"author\":{\"@id\":\"https:\/\/www.naturparkmagazin.de\/dahme-heideseen\/#\/schema\/person\/c81c96c3a1f5ee7bffff8b8022c105f0\"},\"breadcrumb\":{\"@id\":\"https:\/\/www.naturparkmagazin.de\/dahme-heideseen\/das-gruene-wunder-unser-wald-am-19-februar-in-der-dankeskirche-halbe\/#breadcrumb\"},\"inLanguage\":\"de\",\"potentialAction\":[{\"@type\":\"ReadAction\",\"target\":[\"https:\/\/www.naturparkmagazin.de\/dahme-heideseen\/das-gruene-wunder-unser-wald-am-19-februar-in-der-dankeskirche-halbe\/\"]}]},{\"@type\":\"BreadcrumbList\",\"@id\":\"https:\/\/www.naturparkmagazin.de\/dahme-heideseen\/das-gruene-wunder-unser-wald-am-19-februar-in-der-dankeskirche-halbe\/#breadcrumb\",\"itemListElement\":[{\"@type\":\"ListItem\",\"position\":1,\"name\":\"Home\",\"item\":\"https:\/\/www.naturparkmagazin.de\/dahme-heideseen\/\"},{\"@type\":\"ListItem\",\"position\":2,\"name\":\"&#8222;Das gr\u00fcne Wunder &#8211; unser Wald&#8220; am 19. Februar in der Dankeskirche Halbe\"}]},{\"@type\":\"WebSite\",\"@id\":\"https:\/\/www.naturparkmagazin.de\/dahme-heideseen\/#website\",\"url\":\"https:\/\/www.naturparkmagazin.de\/dahme-heideseen\/\",\"name\":\"Naturpark Dahme-Heideseen\",\"description\":\"\",\"potentialAction\":[{\"@type\":\"SearchAction\",\"target\":{\"@type\":\"EntryPoint\",\"urlTemplate\":\"https:\/\/www.naturparkmagazin.de\/dahme-heideseen\/?s={search_term_string}\"},\"query-input\":\"required name=search_term_string\"}],\"inLanguage\":\"de\"},{\"@type\":\"Person\",\"@id\":\"https:\/\/www.naturparkmagazin.de\/dahme-heideseen\/#\/schema\/person\/c81c96c3a1f5ee7bffff8b8022c105f0\",\"name\":\"hanssonnenberg\",\"url\":\"https:\/\/www.naturparkmagazin.de\/dahme-heideseen\/author\/hanssonnenberg\/\"}]}<\/script>\n<!-- \/ Yoast SEO plugin. -->","yoast_head_json":{"title":"\"Das gr\u00fcne Wunder - unser Wald\" am 19. Februar in der Dankeskirche Halbe - Naturpark Dahme-Heideseen","robots":{"index":"index","follow":"follow","max-snippet":"max-snippet:-1","max-image-preview":"max-image-preview:large","max-video-preview":"max-video-preview:-1"},"canonical":"https:\/\/www.naturparkmagazin.de\/dahme-heideseen\/das-gruene-wunder-unser-wald-am-19-februar-in-der-dankeskirche-halbe\/","og_locale":"de_DE","og_type":"article","og_title":"\"Das gr\u00fcne Wunder - unser Wald\" am 19. Februar in der Dankeskirche Halbe - Naturpark Dahme-Heideseen","og_description":"Der F\u00f6rderverein Dankeskirche Halbe zeigt am 19. Februar 2017 um 15. Uhr im Gemeindesaal den Film &#8222;&#8220;Das gr\u00fcne Wunder &#8211; unser Wald&#8220;","og_url":"https:\/\/www.naturparkmagazin.de\/dahme-heideseen\/das-gruene-wunder-unser-wald-am-19-februar-in-der-dankeskirche-halbe\/","og_site_name":"Naturpark Dahme-Heideseen","article_published_time":"2017-01-16T16:49:35+00:00","article_modified_time":"2017-01-23T17:17:37+00:00","og_image":[{"width":1000,"height":670,"url":"https:\/\/www.naturparkmagazin.de\/dahme-heideseen\/wp-content\/uploads\/sites\/37\/wald_hans_sonnenberg.jpg","type":"image\/jpeg"}],"author":"hanssonnenberg","twitter_misc":{"Verfasst von":"hanssonnenberg","Gesch\u00e4tzte Lesezeit":"1\u00a0Minute"},"schema":{"@context":"https:\/\/schema.org","@graph":[{"@type":"WebPage","@id":"https:\/\/www.naturparkmagazin.de\/dahme-heideseen\/das-gruene-wunder-unser-wald-am-19-februar-in-der-dankeskirche-halbe\/","url":"https:\/\/www.naturparkmagazin.de\/dahme-heideseen\/das-gruene-wunder-unser-wald-am-19-februar-in-der-dankeskirche-halbe\/","name":"\"Das gr\u00fcne Wunder - unser Wald\" am 19. Februar in der Dankeskirche Halbe - Naturpark Dahme-Heideseen","isPartOf":{"@id":"https:\/\/www.naturparkmagazin.de\/dahme-heideseen\/#website"},"datePublished":"2017-01-16T16:49:35+00:00","dateModified":"2017-01-23T17:17:37+00:00","author":{"@id":"https:\/\/www.naturparkmagazin.de\/dahme-heideseen\/#\/schema\/person\/c81c96c3a1f5ee7bffff8b8022c105f0"},"breadcrumb":{"@id":"https:\/\/www.naturparkmagazin.de\/dahme-heideseen\/das-gruene-wunder-unser-wald-am-19-februar-in-der-dankeskirche-halbe\/#breadcrumb"},"inLanguage":"de","potentialAction":[{"@type":"ReadAction","target":["https:\/\/www.naturparkmagazin.de\/dahme-heideseen\/das-gruene-wunder-unser-wald-am-19-februar-in-der-dankeskirche-halbe\/"]}]},{"@type":"BreadcrumbList","@id":"https:\/\/www.naturparkmagazin.de\/dahme-heideseen\/das-gruene-wunder-unser-wald-am-19-februar-in-der-dankeskirche-halbe\/#breadcrumb","itemListElement":[{"@type":"ListItem","position":1,"name":"Home","item":"https:\/\/www.naturparkmagazin.de\/dahme-heideseen\/"},{"@type":"ListItem","position":2,"name":"&#8222;Das gr\u00fcne Wunder &#8211; unser Wald&#8220; am 19. Februar in der Dankeskirche Halbe"}]},{"@type":"WebSite","@id":"https:\/\/www.naturparkmagazin.de\/dahme-heideseen\/#website","url":"https:\/\/www.naturparkmagazin.de\/dahme-heideseen\/","name":"Naturpark Dahme-Heideseen","description":"","potentialAction":[{"@type":"SearchAction","target":{"@type":"EntryPoint","urlTemplate":"https:\/\/www.naturparkmagazin.de\/dahme-heideseen\/?s={search_term_string}"},"query-input":"required name=search_term_string"}],"inLanguage":"de"},{"@type":"Person","@id":"https:\/\/www.naturparkmagazin.de\/dahme-heideseen\/#\/schema\/person\/c81c96c3a1f5ee7bffff8b8022c105f0","name":"hanssonnenberg","url":"https:\/\/www.naturparkmagazin.de\/dahme-heideseen\/author\/hanssonnenberg\/"}]}},"_links":{"self":[{"href":"https:\/\/www.naturparkmagazin.de\/dahme-heideseen\/wp-json\/wp\/v2\/posts\/1815"}],"collection":[{"href":"https:\/\/www.naturparkmagazin.de\/dahme-heideseen\/wp-json\/wp\/v2\/posts"}],"about":[{"href":"https:\/\/www.naturparkmagazin.de\/dahme-heideseen\/wp-json\/wp\/v2\/types\/post"}],"author":[{"embeddable":true,"href":"https:\/\/www.naturparkmagazin.de\/dahme-heideseen\/wp-json\/wp\/v2\/users\/48"}],"replies":[{"embeddable":true,"href":"https:\/\/www.naturparkmagazin.de\/dahme-heideseen\/wp-json\/wp\/v2\/comments?post=1815"}],"version-history":[{"count":2,"href":"https:\/\/www.naturparkmagazin.de\/dahme-heideseen\/wp-json\/wp\/v2\/posts\/1815\/revisions"}],"predecessor-version":[{"id":1826,"href":"https:\/\/www.naturparkmagazin.de\/dahme-heideseen\/wp-json\/wp\/v2\/posts\/1815\/revisions\/1826"}],"wp:featuredmedia":[{"embeddable":true,"href":"https:\/\/www.naturparkmagazin.de\/dahme-heideseen\/wp-json\/wp\/v2\/media\/1816"}],"wp:attachment":[{"href":"https:\/\/www.naturparkmagazin.de\/dahme-heideseen\/wp-json\/wp\/v2\/media?parent=1815"}],"wp:term":[{"taxonomy":"category","embeddable":true,"href":"https:\/\/www.naturparkmagazin.de\/dahme-heideseen\/wp-json\/wp\/v2\/categories?post=1815"},{"taxonomy":"post_tag","embeddable":true,"href":"https:\/\/www.naturparkmagazin.de\/dahme-heideseen\/wp-json\/wp\/v2\/tags?post=1815"}],"curies":[{"name":"wp","href":"https:\/\/api.w.org\/{rel}","templated":true}]}}