{"id":1838,"date":"2017-02-15T21:24:34","date_gmt":"2017-02-15T20:24:34","guid":{"rendered":"http:\/\/www.naturparkmagazin.de\/dahme-heideseen\/?p=1838"},"modified":"2017-02-15T14:54:25","modified_gmt":"2017-02-15T13:54:25","slug":"aepfel-und-konsorten-auf-der-gruenen-woche","status":"publish","type":"post","link":"https:\/\/www.naturparkmagazin.de\/dahme-heideseen\/aepfel-und-konsorten-auf-der-gruenen-woche\/","title":{"rendered":"\u00c4pfel und Konsorten auf der Gr\u00fcnen Woche"},"content":{"rendered":"<p>Der Naturpark Dahme-Heideseen war mit dem Besucherzentrum sowie dem Verein &#8222;\u00c4pfel und Konsorten&#8220; auf der Gr\u00fcnen Woche vetreten.<!--more--><\/p>\n<p>Am Stand der Brandenburger Naturlandschaften ging es am letzten \u00d6ffnungstag der Gr\u00fcnen Woche 2017 neben Angeboten aus dem Naturpark Dahme-Heideseen auch um alte Apfelsorten. Partner war hier der gemeinn\u00fctzige Verein &#8222;\u00c4pfel und Konsorten Streuobstwiesen und &#8211; \u00e4cker e.V.&#8220; sowie das Besucherinformationszentrum der Burg Storkow. Der Naturpark Dahme-Heideseen, eine Streusandb\u00fcchse voller Edelsteine, bietet mit seinen \u00fcber einhundert Seen das perfekte Naherholungsgebiet f\u00fcr das nur etwa 30 Kilometer entfernte Berlin. Aber auch Touristen aus ganz Deutschland und anderen L\u00e4ndern finden hier besinnliche Stille und M\u00f6glichkeiten f\u00fcr sportliche Erholung mit Rad und Paddelboot oder auch zu Fu\u00df.<\/p>\n<p><a href=\"https:\/\/www.naturparkmagazin.de\/dahme-heideseen\/wp-content\/uploads\/sites\/37\/npdh_aepfelundkonsortenbernd_schock_01_gr.jpg\"><img decoding=\"async\" loading=\"lazy\" class=\"aligncenter size-medium wp-image-1839\" src=\"https:\/\/www.naturparkmagazin.de\/dahme-heideseen\/wp-content\/uploads\/sites\/37\/npdh_aepfelundkonsortenbernd_schock_01_gr-620x413.jpg\" alt=\"npdh_aepfelundkonsortenbernd_schock_01_gr\" width=\"620\" height=\"413\" srcset=\"https:\/\/www.naturparkmagazin.de\/dahme-heideseen\/wp-content\/uploads\/sites\/37\/npdh_aepfelundkonsortenbernd_schock_01_gr-620x413.jpg 620w, https:\/\/www.naturparkmagazin.de\/dahme-heideseen\/wp-content\/uploads\/sites\/37\/npdh_aepfelundkonsortenbernd_schock_01_gr-300x200.jpg 300w, https:\/\/www.naturparkmagazin.de\/dahme-heideseen\/wp-content\/uploads\/sites\/37\/npdh_aepfelundkonsortenbernd_schock_01_gr-940x627.jpg 940w, https:\/\/www.naturparkmagazin.de\/dahme-heideseen\/wp-content\/uploads\/sites\/37\/npdh_aepfelundkonsortenbernd_schock_01_gr-670x447.jpg 670w, https:\/\/www.naturparkmagazin.de\/dahme-heideseen\/wp-content\/uploads\/sites\/37\/npdh_aepfelundkonsortenbernd_schock_01_gr-200x133.jpg 200w, https:\/\/www.naturparkmagazin.de\/dahme-heideseen\/wp-content\/uploads\/sites\/37\/npdh_aepfelundkonsortenbernd_schock_01_gr.jpg 1300w\" sizes=\"(max-width: 620px) 100vw, 620px\" \/><\/a><\/p>\n<p><a class=\"external-link-new-window\" title=\"Opens external link in new window\" href=\"http:\/\/www.aepfelundkonsorten.org\/\" target=\"_blank\">Apfel und Konsorten<\/a><\/p>\n<p><a class=\"external-link-new-window\" title=\"Opens external link in new window\" href=\"https:\/\/www.storkow-mark.de\/seite\/277879\/biz-besucherinfozentrum.html\" target=\"_blank\">BIZ Burg Storkow<\/a><\/p>\n<p><a class=\"external-link-new-window\" title=\"Opens external link in new window\" href=\"http:\/\/www.mlul.brandenburg.de\/cms\/detail.php\/bb1.c.477142.de\" target=\"_blank\">Presseinfo Finale und Ausblick in der Brandenburg-Halle<\/a><\/p>\n<p>&nbsp;<\/p>\n","protected":false},"excerpt":{"rendered":"<p>Der Naturpark Dahme-Heideseen war mit dem Besucherzentrum sowie dem Verein &#8222;\u00c4pfel und Konsorten&#8220; auf der Gr\u00fcnen Woche vetreten.<\/p>\n","protected":false},"author":48,"featured_media":1839,"comment_status":"open","ping_status":"open","sticky":false,"template":"","format":"standard","meta":[],"categories":[7],"tags":[],"yoast_head":"<!-- This site is optimized with the Yoast SEO plugin v19.10 - https:\/\/yoast.com\/wordpress\/plugins\/seo\/ -->\n<title>\u00c4pfel und Konsorten auf der Gr\u00fcnen Woche - Naturpark Dahme-Heideseen<\/title>\n<meta name=\"robots\" content=\"index, follow, max-snippet:-1, max-image-preview:large, max-video-preview:-1\" \/>\n<link rel=\"canonical\" href=\"https:\/\/www.naturparkmagazin.de\/dahme-heideseen\/aepfel-und-konsorten-auf-der-gruenen-woche\/\" \/>\n<meta property=\"og:locale\" content=\"de_DE\" \/>\n<meta property=\"og:type\" content=\"article\" \/>\n<meta property=\"og:title\" content=\"\u00c4pfel und Konsorten auf der Gr\u00fcnen Woche - Naturpark Dahme-Heideseen\" \/>\n<meta property=\"og:description\" content=\"Der Naturpark Dahme-Heideseen war mit dem Besucherzentrum sowie dem Verein &#8222;\u00c4pfel und Konsorten&#8220; auf der Gr\u00fcnen Woche vetreten.\" \/>\n<meta property=\"og:url\" content=\"https:\/\/www.naturparkmagazin.de\/dahme-heideseen\/aepfel-und-konsorten-auf-der-gruenen-woche\/\" \/>\n<meta property=\"og:site_name\" content=\"Naturpark Dahme-Heideseen\" \/>\n<meta property=\"article:published_time\" content=\"2017-02-15T20:24:34+00:00\" \/>\n<meta property=\"article:modified_time\" content=\"2017-02-15T13:54:25+00:00\" \/>\n<meta property=\"og:image\" content=\"https:\/\/www.naturparkmagazin.de\/dahme-heideseen\/wp-content\/uploads\/sites\/37\/npdh_aepfelundkonsortenbernd_schock_01_gr.jpg\" \/>\n\t<meta property=\"og:image:width\" content=\"1300\" \/>\n\t<meta property=\"og:image:height\" content=\"867\" \/>\n\t<meta property=\"og:image:type\" content=\"image\/jpeg\" \/>\n<meta name=\"author\" content=\"hanssonnenberg\" \/>\n<meta name=\"twitter:label1\" content=\"Verfasst von\" \/>\n\t<meta name=\"twitter:data1\" content=\"hanssonnenberg\" \/>\n\t<meta name=\"twitter:label2\" content=\"Gesch\u00e4tzte Lesezeit\" \/>\n\t<meta name=\"twitter:data2\" content=\"1\u00a0Minute\" \/>\n<script type=\"application\/ld+json\" class=\"yoast-schema-graph\">{\"@context\":\"https:\/\/schema.org\",\"@graph\":[{\"@type\":\"WebPage\",\"@id\":\"https:\/\/www.naturparkmagazin.de\/dahme-heideseen\/aepfel-und-konsorten-auf-der-gruenen-woche\/\",\"url\":\"https:\/\/www.naturparkmagazin.de\/dahme-heideseen\/aepfel-und-konsorten-auf-der-gruenen-woche\/\",\"name\":\"\u00c4pfel und Konsorten auf der Gr\u00fcnen Woche - Naturpark Dahme-Heideseen\",\"isPartOf\":{\"@id\":\"https:\/\/www.naturparkmagazin.de\/dahme-heideseen\/#website\"},\"datePublished\":\"2017-02-15T20:24:34+00:00\",\"dateModified\":\"2017-02-15T13:54:25+00:00\",\"author\":{\"@id\":\"https:\/\/www.naturparkmagazin.de\/dahme-heideseen\/#\/schema\/person\/c81c96c3a1f5ee7bffff8b8022c105f0\"},\"breadcrumb\":{\"@id\":\"https:\/\/www.naturparkmagazin.de\/dahme-heideseen\/aepfel-und-konsorten-auf-der-gruenen-woche\/#breadcrumb\"},\"inLanguage\":\"de\",\"potentialAction\":[{\"@type\":\"ReadAction\",\"target\":[\"https:\/\/www.naturparkmagazin.de\/dahme-heideseen\/aepfel-und-konsorten-auf-der-gruenen-woche\/\"]}]},{\"@type\":\"BreadcrumbList\",\"@id\":\"https:\/\/www.naturparkmagazin.de\/dahme-heideseen\/aepfel-und-konsorten-auf-der-gruenen-woche\/#breadcrumb\",\"itemListElement\":[{\"@type\":\"ListItem\",\"position\":1,\"name\":\"Home\",\"item\":\"https:\/\/www.naturparkmagazin.de\/dahme-heideseen\/\"},{\"@type\":\"ListItem\",\"position\":2,\"name\":\"\u00c4pfel und Konsorten auf der Gr\u00fcnen Woche\"}]},{\"@type\":\"WebSite\",\"@id\":\"https:\/\/www.naturparkmagazin.de\/dahme-heideseen\/#website\",\"url\":\"https:\/\/www.naturparkmagazin.de\/dahme-heideseen\/\",\"name\":\"Naturpark Dahme-Heideseen\",\"description\":\"\",\"potentialAction\":[{\"@type\":\"SearchAction\",\"target\":{\"@type\":\"EntryPoint\",\"urlTemplate\":\"https:\/\/www.naturparkmagazin.de\/dahme-heideseen\/?s={search_term_string}\"},\"query-input\":\"required name=search_term_string\"}],\"inLanguage\":\"de\"},{\"@type\":\"Person\",\"@id\":\"https:\/\/www.naturparkmagazin.de\/dahme-heideseen\/#\/schema\/person\/c81c96c3a1f5ee7bffff8b8022c105f0\",\"name\":\"hanssonnenberg\",\"url\":\"https:\/\/www.naturparkmagazin.de\/dahme-heideseen\/author\/hanssonnenberg\/\"}]}<\/script>\n<!-- \/ Yoast SEO plugin. -->","yoast_head_json":{"title":"\u00c4pfel und Konsorten auf der Gr\u00fcnen Woche - Naturpark Dahme-Heideseen","robots":{"index":"index","follow":"follow","max-snippet":"max-snippet:-1","max-image-preview":"max-image-preview:large","max-video-preview":"max-video-preview:-1"},"canonical":"https:\/\/www.naturparkmagazin.de\/dahme-heideseen\/aepfel-und-konsorten-auf-der-gruenen-woche\/","og_locale":"de_DE","og_type":"article","og_title":"\u00c4pfel und Konsorten auf der Gr\u00fcnen Woche - Naturpark Dahme-Heideseen","og_description":"Der Naturpark Dahme-Heideseen war mit dem Besucherzentrum sowie dem Verein &#8222;\u00c4pfel und Konsorten&#8220; auf der Gr\u00fcnen Woche vetreten.","og_url":"https:\/\/www.naturparkmagazin.de\/dahme-heideseen\/aepfel-und-konsorten-auf-der-gruenen-woche\/","og_site_name":"Naturpark Dahme-Heideseen","article_published_time":"2017-02-15T20:24:34+00:00","article_modified_time":"2017-02-15T13:54:25+00:00","og_image":[{"width":1300,"height":867,"url":"https:\/\/www.naturparkmagazin.de\/dahme-heideseen\/wp-content\/uploads\/sites\/37\/npdh_aepfelundkonsortenbernd_schock_01_gr.jpg","type":"image\/jpeg"}],"author":"hanssonnenberg","twitter_misc":{"Verfasst von":"hanssonnenberg","Gesch\u00e4tzte Lesezeit":"1\u00a0Minute"},"schema":{"@context":"https:\/\/schema.org","@graph":[{"@type":"WebPage","@id":"https:\/\/www.naturparkmagazin.de\/dahme-heideseen\/aepfel-und-konsorten-auf-der-gruenen-woche\/","url":"https:\/\/www.naturparkmagazin.de\/dahme-heideseen\/aepfel-und-konsorten-auf-der-gruenen-woche\/","name":"\u00c4pfel und Konsorten auf der Gr\u00fcnen Woche - Naturpark Dahme-Heideseen","isPartOf":{"@id":"https:\/\/www.naturparkmagazin.de\/dahme-heideseen\/#website"},"datePublished":"2017-02-15T20:24:34+00:00","dateModified":"2017-02-15T13:54:25+00:00","author":{"@id":"https:\/\/www.naturparkmagazin.de\/dahme-heideseen\/#\/schema\/person\/c81c96c3a1f5ee7bffff8b8022c105f0"},"breadcrumb":{"@id":"https:\/\/www.naturparkmagazin.de\/dahme-heideseen\/aepfel-und-konsorten-auf-der-gruenen-woche\/#breadcrumb"},"inLanguage":"de","potentialAction":[{"@type":"ReadAction","target":["https:\/\/www.naturparkmagazin.de\/dahme-heideseen\/aepfel-und-konsorten-auf-der-gruenen-woche\/"]}]},{"@type":"BreadcrumbList","@id":"https:\/\/www.naturparkmagazin.de\/dahme-heideseen\/aepfel-und-konsorten-auf-der-gruenen-woche\/#breadcrumb","itemListElement":[{"@type":"ListItem","position":1,"name":"Home","item":"https:\/\/www.naturparkmagazin.de\/dahme-heideseen\/"},{"@type":"ListItem","position":2,"name":"\u00c4pfel und Konsorten auf der Gr\u00fcnen Woche"}]},{"@type":"WebSite","@id":"https:\/\/www.naturparkmagazin.de\/dahme-heideseen\/#website","url":"https:\/\/www.naturparkmagazin.de\/dahme-heideseen\/","name":"Naturpark Dahme-Heideseen","description":"","potentialAction":[{"@type":"SearchAction","target":{"@type":"EntryPoint","urlTemplate":"https:\/\/www.naturparkmagazin.de\/dahme-heideseen\/?s={search_term_string}"},"query-input":"required name=search_term_string"}],"inLanguage":"de"},{"@type":"Person","@id":"https:\/\/www.naturparkmagazin.de\/dahme-heideseen\/#\/schema\/person\/c81c96c3a1f5ee7bffff8b8022c105f0","name":"hanssonnenberg","url":"https:\/\/www.naturparkmagazin.de\/dahme-heideseen\/author\/hanssonnenberg\/"}]}},"_links":{"self":[{"href":"https:\/\/www.naturparkmagazin.de\/dahme-heideseen\/wp-json\/wp\/v2\/posts\/1838"}],"collection":[{"href":"https:\/\/www.naturparkmagazin.de\/dahme-heideseen\/wp-json\/wp\/v2\/posts"}],"about":[{"href":"https:\/\/www.naturparkmagazin.de\/dahme-heideseen\/wp-json\/wp\/v2\/types\/post"}],"author":[{"embeddable":true,"href":"https:\/\/www.naturparkmagazin.de\/dahme-heideseen\/wp-json\/wp\/v2\/users\/48"}],"replies":[{"embeddable":true,"href":"https:\/\/www.naturparkmagazin.de\/dahme-heideseen\/wp-json\/wp\/v2\/comments?post=1838"}],"version-history":[{"count":3,"href":"https:\/\/www.naturparkmagazin.de\/dahme-heideseen\/wp-json\/wp\/v2\/posts\/1838\/revisions"}],"predecessor-version":[{"id":1871,"href":"https:\/\/www.naturparkmagazin.de\/dahme-heideseen\/wp-json\/wp\/v2\/posts\/1838\/revisions\/1871"}],"wp:featuredmedia":[{"embeddable":true,"href":"https:\/\/www.naturparkmagazin.de\/dahme-heideseen\/wp-json\/wp\/v2\/media\/1839"}],"wp:attachment":[{"href":"https:\/\/www.naturparkmagazin.de\/dahme-heideseen\/wp-json\/wp\/v2\/media?parent=1838"}],"wp:term":[{"taxonomy":"category","embeddable":true,"href":"https:\/\/www.naturparkmagazin.de\/dahme-heideseen\/wp-json\/wp\/v2\/categories?post=1838"},{"taxonomy":"post_tag","embeddable":true,"href":"https:\/\/www.naturparkmagazin.de\/dahme-heideseen\/wp-json\/wp\/v2\/tags?post=1838"}],"curies":[{"name":"wp","href":"https:\/\/api.w.org\/{rel}","templated":true}]}}