{"id":1846,"date":"2017-02-14T10:01:12","date_gmt":"2017-02-14T09:01:12","guid":{"rendered":"http:\/\/www.naturparkmagazin.de\/dahme-heideseen\/?p=1846"},"modified":"2017-02-21T12:57:43","modified_gmt":"2017-02-21T11:57:43","slug":"zarter-fruehling-unter-den-sommerlinden-in-lindenberg","status":"publish","type":"post","link":"https:\/\/www.naturparkmagazin.de\/dahme-heideseen\/zarter-fruehling-unter-den-sommerlinden-in-lindenberg\/","title":{"rendered":"Zarter Fr\u00fchling unter den Sommerlinden in Lindenberg"},"content":{"rendered":"<p>Die Grafikerin Inka Lumer gestaltet mit ihren Baumbildern die Kalenderbl\u00e4tter des JahreBuch 2017. Als kleine Serie durch das Jahr stellen wir Ihnen die Kalendermotive hier vor. Heute:\u00a0 Die Sommerlinden in Lindenberg.<!--more--><\/p>\n<p>Die Kirche auf dem Friedhof wurde in denJahren 1667 bis 1669 durch den Kurbrandenburgischen Hofkammerpr\u00e4sidenten Raban von Canstein erbaut. Er lie\u00df auch den angrenzenden Park im fr\u00fchbarocken Stil anlegen. In dem denkmalgesch\u00fctzten Park finden sich weitere bemerkenswerte B\u00e4ume. Der ganze Park ist im Fr\u00fchling von einemblauen Teppich (Blausternchen) bedeckt. Das ist sehr sch\u00f6n und unbedingt sehenswert!<\/p>\n<div id=\"attachment_1848\" style=\"width: 630px\" class=\"wp-caption aligncenter\"><a href=\"https:\/\/www.naturparkmagazin.de\/dahme-heideseen\/wp-content\/uploads\/sites\/37\/npdh_lindenberg_linden_lumer.jpg\"><img aria-describedby=\"caption-attachment-1848\" decoding=\"async\" loading=\"lazy\" class=\"size-medium wp-image-1848\" src=\"https:\/\/www.naturparkmagazin.de\/dahme-heideseen\/wp-content\/uploads\/sites\/37\/npdh_lindenberg_linden_lumer-620x879.jpg\" alt=\"Linden in Lindenberg (Zeichnung Inka Lumer)\" width=\"620\" height=\"879\" srcset=\"https:\/\/www.naturparkmagazin.de\/dahme-heideseen\/wp-content\/uploads\/sites\/37\/npdh_lindenberg_linden_lumer-620x879.jpg 620w, https:\/\/www.naturparkmagazin.de\/dahme-heideseen\/wp-content\/uploads\/sites\/37\/npdh_lindenberg_linden_lumer-300x425.jpg 300w, https:\/\/www.naturparkmagazin.de\/dahme-heideseen\/wp-content\/uploads\/sites\/37\/npdh_lindenberg_linden_lumer-940x1332.jpg 940w, https:\/\/www.naturparkmagazin.de\/dahme-heideseen\/wp-content\/uploads\/sites\/37\/npdh_lindenberg_linden_lumer-670x950.jpg 670w, https:\/\/www.naturparkmagazin.de\/dahme-heideseen\/wp-content\/uploads\/sites\/37\/npdh_lindenberg_linden_lumer-200x283.jpg 200w, https:\/\/www.naturparkmagazin.de\/dahme-heideseen\/wp-content\/uploads\/sites\/37\/npdh_lindenberg_linden_lumer.jpg 1713w\" sizes=\"(max-width: 620px) 100vw, 620px\" \/><\/a><p id=\"caption-attachment-1848\" class=\"wp-caption-text\">Linden in Lindenberg (Zeichnung Inka Lumer)<\/p><\/div>\n<div id=\"attachment_1849\" style=\"width: 630px\" class=\"wp-caption aligncenter\"><a href=\"https:\/\/www.naturparkmagazin.de\/dahme-heideseen\/wp-content\/uploads\/sites\/37\/lindenberg_linde.jpg\"><img aria-describedby=\"caption-attachment-1849\" decoding=\"async\" loading=\"lazy\" class=\"size-medium wp-image-1849\" src=\"https:\/\/www.naturparkmagazin.de\/dahme-heideseen\/wp-content\/uploads\/sites\/37\/lindenberg_linde-620x827.jpg\" alt=\"Linden in Lindenberg (Karte ver\u00f6ffentlich mit Genehmigung Geobasisinformation Brandenburg GBG-G 1\/99)\" width=\"620\" height=\"827\" srcset=\"https:\/\/www.naturparkmagazin.de\/dahme-heideseen\/wp-content\/uploads\/sites\/37\/lindenberg_linde-620x827.jpg 620w, https:\/\/www.naturparkmagazin.de\/dahme-heideseen\/wp-content\/uploads\/sites\/37\/lindenberg_linde-300x400.jpg 300w, https:\/\/www.naturparkmagazin.de\/dahme-heideseen\/wp-content\/uploads\/sites\/37\/lindenberg_linde-940x1253.jpg 940w, https:\/\/www.naturparkmagazin.de\/dahme-heideseen\/wp-content\/uploads\/sites\/37\/lindenberg_linde-500x667.jpg 500w, https:\/\/www.naturparkmagazin.de\/dahme-heideseen\/wp-content\/uploads\/sites\/37\/lindenberg_linde-420x560.jpg 420w, https:\/\/www.naturparkmagazin.de\/dahme-heideseen\/wp-content\/uploads\/sites\/37\/lindenberg_linde-135x180.jpg 135w, https:\/\/www.naturparkmagazin.de\/dahme-heideseen\/wp-content\/uploads\/sites\/37\/lindenberg_linde-53x71.jpg 53w, https:\/\/www.naturparkmagazin.de\/dahme-heideseen\/wp-content\/uploads\/sites\/37\/lindenberg_linde-670x893.jpg 670w, https:\/\/www.naturparkmagazin.de\/dahme-heideseen\/wp-content\/uploads\/sites\/37\/lindenberg_linde-200x267.jpg 200w, https:\/\/www.naturparkmagazin.de\/dahme-heideseen\/wp-content\/uploads\/sites\/37\/lindenberg_linde.jpg 1798w\" sizes=\"(max-width: 620px) 100vw, 620px\" \/><\/a><p id=\"caption-attachment-1849\" class=\"wp-caption-text\">Linden in Lindenberg (Karte ver\u00f6ffentlich mit Genehmigung Geobasisinformation Brandenburg GBG-G 1\/99)<\/p><\/div>\n<p>&nbsp;<\/p>\n<p><strong>Illustrationen Inka Lumer: <\/strong><a href=\"http:\/\/www.traumwerker.de\" target=\"_blank\">www.traumwerker.de<\/a><\/p>\n<p>&nbsp;<\/p>\n","protected":false},"excerpt":{"rendered":"<p>Die Grafikerin Inka Lumer gestaltet mit ihren Baumbildern die Kalenderbl\u00e4tter des JahreBuch 2017. Als kleine Serie durch das Jahr stellen wir Ihnen die Kalendermotive hier vor. Heute:  Die Sommerlinden in Lindenberg.<\/p>\n","protected":false},"author":48,"featured_media":1848,"comment_status":"open","ping_status":"open","sticky":false,"template":"","format":"standard","meta":[],"categories":[7],"tags":[],"yoast_head":"<!-- This site is optimized with the Yoast SEO plugin v19.10 - https:\/\/yoast.com\/wordpress\/plugins\/seo\/ -->\n<title>Zarter Fr\u00fchling unter den Sommerlinden in Lindenberg - Naturpark Dahme-Heideseen<\/title>\n<meta name=\"robots\" content=\"index, follow, max-snippet:-1, max-image-preview:large, max-video-preview:-1\" \/>\n<link rel=\"canonical\" href=\"https:\/\/www.naturparkmagazin.de\/dahme-heideseen\/zarter-fruehling-unter-den-sommerlinden-in-lindenberg\/\" \/>\n<meta property=\"og:locale\" content=\"de_DE\" \/>\n<meta property=\"og:type\" content=\"article\" \/>\n<meta property=\"og:title\" content=\"Zarter Fr\u00fchling unter den Sommerlinden in Lindenberg - Naturpark Dahme-Heideseen\" \/>\n<meta property=\"og:description\" content=\"Die Grafikerin Inka Lumer gestaltet mit ihren Baumbildern die Kalenderbl\u00e4tter des JahreBuch 2017. Als kleine Serie durch das Jahr stellen wir Ihnen die Kalendermotive hier vor. Heute: Die Sommerlinden in Lindenberg.\" \/>\n<meta property=\"og:url\" content=\"https:\/\/www.naturparkmagazin.de\/dahme-heideseen\/zarter-fruehling-unter-den-sommerlinden-in-lindenberg\/\" \/>\n<meta property=\"og:site_name\" content=\"Naturpark Dahme-Heideseen\" \/>\n<meta property=\"article:published_time\" content=\"2017-02-14T09:01:12+00:00\" \/>\n<meta property=\"article:modified_time\" content=\"2017-02-21T11:57:43+00:00\" \/>\n<meta property=\"og:image\" content=\"https:\/\/www.naturparkmagazin.de\/dahme-heideseen\/wp-content\/uploads\/sites\/37\/npdh_lindenberg_linden_lumer.jpg\" \/>\n\t<meta property=\"og:image:width\" content=\"1713\" \/>\n\t<meta property=\"og:image:height\" content=\"2428\" \/>\n\t<meta property=\"og:image:type\" content=\"image\/jpeg\" \/>\n<meta name=\"author\" content=\"hanssonnenberg\" \/>\n<meta name=\"twitter:label1\" content=\"Verfasst von\" \/>\n\t<meta name=\"twitter:data1\" content=\"hanssonnenberg\" \/>\n\t<meta name=\"twitter:label2\" content=\"Gesch\u00e4tzte Lesezeit\" \/>\n\t<meta name=\"twitter:data2\" content=\"1\u00a0Minute\" \/>\n<script type=\"application\/ld+json\" class=\"yoast-schema-graph\">{\"@context\":\"https:\/\/schema.org\",\"@graph\":[{\"@type\":\"WebPage\",\"@id\":\"https:\/\/www.naturparkmagazin.de\/dahme-heideseen\/zarter-fruehling-unter-den-sommerlinden-in-lindenberg\/\",\"url\":\"https:\/\/www.naturparkmagazin.de\/dahme-heideseen\/zarter-fruehling-unter-den-sommerlinden-in-lindenberg\/\",\"name\":\"Zarter Fr\u00fchling unter den Sommerlinden in Lindenberg - Naturpark Dahme-Heideseen\",\"isPartOf\":{\"@id\":\"https:\/\/www.naturparkmagazin.de\/dahme-heideseen\/#website\"},\"datePublished\":\"2017-02-14T09:01:12+00:00\",\"dateModified\":\"2017-02-21T11:57:43+00:00\",\"author\":{\"@id\":\"https:\/\/www.naturparkmagazin.de\/dahme-heideseen\/#\/schema\/person\/c81c96c3a1f5ee7bffff8b8022c105f0\"},\"breadcrumb\":{\"@id\":\"https:\/\/www.naturparkmagazin.de\/dahme-heideseen\/zarter-fruehling-unter-den-sommerlinden-in-lindenberg\/#breadcrumb\"},\"inLanguage\":\"de\",\"potentialAction\":[{\"@type\":\"ReadAction\",\"target\":[\"https:\/\/www.naturparkmagazin.de\/dahme-heideseen\/zarter-fruehling-unter-den-sommerlinden-in-lindenberg\/\"]}]},{\"@type\":\"BreadcrumbList\",\"@id\":\"https:\/\/www.naturparkmagazin.de\/dahme-heideseen\/zarter-fruehling-unter-den-sommerlinden-in-lindenberg\/#breadcrumb\",\"itemListElement\":[{\"@type\":\"ListItem\",\"position\":1,\"name\":\"Home\",\"item\":\"https:\/\/www.naturparkmagazin.de\/dahme-heideseen\/\"},{\"@type\":\"ListItem\",\"position\":2,\"name\":\"Zarter Fr\u00fchling unter den Sommerlinden in Lindenberg\"}]},{\"@type\":\"WebSite\",\"@id\":\"https:\/\/www.naturparkmagazin.de\/dahme-heideseen\/#website\",\"url\":\"https:\/\/www.naturparkmagazin.de\/dahme-heideseen\/\",\"name\":\"Naturpark Dahme-Heideseen\",\"description\":\"\",\"potentialAction\":[{\"@type\":\"SearchAction\",\"target\":{\"@type\":\"EntryPoint\",\"urlTemplate\":\"https:\/\/www.naturparkmagazin.de\/dahme-heideseen\/?s={search_term_string}\"},\"query-input\":\"required name=search_term_string\"}],\"inLanguage\":\"de\"},{\"@type\":\"Person\",\"@id\":\"https:\/\/www.naturparkmagazin.de\/dahme-heideseen\/#\/schema\/person\/c81c96c3a1f5ee7bffff8b8022c105f0\",\"name\":\"hanssonnenberg\",\"url\":\"https:\/\/www.naturparkmagazin.de\/dahme-heideseen\/author\/hanssonnenberg\/\"}]}<\/script>\n<!-- \/ Yoast SEO plugin. -->","yoast_head_json":{"title":"Zarter Fr\u00fchling unter den Sommerlinden in Lindenberg - Naturpark Dahme-Heideseen","robots":{"index":"index","follow":"follow","max-snippet":"max-snippet:-1","max-image-preview":"max-image-preview:large","max-video-preview":"max-video-preview:-1"},"canonical":"https:\/\/www.naturparkmagazin.de\/dahme-heideseen\/zarter-fruehling-unter-den-sommerlinden-in-lindenberg\/","og_locale":"de_DE","og_type":"article","og_title":"Zarter Fr\u00fchling unter den Sommerlinden in Lindenberg - Naturpark Dahme-Heideseen","og_description":"Die Grafikerin Inka Lumer gestaltet mit ihren Baumbildern die Kalenderbl\u00e4tter des JahreBuch 2017. Als kleine Serie durch das Jahr stellen wir Ihnen die Kalendermotive hier vor. Heute: Die Sommerlinden in Lindenberg.","og_url":"https:\/\/www.naturparkmagazin.de\/dahme-heideseen\/zarter-fruehling-unter-den-sommerlinden-in-lindenberg\/","og_site_name":"Naturpark Dahme-Heideseen","article_published_time":"2017-02-14T09:01:12+00:00","article_modified_time":"2017-02-21T11:57:43+00:00","og_image":[{"width":1713,"height":2428,"url":"https:\/\/www.naturparkmagazin.de\/dahme-heideseen\/wp-content\/uploads\/sites\/37\/npdh_lindenberg_linden_lumer.jpg","type":"image\/jpeg"}],"author":"hanssonnenberg","twitter_misc":{"Verfasst von":"hanssonnenberg","Gesch\u00e4tzte Lesezeit":"1\u00a0Minute"},"schema":{"@context":"https:\/\/schema.org","@graph":[{"@type":"WebPage","@id":"https:\/\/www.naturparkmagazin.de\/dahme-heideseen\/zarter-fruehling-unter-den-sommerlinden-in-lindenberg\/","url":"https:\/\/www.naturparkmagazin.de\/dahme-heideseen\/zarter-fruehling-unter-den-sommerlinden-in-lindenberg\/","name":"Zarter Fr\u00fchling unter den Sommerlinden in Lindenberg - Naturpark Dahme-Heideseen","isPartOf":{"@id":"https:\/\/www.naturparkmagazin.de\/dahme-heideseen\/#website"},"datePublished":"2017-02-14T09:01:12+00:00","dateModified":"2017-02-21T11:57:43+00:00","author":{"@id":"https:\/\/www.naturparkmagazin.de\/dahme-heideseen\/#\/schema\/person\/c81c96c3a1f5ee7bffff8b8022c105f0"},"breadcrumb":{"@id":"https:\/\/www.naturparkmagazin.de\/dahme-heideseen\/zarter-fruehling-unter-den-sommerlinden-in-lindenberg\/#breadcrumb"},"inLanguage":"de","potentialAction":[{"@type":"ReadAction","target":["https:\/\/www.naturparkmagazin.de\/dahme-heideseen\/zarter-fruehling-unter-den-sommerlinden-in-lindenberg\/"]}]},{"@type":"BreadcrumbList","@id":"https:\/\/www.naturparkmagazin.de\/dahme-heideseen\/zarter-fruehling-unter-den-sommerlinden-in-lindenberg\/#breadcrumb","itemListElement":[{"@type":"ListItem","position":1,"name":"Home","item":"https:\/\/www.naturparkmagazin.de\/dahme-heideseen\/"},{"@type":"ListItem","position":2,"name":"Zarter Fr\u00fchling unter den Sommerlinden in Lindenberg"}]},{"@type":"WebSite","@id":"https:\/\/www.naturparkmagazin.de\/dahme-heideseen\/#website","url":"https:\/\/www.naturparkmagazin.de\/dahme-heideseen\/","name":"Naturpark Dahme-Heideseen","description":"","potentialAction":[{"@type":"SearchAction","target":{"@type":"EntryPoint","urlTemplate":"https:\/\/www.naturparkmagazin.de\/dahme-heideseen\/?s={search_term_string}"},"query-input":"required name=search_term_string"}],"inLanguage":"de"},{"@type":"Person","@id":"https:\/\/www.naturparkmagazin.de\/dahme-heideseen\/#\/schema\/person\/c81c96c3a1f5ee7bffff8b8022c105f0","name":"hanssonnenberg","url":"https:\/\/www.naturparkmagazin.de\/dahme-heideseen\/author\/hanssonnenberg\/"}]}},"_links":{"self":[{"href":"https:\/\/www.naturparkmagazin.de\/dahme-heideseen\/wp-json\/wp\/v2\/posts\/1846"}],"collection":[{"href":"https:\/\/www.naturparkmagazin.de\/dahme-heideseen\/wp-json\/wp\/v2\/posts"}],"about":[{"href":"https:\/\/www.naturparkmagazin.de\/dahme-heideseen\/wp-json\/wp\/v2\/types\/post"}],"author":[{"embeddable":true,"href":"https:\/\/www.naturparkmagazin.de\/dahme-heideseen\/wp-json\/wp\/v2\/users\/48"}],"replies":[{"embeddable":true,"href":"https:\/\/www.naturparkmagazin.de\/dahme-heideseen\/wp-json\/wp\/v2\/comments?post=1846"}],"version-history":[{"count":2,"href":"https:\/\/www.naturparkmagazin.de\/dahme-heideseen\/wp-json\/wp\/v2\/posts\/1846\/revisions"}],"predecessor-version":[{"id":1876,"href":"https:\/\/www.naturparkmagazin.de\/dahme-heideseen\/wp-json\/wp\/v2\/posts\/1846\/revisions\/1876"}],"wp:featuredmedia":[{"embeddable":true,"href":"https:\/\/www.naturparkmagazin.de\/dahme-heideseen\/wp-json\/wp\/v2\/media\/1848"}],"wp:attachment":[{"href":"https:\/\/www.naturparkmagazin.de\/dahme-heideseen\/wp-json\/wp\/v2\/media?parent=1846"}],"wp:term":[{"taxonomy":"category","embeddable":true,"href":"https:\/\/www.naturparkmagazin.de\/dahme-heideseen\/wp-json\/wp\/v2\/categories?post=1846"},{"taxonomy":"post_tag","embeddable":true,"href":"https:\/\/www.naturparkmagazin.de\/dahme-heideseen\/wp-json\/wp\/v2\/tags?post=1846"}],"curies":[{"name":"wp","href":"https:\/\/api.w.org\/{rel}","templated":true}]}}