{"id":1851,"date":"2017-02-14T10:06:40","date_gmt":"2017-02-14T09:06:40","guid":{"rendered":"http:\/\/www.naturparkmagazin.de\/dahme-heideseen\/?p=1851"},"modified":"2017-02-21T12:55:53","modified_gmt":"2017-02-21T11:55:53","slug":"jahrebuch-2018-mitarbeit-in-wort-und-bild-gern-gesehen","status":"publish","type":"post","link":"https:\/\/www.naturparkmagazin.de\/dahme-heideseen\/jahrebuch-2018-mitarbeit-in-wort-und-bild-gern-gesehen\/","title":{"rendered":"Jahrebuch 2018 &#8211; Mitarbeit in Wort und Bild gern gesehen"},"content":{"rendered":"<p>Das aktuelle JahreBuch 2017 erfreut seine Leser. Es gibt jedenfalls viele positive R\u00fcckmeldungen. Thematisch widmet es sich, neben den Beitr\u00e4gen \u00fcber Natur, Kultur und regionale Entwicklung des Naturparks und Dahmelandes, schwerpunktm\u00e4\u00dfig alten und bemerkenswerten B\u00e4umen.<!--more--><\/p>\n<p>In der kommenden Ausgabe 2018 werden unsere wilden S\u00e4ugetiere einmal im Mittelpunkt stehen. Die Themenvielfalt ist aber nicht begrenzt, da bleibt sich das JahreBuch in seiner breiten &#8222;Ausrichtung&#8220; treu. Wenn Sie Interesse haben, sich mit einem Wort- und\/oder Bildbeitrag an der kommenden Ausgabe zu beteiligen, w\u00fcrde das die Herausgeber und Redaktion sehr freuen.\u00a0Beitr\u00e4ge werden bis Ende Mai gerne entgegen genommen.<\/p>\n<p>Das JahreBuch wird herausgegeben vom NABU Regionalverband Dahmeland und der Stiftung NaturSchutzFonds Brandenburg.<\/p>\n<section>\n<h4>Ansprechpartner:<strong>NABU Regionalverband Brandenburg<\/strong><\/h4>\n<p>+49 (0) 33768 50117<\/p>\n<\/section>\n<section><a href=\"http:\/\/www.dahme-heideseen-naturpark.de\/service\/kontakt\/?tx_snmlugv_pi6%5Bcontact%5D=1065\">geschaeftsstelle@nabu-dahmeland.de<\/a><a href=\"http:\/\/www.nabu-dahmeland.de\" target=\"_blank\">www.nabu-dahmeland.de<\/a><\/section>\n<section><\/section>\n","protected":false},"excerpt":{"rendered":"<p>Das aktuelle JahreBuch 2017  widmet sich thematisch neben den Beitr\u00e4gen \u00fcber Natur, Kultur und regionale Entwicklung des Naturparks und Dahmelandes, schwerpunktm\u00e4\u00dfig alten und bemerkenswerten B\u00e4umen.<\/p>\n","protected":false},"author":48,"featured_media":1852,"comment_status":"open","ping_status":"open","sticky":false,"template":"","format":"standard","meta":[],"categories":[7],"tags":[],"yoast_head":"<!-- This site is optimized with the Yoast SEO plugin v19.10 - https:\/\/yoast.com\/wordpress\/plugins\/seo\/ -->\n<title>Jahrebuch 2018 - Mitarbeit in Wort und Bild gern gesehen - Naturpark Dahme-Heideseen<\/title>\n<meta name=\"robots\" content=\"index, follow, max-snippet:-1, max-image-preview:large, max-video-preview:-1\" \/>\n<link rel=\"canonical\" href=\"https:\/\/www.naturparkmagazin.de\/dahme-heideseen\/jahrebuch-2018-mitarbeit-in-wort-und-bild-gern-gesehen\/\" \/>\n<meta property=\"og:locale\" content=\"de_DE\" \/>\n<meta property=\"og:type\" content=\"article\" \/>\n<meta property=\"og:title\" content=\"Jahrebuch 2018 - Mitarbeit in Wort und Bild gern gesehen - Naturpark Dahme-Heideseen\" \/>\n<meta property=\"og:description\" content=\"Das aktuelle JahreBuch 2017 widmet sich thematisch neben den Beitr\u00e4gen \u00fcber Natur, Kultur und regionale Entwicklung des Naturparks und Dahmelandes, schwerpunktm\u00e4\u00dfig alten und bemerkenswerten B\u00e4umen.\" \/>\n<meta property=\"og:url\" content=\"https:\/\/www.naturparkmagazin.de\/dahme-heideseen\/jahrebuch-2018-mitarbeit-in-wort-und-bild-gern-gesehen\/\" \/>\n<meta property=\"og:site_name\" content=\"Naturpark Dahme-Heideseen\" \/>\n<meta property=\"article:published_time\" content=\"2017-02-14T09:06:40+00:00\" \/>\n<meta property=\"article:modified_time\" content=\"2017-02-21T11:55:53+00:00\" \/>\n<meta property=\"og:image\" content=\"https:\/\/www.naturparkmagazin.de\/dahme-heideseen\/wp-content\/uploads\/sites\/37\/npdh_eichh\u00f6rnchen_wolfgang_klaeber.jpg\" \/>\n\t<meta property=\"og:image:width\" content=\"555\" \/>\n\t<meta property=\"og:image:height\" content=\"768\" \/>\n\t<meta property=\"og:image:type\" content=\"image\/jpeg\" \/>\n<meta name=\"author\" content=\"hanssonnenberg\" \/>\n<meta name=\"twitter:label1\" content=\"Verfasst von\" \/>\n\t<meta name=\"twitter:data1\" content=\"hanssonnenberg\" \/>\n\t<meta name=\"twitter:label2\" content=\"Gesch\u00e4tzte Lesezeit\" \/>\n\t<meta name=\"twitter:data2\" content=\"1\u00a0Minute\" \/>\n<script type=\"application\/ld+json\" class=\"yoast-schema-graph\">{\"@context\":\"https:\/\/schema.org\",\"@graph\":[{\"@type\":\"WebPage\",\"@id\":\"https:\/\/www.naturparkmagazin.de\/dahme-heideseen\/jahrebuch-2018-mitarbeit-in-wort-und-bild-gern-gesehen\/\",\"url\":\"https:\/\/www.naturparkmagazin.de\/dahme-heideseen\/jahrebuch-2018-mitarbeit-in-wort-und-bild-gern-gesehen\/\",\"name\":\"Jahrebuch 2018 - Mitarbeit in Wort und Bild gern gesehen - Naturpark Dahme-Heideseen\",\"isPartOf\":{\"@id\":\"https:\/\/www.naturparkmagazin.de\/dahme-heideseen\/#website\"},\"datePublished\":\"2017-02-14T09:06:40+00:00\",\"dateModified\":\"2017-02-21T11:55:53+00:00\",\"author\":{\"@id\":\"https:\/\/www.naturparkmagazin.de\/dahme-heideseen\/#\/schema\/person\/c81c96c3a1f5ee7bffff8b8022c105f0\"},\"breadcrumb\":{\"@id\":\"https:\/\/www.naturparkmagazin.de\/dahme-heideseen\/jahrebuch-2018-mitarbeit-in-wort-und-bild-gern-gesehen\/#breadcrumb\"},\"inLanguage\":\"de\",\"potentialAction\":[{\"@type\":\"ReadAction\",\"target\":[\"https:\/\/www.naturparkmagazin.de\/dahme-heideseen\/jahrebuch-2018-mitarbeit-in-wort-und-bild-gern-gesehen\/\"]}]},{\"@type\":\"BreadcrumbList\",\"@id\":\"https:\/\/www.naturparkmagazin.de\/dahme-heideseen\/jahrebuch-2018-mitarbeit-in-wort-und-bild-gern-gesehen\/#breadcrumb\",\"itemListElement\":[{\"@type\":\"ListItem\",\"position\":1,\"name\":\"Home\",\"item\":\"https:\/\/www.naturparkmagazin.de\/dahme-heideseen\/\"},{\"@type\":\"ListItem\",\"position\":2,\"name\":\"Jahrebuch 2018 &#8211; Mitarbeit in Wort und Bild gern gesehen\"}]},{\"@type\":\"WebSite\",\"@id\":\"https:\/\/www.naturparkmagazin.de\/dahme-heideseen\/#website\",\"url\":\"https:\/\/www.naturparkmagazin.de\/dahme-heideseen\/\",\"name\":\"Naturpark Dahme-Heideseen\",\"description\":\"\",\"potentialAction\":[{\"@type\":\"SearchAction\",\"target\":{\"@type\":\"EntryPoint\",\"urlTemplate\":\"https:\/\/www.naturparkmagazin.de\/dahme-heideseen\/?s={search_term_string}\"},\"query-input\":\"required name=search_term_string\"}],\"inLanguage\":\"de\"},{\"@type\":\"Person\",\"@id\":\"https:\/\/www.naturparkmagazin.de\/dahme-heideseen\/#\/schema\/person\/c81c96c3a1f5ee7bffff8b8022c105f0\",\"name\":\"hanssonnenberg\",\"url\":\"https:\/\/www.naturparkmagazin.de\/dahme-heideseen\/author\/hanssonnenberg\/\"}]}<\/script>\n<!-- \/ Yoast SEO plugin. -->","yoast_head_json":{"title":"Jahrebuch 2018 - Mitarbeit in Wort und Bild gern gesehen - Naturpark Dahme-Heideseen","robots":{"index":"index","follow":"follow","max-snippet":"max-snippet:-1","max-image-preview":"max-image-preview:large","max-video-preview":"max-video-preview:-1"},"canonical":"https:\/\/www.naturparkmagazin.de\/dahme-heideseen\/jahrebuch-2018-mitarbeit-in-wort-und-bild-gern-gesehen\/","og_locale":"de_DE","og_type":"article","og_title":"Jahrebuch 2018 - Mitarbeit in Wort und Bild gern gesehen - Naturpark Dahme-Heideseen","og_description":"Das aktuelle JahreBuch 2017 widmet sich thematisch neben den Beitr\u00e4gen \u00fcber Natur, Kultur und regionale Entwicklung des Naturparks und Dahmelandes, schwerpunktm\u00e4\u00dfig alten und bemerkenswerten B\u00e4umen.","og_url":"https:\/\/www.naturparkmagazin.de\/dahme-heideseen\/jahrebuch-2018-mitarbeit-in-wort-und-bild-gern-gesehen\/","og_site_name":"Naturpark Dahme-Heideseen","article_published_time":"2017-02-14T09:06:40+00:00","article_modified_time":"2017-02-21T11:55:53+00:00","og_image":[{"width":555,"height":768,"url":"https:\/\/www.naturparkmagazin.de\/dahme-heideseen\/wp-content\/uploads\/sites\/37\/npdh_eichh\u00f6rnchen_wolfgang_klaeber.jpg","type":"image\/jpeg"}],"author":"hanssonnenberg","twitter_misc":{"Verfasst von":"hanssonnenberg","Gesch\u00e4tzte Lesezeit":"1\u00a0Minute"},"schema":{"@context":"https:\/\/schema.org","@graph":[{"@type":"WebPage","@id":"https:\/\/www.naturparkmagazin.de\/dahme-heideseen\/jahrebuch-2018-mitarbeit-in-wort-und-bild-gern-gesehen\/","url":"https:\/\/www.naturparkmagazin.de\/dahme-heideseen\/jahrebuch-2018-mitarbeit-in-wort-und-bild-gern-gesehen\/","name":"Jahrebuch 2018 - Mitarbeit in Wort und Bild gern gesehen - Naturpark Dahme-Heideseen","isPartOf":{"@id":"https:\/\/www.naturparkmagazin.de\/dahme-heideseen\/#website"},"datePublished":"2017-02-14T09:06:40+00:00","dateModified":"2017-02-21T11:55:53+00:00","author":{"@id":"https:\/\/www.naturparkmagazin.de\/dahme-heideseen\/#\/schema\/person\/c81c96c3a1f5ee7bffff8b8022c105f0"},"breadcrumb":{"@id":"https:\/\/www.naturparkmagazin.de\/dahme-heideseen\/jahrebuch-2018-mitarbeit-in-wort-und-bild-gern-gesehen\/#breadcrumb"},"inLanguage":"de","potentialAction":[{"@type":"ReadAction","target":["https:\/\/www.naturparkmagazin.de\/dahme-heideseen\/jahrebuch-2018-mitarbeit-in-wort-und-bild-gern-gesehen\/"]}]},{"@type":"BreadcrumbList","@id":"https:\/\/www.naturparkmagazin.de\/dahme-heideseen\/jahrebuch-2018-mitarbeit-in-wort-und-bild-gern-gesehen\/#breadcrumb","itemListElement":[{"@type":"ListItem","position":1,"name":"Home","item":"https:\/\/www.naturparkmagazin.de\/dahme-heideseen\/"},{"@type":"ListItem","position":2,"name":"Jahrebuch 2018 &#8211; Mitarbeit in Wort und Bild gern gesehen"}]},{"@type":"WebSite","@id":"https:\/\/www.naturparkmagazin.de\/dahme-heideseen\/#website","url":"https:\/\/www.naturparkmagazin.de\/dahme-heideseen\/","name":"Naturpark Dahme-Heideseen","description":"","potentialAction":[{"@type":"SearchAction","target":{"@type":"EntryPoint","urlTemplate":"https:\/\/www.naturparkmagazin.de\/dahme-heideseen\/?s={search_term_string}"},"query-input":"required name=search_term_string"}],"inLanguage":"de"},{"@type":"Person","@id":"https:\/\/www.naturparkmagazin.de\/dahme-heideseen\/#\/schema\/person\/c81c96c3a1f5ee7bffff8b8022c105f0","name":"hanssonnenberg","url":"https:\/\/www.naturparkmagazin.de\/dahme-heideseen\/author\/hanssonnenberg\/"}]}},"_links":{"self":[{"href":"https:\/\/www.naturparkmagazin.de\/dahme-heideseen\/wp-json\/wp\/v2\/posts\/1851"}],"collection":[{"href":"https:\/\/www.naturparkmagazin.de\/dahme-heideseen\/wp-json\/wp\/v2\/posts"}],"about":[{"href":"https:\/\/www.naturparkmagazin.de\/dahme-heideseen\/wp-json\/wp\/v2\/types\/post"}],"author":[{"embeddable":true,"href":"https:\/\/www.naturparkmagazin.de\/dahme-heideseen\/wp-json\/wp\/v2\/users\/48"}],"replies":[{"embeddable":true,"href":"https:\/\/www.naturparkmagazin.de\/dahme-heideseen\/wp-json\/wp\/v2\/comments?post=1851"}],"version-history":[{"count":5,"href":"https:\/\/www.naturparkmagazin.de\/dahme-heideseen\/wp-json\/wp\/v2\/posts\/1851\/revisions"}],"predecessor-version":[{"id":1875,"href":"https:\/\/www.naturparkmagazin.de\/dahme-heideseen\/wp-json\/wp\/v2\/posts\/1851\/revisions\/1875"}],"wp:featuredmedia":[{"embeddable":true,"href":"https:\/\/www.naturparkmagazin.de\/dahme-heideseen\/wp-json\/wp\/v2\/media\/1852"}],"wp:attachment":[{"href":"https:\/\/www.naturparkmagazin.de\/dahme-heideseen\/wp-json\/wp\/v2\/media?parent=1851"}],"wp:term":[{"taxonomy":"category","embeddable":true,"href":"https:\/\/www.naturparkmagazin.de\/dahme-heideseen\/wp-json\/wp\/v2\/categories?post=1851"},{"taxonomy":"post_tag","embeddable":true,"href":"https:\/\/www.naturparkmagazin.de\/dahme-heideseen\/wp-json\/wp\/v2\/tags?post=1851"}],"curies":[{"name":"wp","href":"https:\/\/api.w.org\/{rel}","templated":true}]}}