{"id":1863,"date":"2017-02-14T10:27:20","date_gmt":"2017-02-14T09:27:20","guid":{"rendered":"http:\/\/www.naturparkmagazin.de\/dahme-heideseen\/?p=1863"},"modified":"2017-02-21T13:26:55","modified_gmt":"2017-02-21T12:26:55","slug":"wandertipp-zum-fruehjahrsbeginn-rundweg-um-die-paetzer-seen","status":"publish","type":"post","link":"https:\/\/www.naturparkmagazin.de\/dahme-heideseen\/wandertipp-zum-fruehjahrsbeginn-rundweg-um-die-paetzer-seen\/","title":{"rendered":"Wandertipp zum Fr\u00fchjahrsbeginn: Rundweg um die P\u00e4tzer Seen"},"content":{"rendered":"<section class=\"col left\">Etwas \u00fcber 16 Kilometer ist der Rundweg um den P\u00e4tzer Vorder- und Hintersee lang.<\/section>\n<p><!--more--><\/p>\n<p>Es ist ein Weg f\u00fcr alle Jahreszeiten. Start und Ziel ist am Bahnhof Bestensee. Der Weg f\u00fchrt entlang der Hauptstra\u00dfe von Bestensee zum P\u00e4tzer Vordersee und weiter nach P\u00e4tz mit seinem historischen Dorfanger. Der Ortsname stammt aus dem Slawischen und bedeutet soviel wie Sand.<\/p>\n<p>Ab hier geht es weiter in die Natur Pur! Die Hanglagen am Ostufer des P\u00e4tzer Hintersees waren vor hundert Jahren noch fast waldfrei. Einzelne Wacholder zeugen von einer hier einstmals vorhandenen lichten Heidelandschaft. Die Niederungen mit Feuchtwiesen werden mit Unterst\u00fctzung der Landschaftspflege erhalten. Am S\u00fcdufer des P\u00e4tzer Hintersees gibt es gro\u00dfe, als Naturschutzgebiet gesicherte Moorgebiete.<\/p>\n<p>Der Weg f\u00fchrt jetzt nach Norden. Ein eigenwilliger Kiefernwald mit krumm gewachsenen B\u00e4umen tr\u00e4gt die Bezeichnung Schweinewinkel. Hier wurden fr\u00fcher die Schweine in den Wald zur Waldwiede getrieben. Durch die P\u00e4tzer Hinterseesiedlung wandernd geht es zur\u00fcck zum Ausgangspunkt am Bahnhof.<\/p>\n<p><a href=\"http:\/\/www.dahme-heideseen-naturpark.de\/themen\/routen-touren\/rundweg-um-die-paetzer-seen\/\" target=\"_blank\">Wanderweg &#8222;Um die P\u00e4tzer Seen&#8220;<\/a><\/p>\n<p>&nbsp;<\/p>\n","protected":false},"excerpt":{"rendered":"<p>Sch\u00f6ne Ausblicke erwarten den Wanderer bei dem etwa 16 Kilometern langen Rundweg um ddn P\u00e4tzer Vorder- und Hintersee &#8211; unser Tipp zum Fr\u00fchjahrsbeginn.<\/p>\n","protected":false},"author":48,"featured_media":1864,"comment_status":"open","ping_status":"open","sticky":false,"template":"","format":"standard","meta":[],"categories":[11],"tags":[],"yoast_head":"<!-- This site is optimized with the Yoast SEO plugin v19.10 - https:\/\/yoast.com\/wordpress\/plugins\/seo\/ -->\n<title>Wandertipp zum Fr\u00fchjahrsbeginn: Rundweg um die P\u00e4tzer Seen - Naturpark Dahme-Heideseen<\/title>\n<meta name=\"robots\" content=\"index, follow, max-snippet:-1, max-image-preview:large, max-video-preview:-1\" \/>\n<link rel=\"canonical\" href=\"https:\/\/www.naturparkmagazin.de\/dahme-heideseen\/wandertipp-zum-fruehjahrsbeginn-rundweg-um-die-paetzer-seen\/\" \/>\n<meta property=\"og:locale\" content=\"de_DE\" \/>\n<meta property=\"og:type\" content=\"article\" \/>\n<meta property=\"og:title\" content=\"Wandertipp zum Fr\u00fchjahrsbeginn: Rundweg um die P\u00e4tzer Seen - Naturpark Dahme-Heideseen\" \/>\n<meta property=\"og:description\" content=\"Sch\u00f6ne Ausblicke erwarten den Wanderer bei dem etwa 16 Kilometern langen Rundweg um ddn P\u00e4tzer Vorder- und Hintersee - unser Tipp zum Fr\u00fchjahrsbeginn.\" \/>\n<meta property=\"og:url\" content=\"https:\/\/www.naturparkmagazin.de\/dahme-heideseen\/wandertipp-zum-fruehjahrsbeginn-rundweg-um-die-paetzer-seen\/\" \/>\n<meta property=\"og:site_name\" content=\"Naturpark Dahme-Heideseen\" \/>\n<meta property=\"article:published_time\" content=\"2017-02-14T09:27:20+00:00\" \/>\n<meta property=\"article:modified_time\" content=\"2017-02-21T12:26:55+00:00\" \/>\n<meta property=\"og:image\" content=\"https:\/\/www.naturparkmagazin.de\/dahme-heideseen\/wp-content\/uploads\/sites\/37\/npdh_am-P\u00e4tzer-Hintersee_klaeber.jpg\" \/>\n\t<meta property=\"og:image:width\" content=\"549\" \/>\n\t<meta property=\"og:image:height\" content=\"741\" \/>\n\t<meta property=\"og:image:type\" content=\"image\/jpeg\" \/>\n<meta name=\"author\" content=\"hanssonnenberg\" \/>\n<meta name=\"twitter:label1\" content=\"Verfasst von\" \/>\n\t<meta name=\"twitter:data1\" content=\"hanssonnenberg\" \/>\n\t<meta name=\"twitter:label2\" content=\"Gesch\u00e4tzte Lesezeit\" \/>\n\t<meta name=\"twitter:data2\" content=\"1\u00a0Minute\" \/>\n<script type=\"application\/ld+json\" class=\"yoast-schema-graph\">{\"@context\":\"https:\/\/schema.org\",\"@graph\":[{\"@type\":\"WebPage\",\"@id\":\"https:\/\/www.naturparkmagazin.de\/dahme-heideseen\/wandertipp-zum-fruehjahrsbeginn-rundweg-um-die-paetzer-seen\/\",\"url\":\"https:\/\/www.naturparkmagazin.de\/dahme-heideseen\/wandertipp-zum-fruehjahrsbeginn-rundweg-um-die-paetzer-seen\/\",\"name\":\"Wandertipp zum Fr\u00fchjahrsbeginn: Rundweg um die P\u00e4tzer Seen - Naturpark Dahme-Heideseen\",\"isPartOf\":{\"@id\":\"https:\/\/www.naturparkmagazin.de\/dahme-heideseen\/#website\"},\"datePublished\":\"2017-02-14T09:27:20+00:00\",\"dateModified\":\"2017-02-21T12:26:55+00:00\",\"author\":{\"@id\":\"https:\/\/www.naturparkmagazin.de\/dahme-heideseen\/#\/schema\/person\/c81c96c3a1f5ee7bffff8b8022c105f0\"},\"breadcrumb\":{\"@id\":\"https:\/\/www.naturparkmagazin.de\/dahme-heideseen\/wandertipp-zum-fruehjahrsbeginn-rundweg-um-die-paetzer-seen\/#breadcrumb\"},\"inLanguage\":\"de\",\"potentialAction\":[{\"@type\":\"ReadAction\",\"target\":[\"https:\/\/www.naturparkmagazin.de\/dahme-heideseen\/wandertipp-zum-fruehjahrsbeginn-rundweg-um-die-paetzer-seen\/\"]}]},{\"@type\":\"BreadcrumbList\",\"@id\":\"https:\/\/www.naturparkmagazin.de\/dahme-heideseen\/wandertipp-zum-fruehjahrsbeginn-rundweg-um-die-paetzer-seen\/#breadcrumb\",\"itemListElement\":[{\"@type\":\"ListItem\",\"position\":1,\"name\":\"Home\",\"item\":\"https:\/\/www.naturparkmagazin.de\/dahme-heideseen\/\"},{\"@type\":\"ListItem\",\"position\":2,\"name\":\"Wandertipp zum Fr\u00fchjahrsbeginn: Rundweg um die P\u00e4tzer Seen\"}]},{\"@type\":\"WebSite\",\"@id\":\"https:\/\/www.naturparkmagazin.de\/dahme-heideseen\/#website\",\"url\":\"https:\/\/www.naturparkmagazin.de\/dahme-heideseen\/\",\"name\":\"Naturpark Dahme-Heideseen\",\"description\":\"\",\"potentialAction\":[{\"@type\":\"SearchAction\",\"target\":{\"@type\":\"EntryPoint\",\"urlTemplate\":\"https:\/\/www.naturparkmagazin.de\/dahme-heideseen\/?s={search_term_string}\"},\"query-input\":\"required name=search_term_string\"}],\"inLanguage\":\"de\"},{\"@type\":\"Person\",\"@id\":\"https:\/\/www.naturparkmagazin.de\/dahme-heideseen\/#\/schema\/person\/c81c96c3a1f5ee7bffff8b8022c105f0\",\"name\":\"hanssonnenberg\",\"url\":\"https:\/\/www.naturparkmagazin.de\/dahme-heideseen\/author\/hanssonnenberg\/\"}]}<\/script>\n<!-- \/ Yoast SEO plugin. -->","yoast_head_json":{"title":"Wandertipp zum Fr\u00fchjahrsbeginn: Rundweg um die P\u00e4tzer Seen - Naturpark Dahme-Heideseen","robots":{"index":"index","follow":"follow","max-snippet":"max-snippet:-1","max-image-preview":"max-image-preview:large","max-video-preview":"max-video-preview:-1"},"canonical":"https:\/\/www.naturparkmagazin.de\/dahme-heideseen\/wandertipp-zum-fruehjahrsbeginn-rundweg-um-die-paetzer-seen\/","og_locale":"de_DE","og_type":"article","og_title":"Wandertipp zum Fr\u00fchjahrsbeginn: Rundweg um die P\u00e4tzer Seen - Naturpark Dahme-Heideseen","og_description":"Sch\u00f6ne Ausblicke erwarten den Wanderer bei dem etwa 16 Kilometern langen Rundweg um ddn P\u00e4tzer Vorder- und Hintersee - unser Tipp zum Fr\u00fchjahrsbeginn.","og_url":"https:\/\/www.naturparkmagazin.de\/dahme-heideseen\/wandertipp-zum-fruehjahrsbeginn-rundweg-um-die-paetzer-seen\/","og_site_name":"Naturpark Dahme-Heideseen","article_published_time":"2017-02-14T09:27:20+00:00","article_modified_time":"2017-02-21T12:26:55+00:00","og_image":[{"width":549,"height":741,"url":"https:\/\/www.naturparkmagazin.de\/dahme-heideseen\/wp-content\/uploads\/sites\/37\/npdh_am-P\u00e4tzer-Hintersee_klaeber.jpg","type":"image\/jpeg"}],"author":"hanssonnenberg","twitter_misc":{"Verfasst von":"hanssonnenberg","Gesch\u00e4tzte Lesezeit":"1\u00a0Minute"},"schema":{"@context":"https:\/\/schema.org","@graph":[{"@type":"WebPage","@id":"https:\/\/www.naturparkmagazin.de\/dahme-heideseen\/wandertipp-zum-fruehjahrsbeginn-rundweg-um-die-paetzer-seen\/","url":"https:\/\/www.naturparkmagazin.de\/dahme-heideseen\/wandertipp-zum-fruehjahrsbeginn-rundweg-um-die-paetzer-seen\/","name":"Wandertipp zum Fr\u00fchjahrsbeginn: Rundweg um die P\u00e4tzer Seen - Naturpark Dahme-Heideseen","isPartOf":{"@id":"https:\/\/www.naturparkmagazin.de\/dahme-heideseen\/#website"},"datePublished":"2017-02-14T09:27:20+00:00","dateModified":"2017-02-21T12:26:55+00:00","author":{"@id":"https:\/\/www.naturparkmagazin.de\/dahme-heideseen\/#\/schema\/person\/c81c96c3a1f5ee7bffff8b8022c105f0"},"breadcrumb":{"@id":"https:\/\/www.naturparkmagazin.de\/dahme-heideseen\/wandertipp-zum-fruehjahrsbeginn-rundweg-um-die-paetzer-seen\/#breadcrumb"},"inLanguage":"de","potentialAction":[{"@type":"ReadAction","target":["https:\/\/www.naturparkmagazin.de\/dahme-heideseen\/wandertipp-zum-fruehjahrsbeginn-rundweg-um-die-paetzer-seen\/"]}]},{"@type":"BreadcrumbList","@id":"https:\/\/www.naturparkmagazin.de\/dahme-heideseen\/wandertipp-zum-fruehjahrsbeginn-rundweg-um-die-paetzer-seen\/#breadcrumb","itemListElement":[{"@type":"ListItem","position":1,"name":"Home","item":"https:\/\/www.naturparkmagazin.de\/dahme-heideseen\/"},{"@type":"ListItem","position":2,"name":"Wandertipp zum Fr\u00fchjahrsbeginn: Rundweg um die P\u00e4tzer Seen"}]},{"@type":"WebSite","@id":"https:\/\/www.naturparkmagazin.de\/dahme-heideseen\/#website","url":"https:\/\/www.naturparkmagazin.de\/dahme-heideseen\/","name":"Naturpark Dahme-Heideseen","description":"","potentialAction":[{"@type":"SearchAction","target":{"@type":"EntryPoint","urlTemplate":"https:\/\/www.naturparkmagazin.de\/dahme-heideseen\/?s={search_term_string}"},"query-input":"required name=search_term_string"}],"inLanguage":"de"},{"@type":"Person","@id":"https:\/\/www.naturparkmagazin.de\/dahme-heideseen\/#\/schema\/person\/c81c96c3a1f5ee7bffff8b8022c105f0","name":"hanssonnenberg","url":"https:\/\/www.naturparkmagazin.de\/dahme-heideseen\/author\/hanssonnenberg\/"}]}},"_links":{"self":[{"href":"https:\/\/www.naturparkmagazin.de\/dahme-heideseen\/wp-json\/wp\/v2\/posts\/1863"}],"collection":[{"href":"https:\/\/www.naturparkmagazin.de\/dahme-heideseen\/wp-json\/wp\/v2\/posts"}],"about":[{"href":"https:\/\/www.naturparkmagazin.de\/dahme-heideseen\/wp-json\/wp\/v2\/types\/post"}],"author":[{"embeddable":true,"href":"https:\/\/www.naturparkmagazin.de\/dahme-heideseen\/wp-json\/wp\/v2\/users\/48"}],"replies":[{"embeddable":true,"href":"https:\/\/www.naturparkmagazin.de\/dahme-heideseen\/wp-json\/wp\/v2\/comments?post=1863"}],"version-history":[{"count":5,"href":"https:\/\/www.naturparkmagazin.de\/dahme-heideseen\/wp-json\/wp\/v2\/posts\/1863\/revisions"}],"predecessor-version":[{"id":1881,"href":"https:\/\/www.naturparkmagazin.de\/dahme-heideseen\/wp-json\/wp\/v2\/posts\/1863\/revisions\/1881"}],"wp:featuredmedia":[{"embeddable":true,"href":"https:\/\/www.naturparkmagazin.de\/dahme-heideseen\/wp-json\/wp\/v2\/media\/1864"}],"wp:attachment":[{"href":"https:\/\/www.naturparkmagazin.de\/dahme-heideseen\/wp-json\/wp\/v2\/media?parent=1863"}],"wp:term":[{"taxonomy":"category","embeddable":true,"href":"https:\/\/www.naturparkmagazin.de\/dahme-heideseen\/wp-json\/wp\/v2\/categories?post=1863"},{"taxonomy":"post_tag","embeddable":true,"href":"https:\/\/www.naturparkmagazin.de\/dahme-heideseen\/wp-json\/wp\/v2\/tags?post=1863"}],"curies":[{"name":"wp","href":"https:\/\/api.w.org\/{rel}","templated":true}]}}