{"id":187,"date":"2013-08-16T07:19:23","date_gmt":"2013-08-16T05:19:23","guid":{"rendered":"http:\/\/www.naturparkmagazin.de\/dahme-heideseen\/?p=187"},"modified":"2013-08-23T16:49:38","modified_gmt":"2013-08-23T14:49:38","slug":"tag-des-offenen-denkmals","status":"publish","type":"post","link":"https:\/\/www.naturparkmagazin.de\/dahme-heideseen\/tag-des-offenen-denkmals\/","title":{"rendered":"Tag des offenen Denkmals"},"content":{"rendered":"<p>Denkmaltag auf dem Schloss Hubertush\u00f6he am Storkower See und an der Gro\u00dfen und Kleinen Springseequelle mit dem Gedenkstein f\u00fcr Charlotte und Erich Garske<!--more-->\nAm Ostufer des Springsees im Naturpark Dahme-Heideseen befinden sich die Naturdenkmale &#8222;Gro\u00dfe und Kleine Springseequelle&#8220;. Ein Gedenkstein erinnert an Charlotte und Erich Garske, welche von den Nationalsozialisten 1943 hingerichtet wurden. Der Stein wurde 1944 von Freunden errichtet. Das Ehepaar Garske hatte hier h\u00e4ufig am Springsee gezeltet.<\/p>\n<p>Rahmenprogramm:<\/p>\n<p><strong>9 Uhr<\/strong>: Treff und F\u00fchrung im Kunst- und Literaturpark Schloss Hubertush\u00f6he (Robert-Koch-Stra\u00dfe 1 in 15859 Storkow). Rainer Opolka f\u00fchrt durch das Schloss und widmet sich insbesondere der Geschichte der Hubertush\u00f6he in der Zeit von 1933 bis 1945.<\/p>\n<p><strong>11 Uhr<\/strong>: Naturkundliche Radtour mit der Naturwacht von der Hubertush\u00f6he zu den Springseequellen<\/p>\n<p>Es besteht die M\u00f6glichkeit, f\u00fcr die Radtour Fahrr\u00e4der oder E-Bikes ab Schloss Hubertush\u00f6he auszuleihen<\/p>\n<p>(Infos und Bestellung: <a href=\"mailto:info@dahmerad.de\">info@dahmerad.de<\/a>; Telefon: 01520 8807692)<\/p>\n<p><strong>11 und 12 Uhr<\/strong>: F\u00fchrung &#8211; die Natur an den Springseequellen;<\/p>\n<p><strong>15 Uhr<\/strong>: Pflanzung von Maulbeeren in Limsdorf<\/p>\n<p>Weitere Infos:<\/p>\n<p><a title=\"Tag des offenen Denkmals\" href=\"http:\/\/www.tag-des-offenen-denkmals.de\/\" target=\"_blank\">Tag des offenen Denkmals<\/a><\/p>\n<p><a title=\"Kunst- &amp; Literaturpark   HUBERTUSH\u00d6HE\" href=\"http:\/\/www.hubertushoehe.de\/\" target=\"_blank\">Kunst- und Literaturpark Hubertush\u00f6he<\/a><\/p>\n<p><a title=\"DahmeRad - Fahrradvermietung in Prieros (Heidesee) Elektro- und Tourenr\u00e4der, Touren-Empfehlungen\" href=\"http:\/\/www.dahmerad.de\/\" target=\"_blank\">Dahmerad &#8211; Fahrradvermietung in Prieros<\/a><\/p>\n<p><a title=\"Maulbeeren im Dahmeland - Beitrag aus dem JahreBuch 2011\" href=\"http:\/\/www.nabu-dahmeland.de\/upload\/Dokumente\/Jahrebuch\/2011\/Sonnenberg_Maulbeere%20&amp;%20Helmut%20Mattigka.pdf\" target=\"_blank\">Maulbeeren im Naturpark Dahme-Heideseen (pdf)<\/a><\/p>\n<p><a title=\"Campingplatz am Springsee\" href=\"http:\/\/www.springsee.de\/index.html\" target=\"_blank\">Campingplatz am Springsee<\/a><\/p>\n<p><a title=\"Kunst- &amp; Literaturpark   HUBERTUSH\u00d6HE\" href=\"http:\/\/www.hubertushoehe.de\/\" target=\"_blank\">\u00a0<\/a><\/p>\n<p><a title=\"Dahmerad - Fahrradvermietung in Prieros - Elektro- und Tourenr\u00e4der, Touren-Empfehlungen\" href=\"http:\/\/www.dahmerad.de\/\">\u00a0<\/a><\/p>\n<p>&nbsp;<\/p>\n","protected":false},"excerpt":{"rendered":"<p>Denkmaltag auf dem Schloss Hubertush\u00f6he am Storkower See und an der Gro\u00dfen und Kleinen Springseequelle mit dem Gedenkstein f\u00fcr Charlotte und Erich Garske<\/p>\n","protected":false},"author":48,"featured_media":188,"comment_status":"open","ping_status":"open","sticky":false,"template":"","format":"standard","meta":[],"categories":[11],"tags":[],"yoast_head":"<!-- This site is optimized with the Yoast SEO plugin v19.10 - https:\/\/yoast.com\/wordpress\/plugins\/seo\/ -->\n<title>Tag des offenen Denkmals - Naturpark Dahme-Heideseen<\/title>\n<meta name=\"robots\" content=\"index, follow, max-snippet:-1, max-image-preview:large, max-video-preview:-1\" \/>\n<link rel=\"canonical\" href=\"https:\/\/www.naturparkmagazin.de\/dahme-heideseen\/tag-des-offenen-denkmals\/\" \/>\n<meta property=\"og:locale\" content=\"de_DE\" \/>\n<meta property=\"og:type\" content=\"article\" \/>\n<meta property=\"og:title\" content=\"Tag des offenen Denkmals - Naturpark Dahme-Heideseen\" \/>\n<meta property=\"og:description\" content=\"Denkmaltag auf dem Schloss Hubertush\u00f6he am Storkower See und an der Gro\u00dfen und Kleinen Springseequelle mit dem Gedenkstein f\u00fcr Charlotte und Erich Garske\" \/>\n<meta property=\"og:url\" content=\"https:\/\/www.naturparkmagazin.de\/dahme-heideseen\/tag-des-offenen-denkmals\/\" \/>\n<meta property=\"og:site_name\" content=\"Naturpark Dahme-Heideseen\" \/>\n<meta property=\"article:published_time\" content=\"2013-08-16T05:19:23+00:00\" \/>\n<meta property=\"article:modified_time\" content=\"2013-08-23T14:49:38+00:00\" \/>\n<meta property=\"og:image\" content=\"https:\/\/www.naturparkmagazin.de\/dahme-heideseen\/wp-content\/uploads\/sites\/37\/Gedenkstein-am-Springsee.jpg\" \/>\n\t<meta property=\"og:image:width\" content=\"425\" \/>\n\t<meta property=\"og:image:height\" content=\"428\" \/>\n\t<meta property=\"og:image:type\" content=\"image\/jpeg\" \/>\n<meta name=\"author\" content=\"hanssonnenberg\" \/>\n<meta name=\"twitter:label1\" content=\"Verfasst von\" \/>\n\t<meta name=\"twitter:data1\" content=\"hanssonnenberg\" \/>\n\t<meta name=\"twitter:label2\" content=\"Gesch\u00e4tzte Lesezeit\" \/>\n\t<meta name=\"twitter:data2\" content=\"1\u00a0Minute\" \/>\n<script type=\"application\/ld+json\" class=\"yoast-schema-graph\">{\"@context\":\"https:\/\/schema.org\",\"@graph\":[{\"@type\":\"WebPage\",\"@id\":\"https:\/\/www.naturparkmagazin.de\/dahme-heideseen\/tag-des-offenen-denkmals\/\",\"url\":\"https:\/\/www.naturparkmagazin.de\/dahme-heideseen\/tag-des-offenen-denkmals\/\",\"name\":\"Tag des offenen Denkmals - Naturpark Dahme-Heideseen\",\"isPartOf\":{\"@id\":\"https:\/\/www.naturparkmagazin.de\/dahme-heideseen\/#website\"},\"datePublished\":\"2013-08-16T05:19:23+00:00\",\"dateModified\":\"2013-08-23T14:49:38+00:00\",\"author\":{\"@id\":\"https:\/\/www.naturparkmagazin.de\/dahme-heideseen\/#\/schema\/person\/c81c96c3a1f5ee7bffff8b8022c105f0\"},\"breadcrumb\":{\"@id\":\"https:\/\/www.naturparkmagazin.de\/dahme-heideseen\/tag-des-offenen-denkmals\/#breadcrumb\"},\"inLanguage\":\"de\",\"potentialAction\":[{\"@type\":\"ReadAction\",\"target\":[\"https:\/\/www.naturparkmagazin.de\/dahme-heideseen\/tag-des-offenen-denkmals\/\"]}]},{\"@type\":\"BreadcrumbList\",\"@id\":\"https:\/\/www.naturparkmagazin.de\/dahme-heideseen\/tag-des-offenen-denkmals\/#breadcrumb\",\"itemListElement\":[{\"@type\":\"ListItem\",\"position\":1,\"name\":\"Home\",\"item\":\"https:\/\/www.naturparkmagazin.de\/dahme-heideseen\/\"},{\"@type\":\"ListItem\",\"position\":2,\"name\":\"Tag des offenen Denkmals\"}]},{\"@type\":\"WebSite\",\"@id\":\"https:\/\/www.naturparkmagazin.de\/dahme-heideseen\/#website\",\"url\":\"https:\/\/www.naturparkmagazin.de\/dahme-heideseen\/\",\"name\":\"Naturpark Dahme-Heideseen\",\"description\":\"\",\"potentialAction\":[{\"@type\":\"SearchAction\",\"target\":{\"@type\":\"EntryPoint\",\"urlTemplate\":\"https:\/\/www.naturparkmagazin.de\/dahme-heideseen\/?s={search_term_string}\"},\"query-input\":\"required name=search_term_string\"}],\"inLanguage\":\"de\"},{\"@type\":\"Person\",\"@id\":\"https:\/\/www.naturparkmagazin.de\/dahme-heideseen\/#\/schema\/person\/c81c96c3a1f5ee7bffff8b8022c105f0\",\"name\":\"hanssonnenberg\",\"url\":\"https:\/\/www.naturparkmagazin.de\/dahme-heideseen\/author\/hanssonnenberg\/\"}]}<\/script>\n<!-- \/ Yoast SEO plugin. -->","yoast_head_json":{"title":"Tag des offenen Denkmals - Naturpark Dahme-Heideseen","robots":{"index":"index","follow":"follow","max-snippet":"max-snippet:-1","max-image-preview":"max-image-preview:large","max-video-preview":"max-video-preview:-1"},"canonical":"https:\/\/www.naturparkmagazin.de\/dahme-heideseen\/tag-des-offenen-denkmals\/","og_locale":"de_DE","og_type":"article","og_title":"Tag des offenen Denkmals - Naturpark Dahme-Heideseen","og_description":"Denkmaltag auf dem Schloss Hubertush\u00f6he am Storkower See und an der Gro\u00dfen und Kleinen Springseequelle mit dem Gedenkstein f\u00fcr Charlotte und Erich Garske","og_url":"https:\/\/www.naturparkmagazin.de\/dahme-heideseen\/tag-des-offenen-denkmals\/","og_site_name":"Naturpark Dahme-Heideseen","article_published_time":"2013-08-16T05:19:23+00:00","article_modified_time":"2013-08-23T14:49:38+00:00","og_image":[{"width":425,"height":428,"url":"https:\/\/www.naturparkmagazin.de\/dahme-heideseen\/wp-content\/uploads\/sites\/37\/Gedenkstein-am-Springsee.jpg","type":"image\/jpeg"}],"author":"hanssonnenberg","twitter_misc":{"Verfasst von":"hanssonnenberg","Gesch\u00e4tzte Lesezeit":"1\u00a0Minute"},"schema":{"@context":"https:\/\/schema.org","@graph":[{"@type":"WebPage","@id":"https:\/\/www.naturparkmagazin.de\/dahme-heideseen\/tag-des-offenen-denkmals\/","url":"https:\/\/www.naturparkmagazin.de\/dahme-heideseen\/tag-des-offenen-denkmals\/","name":"Tag des offenen Denkmals - Naturpark Dahme-Heideseen","isPartOf":{"@id":"https:\/\/www.naturparkmagazin.de\/dahme-heideseen\/#website"},"datePublished":"2013-08-16T05:19:23+00:00","dateModified":"2013-08-23T14:49:38+00:00","author":{"@id":"https:\/\/www.naturparkmagazin.de\/dahme-heideseen\/#\/schema\/person\/c81c96c3a1f5ee7bffff8b8022c105f0"},"breadcrumb":{"@id":"https:\/\/www.naturparkmagazin.de\/dahme-heideseen\/tag-des-offenen-denkmals\/#breadcrumb"},"inLanguage":"de","potentialAction":[{"@type":"ReadAction","target":["https:\/\/www.naturparkmagazin.de\/dahme-heideseen\/tag-des-offenen-denkmals\/"]}]},{"@type":"BreadcrumbList","@id":"https:\/\/www.naturparkmagazin.de\/dahme-heideseen\/tag-des-offenen-denkmals\/#breadcrumb","itemListElement":[{"@type":"ListItem","position":1,"name":"Home","item":"https:\/\/www.naturparkmagazin.de\/dahme-heideseen\/"},{"@type":"ListItem","position":2,"name":"Tag des offenen Denkmals"}]},{"@type":"WebSite","@id":"https:\/\/www.naturparkmagazin.de\/dahme-heideseen\/#website","url":"https:\/\/www.naturparkmagazin.de\/dahme-heideseen\/","name":"Naturpark Dahme-Heideseen","description":"","potentialAction":[{"@type":"SearchAction","target":{"@type":"EntryPoint","urlTemplate":"https:\/\/www.naturparkmagazin.de\/dahme-heideseen\/?s={search_term_string}"},"query-input":"required name=search_term_string"}],"inLanguage":"de"},{"@type":"Person","@id":"https:\/\/www.naturparkmagazin.de\/dahme-heideseen\/#\/schema\/person\/c81c96c3a1f5ee7bffff8b8022c105f0","name":"hanssonnenberg","url":"https:\/\/www.naturparkmagazin.de\/dahme-heideseen\/author\/hanssonnenberg\/"}]}},"_links":{"self":[{"href":"https:\/\/www.naturparkmagazin.de\/dahme-heideseen\/wp-json\/wp\/v2\/posts\/187"}],"collection":[{"href":"https:\/\/www.naturparkmagazin.de\/dahme-heideseen\/wp-json\/wp\/v2\/posts"}],"about":[{"href":"https:\/\/www.naturparkmagazin.de\/dahme-heideseen\/wp-json\/wp\/v2\/types\/post"}],"author":[{"embeddable":true,"href":"https:\/\/www.naturparkmagazin.de\/dahme-heideseen\/wp-json\/wp\/v2\/users\/48"}],"replies":[{"embeddable":true,"href":"https:\/\/www.naturparkmagazin.de\/dahme-heideseen\/wp-json\/wp\/v2\/comments?post=187"}],"version-history":[{"count":3,"href":"https:\/\/www.naturparkmagazin.de\/dahme-heideseen\/wp-json\/wp\/v2\/posts\/187\/revisions"}],"predecessor-version":[{"id":192,"href":"https:\/\/www.naturparkmagazin.de\/dahme-heideseen\/wp-json\/wp\/v2\/posts\/187\/revisions\/192"}],"wp:featuredmedia":[{"embeddable":true,"href":"https:\/\/www.naturparkmagazin.de\/dahme-heideseen\/wp-json\/wp\/v2\/media\/188"}],"wp:attachment":[{"href":"https:\/\/www.naturparkmagazin.de\/dahme-heideseen\/wp-json\/wp\/v2\/media?parent=187"}],"wp:term":[{"taxonomy":"category","embeddable":true,"href":"https:\/\/www.naturparkmagazin.de\/dahme-heideseen\/wp-json\/wp\/v2\/categories?post=187"},{"taxonomy":"post_tag","embeddable":true,"href":"https:\/\/www.naturparkmagazin.de\/dahme-heideseen\/wp-json\/wp\/v2\/tags?post=187"}],"curies":[{"name":"wp","href":"https:\/\/api.w.org\/{rel}","templated":true}]}}