{"id":1888,"date":"2017-04-15T11:48:13","date_gmt":"2017-04-15T09:48:13","guid":{"rendered":"http:\/\/www.naturparkmagazin.de\/dahme-heideseen\/?p=1888"},"modified":"2017-04-25T13:42:11","modified_gmt":"2017-04-25T11:42:11","slug":"alte-weide-am-dahmeufer","status":"publish","type":"post","link":"https:\/\/www.naturparkmagazin.de\/dahme-heideseen\/alte-weide-am-dahmeufer\/","title":{"rendered":"Die Platane im Blossiner Park"},"content":{"rendered":"<p>Die Grafikerin Inka Lumer gestaltet mit ihren Baumbildern die Kalenderbl\u00e4tter des JahreBuch 2017. Als kleine Serie durch das Jahr stellen wir Ihnen die Kalendermotive hier vor. Heute:\u00a0Die Platane im Blossiner Park<\/p>\n<p><!--more--><\/p>\n<p>1448 wird Blossin erstmalig urkundlich erw\u00e4hnt. Die m\u00e4chtige Platane mit einem Stammumfang von 6 Metern ist ungef\u00e4hr so alt wie das Dorf selbst. Hinter dem Baum steht ein schmuckes Schloss, welches schon von K\u00f6nig Friedrich Wilhelm I. genutzt wurde. Sp\u00e4ter wird es Jagdschloss unter Baron von Lippert. Nach dem Krieg wehren sich die Einwohner von Blossin erfolgreich gegen seine Zerst\u00f6rung. Heute wird das Schloss als \ue004erapie zentrum f\u00fcr Jugendliche genutzt.<\/p>\n<p><a href=\"http:\/\/www.nabu-dahmeland.de\/front_content.php?idcat=143\" target=\"_blank\">Hier finden Sie alle Beitr\u00e4ge des JahreBuchs 2017 als PDF<\/a><\/p>\n<div id=\"attachment_1911\" style=\"width: 473px\" class=\"wp-caption aligncenter\"><a href=\"https:\/\/www.naturparkmagazin.de\/dahme-heideseen\/wp-content\/uploads\/sites\/37\/npdh_Blossin_platane_inka_lumer.jpg\"><img aria-describedby=\"caption-attachment-1911\" decoding=\"async\" loading=\"lazy\" class=\"size-full wp-image-1911\" src=\"https:\/\/www.naturparkmagazin.de\/dahme-heideseen\/wp-content\/uploads\/sites\/37\/npdh_Blossin_platane_inka_lumer.jpg\" alt=\"Platen in Blossin (Inka Lumer)\" width=\"463\" height=\"640\" srcset=\"https:\/\/www.naturparkmagazin.de\/dahme-heideseen\/wp-content\/uploads\/sites\/37\/npdh_Blossin_platane_inka_lumer.jpg 463w, https:\/\/www.naturparkmagazin.de\/dahme-heideseen\/wp-content\/uploads\/sites\/37\/npdh_Blossin_platane_inka_lumer-300x415.jpg 300w, https:\/\/www.naturparkmagazin.de\/dahme-heideseen\/wp-content\/uploads\/sites\/37\/npdh_Blossin_platane_inka_lumer-200x276.jpg 200w\" sizes=\"(max-width: 463px) 100vw, 463px\" \/><\/a><p id=\"caption-attachment-1911\" class=\"wp-caption-text\">Platen in Blossin (Inka Lumer)<\/p><\/div>\n<p><strong><a href=\"www.traumwerker.de\" target=\"_blank\">Illustrationen Inka Lumer<\/a><\/strong><\/p>\n","protected":false},"excerpt":{"rendered":"<p>Die Grafikerin Inka Lumer gestaltet mit ihren Baumbildern das JahreBuch 2017. Als kleine Serie durch das Jahr stellen wir Ihnen die Kalendermotive hier vor. Heute: Die Platane im Blossiner Park<\/p>\n","protected":false},"author":48,"featured_media":1911,"comment_status":"open","ping_status":"open","sticky":false,"template":"","format":"standard","meta":[],"categories":[7],"tags":[],"yoast_head":"<!-- This site is optimized with the Yoast SEO plugin v19.10 - https:\/\/yoast.com\/wordpress\/plugins\/seo\/ -->\n<title>Die Platane im Blossiner Park - Naturpark Dahme-Heideseen<\/title>\n<meta name=\"robots\" content=\"index, follow, max-snippet:-1, max-image-preview:large, max-video-preview:-1\" \/>\n<link rel=\"canonical\" href=\"https:\/\/www.naturparkmagazin.de\/dahme-heideseen\/alte-weide-am-dahmeufer\/\" \/>\n<meta property=\"og:locale\" content=\"de_DE\" \/>\n<meta property=\"og:type\" content=\"article\" \/>\n<meta property=\"og:title\" content=\"Die Platane im Blossiner Park - Naturpark Dahme-Heideseen\" \/>\n<meta property=\"og:description\" content=\"Die Grafikerin Inka Lumer gestaltet mit ihren Baumbildern das JahreBuch 2017. Als kleine Serie durch das Jahr stellen wir Ihnen die Kalendermotive hier vor. Heute: Die Platane im Blossiner Park\" \/>\n<meta property=\"og:url\" content=\"https:\/\/www.naturparkmagazin.de\/dahme-heideseen\/alte-weide-am-dahmeufer\/\" \/>\n<meta property=\"og:site_name\" content=\"Naturpark Dahme-Heideseen\" \/>\n<meta property=\"article:published_time\" content=\"2017-04-15T09:48:13+00:00\" \/>\n<meta property=\"article:modified_time\" content=\"2017-04-25T11:42:11+00:00\" \/>\n<meta property=\"og:image\" content=\"https:\/\/www.naturparkmagazin.de\/dahme-heideseen\/wp-content\/uploads\/sites\/37\/npdh_Blossin_platane_inka_lumer.jpg\" \/>\n\t<meta property=\"og:image:width\" content=\"463\" \/>\n\t<meta property=\"og:image:height\" content=\"640\" \/>\n\t<meta property=\"og:image:type\" content=\"image\/jpeg\" \/>\n<meta name=\"author\" content=\"hanssonnenberg\" \/>\n<meta name=\"twitter:label1\" content=\"Verfasst von\" \/>\n\t<meta name=\"twitter:data1\" content=\"hanssonnenberg\" \/>\n\t<meta name=\"twitter:label2\" content=\"Gesch\u00e4tzte Lesezeit\" \/>\n\t<meta name=\"twitter:data2\" content=\"1\u00a0Minute\" \/>\n<script type=\"application\/ld+json\" class=\"yoast-schema-graph\">{\"@context\":\"https:\/\/schema.org\",\"@graph\":[{\"@type\":\"WebPage\",\"@id\":\"https:\/\/www.naturparkmagazin.de\/dahme-heideseen\/alte-weide-am-dahmeufer\/\",\"url\":\"https:\/\/www.naturparkmagazin.de\/dahme-heideseen\/alte-weide-am-dahmeufer\/\",\"name\":\"Die Platane im Blossiner Park - Naturpark Dahme-Heideseen\",\"isPartOf\":{\"@id\":\"https:\/\/www.naturparkmagazin.de\/dahme-heideseen\/#website\"},\"datePublished\":\"2017-04-15T09:48:13+00:00\",\"dateModified\":\"2017-04-25T11:42:11+00:00\",\"author\":{\"@id\":\"https:\/\/www.naturparkmagazin.de\/dahme-heideseen\/#\/schema\/person\/c81c96c3a1f5ee7bffff8b8022c105f0\"},\"breadcrumb\":{\"@id\":\"https:\/\/www.naturparkmagazin.de\/dahme-heideseen\/alte-weide-am-dahmeufer\/#breadcrumb\"},\"inLanguage\":\"de\",\"potentialAction\":[{\"@type\":\"ReadAction\",\"target\":[\"https:\/\/www.naturparkmagazin.de\/dahme-heideseen\/alte-weide-am-dahmeufer\/\"]}]},{\"@type\":\"BreadcrumbList\",\"@id\":\"https:\/\/www.naturparkmagazin.de\/dahme-heideseen\/alte-weide-am-dahmeufer\/#breadcrumb\",\"itemListElement\":[{\"@type\":\"ListItem\",\"position\":1,\"name\":\"Home\",\"item\":\"https:\/\/www.naturparkmagazin.de\/dahme-heideseen\/\"},{\"@type\":\"ListItem\",\"position\":2,\"name\":\"Die Platane im Blossiner Park\"}]},{\"@type\":\"WebSite\",\"@id\":\"https:\/\/www.naturparkmagazin.de\/dahme-heideseen\/#website\",\"url\":\"https:\/\/www.naturparkmagazin.de\/dahme-heideseen\/\",\"name\":\"Naturpark Dahme-Heideseen\",\"description\":\"\",\"potentialAction\":[{\"@type\":\"SearchAction\",\"target\":{\"@type\":\"EntryPoint\",\"urlTemplate\":\"https:\/\/www.naturparkmagazin.de\/dahme-heideseen\/?s={search_term_string}\"},\"query-input\":\"required name=search_term_string\"}],\"inLanguage\":\"de\"},{\"@type\":\"Person\",\"@id\":\"https:\/\/www.naturparkmagazin.de\/dahme-heideseen\/#\/schema\/person\/c81c96c3a1f5ee7bffff8b8022c105f0\",\"name\":\"hanssonnenberg\",\"url\":\"https:\/\/www.naturparkmagazin.de\/dahme-heideseen\/author\/hanssonnenberg\/\"}]}<\/script>\n<!-- \/ Yoast SEO plugin. -->","yoast_head_json":{"title":"Die Platane im Blossiner Park - Naturpark Dahme-Heideseen","robots":{"index":"index","follow":"follow","max-snippet":"max-snippet:-1","max-image-preview":"max-image-preview:large","max-video-preview":"max-video-preview:-1"},"canonical":"https:\/\/www.naturparkmagazin.de\/dahme-heideseen\/alte-weide-am-dahmeufer\/","og_locale":"de_DE","og_type":"article","og_title":"Die Platane im Blossiner Park - Naturpark Dahme-Heideseen","og_description":"Die Grafikerin Inka Lumer gestaltet mit ihren Baumbildern das JahreBuch 2017. Als kleine Serie durch das Jahr stellen wir Ihnen die Kalendermotive hier vor. Heute: Die Platane im Blossiner Park","og_url":"https:\/\/www.naturparkmagazin.de\/dahme-heideseen\/alte-weide-am-dahmeufer\/","og_site_name":"Naturpark Dahme-Heideseen","article_published_time":"2017-04-15T09:48:13+00:00","article_modified_time":"2017-04-25T11:42:11+00:00","og_image":[{"width":463,"height":640,"url":"https:\/\/www.naturparkmagazin.de\/dahme-heideseen\/wp-content\/uploads\/sites\/37\/npdh_Blossin_platane_inka_lumer.jpg","type":"image\/jpeg"}],"author":"hanssonnenberg","twitter_misc":{"Verfasst von":"hanssonnenberg","Gesch\u00e4tzte Lesezeit":"1\u00a0Minute"},"schema":{"@context":"https:\/\/schema.org","@graph":[{"@type":"WebPage","@id":"https:\/\/www.naturparkmagazin.de\/dahme-heideseen\/alte-weide-am-dahmeufer\/","url":"https:\/\/www.naturparkmagazin.de\/dahme-heideseen\/alte-weide-am-dahmeufer\/","name":"Die Platane im Blossiner Park - Naturpark Dahme-Heideseen","isPartOf":{"@id":"https:\/\/www.naturparkmagazin.de\/dahme-heideseen\/#website"},"datePublished":"2017-04-15T09:48:13+00:00","dateModified":"2017-04-25T11:42:11+00:00","author":{"@id":"https:\/\/www.naturparkmagazin.de\/dahme-heideseen\/#\/schema\/person\/c81c96c3a1f5ee7bffff8b8022c105f0"},"breadcrumb":{"@id":"https:\/\/www.naturparkmagazin.de\/dahme-heideseen\/alte-weide-am-dahmeufer\/#breadcrumb"},"inLanguage":"de","potentialAction":[{"@type":"ReadAction","target":["https:\/\/www.naturparkmagazin.de\/dahme-heideseen\/alte-weide-am-dahmeufer\/"]}]},{"@type":"BreadcrumbList","@id":"https:\/\/www.naturparkmagazin.de\/dahme-heideseen\/alte-weide-am-dahmeufer\/#breadcrumb","itemListElement":[{"@type":"ListItem","position":1,"name":"Home","item":"https:\/\/www.naturparkmagazin.de\/dahme-heideseen\/"},{"@type":"ListItem","position":2,"name":"Die Platane im Blossiner Park"}]},{"@type":"WebSite","@id":"https:\/\/www.naturparkmagazin.de\/dahme-heideseen\/#website","url":"https:\/\/www.naturparkmagazin.de\/dahme-heideseen\/","name":"Naturpark Dahme-Heideseen","description":"","potentialAction":[{"@type":"SearchAction","target":{"@type":"EntryPoint","urlTemplate":"https:\/\/www.naturparkmagazin.de\/dahme-heideseen\/?s={search_term_string}"},"query-input":"required name=search_term_string"}],"inLanguage":"de"},{"@type":"Person","@id":"https:\/\/www.naturparkmagazin.de\/dahme-heideseen\/#\/schema\/person\/c81c96c3a1f5ee7bffff8b8022c105f0","name":"hanssonnenberg","url":"https:\/\/www.naturparkmagazin.de\/dahme-heideseen\/author\/hanssonnenberg\/"}]}},"_links":{"self":[{"href":"https:\/\/www.naturparkmagazin.de\/dahme-heideseen\/wp-json\/wp\/v2\/posts\/1888"}],"collection":[{"href":"https:\/\/www.naturparkmagazin.de\/dahme-heideseen\/wp-json\/wp\/v2\/posts"}],"about":[{"href":"https:\/\/www.naturparkmagazin.de\/dahme-heideseen\/wp-json\/wp\/v2\/types\/post"}],"author":[{"embeddable":true,"href":"https:\/\/www.naturparkmagazin.de\/dahme-heideseen\/wp-json\/wp\/v2\/users\/48"}],"replies":[{"embeddable":true,"href":"https:\/\/www.naturparkmagazin.de\/dahme-heideseen\/wp-json\/wp\/v2\/comments?post=1888"}],"version-history":[{"count":6,"href":"https:\/\/www.naturparkmagazin.de\/dahme-heideseen\/wp-json\/wp\/v2\/posts\/1888\/revisions"}],"predecessor-version":[{"id":1927,"href":"https:\/\/www.naturparkmagazin.de\/dahme-heideseen\/wp-json\/wp\/v2\/posts\/1888\/revisions\/1927"}],"wp:featuredmedia":[{"embeddable":true,"href":"https:\/\/www.naturparkmagazin.de\/dahme-heideseen\/wp-json\/wp\/v2\/media\/1911"}],"wp:attachment":[{"href":"https:\/\/www.naturparkmagazin.de\/dahme-heideseen\/wp-json\/wp\/v2\/media?parent=1888"}],"wp:term":[{"taxonomy":"category","embeddable":true,"href":"https:\/\/www.naturparkmagazin.de\/dahme-heideseen\/wp-json\/wp\/v2\/categories?post=1888"},{"taxonomy":"post_tag","embeddable":true,"href":"https:\/\/www.naturparkmagazin.de\/dahme-heideseen\/wp-json\/wp\/v2\/tags?post=1888"}],"curies":[{"name":"wp","href":"https:\/\/api.w.org\/{rel}","templated":true}]}}