{"id":1896,"date":"2017-04-20T17:00:15","date_gmt":"2017-04-20T15:00:15","guid":{"rendered":"http:\/\/www.naturparkmagazin.de\/dahme-heideseen\/?p=1896"},"modified":"2017-04-25T13:40:36","modified_gmt":"2017-04-25T11:40:36","slug":"waldwispern-am-29-april-wenn-baeume-sprechen","status":"publish","type":"post","link":"https:\/\/www.naturparkmagazin.de\/dahme-heideseen\/waldwispern-am-29-april-wenn-baeume-sprechen\/","title":{"rendered":"M\u00e4rchenwanderung auf der Lesef\u00e4hrte Waldweisen"},"content":{"rendered":"<p>Die Lesef\u00e4hrte Waldweise ist ein mit literarischen Texten begleiteter Wanderweg, der die typischen Merkmale der Landschaft in Brandenburg aufweist. Er wurde von dem K\u00fcnstler Wolfgang Georgsdorf konzipiert.\u00a0 Deie Wanderung statet am 14. Mai 2017 um 14. Uhr am Forsthaus Hammer<!--more-->An kleinen Mooren entlang, f\u00fchrt der f\u00fcr die Mark bestimmende Kiefern- und Birkenwald zur Dahme hin. Inspiriert von Geschichten \u00fcber ehemalige Waldberufe, durch die Texte am Wegesrand, Fauna und Flora und k\u00f6nnen sie die Sch\u00f6nheit der Natur auf sich wirken lassen. Bei dieser Tour werden sie Zeit haben, die Natur mit allen Sinnen zu erfahren.<\/p>\n<p>Hinweis: Material bitte mitbringen: Rucksack, wetterfeste Kleidung und Sitzunterlage, Schreibzeug, Getr\u00e4nke\/kleiner Imbiss<\/p>\n<p>Kursleitung Kirsten Heidler\nZertifizierte Natur, Kultur- und Landschaftsf\u00fchrerin<\/p>\n<div id=\"attachment_1897\" style=\"width: 630px\" class=\"wp-caption aligncenter\"><a href=\"https:\/\/www.naturparkmagazin.de\/dahme-heideseen\/wp-content\/uploads\/sites\/37\/npdh_eichenblatt_sonnenberg.jpg\"><img aria-describedby=\"caption-attachment-1897\" decoding=\"async\" loading=\"lazy\" class=\"size-medium wp-image-1897\" src=\"https:\/\/www.naturparkmagazin.de\/dahme-heideseen\/wp-content\/uploads\/sites\/37\/npdh_eichenblatt_sonnenberg-620x465.jpg\" alt=\"Traubeneiche im Wald um Hammer (Sonnenberg)\" width=\"620\" height=\"465\" srcset=\"https:\/\/www.naturparkmagazin.de\/dahme-heideseen\/wp-content\/uploads\/sites\/37\/npdh_eichenblatt_sonnenberg-620x465.jpg 620w, https:\/\/www.naturparkmagazin.de\/dahme-heideseen\/wp-content\/uploads\/sites\/37\/npdh_eichenblatt_sonnenberg-300x225.jpg 300w, https:\/\/www.naturparkmagazin.de\/dahme-heideseen\/wp-content\/uploads\/sites\/37\/npdh_eichenblatt_sonnenberg-940x705.jpg 940w, https:\/\/www.naturparkmagazin.de\/dahme-heideseen\/wp-content\/uploads\/sites\/37\/npdh_eichenblatt_sonnenberg-580x435.jpg 580w, https:\/\/www.naturparkmagazin.de\/dahme-heideseen\/wp-content\/uploads\/sites\/37\/npdh_eichenblatt_sonnenberg-420x315.jpg 420w, https:\/\/www.naturparkmagazin.de\/dahme-heideseen\/wp-content\/uploads\/sites\/37\/npdh_eichenblatt_sonnenberg-180x135.jpg 180w, https:\/\/www.naturparkmagazin.de\/dahme-heideseen\/wp-content\/uploads\/sites\/37\/npdh_eichenblatt_sonnenberg-95x71.jpg 95w, https:\/\/www.naturparkmagazin.de\/dahme-heideseen\/wp-content\/uploads\/sites\/37\/npdh_eichenblatt_sonnenberg-670x503.jpg 670w, https:\/\/www.naturparkmagazin.de\/dahme-heideseen\/wp-content\/uploads\/sites\/37\/npdh_eichenblatt_sonnenberg-200x150.jpg 200w, https:\/\/www.naturparkmagazin.de\/dahme-heideseen\/wp-content\/uploads\/sites\/37\/npdh_eichenblatt_sonnenberg.jpg 1000w\" sizes=\"(max-width: 620px) 100vw, 620px\" \/><\/a><p id=\"caption-attachment-1897\" class=\"wp-caption-text\">Traubeneiche im Wald um Hammer (Sonnenberg)<\/p><\/div>\n<p>Anfahrt-Hinweis:\n\u00d6ffentlich Bus 725 K\u00f6nigs Wusterhausen &#8211; Neuendorf\nVeranstaltungsort\nOberf\u00f6rsterei Hammer an der B 179, zwischen Neubr\u00fcck und M\u00e4rkisch Buchholz\n15746 Gro\u00df K\u00f6ris OT L\u00f6pten<\/p>\n<p>Fax +49 (0)302162732<\/p>\n<p>Veranstalter\nWandern und Schreiben\nKirsten Heidler\nTelefon +49 (0) 1774695649\nE-Mail heidler@studio58-berlin.de<\/p>\n<p><a href=\"http:\/\/wandern-und-schreiben.de\" target=\"_blank\">Wandern und Schreiben<\/a><\/p>\n","protected":false},"excerpt":{"rendered":"<p>Die Lesef\u00e4hrte Waldweise ist ein mit literarischen Texten begleiteter Wanderweg, der die typischen Merkmale der Landschaft in Brandenburg aufweist. Er wurde von dem K\u00fcnstler Wolfgang Georgsdorf konzipiert.\u00a0 Deie Wanderung statet am 14. Mai 2017 um 14. Uhr am Forsthaus Hammer<\/p>\n","protected":false},"author":48,"featured_media":1898,"comment_status":"open","ping_status":"open","sticky":false,"template":"","format":"standard","meta":[],"categories":[11],"tags":[],"yoast_head":"<!-- This site is optimized with the Yoast SEO plugin v19.10 - https:\/\/yoast.com\/wordpress\/plugins\/seo\/ -->\n<title>M\u00e4rchenwanderung auf der Lesef\u00e4hrte Waldweisen - Naturpark Dahme-Heideseen<\/title>\n<meta name=\"robots\" content=\"index, follow, max-snippet:-1, max-image-preview:large, max-video-preview:-1\" \/>\n<link rel=\"canonical\" href=\"https:\/\/www.naturparkmagazin.de\/dahme-heideseen\/waldwispern-am-29-april-wenn-baeume-sprechen\/\" \/>\n<meta property=\"og:locale\" content=\"de_DE\" \/>\n<meta property=\"og:type\" content=\"article\" \/>\n<meta property=\"og:title\" content=\"M\u00e4rchenwanderung auf der Lesef\u00e4hrte Waldweisen - Naturpark Dahme-Heideseen\" \/>\n<meta property=\"og:description\" content=\"Die Lesef\u00e4hrte Waldweise ist ein mit literarischen Texten begleiteter Wanderweg, der die typischen Merkmale der Landschaft in Brandenburg aufweist. Er wurde von dem K\u00fcnstler Wolfgang Georgsdorf konzipiert.\u00a0 Deie Wanderung statet am 14. Mai 2017 um 14. Uhr am Forsthaus Hammer\" \/>\n<meta property=\"og:url\" content=\"https:\/\/www.naturparkmagazin.de\/dahme-heideseen\/waldwispern-am-29-april-wenn-baeume-sprechen\/\" \/>\n<meta property=\"og:site_name\" content=\"Naturpark Dahme-Heideseen\" \/>\n<meta property=\"article:published_time\" content=\"2017-04-20T15:00:15+00:00\" \/>\n<meta property=\"article:modified_time\" content=\"2017-04-25T11:40:36+00:00\" \/>\n<meta property=\"og:image\" content=\"https:\/\/www.naturparkmagazin.de\/dahme-heideseen\/wp-content\/uploads\/sites\/37\/npdh_lesef\u00e4hrte-Sonnenberg.jpg\" \/>\n\t<meta property=\"og:image:width\" content=\"1000\" \/>\n\t<meta property=\"og:image:height\" content=\"669\" \/>\n\t<meta property=\"og:image:type\" content=\"image\/jpeg\" \/>\n<meta name=\"author\" content=\"hanssonnenberg\" \/>\n<meta name=\"twitter:label1\" content=\"Verfasst von\" \/>\n\t<meta name=\"twitter:data1\" content=\"hanssonnenberg\" \/>\n\t<meta name=\"twitter:label2\" content=\"Gesch\u00e4tzte Lesezeit\" \/>\n\t<meta name=\"twitter:data2\" content=\"1\u00a0Minute\" \/>\n<script type=\"application\/ld+json\" class=\"yoast-schema-graph\">{\"@context\":\"https:\/\/schema.org\",\"@graph\":[{\"@type\":\"WebPage\",\"@id\":\"https:\/\/www.naturparkmagazin.de\/dahme-heideseen\/waldwispern-am-29-april-wenn-baeume-sprechen\/\",\"url\":\"https:\/\/www.naturparkmagazin.de\/dahme-heideseen\/waldwispern-am-29-april-wenn-baeume-sprechen\/\",\"name\":\"M\u00e4rchenwanderung auf der Lesef\u00e4hrte Waldweisen - Naturpark Dahme-Heideseen\",\"isPartOf\":{\"@id\":\"https:\/\/www.naturparkmagazin.de\/dahme-heideseen\/#website\"},\"datePublished\":\"2017-04-20T15:00:15+00:00\",\"dateModified\":\"2017-04-25T11:40:36+00:00\",\"author\":{\"@id\":\"https:\/\/www.naturparkmagazin.de\/dahme-heideseen\/#\/schema\/person\/c81c96c3a1f5ee7bffff8b8022c105f0\"},\"breadcrumb\":{\"@id\":\"https:\/\/www.naturparkmagazin.de\/dahme-heideseen\/waldwispern-am-29-april-wenn-baeume-sprechen\/#breadcrumb\"},\"inLanguage\":\"de\",\"potentialAction\":[{\"@type\":\"ReadAction\",\"target\":[\"https:\/\/www.naturparkmagazin.de\/dahme-heideseen\/waldwispern-am-29-april-wenn-baeume-sprechen\/\"]}]},{\"@type\":\"BreadcrumbList\",\"@id\":\"https:\/\/www.naturparkmagazin.de\/dahme-heideseen\/waldwispern-am-29-april-wenn-baeume-sprechen\/#breadcrumb\",\"itemListElement\":[{\"@type\":\"ListItem\",\"position\":1,\"name\":\"Home\",\"item\":\"https:\/\/www.naturparkmagazin.de\/dahme-heideseen\/\"},{\"@type\":\"ListItem\",\"position\":2,\"name\":\"M\u00e4rchenwanderung auf der Lesef\u00e4hrte Waldweisen\"}]},{\"@type\":\"WebSite\",\"@id\":\"https:\/\/www.naturparkmagazin.de\/dahme-heideseen\/#website\",\"url\":\"https:\/\/www.naturparkmagazin.de\/dahme-heideseen\/\",\"name\":\"Naturpark Dahme-Heideseen\",\"description\":\"\",\"potentialAction\":[{\"@type\":\"SearchAction\",\"target\":{\"@type\":\"EntryPoint\",\"urlTemplate\":\"https:\/\/www.naturparkmagazin.de\/dahme-heideseen\/?s={search_term_string}\"},\"query-input\":\"required name=search_term_string\"}],\"inLanguage\":\"de\"},{\"@type\":\"Person\",\"@id\":\"https:\/\/www.naturparkmagazin.de\/dahme-heideseen\/#\/schema\/person\/c81c96c3a1f5ee7bffff8b8022c105f0\",\"name\":\"hanssonnenberg\",\"url\":\"https:\/\/www.naturparkmagazin.de\/dahme-heideseen\/author\/hanssonnenberg\/\"}]}<\/script>\n<!-- \/ Yoast SEO plugin. -->","yoast_head_json":{"title":"M\u00e4rchenwanderung auf der Lesef\u00e4hrte Waldweisen - Naturpark Dahme-Heideseen","robots":{"index":"index","follow":"follow","max-snippet":"max-snippet:-1","max-image-preview":"max-image-preview:large","max-video-preview":"max-video-preview:-1"},"canonical":"https:\/\/www.naturparkmagazin.de\/dahme-heideseen\/waldwispern-am-29-april-wenn-baeume-sprechen\/","og_locale":"de_DE","og_type":"article","og_title":"M\u00e4rchenwanderung auf der Lesef\u00e4hrte Waldweisen - Naturpark Dahme-Heideseen","og_description":"Die Lesef\u00e4hrte Waldweise ist ein mit literarischen Texten begleiteter Wanderweg, der die typischen Merkmale der Landschaft in Brandenburg aufweist. Er wurde von dem K\u00fcnstler Wolfgang Georgsdorf konzipiert.\u00a0 Deie Wanderung statet am 14. Mai 2017 um 14. Uhr am Forsthaus Hammer","og_url":"https:\/\/www.naturparkmagazin.de\/dahme-heideseen\/waldwispern-am-29-april-wenn-baeume-sprechen\/","og_site_name":"Naturpark Dahme-Heideseen","article_published_time":"2017-04-20T15:00:15+00:00","article_modified_time":"2017-04-25T11:40:36+00:00","og_image":[{"width":1000,"height":669,"url":"https:\/\/www.naturparkmagazin.de\/dahme-heideseen\/wp-content\/uploads\/sites\/37\/npdh_lesef\u00e4hrte-Sonnenberg.jpg","type":"image\/jpeg"}],"author":"hanssonnenberg","twitter_misc":{"Verfasst von":"hanssonnenberg","Gesch\u00e4tzte Lesezeit":"1\u00a0Minute"},"schema":{"@context":"https:\/\/schema.org","@graph":[{"@type":"WebPage","@id":"https:\/\/www.naturparkmagazin.de\/dahme-heideseen\/waldwispern-am-29-april-wenn-baeume-sprechen\/","url":"https:\/\/www.naturparkmagazin.de\/dahme-heideseen\/waldwispern-am-29-april-wenn-baeume-sprechen\/","name":"M\u00e4rchenwanderung auf der Lesef\u00e4hrte Waldweisen - Naturpark Dahme-Heideseen","isPartOf":{"@id":"https:\/\/www.naturparkmagazin.de\/dahme-heideseen\/#website"},"datePublished":"2017-04-20T15:00:15+00:00","dateModified":"2017-04-25T11:40:36+00:00","author":{"@id":"https:\/\/www.naturparkmagazin.de\/dahme-heideseen\/#\/schema\/person\/c81c96c3a1f5ee7bffff8b8022c105f0"},"breadcrumb":{"@id":"https:\/\/www.naturparkmagazin.de\/dahme-heideseen\/waldwispern-am-29-april-wenn-baeume-sprechen\/#breadcrumb"},"inLanguage":"de","potentialAction":[{"@type":"ReadAction","target":["https:\/\/www.naturparkmagazin.de\/dahme-heideseen\/waldwispern-am-29-april-wenn-baeume-sprechen\/"]}]},{"@type":"BreadcrumbList","@id":"https:\/\/www.naturparkmagazin.de\/dahme-heideseen\/waldwispern-am-29-april-wenn-baeume-sprechen\/#breadcrumb","itemListElement":[{"@type":"ListItem","position":1,"name":"Home","item":"https:\/\/www.naturparkmagazin.de\/dahme-heideseen\/"},{"@type":"ListItem","position":2,"name":"M\u00e4rchenwanderung auf der Lesef\u00e4hrte Waldweisen"}]},{"@type":"WebSite","@id":"https:\/\/www.naturparkmagazin.de\/dahme-heideseen\/#website","url":"https:\/\/www.naturparkmagazin.de\/dahme-heideseen\/","name":"Naturpark Dahme-Heideseen","description":"","potentialAction":[{"@type":"SearchAction","target":{"@type":"EntryPoint","urlTemplate":"https:\/\/www.naturparkmagazin.de\/dahme-heideseen\/?s={search_term_string}"},"query-input":"required name=search_term_string"}],"inLanguage":"de"},{"@type":"Person","@id":"https:\/\/www.naturparkmagazin.de\/dahme-heideseen\/#\/schema\/person\/c81c96c3a1f5ee7bffff8b8022c105f0","name":"hanssonnenberg","url":"https:\/\/www.naturparkmagazin.de\/dahme-heideseen\/author\/hanssonnenberg\/"}]}},"_links":{"self":[{"href":"https:\/\/www.naturparkmagazin.de\/dahme-heideseen\/wp-json\/wp\/v2\/posts\/1896"}],"collection":[{"href":"https:\/\/www.naturparkmagazin.de\/dahme-heideseen\/wp-json\/wp\/v2\/posts"}],"about":[{"href":"https:\/\/www.naturparkmagazin.de\/dahme-heideseen\/wp-json\/wp\/v2\/types\/post"}],"author":[{"embeddable":true,"href":"https:\/\/www.naturparkmagazin.de\/dahme-heideseen\/wp-json\/wp\/v2\/users\/48"}],"replies":[{"embeddable":true,"href":"https:\/\/www.naturparkmagazin.de\/dahme-heideseen\/wp-json\/wp\/v2\/comments?post=1896"}],"version-history":[{"count":3,"href":"https:\/\/www.naturparkmagazin.de\/dahme-heideseen\/wp-json\/wp\/v2\/posts\/1896\/revisions"}],"predecessor-version":[{"id":1925,"href":"https:\/\/www.naturparkmagazin.de\/dahme-heideseen\/wp-json\/wp\/v2\/posts\/1896\/revisions\/1925"}],"wp:featuredmedia":[{"embeddable":true,"href":"https:\/\/www.naturparkmagazin.de\/dahme-heideseen\/wp-json\/wp\/v2\/media\/1898"}],"wp:attachment":[{"href":"https:\/\/www.naturparkmagazin.de\/dahme-heideseen\/wp-json\/wp\/v2\/media?parent=1896"}],"wp:term":[{"taxonomy":"category","embeddable":true,"href":"https:\/\/www.naturparkmagazin.de\/dahme-heideseen\/wp-json\/wp\/v2\/categories?post=1896"},{"taxonomy":"post_tag","embeddable":true,"href":"https:\/\/www.naturparkmagazin.de\/dahme-heideseen\/wp-json\/wp\/v2\/tags?post=1896"}],"curies":[{"name":"wp","href":"https:\/\/api.w.org\/{rel}","templated":true}]}}