{"id":1909,"date":"2017-04-20T23:45:23","date_gmt":"2017-04-20T21:45:23","guid":{"rendered":"http:\/\/www.naturparkmagazin.de\/dahme-heideseen\/?p=1909"},"modified":"2017-04-25T13:37:46","modified_gmt":"2017-04-25T11:37:46","slug":"erster-netzwerk-stammtisch-2017-fuer-den-naturpark","status":"publish","type":"post","link":"https:\/\/www.naturparkmagazin.de\/dahme-heideseen\/erster-netzwerk-stammtisch-2017-fuer-den-naturpark\/","title":{"rendered":"Erster Netzwerk-Stammtisch 2017 f\u00fcr den Naturpark am 26. April"},"content":{"rendered":"<p>Das erste Viertel des Jahres ist bereits um und es wird h\u00f6chste Zeit f\u00fcr den ersten Netzwerk-Stammtisch des Naturparks des Jahres 2017.<\/p>\n<p>Dieser findet am 26. April um 18 Uhr statt. Wie beim ersten Treffen beschlossen, wechseln wir jedes Mal den Veranstaltungsort. Diesmal ist das KIEZ H\u00f6lzerner See unser Gastgeber.<\/p>\n<p>Grober Fahrplan f\u00fcr den Abend wird also wie folgt sein:\n&#8211; F\u00fchrung durch das Haus des Wassers\n&#8211; Sind wir authentisch? Austausch zur Nachhaltigkeit\n&#8211; Forum des Naturparks \u2013 Brauchen wir das?\n&#8211; RegioApp \u2013 Kurze Vorstellung und Interessenabfrage\n&#8211; Veranstaltungs\u00fcberblick f\u00fcr den Naturpark<\/p>\n<p>R\u00fcckmeldung sp\u00e4testens bis Fr. 21. April<\/p>\n<p>Das Weitersagen dieser Veranstaltung an weitere Akteure des Naturparks ist ausdr\u00fccklich erw\u00fcnscht!<\/p>\n<h3>Veranstaltungsort<\/h3>\n<p><strong>KIZ H\u00f6lzerner See<\/strong>\nWeg zum H\u00f6lzernen See 1\n15754 Heidesee<\/p>\n<dl class=\"contact\">\n<dt class=\"phone\"><span class=\"accessibility\">Telefon <\/span>+49(0) 33763 \/ 63239<\/dt>\n<dt class=\"mail\"><span class=\"accessibility\">E-Mail <\/span><a href=\"http:\/\/www.dahme-heideseen-naturpark.de\/service\/kontakt\/?tx_snmlugv_pi6%5Bcontact%5D=4929&amp;tx_snmlugv_pi6%5Bdate%5D=1\">info@hoelzerner-see.de <\/a><\/dt>\n<dt class=\"www\"><span class=\"accessibility\">Internet <\/span><a href=\"http:\/\/www.hoelzerner-see.de\" target=\"_blank\">www.hoelzerner-see.de<\/a><\/dt>\n<\/dl>\n<h3>Veranstalter<\/h3>\n<p><strong>Besucherzentrum Naturpark Dahme-Heideseen<\/strong>\nFranziska Kreis\nSchlo\u00dfstra\u00dfe 6\n15859 Storkow (Mark)<\/p>\n<dl class=\"contact\">\n<dt class=\"phone\"><span class=\"accessibility\">Telefon <\/span>+49 (0) 33678 73228<\/dt>\n<dt class=\"mail\"><span class=\"accessibility\">E-Mail <\/span><a href=\"http:\/\/www.dahme-heideseen-naturpark.de\/service\/kontakt\/?tx_snmlugv_pi6%5Bcontact%5D=4929&amp;tx_snmlugv_pi6%5Bdate%5D=1\">besucherzentrum@storkow.de <\/a><\/dt>\n<dt class=\"www\"><span class=\"accessibility\">Internet <\/span><a href=\"http:\/\/www.storkow.de\" target=\"_blank\">www.storkow.de<\/a><\/dt>\n<\/dl>\n","protected":false},"excerpt":{"rendered":"<p>Das erste Viertel des Jahres ist bereits um und es wird h\u00f6chste Zeit f\u00fcr den ersten Netzwerk-Stammtisch des Naturparks des Jahres 2017. Dieser findet am 26. April um 18 Uhr statt. Wie beim ersten Treffen beschlossen, wechseln wir jedes Mal den Veranstaltungsort. Diesmal ist das KIEZ H\u00f6lzerner See unser Gastgeber. Grober Fahrplan f\u00fcr den Abend<\/p>\n","protected":false},"author":48,"featured_media":1910,"comment_status":"open","ping_status":"open","sticky":false,"template":"","format":"standard","meta":[],"categories":[11],"tags":[],"yoast_head":"<!-- This site is optimized with the Yoast SEO plugin v19.10 - https:\/\/yoast.com\/wordpress\/plugins\/seo\/ -->\n<title>Erster Netzwerk-Stammtisch 2017 f\u00fcr den Naturpark am 26. April - Naturpark Dahme-Heideseen<\/title>\n<meta name=\"robots\" content=\"index, follow, max-snippet:-1, max-image-preview:large, max-video-preview:-1\" \/>\n<link rel=\"canonical\" href=\"https:\/\/www.naturparkmagazin.de\/dahme-heideseen\/erster-netzwerk-stammtisch-2017-fuer-den-naturpark\/\" \/>\n<meta property=\"og:locale\" content=\"de_DE\" \/>\n<meta property=\"og:type\" content=\"article\" \/>\n<meta property=\"og:title\" content=\"Erster Netzwerk-Stammtisch 2017 f\u00fcr den Naturpark am 26. April - Naturpark Dahme-Heideseen\" \/>\n<meta property=\"og:description\" content=\"Das erste Viertel des Jahres ist bereits um und es wird h\u00f6chste Zeit f\u00fcr den ersten Netzwerk-Stammtisch des Naturparks des Jahres 2017. Dieser findet am 26. April um 18 Uhr statt. Wie beim ersten Treffen beschlossen, wechseln wir jedes Mal den Veranstaltungsort. Diesmal ist das KIEZ H\u00f6lzerner See unser Gastgeber. Grober Fahrplan f\u00fcr den Abend\" \/>\n<meta property=\"og:url\" content=\"https:\/\/www.naturparkmagazin.de\/dahme-heideseen\/erster-netzwerk-stammtisch-2017-fuer-den-naturpark\/\" \/>\n<meta property=\"og:site_name\" content=\"Naturpark Dahme-Heideseen\" \/>\n<meta property=\"article:published_time\" content=\"2017-04-20T21:45:23+00:00\" \/>\n<meta property=\"article:modified_time\" content=\"2017-04-25T11:37:46+00:00\" \/>\n<meta property=\"og:image\" content=\"https:\/\/www.naturparkmagazin.de\/dahme-heideseen\/wp-content\/uploads\/sites\/37\/npdh_Blick-auf-die-Burgwiesen_BIZ_Storkow.jpg\" \/>\n\t<meta property=\"og:image:width\" content=\"448\" \/>\n\t<meta property=\"og:image:height\" content=\"336\" \/>\n\t<meta property=\"og:image:type\" content=\"image\/jpeg\" \/>\n<meta name=\"author\" content=\"hanssonnenberg\" \/>\n<meta name=\"twitter:label1\" content=\"Verfasst von\" \/>\n\t<meta name=\"twitter:data1\" content=\"hanssonnenberg\" \/>\n\t<meta name=\"twitter:label2\" content=\"Gesch\u00e4tzte Lesezeit\" \/>\n\t<meta name=\"twitter:data2\" content=\"1\u00a0Minute\" \/>\n<script type=\"application\/ld+json\" class=\"yoast-schema-graph\">{\"@context\":\"https:\/\/schema.org\",\"@graph\":[{\"@type\":\"WebPage\",\"@id\":\"https:\/\/www.naturparkmagazin.de\/dahme-heideseen\/erster-netzwerk-stammtisch-2017-fuer-den-naturpark\/\",\"url\":\"https:\/\/www.naturparkmagazin.de\/dahme-heideseen\/erster-netzwerk-stammtisch-2017-fuer-den-naturpark\/\",\"name\":\"Erster Netzwerk-Stammtisch 2017 f\u00fcr den Naturpark am 26. April - Naturpark Dahme-Heideseen\",\"isPartOf\":{\"@id\":\"https:\/\/www.naturparkmagazin.de\/dahme-heideseen\/#website\"},\"datePublished\":\"2017-04-20T21:45:23+00:00\",\"dateModified\":\"2017-04-25T11:37:46+00:00\",\"author\":{\"@id\":\"https:\/\/www.naturparkmagazin.de\/dahme-heideseen\/#\/schema\/person\/c81c96c3a1f5ee7bffff8b8022c105f0\"},\"breadcrumb\":{\"@id\":\"https:\/\/www.naturparkmagazin.de\/dahme-heideseen\/erster-netzwerk-stammtisch-2017-fuer-den-naturpark\/#breadcrumb\"},\"inLanguage\":\"de\",\"potentialAction\":[{\"@type\":\"ReadAction\",\"target\":[\"https:\/\/www.naturparkmagazin.de\/dahme-heideseen\/erster-netzwerk-stammtisch-2017-fuer-den-naturpark\/\"]}]},{\"@type\":\"BreadcrumbList\",\"@id\":\"https:\/\/www.naturparkmagazin.de\/dahme-heideseen\/erster-netzwerk-stammtisch-2017-fuer-den-naturpark\/#breadcrumb\",\"itemListElement\":[{\"@type\":\"ListItem\",\"position\":1,\"name\":\"Home\",\"item\":\"https:\/\/www.naturparkmagazin.de\/dahme-heideseen\/\"},{\"@type\":\"ListItem\",\"position\":2,\"name\":\"Erster Netzwerk-Stammtisch 2017 f\u00fcr den Naturpark am 26. April\"}]},{\"@type\":\"WebSite\",\"@id\":\"https:\/\/www.naturparkmagazin.de\/dahme-heideseen\/#website\",\"url\":\"https:\/\/www.naturparkmagazin.de\/dahme-heideseen\/\",\"name\":\"Naturpark Dahme-Heideseen\",\"description\":\"\",\"potentialAction\":[{\"@type\":\"SearchAction\",\"target\":{\"@type\":\"EntryPoint\",\"urlTemplate\":\"https:\/\/www.naturparkmagazin.de\/dahme-heideseen\/?s={search_term_string}\"},\"query-input\":\"required name=search_term_string\"}],\"inLanguage\":\"de\"},{\"@type\":\"Person\",\"@id\":\"https:\/\/www.naturparkmagazin.de\/dahme-heideseen\/#\/schema\/person\/c81c96c3a1f5ee7bffff8b8022c105f0\",\"name\":\"hanssonnenberg\",\"url\":\"https:\/\/www.naturparkmagazin.de\/dahme-heideseen\/author\/hanssonnenberg\/\"}]}<\/script>\n<!-- \/ Yoast SEO plugin. -->","yoast_head_json":{"title":"Erster Netzwerk-Stammtisch 2017 f\u00fcr den Naturpark am 26. April - Naturpark Dahme-Heideseen","robots":{"index":"index","follow":"follow","max-snippet":"max-snippet:-1","max-image-preview":"max-image-preview:large","max-video-preview":"max-video-preview:-1"},"canonical":"https:\/\/www.naturparkmagazin.de\/dahme-heideseen\/erster-netzwerk-stammtisch-2017-fuer-den-naturpark\/","og_locale":"de_DE","og_type":"article","og_title":"Erster Netzwerk-Stammtisch 2017 f\u00fcr den Naturpark am 26. April - Naturpark Dahme-Heideseen","og_description":"Das erste Viertel des Jahres ist bereits um und es wird h\u00f6chste Zeit f\u00fcr den ersten Netzwerk-Stammtisch des Naturparks des Jahres 2017. Dieser findet am 26. April um 18 Uhr statt. Wie beim ersten Treffen beschlossen, wechseln wir jedes Mal den Veranstaltungsort. Diesmal ist das KIEZ H\u00f6lzerner See unser Gastgeber. Grober Fahrplan f\u00fcr den Abend","og_url":"https:\/\/www.naturparkmagazin.de\/dahme-heideseen\/erster-netzwerk-stammtisch-2017-fuer-den-naturpark\/","og_site_name":"Naturpark Dahme-Heideseen","article_published_time":"2017-04-20T21:45:23+00:00","article_modified_time":"2017-04-25T11:37:46+00:00","og_image":[{"width":448,"height":336,"url":"https:\/\/www.naturparkmagazin.de\/dahme-heideseen\/wp-content\/uploads\/sites\/37\/npdh_Blick-auf-die-Burgwiesen_BIZ_Storkow.jpg","type":"image\/jpeg"}],"author":"hanssonnenberg","twitter_misc":{"Verfasst von":"hanssonnenberg","Gesch\u00e4tzte Lesezeit":"1\u00a0Minute"},"schema":{"@context":"https:\/\/schema.org","@graph":[{"@type":"WebPage","@id":"https:\/\/www.naturparkmagazin.de\/dahme-heideseen\/erster-netzwerk-stammtisch-2017-fuer-den-naturpark\/","url":"https:\/\/www.naturparkmagazin.de\/dahme-heideseen\/erster-netzwerk-stammtisch-2017-fuer-den-naturpark\/","name":"Erster Netzwerk-Stammtisch 2017 f\u00fcr den Naturpark am 26. April - Naturpark Dahme-Heideseen","isPartOf":{"@id":"https:\/\/www.naturparkmagazin.de\/dahme-heideseen\/#website"},"datePublished":"2017-04-20T21:45:23+00:00","dateModified":"2017-04-25T11:37:46+00:00","author":{"@id":"https:\/\/www.naturparkmagazin.de\/dahme-heideseen\/#\/schema\/person\/c81c96c3a1f5ee7bffff8b8022c105f0"},"breadcrumb":{"@id":"https:\/\/www.naturparkmagazin.de\/dahme-heideseen\/erster-netzwerk-stammtisch-2017-fuer-den-naturpark\/#breadcrumb"},"inLanguage":"de","potentialAction":[{"@type":"ReadAction","target":["https:\/\/www.naturparkmagazin.de\/dahme-heideseen\/erster-netzwerk-stammtisch-2017-fuer-den-naturpark\/"]}]},{"@type":"BreadcrumbList","@id":"https:\/\/www.naturparkmagazin.de\/dahme-heideseen\/erster-netzwerk-stammtisch-2017-fuer-den-naturpark\/#breadcrumb","itemListElement":[{"@type":"ListItem","position":1,"name":"Home","item":"https:\/\/www.naturparkmagazin.de\/dahme-heideseen\/"},{"@type":"ListItem","position":2,"name":"Erster Netzwerk-Stammtisch 2017 f\u00fcr den Naturpark am 26. April"}]},{"@type":"WebSite","@id":"https:\/\/www.naturparkmagazin.de\/dahme-heideseen\/#website","url":"https:\/\/www.naturparkmagazin.de\/dahme-heideseen\/","name":"Naturpark Dahme-Heideseen","description":"","potentialAction":[{"@type":"SearchAction","target":{"@type":"EntryPoint","urlTemplate":"https:\/\/www.naturparkmagazin.de\/dahme-heideseen\/?s={search_term_string}"},"query-input":"required name=search_term_string"}],"inLanguage":"de"},{"@type":"Person","@id":"https:\/\/www.naturparkmagazin.de\/dahme-heideseen\/#\/schema\/person\/c81c96c3a1f5ee7bffff8b8022c105f0","name":"hanssonnenberg","url":"https:\/\/www.naturparkmagazin.de\/dahme-heideseen\/author\/hanssonnenberg\/"}]}},"_links":{"self":[{"href":"https:\/\/www.naturparkmagazin.de\/dahme-heideseen\/wp-json\/wp\/v2\/posts\/1909"}],"collection":[{"href":"https:\/\/www.naturparkmagazin.de\/dahme-heideseen\/wp-json\/wp\/v2\/posts"}],"about":[{"href":"https:\/\/www.naturparkmagazin.de\/dahme-heideseen\/wp-json\/wp\/v2\/types\/post"}],"author":[{"embeddable":true,"href":"https:\/\/www.naturparkmagazin.de\/dahme-heideseen\/wp-json\/wp\/v2\/users\/48"}],"replies":[{"embeddable":true,"href":"https:\/\/www.naturparkmagazin.de\/dahme-heideseen\/wp-json\/wp\/v2\/comments?post=1909"}],"version-history":[{"count":3,"href":"https:\/\/www.naturparkmagazin.de\/dahme-heideseen\/wp-json\/wp\/v2\/posts\/1909\/revisions"}],"predecessor-version":[{"id":1916,"href":"https:\/\/www.naturparkmagazin.de\/dahme-heideseen\/wp-json\/wp\/v2\/posts\/1909\/revisions\/1916"}],"wp:featuredmedia":[{"embeddable":true,"href":"https:\/\/www.naturparkmagazin.de\/dahme-heideseen\/wp-json\/wp\/v2\/media\/1910"}],"wp:attachment":[{"href":"https:\/\/www.naturparkmagazin.de\/dahme-heideseen\/wp-json\/wp\/v2\/media?parent=1909"}],"wp:term":[{"taxonomy":"category","embeddable":true,"href":"https:\/\/www.naturparkmagazin.de\/dahme-heideseen\/wp-json\/wp\/v2\/categories?post=1909"},{"taxonomy":"post_tag","embeddable":true,"href":"https:\/\/www.naturparkmagazin.de\/dahme-heideseen\/wp-json\/wp\/v2\/tags?post=1909"}],"curies":[{"name":"wp","href":"https:\/\/api.w.org\/{rel}","templated":true}]}}