{"id":1934,"date":"2017-05-16T13:19:25","date_gmt":"2017-05-16T11:19:25","guid":{"rendered":"http:\/\/www.naturparkmagazin.de\/dahme-heideseen\/?p=1934"},"modified":"2017-05-29T14:52:43","modified_gmt":"2017-05-29T12:52:43","slug":"umweltminister-der-bundeslaender-pflanzten-baeume-im-ministersortengarten","status":"publish","type":"post","link":"https:\/\/www.naturparkmagazin.de\/dahme-heideseen\/umweltminister-der-bundeslaender-pflanzten-baeume-im-ministersortengarten\/","title":{"rendered":"Umweltminister der Bundesl\u00e4nder pflanzten B\u00e4ume im &#8222;Ministersortengarten&#8220;"},"content":{"rendered":"<p>Im Rahmen der Konferenz besuchten am 4. Mai die Umweltminister mit ihren Staatssekret\u00e4ren und Referenten die Streuobstwiese des Vereins \u00c4pfel und Konsorten e. V. in Philadelphia bei Storkow. <!--more-->Am Rande einer alten Streuobstwiese pflanzten Minister J\u00f6rg Vogels\u00e4nger (f\u00fcr das Land Brandenburg, Sorte \u201eHasenkopf\u201c), Staatssekret\u00e4r Jochen Flasbarth (f\u00fcr den Bund, Sorte \u201eEdelborsdorfer\u201c) und B\u00fcrgermeisterin Cornelia Schulze-Ludwig mit Kindern der Europaschule Storkow (f\u00fcr Europa, Sorte \u201eGravensteiner\u201c) B\u00e4ume zur Anlage eines Ministersortengartens.<\/p>\n<p>F\u00fcr jedes Land steht dort eine alte, regionaltypische Apfelsorte, f\u00fcr die von den L\u00e4ndern auch Patenschaften \u00fcbernommen wurden. Der Sortengarten soll anschlie\u00dfend auch als lebendiges Klassenzimmer f\u00fcr Schulen und Bildungseinrichtungen dienen.<\/p>\n<div id=\"attachment_1935\" style=\"width: 630px\" class=\"wp-caption aligncenter\"><a href=\"https:\/\/www.naturparkmagazin.de\/dahme-heideseen\/wp-content\/uploads\/sites\/37\/npdh_umweltministerkonferenz_201705_heyne.jpg\"><img aria-describedby=\"caption-attachment-1935\" decoding=\"async\" loading=\"lazy\" class=\"size-medium wp-image-1935\" src=\"https:\/\/www.naturparkmagazin.de\/dahme-heideseen\/wp-content\/uploads\/sites\/37\/npdh_umweltministerkonferenz_201705_heyne-620x469.jpg\" alt=\"Kindern der Europaschule Storkow pflanzten eine Baum der Sorte \u201eGravensteiner\u201c (Foto: G. Heyne)\" width=\"620\" height=\"469\" srcset=\"https:\/\/www.naturparkmagazin.de\/dahme-heideseen\/wp-content\/uploads\/sites\/37\/npdh_umweltministerkonferenz_201705_heyne-620x469.jpg 620w, https:\/\/www.naturparkmagazin.de\/dahme-heideseen\/wp-content\/uploads\/sites\/37\/npdh_umweltministerkonferenz_201705_heyne-300x227.jpg 300w, https:\/\/www.naturparkmagazin.de\/dahme-heideseen\/wp-content\/uploads\/sites\/37\/npdh_umweltministerkonferenz_201705_heyne-180x135.jpg 180w, https:\/\/www.naturparkmagazin.de\/dahme-heideseen\/wp-content\/uploads\/sites\/37\/npdh_umweltministerkonferenz_201705_heyne-95x71.jpg 95w, https:\/\/www.naturparkmagazin.de\/dahme-heideseen\/wp-content\/uploads\/sites\/37\/npdh_umweltministerkonferenz_201705_heyne-200x151.jpg 200w, https:\/\/www.naturparkmagazin.de\/dahme-heideseen\/wp-content\/uploads\/sites\/37\/npdh_umweltministerkonferenz_201705_heyne.jpg 635w\" sizes=\"(max-width: 620px) 100vw, 620px\" \/><\/a><p id=\"caption-attachment-1935\" class=\"wp-caption-text\">Kindern der Europaschule Storkow pflanzten eine Baum der Sorte \u201eGravensteiner\u201c (Foto: G. Heyne)<\/p><\/div>\n<p>&nbsp;<\/p>\n<p><a href=\"https:\/\/aepfelundkonsorten.org\/projekte\/minister-sortengarten-philadelphia\" target=\"_blank\">Umweltminister er\u00f6ffnen Ministersortengarten<\/a><\/p>\n<p>Kontakt<\/p>\n<p><strong>Verein \u00c4pfel &amp; Konsorten e.V.<\/strong><\/p>\n<p><a href=\"http:\/\/www.dahme-heideseen-naturpark.de\/service\/kontakt\/?tx_snmlugv_pi6%5Bcontact%5D=1171\">hallo@aepfelundkonsorten.org<\/a><\/p>\n<p><a href=\"http:\/\/www.aepfelundkonsorten.org\" target=\"_blank\">www.aepfelundkonsorten.org<\/a><\/p>\n","protected":false},"excerpt":{"rendered":"<p>Im Rahmen der Konferenz besuchten am 4. Mai die Umweltminister mit ihren Staatssekret\u00e4ren und Referenten die Streuobstwiese des Vereins \u00c4pfel und Konsorten e. V. in Philadelphia bei Storkow. <\/p>\n","protected":false},"author":48,"featured_media":1935,"comment_status":"open","ping_status":"open","sticky":false,"template":"","format":"standard","meta":[],"categories":[7],"tags":[],"yoast_head":"<!-- This site is optimized with the Yoast SEO plugin v19.10 - https:\/\/yoast.com\/wordpress\/plugins\/seo\/ -->\n<title>Umweltminister der Bundesl\u00e4nder pflanzten B\u00e4ume im &quot;Ministersortengarten&quot; - Naturpark Dahme-Heideseen<\/title>\n<meta name=\"robots\" content=\"index, follow, max-snippet:-1, max-image-preview:large, max-video-preview:-1\" \/>\n<link rel=\"canonical\" href=\"https:\/\/www.naturparkmagazin.de\/dahme-heideseen\/umweltminister-der-bundeslaender-pflanzten-baeume-im-ministersortengarten\/\" \/>\n<meta property=\"og:locale\" content=\"de_DE\" \/>\n<meta property=\"og:type\" content=\"article\" \/>\n<meta property=\"og:title\" content=\"Umweltminister der Bundesl\u00e4nder pflanzten B\u00e4ume im &quot;Ministersortengarten&quot; - Naturpark Dahme-Heideseen\" \/>\n<meta property=\"og:description\" content=\"Im Rahmen der Konferenz besuchten am 4. Mai die Umweltminister mit ihren Staatssekret\u00e4ren und Referenten die Streuobstwiese des Vereins \u00c4pfel und Konsorten e. V. in Philadelphia bei Storkow.\" \/>\n<meta property=\"og:url\" content=\"https:\/\/www.naturparkmagazin.de\/dahme-heideseen\/umweltminister-der-bundeslaender-pflanzten-baeume-im-ministersortengarten\/\" \/>\n<meta property=\"og:site_name\" content=\"Naturpark Dahme-Heideseen\" \/>\n<meta property=\"article:published_time\" content=\"2017-05-16T11:19:25+00:00\" \/>\n<meta property=\"article:modified_time\" content=\"2017-05-29T12:52:43+00:00\" \/>\n<meta property=\"og:image\" content=\"https:\/\/www.naturparkmagazin.de\/dahme-heideseen\/wp-content\/uploads\/sites\/37\/npdh_umweltministerkonferenz_201705_heyne.jpg\" \/>\n\t<meta property=\"og:image:width\" content=\"635\" \/>\n\t<meta property=\"og:image:height\" content=\"480\" \/>\n\t<meta property=\"og:image:type\" content=\"image\/jpeg\" \/>\n<meta name=\"author\" content=\"hanssonnenberg\" \/>\n<meta name=\"twitter:label1\" content=\"Verfasst von\" \/>\n\t<meta name=\"twitter:data1\" content=\"hanssonnenberg\" \/>\n\t<meta name=\"twitter:label2\" content=\"Gesch\u00e4tzte Lesezeit\" \/>\n\t<meta name=\"twitter:data2\" content=\"1\u00a0Minute\" \/>\n<script type=\"application\/ld+json\" class=\"yoast-schema-graph\">{\"@context\":\"https:\/\/schema.org\",\"@graph\":[{\"@type\":\"WebPage\",\"@id\":\"https:\/\/www.naturparkmagazin.de\/dahme-heideseen\/umweltminister-der-bundeslaender-pflanzten-baeume-im-ministersortengarten\/\",\"url\":\"https:\/\/www.naturparkmagazin.de\/dahme-heideseen\/umweltminister-der-bundeslaender-pflanzten-baeume-im-ministersortengarten\/\",\"name\":\"Umweltminister der Bundesl\u00e4nder pflanzten B\u00e4ume im \\\"Ministersortengarten\\\" - Naturpark Dahme-Heideseen\",\"isPartOf\":{\"@id\":\"https:\/\/www.naturparkmagazin.de\/dahme-heideseen\/#website\"},\"datePublished\":\"2017-05-16T11:19:25+00:00\",\"dateModified\":\"2017-05-29T12:52:43+00:00\",\"author\":{\"@id\":\"https:\/\/www.naturparkmagazin.de\/dahme-heideseen\/#\/schema\/person\/c81c96c3a1f5ee7bffff8b8022c105f0\"},\"breadcrumb\":{\"@id\":\"https:\/\/www.naturparkmagazin.de\/dahme-heideseen\/umweltminister-der-bundeslaender-pflanzten-baeume-im-ministersortengarten\/#breadcrumb\"},\"inLanguage\":\"de\",\"potentialAction\":[{\"@type\":\"ReadAction\",\"target\":[\"https:\/\/www.naturparkmagazin.de\/dahme-heideseen\/umweltminister-der-bundeslaender-pflanzten-baeume-im-ministersortengarten\/\"]}]},{\"@type\":\"BreadcrumbList\",\"@id\":\"https:\/\/www.naturparkmagazin.de\/dahme-heideseen\/umweltminister-der-bundeslaender-pflanzten-baeume-im-ministersortengarten\/#breadcrumb\",\"itemListElement\":[{\"@type\":\"ListItem\",\"position\":1,\"name\":\"Home\",\"item\":\"https:\/\/www.naturparkmagazin.de\/dahme-heideseen\/\"},{\"@type\":\"ListItem\",\"position\":2,\"name\":\"Umweltminister der Bundesl\u00e4nder pflanzten B\u00e4ume im &#8222;Ministersortengarten&#8220;\"}]},{\"@type\":\"WebSite\",\"@id\":\"https:\/\/www.naturparkmagazin.de\/dahme-heideseen\/#website\",\"url\":\"https:\/\/www.naturparkmagazin.de\/dahme-heideseen\/\",\"name\":\"Naturpark Dahme-Heideseen\",\"description\":\"\",\"potentialAction\":[{\"@type\":\"SearchAction\",\"target\":{\"@type\":\"EntryPoint\",\"urlTemplate\":\"https:\/\/www.naturparkmagazin.de\/dahme-heideseen\/?s={search_term_string}\"},\"query-input\":\"required name=search_term_string\"}],\"inLanguage\":\"de\"},{\"@type\":\"Person\",\"@id\":\"https:\/\/www.naturparkmagazin.de\/dahme-heideseen\/#\/schema\/person\/c81c96c3a1f5ee7bffff8b8022c105f0\",\"name\":\"hanssonnenberg\",\"url\":\"https:\/\/www.naturparkmagazin.de\/dahme-heideseen\/author\/hanssonnenberg\/\"}]}<\/script>\n<!-- \/ Yoast SEO plugin. -->","yoast_head_json":{"title":"Umweltminister der Bundesl\u00e4nder pflanzten B\u00e4ume im \"Ministersortengarten\" - Naturpark Dahme-Heideseen","robots":{"index":"index","follow":"follow","max-snippet":"max-snippet:-1","max-image-preview":"max-image-preview:large","max-video-preview":"max-video-preview:-1"},"canonical":"https:\/\/www.naturparkmagazin.de\/dahme-heideseen\/umweltminister-der-bundeslaender-pflanzten-baeume-im-ministersortengarten\/","og_locale":"de_DE","og_type":"article","og_title":"Umweltminister der Bundesl\u00e4nder pflanzten B\u00e4ume im \"Ministersortengarten\" - Naturpark Dahme-Heideseen","og_description":"Im Rahmen der Konferenz besuchten am 4. Mai die Umweltminister mit ihren Staatssekret\u00e4ren und Referenten die Streuobstwiese des Vereins \u00c4pfel und Konsorten e. V. in Philadelphia bei Storkow.","og_url":"https:\/\/www.naturparkmagazin.de\/dahme-heideseen\/umweltminister-der-bundeslaender-pflanzten-baeume-im-ministersortengarten\/","og_site_name":"Naturpark Dahme-Heideseen","article_published_time":"2017-05-16T11:19:25+00:00","article_modified_time":"2017-05-29T12:52:43+00:00","og_image":[{"width":635,"height":480,"url":"https:\/\/www.naturparkmagazin.de\/dahme-heideseen\/wp-content\/uploads\/sites\/37\/npdh_umweltministerkonferenz_201705_heyne.jpg","type":"image\/jpeg"}],"author":"hanssonnenberg","twitter_misc":{"Verfasst von":"hanssonnenberg","Gesch\u00e4tzte Lesezeit":"1\u00a0Minute"},"schema":{"@context":"https:\/\/schema.org","@graph":[{"@type":"WebPage","@id":"https:\/\/www.naturparkmagazin.de\/dahme-heideseen\/umweltminister-der-bundeslaender-pflanzten-baeume-im-ministersortengarten\/","url":"https:\/\/www.naturparkmagazin.de\/dahme-heideseen\/umweltminister-der-bundeslaender-pflanzten-baeume-im-ministersortengarten\/","name":"Umweltminister der Bundesl\u00e4nder pflanzten B\u00e4ume im \"Ministersortengarten\" - Naturpark Dahme-Heideseen","isPartOf":{"@id":"https:\/\/www.naturparkmagazin.de\/dahme-heideseen\/#website"},"datePublished":"2017-05-16T11:19:25+00:00","dateModified":"2017-05-29T12:52:43+00:00","author":{"@id":"https:\/\/www.naturparkmagazin.de\/dahme-heideseen\/#\/schema\/person\/c81c96c3a1f5ee7bffff8b8022c105f0"},"breadcrumb":{"@id":"https:\/\/www.naturparkmagazin.de\/dahme-heideseen\/umweltminister-der-bundeslaender-pflanzten-baeume-im-ministersortengarten\/#breadcrumb"},"inLanguage":"de","potentialAction":[{"@type":"ReadAction","target":["https:\/\/www.naturparkmagazin.de\/dahme-heideseen\/umweltminister-der-bundeslaender-pflanzten-baeume-im-ministersortengarten\/"]}]},{"@type":"BreadcrumbList","@id":"https:\/\/www.naturparkmagazin.de\/dahme-heideseen\/umweltminister-der-bundeslaender-pflanzten-baeume-im-ministersortengarten\/#breadcrumb","itemListElement":[{"@type":"ListItem","position":1,"name":"Home","item":"https:\/\/www.naturparkmagazin.de\/dahme-heideseen\/"},{"@type":"ListItem","position":2,"name":"Umweltminister der Bundesl\u00e4nder pflanzten B\u00e4ume im &#8222;Ministersortengarten&#8220;"}]},{"@type":"WebSite","@id":"https:\/\/www.naturparkmagazin.de\/dahme-heideseen\/#website","url":"https:\/\/www.naturparkmagazin.de\/dahme-heideseen\/","name":"Naturpark Dahme-Heideseen","description":"","potentialAction":[{"@type":"SearchAction","target":{"@type":"EntryPoint","urlTemplate":"https:\/\/www.naturparkmagazin.de\/dahme-heideseen\/?s={search_term_string}"},"query-input":"required name=search_term_string"}],"inLanguage":"de"},{"@type":"Person","@id":"https:\/\/www.naturparkmagazin.de\/dahme-heideseen\/#\/schema\/person\/c81c96c3a1f5ee7bffff8b8022c105f0","name":"hanssonnenberg","url":"https:\/\/www.naturparkmagazin.de\/dahme-heideseen\/author\/hanssonnenberg\/"}]}},"_links":{"self":[{"href":"https:\/\/www.naturparkmagazin.de\/dahme-heideseen\/wp-json\/wp\/v2\/posts\/1934"}],"collection":[{"href":"https:\/\/www.naturparkmagazin.de\/dahme-heideseen\/wp-json\/wp\/v2\/posts"}],"about":[{"href":"https:\/\/www.naturparkmagazin.de\/dahme-heideseen\/wp-json\/wp\/v2\/types\/post"}],"author":[{"embeddable":true,"href":"https:\/\/www.naturparkmagazin.de\/dahme-heideseen\/wp-json\/wp\/v2\/users\/48"}],"replies":[{"embeddable":true,"href":"https:\/\/www.naturparkmagazin.de\/dahme-heideseen\/wp-json\/wp\/v2\/comments?post=1934"}],"version-history":[{"count":5,"href":"https:\/\/www.naturparkmagazin.de\/dahme-heideseen\/wp-json\/wp\/v2\/posts\/1934\/revisions"}],"predecessor-version":[{"id":1954,"href":"https:\/\/www.naturparkmagazin.de\/dahme-heideseen\/wp-json\/wp\/v2\/posts\/1934\/revisions\/1954"}],"wp:featuredmedia":[{"embeddable":true,"href":"https:\/\/www.naturparkmagazin.de\/dahme-heideseen\/wp-json\/wp\/v2\/media\/1935"}],"wp:attachment":[{"href":"https:\/\/www.naturparkmagazin.de\/dahme-heideseen\/wp-json\/wp\/v2\/media?parent=1934"}],"wp:term":[{"taxonomy":"category","embeddable":true,"href":"https:\/\/www.naturparkmagazin.de\/dahme-heideseen\/wp-json\/wp\/v2\/categories?post=1934"},{"taxonomy":"post_tag","embeddable":true,"href":"https:\/\/www.naturparkmagazin.de\/dahme-heideseen\/wp-json\/wp\/v2\/tags?post=1934"}],"curies":[{"name":"wp","href":"https:\/\/api.w.org\/{rel}","templated":true}]}}