{"id":1937,"date":"2017-05-16T13:31:18","date_gmt":"2017-05-16T11:31:18","guid":{"rendered":"http:\/\/www.naturparkmagazin.de\/dahme-heideseen\/?p=1937"},"modified":"2017-05-29T14:52:06","modified_gmt":"2017-05-29T12:52:06","slug":"die-bosdorfeiche-in-glashuette","status":"publish","type":"post","link":"https:\/\/www.naturparkmagazin.de\/dahme-heideseen\/die-bosdorfeiche-in-glashuette\/","title":{"rendered":"Die Bosdorfeiche in Glash\u00fctte"},"content":{"rendered":"<p>Der Grafikerin Inka Lumer gestaltet mit ihren Baumbildern die Kalenderbl\u00e4tter des JahreBuch 2017. Als kleine Serie durch das Jahr stellen wir Ihnen die Kalendermotive hier vor. Heute: DieBosdorfeiche in Glash\u00fctte.<!--more-->Die etwa 600 Jahre alte \u00bbBosdorf-Eiche\u00ab mit einem Umfang von 6,50 Metern steht am Rande des Museumsdorfes Glash\u00fctte. Trotz mehrmaliger Brandstiftung gr\u00fcnt sie noch heute. Benannt ist die Eiche nach Ernst Bosdorf, der in der zweiten H\u00e4lfte des 19. Jahrhunderts Hegemeister des F\u00fcrsten zu Solms- Baruth in Glash\u00fctte war. Zu F\u00fc\u00dfen der Eiche befindet sich ein Gedenkstein von F\u00fcrst Friedrich zu Solms-Baruth f\u00fcr Ernst Bosdorf in Form eines Eisernen Kreuzes.<\/p>\n<p>Wie andere B\u00e4ume auch, ist die Bosdorf-Eiche Lebensraum f\u00fcr zahlreiche andere Tierund Pflanzenarten. So wurde in dem Baum die zweitgr\u00f6\u00dfte deutsche, vom Aussterben bedrohte K\u00e4ferart, der Eichenbock, nachgewiesen. Im Sp\u00e4tsommer kann man am Baum den r\u00f6tlichen Leberpilz, auch Ochsenzunge genannt,\u00a0 beobachten. Weiterhin haben sich auf der Rinde der Eiche zahlreiche seltene Flechten und Moose angesiedelt.<\/p>\n<p>Inka: \u00bb<em>Der Baum ist ein Veteran, wie er im Buche steht. Sein \u00c4u\u00dferes sieht aus wie ein Fabelwesen.<\/em>\u00ab<\/p>\n<div id=\"attachment_1938\" style=\"width: 327px\" class=\"wp-caption aligncenter\"><a href=\"https:\/\/www.naturparkmagazin.de\/dahme-heideseen\/wp-content\/uploads\/sites\/37\/npdh_glash\u00fctte_eiche_lumer.jpg\"><img aria-describedby=\"caption-attachment-1938\" decoding=\"async\" loading=\"lazy\" class=\"size-full wp-image-1938\" src=\"https:\/\/www.naturparkmagazin.de\/dahme-heideseen\/wp-content\/uploads\/sites\/37\/npdh_glash\u00fctte_eiche_lumer.jpg\" alt=\"Bosdorfeiche in Glash\u00fctte (Zeichnung Inka Lumer)\" width=\"317\" height=\"448\" srcset=\"https:\/\/www.naturparkmagazin.de\/dahme-heideseen\/wp-content\/uploads\/sites\/37\/npdh_glash\u00fctte_eiche_lumer.jpg 317w, https:\/\/www.naturparkmagazin.de\/dahme-heideseen\/wp-content\/uploads\/sites\/37\/npdh_glash\u00fctte_eiche_lumer-300x424.jpg 300w, https:\/\/www.naturparkmagazin.de\/dahme-heideseen\/wp-content\/uploads\/sites\/37\/npdh_glash\u00fctte_eiche_lumer-200x283.jpg 200w\" sizes=\"(max-width: 317px) 100vw, 317px\" \/><\/a><p id=\"caption-attachment-1938\" class=\"wp-caption-text\">Bosdorfeiche in Glash\u00fctte (Zeichnung Inka Lumer)<\/p><\/div>\n<p><strong><a href=\"http:\/\/www.traumwerker.de\" target=\"_blank\">Illustrationen Inka Lumer<\/a><\/strong><\/p>\n","protected":false},"excerpt":{"rendered":"<p>Der Grafikerin Inka Lumer gestaltet mit ihren Baumbildern die Kalenderbl\u00e4tter des JahreBuch 2017. Als kleine Serie durch das Jahr stellen wir Ihnen die Kalendermotive hier vor. Heute: DieBosdorfeiche in Glash\u00fctte.<\/p>\n","protected":false},"author":48,"featured_media":1938,"comment_status":"open","ping_status":"open","sticky":false,"template":"","format":"standard","meta":[],"categories":[7],"tags":[],"yoast_head":"<!-- This site is optimized with the Yoast SEO plugin v19.10 - https:\/\/yoast.com\/wordpress\/plugins\/seo\/ -->\n<title>Die Bosdorfeiche in Glash\u00fctte - Naturpark Dahme-Heideseen<\/title>\n<meta name=\"robots\" content=\"index, follow, max-snippet:-1, max-image-preview:large, max-video-preview:-1\" \/>\n<link rel=\"canonical\" href=\"https:\/\/www.naturparkmagazin.de\/dahme-heideseen\/die-bosdorfeiche-in-glashuette\/\" \/>\n<meta property=\"og:locale\" content=\"de_DE\" \/>\n<meta property=\"og:type\" content=\"article\" \/>\n<meta property=\"og:title\" content=\"Die Bosdorfeiche in Glash\u00fctte - Naturpark Dahme-Heideseen\" \/>\n<meta property=\"og:description\" content=\"Der Grafikerin Inka Lumer gestaltet mit ihren Baumbildern die Kalenderbl\u00e4tter des JahreBuch 2017. Als kleine Serie durch das Jahr stellen wir Ihnen die Kalendermotive hier vor. Heute: DieBosdorfeiche in Glash\u00fctte.\" \/>\n<meta property=\"og:url\" content=\"https:\/\/www.naturparkmagazin.de\/dahme-heideseen\/die-bosdorfeiche-in-glashuette\/\" \/>\n<meta property=\"og:site_name\" content=\"Naturpark Dahme-Heideseen\" \/>\n<meta property=\"article:published_time\" content=\"2017-05-16T11:31:18+00:00\" \/>\n<meta property=\"article:modified_time\" content=\"2017-05-29T12:52:06+00:00\" \/>\n<meta property=\"og:image\" content=\"https:\/\/www.naturparkmagazin.de\/dahme-heideseen\/wp-content\/uploads\/sites\/37\/npdh_glash\u00fctte_eiche_lumer.jpg\" \/>\n\t<meta property=\"og:image:width\" content=\"317\" \/>\n\t<meta property=\"og:image:height\" content=\"448\" \/>\n\t<meta property=\"og:image:type\" content=\"image\/jpeg\" \/>\n<meta name=\"author\" content=\"hanssonnenberg\" \/>\n<meta name=\"twitter:label1\" content=\"Verfasst von\" \/>\n\t<meta name=\"twitter:data1\" content=\"hanssonnenberg\" \/>\n\t<meta name=\"twitter:label2\" content=\"Gesch\u00e4tzte Lesezeit\" \/>\n\t<meta name=\"twitter:data2\" content=\"1\u00a0Minute\" \/>\n<script type=\"application\/ld+json\" class=\"yoast-schema-graph\">{\"@context\":\"https:\/\/schema.org\",\"@graph\":[{\"@type\":\"WebPage\",\"@id\":\"https:\/\/www.naturparkmagazin.de\/dahme-heideseen\/die-bosdorfeiche-in-glashuette\/\",\"url\":\"https:\/\/www.naturparkmagazin.de\/dahme-heideseen\/die-bosdorfeiche-in-glashuette\/\",\"name\":\"Die Bosdorfeiche in Glash\u00fctte - Naturpark Dahme-Heideseen\",\"isPartOf\":{\"@id\":\"https:\/\/www.naturparkmagazin.de\/dahme-heideseen\/#website\"},\"datePublished\":\"2017-05-16T11:31:18+00:00\",\"dateModified\":\"2017-05-29T12:52:06+00:00\",\"author\":{\"@id\":\"https:\/\/www.naturparkmagazin.de\/dahme-heideseen\/#\/schema\/person\/c81c96c3a1f5ee7bffff8b8022c105f0\"},\"breadcrumb\":{\"@id\":\"https:\/\/www.naturparkmagazin.de\/dahme-heideseen\/die-bosdorfeiche-in-glashuette\/#breadcrumb\"},\"inLanguage\":\"de\",\"potentialAction\":[{\"@type\":\"ReadAction\",\"target\":[\"https:\/\/www.naturparkmagazin.de\/dahme-heideseen\/die-bosdorfeiche-in-glashuette\/\"]}]},{\"@type\":\"BreadcrumbList\",\"@id\":\"https:\/\/www.naturparkmagazin.de\/dahme-heideseen\/die-bosdorfeiche-in-glashuette\/#breadcrumb\",\"itemListElement\":[{\"@type\":\"ListItem\",\"position\":1,\"name\":\"Home\",\"item\":\"https:\/\/www.naturparkmagazin.de\/dahme-heideseen\/\"},{\"@type\":\"ListItem\",\"position\":2,\"name\":\"Die Bosdorfeiche in Glash\u00fctte\"}]},{\"@type\":\"WebSite\",\"@id\":\"https:\/\/www.naturparkmagazin.de\/dahme-heideseen\/#website\",\"url\":\"https:\/\/www.naturparkmagazin.de\/dahme-heideseen\/\",\"name\":\"Naturpark Dahme-Heideseen\",\"description\":\"\",\"potentialAction\":[{\"@type\":\"SearchAction\",\"target\":{\"@type\":\"EntryPoint\",\"urlTemplate\":\"https:\/\/www.naturparkmagazin.de\/dahme-heideseen\/?s={search_term_string}\"},\"query-input\":\"required name=search_term_string\"}],\"inLanguage\":\"de\"},{\"@type\":\"Person\",\"@id\":\"https:\/\/www.naturparkmagazin.de\/dahme-heideseen\/#\/schema\/person\/c81c96c3a1f5ee7bffff8b8022c105f0\",\"name\":\"hanssonnenberg\",\"url\":\"https:\/\/www.naturparkmagazin.de\/dahme-heideseen\/author\/hanssonnenberg\/\"}]}<\/script>\n<!-- \/ Yoast SEO plugin. -->","yoast_head_json":{"title":"Die Bosdorfeiche in Glash\u00fctte - Naturpark Dahme-Heideseen","robots":{"index":"index","follow":"follow","max-snippet":"max-snippet:-1","max-image-preview":"max-image-preview:large","max-video-preview":"max-video-preview:-1"},"canonical":"https:\/\/www.naturparkmagazin.de\/dahme-heideseen\/die-bosdorfeiche-in-glashuette\/","og_locale":"de_DE","og_type":"article","og_title":"Die Bosdorfeiche in Glash\u00fctte - Naturpark Dahme-Heideseen","og_description":"Der Grafikerin Inka Lumer gestaltet mit ihren Baumbildern die Kalenderbl\u00e4tter des JahreBuch 2017. Als kleine Serie durch das Jahr stellen wir Ihnen die Kalendermotive hier vor. Heute: DieBosdorfeiche in Glash\u00fctte.","og_url":"https:\/\/www.naturparkmagazin.de\/dahme-heideseen\/die-bosdorfeiche-in-glashuette\/","og_site_name":"Naturpark Dahme-Heideseen","article_published_time":"2017-05-16T11:31:18+00:00","article_modified_time":"2017-05-29T12:52:06+00:00","og_image":[{"width":317,"height":448,"url":"https:\/\/www.naturparkmagazin.de\/dahme-heideseen\/wp-content\/uploads\/sites\/37\/npdh_glash\u00fctte_eiche_lumer.jpg","type":"image\/jpeg"}],"author":"hanssonnenberg","twitter_misc":{"Verfasst von":"hanssonnenberg","Gesch\u00e4tzte Lesezeit":"1\u00a0Minute"},"schema":{"@context":"https:\/\/schema.org","@graph":[{"@type":"WebPage","@id":"https:\/\/www.naturparkmagazin.de\/dahme-heideseen\/die-bosdorfeiche-in-glashuette\/","url":"https:\/\/www.naturparkmagazin.de\/dahme-heideseen\/die-bosdorfeiche-in-glashuette\/","name":"Die Bosdorfeiche in Glash\u00fctte - Naturpark Dahme-Heideseen","isPartOf":{"@id":"https:\/\/www.naturparkmagazin.de\/dahme-heideseen\/#website"},"datePublished":"2017-05-16T11:31:18+00:00","dateModified":"2017-05-29T12:52:06+00:00","author":{"@id":"https:\/\/www.naturparkmagazin.de\/dahme-heideseen\/#\/schema\/person\/c81c96c3a1f5ee7bffff8b8022c105f0"},"breadcrumb":{"@id":"https:\/\/www.naturparkmagazin.de\/dahme-heideseen\/die-bosdorfeiche-in-glashuette\/#breadcrumb"},"inLanguage":"de","potentialAction":[{"@type":"ReadAction","target":["https:\/\/www.naturparkmagazin.de\/dahme-heideseen\/die-bosdorfeiche-in-glashuette\/"]}]},{"@type":"BreadcrumbList","@id":"https:\/\/www.naturparkmagazin.de\/dahme-heideseen\/die-bosdorfeiche-in-glashuette\/#breadcrumb","itemListElement":[{"@type":"ListItem","position":1,"name":"Home","item":"https:\/\/www.naturparkmagazin.de\/dahme-heideseen\/"},{"@type":"ListItem","position":2,"name":"Die Bosdorfeiche in Glash\u00fctte"}]},{"@type":"WebSite","@id":"https:\/\/www.naturparkmagazin.de\/dahme-heideseen\/#website","url":"https:\/\/www.naturparkmagazin.de\/dahme-heideseen\/","name":"Naturpark Dahme-Heideseen","description":"","potentialAction":[{"@type":"SearchAction","target":{"@type":"EntryPoint","urlTemplate":"https:\/\/www.naturparkmagazin.de\/dahme-heideseen\/?s={search_term_string}"},"query-input":"required name=search_term_string"}],"inLanguage":"de"},{"@type":"Person","@id":"https:\/\/www.naturparkmagazin.de\/dahme-heideseen\/#\/schema\/person\/c81c96c3a1f5ee7bffff8b8022c105f0","name":"hanssonnenberg","url":"https:\/\/www.naturparkmagazin.de\/dahme-heideseen\/author\/hanssonnenberg\/"}]}},"_links":{"self":[{"href":"https:\/\/www.naturparkmagazin.de\/dahme-heideseen\/wp-json\/wp\/v2\/posts\/1937"}],"collection":[{"href":"https:\/\/www.naturparkmagazin.de\/dahme-heideseen\/wp-json\/wp\/v2\/posts"}],"about":[{"href":"https:\/\/www.naturparkmagazin.de\/dahme-heideseen\/wp-json\/wp\/v2\/types\/post"}],"author":[{"embeddable":true,"href":"https:\/\/www.naturparkmagazin.de\/dahme-heideseen\/wp-json\/wp\/v2\/users\/48"}],"replies":[{"embeddable":true,"href":"https:\/\/www.naturparkmagazin.de\/dahme-heideseen\/wp-json\/wp\/v2\/comments?post=1937"}],"version-history":[{"count":2,"href":"https:\/\/www.naturparkmagazin.de\/dahme-heideseen\/wp-json\/wp\/v2\/posts\/1937\/revisions"}],"predecessor-version":[{"id":1955,"href":"https:\/\/www.naturparkmagazin.de\/dahme-heideseen\/wp-json\/wp\/v2\/posts\/1937\/revisions\/1955"}],"wp:featuredmedia":[{"embeddable":true,"href":"https:\/\/www.naturparkmagazin.de\/dahme-heideseen\/wp-json\/wp\/v2\/media\/1938"}],"wp:attachment":[{"href":"https:\/\/www.naturparkmagazin.de\/dahme-heideseen\/wp-json\/wp\/v2\/media?parent=1937"}],"wp:term":[{"taxonomy":"category","embeddable":true,"href":"https:\/\/www.naturparkmagazin.de\/dahme-heideseen\/wp-json\/wp\/v2\/categories?post=1937"},{"taxonomy":"post_tag","embeddable":true,"href":"https:\/\/www.naturparkmagazin.de\/dahme-heideseen\/wp-json\/wp\/v2\/tags?post=1937"}],"curies":[{"name":"wp","href":"https:\/\/api.w.org\/{rel}","templated":true}]}}