{"id":1941,"date":"2017-05-16T08:36:38","date_gmt":"2017-05-16T06:36:38","guid":{"rendered":"http:\/\/www.naturparkmagazin.de\/dahme-heideseen\/?p=1941"},"modified":"2017-05-29T14:53:17","modified_gmt":"2017-05-29T12:53:17","slug":"16-tage-der-offenen-gaerten-machen-sie-mit","status":"publish","type":"post","link":"https:\/\/www.naturparkmagazin.de\/dahme-heideseen\/16-tage-der-offenen-gaerten-machen-sie-mit\/","title":{"rendered":"16. Tage der offenen G\u00e4rten &#8211; Machen Sie mit!"},"content":{"rendered":"<p>Die Tage der offenen G\u00e4rten in der Region Dahme-Spreewald \/\u00a0 Dahme Heideseen sind l\u00e4ngst fest im sommerlichen Terminkalender verankert und erfreuen sich eines gro\u00dfes Besucherinteresses. <!--more-->In diesem Jahr werden die Gartentore am 19. und 20. August ge\u00f6ffnet. Im Moment suchen die Organisatoren Volkshochschule Dahme-Spreewald und Naturpark Dahme-Heideseen G\u00e4rtner, die ihr naturnahes gr\u00fcnes Paradies anderen Gartenfreunden zeigen m\u00f6chten. Zwei Tage kommen gleichgesinnte Besucher um die Gartenarbeit des Anderen zu bewundern, zu loben, um Fachgespr\u00e4che zu f\u00fchren, um neue Ideen zu sammeln oder um einfach die Natur zu genie\u00dfen.<\/p>\n<p>Da die Tage der offenen G\u00e4rten sch\u00f6ner werden, wenn sich die Zahl und Vielfalt der teilnehmenden G\u00e4rten erh\u00f6ht, m\u00f6chten wir Sie bitten einfach mitzumachen. Kein G\u00e4rtner hat den perfekten Garten, es gibt immer etwas zu tun und umzugestalten. Au\u00dferdem entstehen durch den Austausch mit anderen neue L\u00f6sungen, weitere Ideen und neue Projekte.<\/p>\n<p>Freuen sich darauf. Fragen zum Ablauf und zur Anmeldung k\u00f6nnen Sie direkt beim Ansprechpartner, der Volkshochschule Dahme-Spreewald, stellen.<\/p>\n<p>R\u00fcckmeldung bitte bis zum 31.07.2017.<\/p>\n<p><a class=\"download\" title=\"Initiates file download\" href=\"http:\/\/www.dahme-heideseen-naturpark.de\/fileadmin\/user_upload\/PDF\/Dahme-Heideseen\/Anmeldung_Offene_Gaerten_2017.pdf\">Hier finden Sie den Anmeldebogen <\/a><\/p>\n<div id=\"attachment_1942\" style=\"width: 630px\" class=\"wp-caption aligncenter\"><a href=\"https:\/\/www.naturparkmagazin.de\/dahme-heideseen\/wp-content\/uploads\/sites\/37\/npdh_aster_und_Pfauenauge_sonnenberg.jpg\"><img aria-describedby=\"caption-attachment-1942\" decoding=\"async\" loading=\"lazy\" class=\"size-medium wp-image-1942\" src=\"https:\/\/www.naturparkmagazin.de\/dahme-heideseen\/wp-content\/uploads\/sites\/37\/npdh_aster_und_Pfauenauge_sonnenberg-620x465.jpg\" alt=\"Aster und Pfauenauge (Foto: Kamilla Sonnenberg\" width=\"620\" height=\"465\" srcset=\"https:\/\/www.naturparkmagazin.de\/dahme-heideseen\/wp-content\/uploads\/sites\/37\/npdh_aster_und_Pfauenauge_sonnenberg-620x465.jpg 620w, https:\/\/www.naturparkmagazin.de\/dahme-heideseen\/wp-content\/uploads\/sites\/37\/npdh_aster_und_Pfauenauge_sonnenberg-300x225.jpg 300w, https:\/\/www.naturparkmagazin.de\/dahme-heideseen\/wp-content\/uploads\/sites\/37\/npdh_aster_und_Pfauenauge_sonnenberg-940x705.jpg 940w, https:\/\/www.naturparkmagazin.de\/dahme-heideseen\/wp-content\/uploads\/sites\/37\/npdh_aster_und_Pfauenauge_sonnenberg-580x435.jpg 580w, https:\/\/www.naturparkmagazin.de\/dahme-heideseen\/wp-content\/uploads\/sites\/37\/npdh_aster_und_Pfauenauge_sonnenberg-420x315.jpg 420w, https:\/\/www.naturparkmagazin.de\/dahme-heideseen\/wp-content\/uploads\/sites\/37\/npdh_aster_und_Pfauenauge_sonnenberg-180x135.jpg 180w, https:\/\/www.naturparkmagazin.de\/dahme-heideseen\/wp-content\/uploads\/sites\/37\/npdh_aster_und_Pfauenauge_sonnenberg-95x71.jpg 95w, https:\/\/www.naturparkmagazin.de\/dahme-heideseen\/wp-content\/uploads\/sites\/37\/npdh_aster_und_Pfauenauge_sonnenberg-670x503.jpg 670w, https:\/\/www.naturparkmagazin.de\/dahme-heideseen\/wp-content\/uploads\/sites\/37\/npdh_aster_und_Pfauenauge_sonnenberg-200x150.jpg 200w, https:\/\/www.naturparkmagazin.de\/dahme-heideseen\/wp-content\/uploads\/sites\/37\/npdh_aster_und_Pfauenauge_sonnenberg.jpg 1000w\" sizes=\"(max-width: 620px) 100vw, 620px\" \/><\/a><p id=\"caption-attachment-1942\" class=\"wp-caption-text\">Aster und Pfauenauge (Foto: Kamilla Sonnenberg<\/p><\/div>\n<section>\n<h4>Ansprechpartner<\/h4>\n<p><strong>Volkshochschule Dahme-Spreewald<\/strong><\/p>\n<p>+49(0)3375 2625 18<\/p>\n<\/section>\n<section><a href=\"http:\/\/www.dahme-heideseen-naturpark.de\/service\/kontakt\/?tx_snmlugv_pi6%5Bcontact%5D=1156\">vhs@dahme-spreewald.de<\/a><\/section>\n<section><a href=\"http:\/\/www.vhs-dahme-spreewald.de\" target=\"_blank\">www.vhs-dahme-spreewald.de<\/a><\/section>\n","protected":false},"excerpt":{"rendered":"<p>Die Tage der offenen G\u00e4rten in der Region Dahme-Spreewald und Dahme Heideseen im August sind l\u00e4ngst fest im sommerlichen Terminkalender verankert &#8211; das Besucherinteresse ist gro\u00df.<\/p>\n","protected":false},"author":48,"featured_media":1942,"comment_status":"open","ping_status":"open","sticky":false,"template":"","format":"standard","meta":[],"categories":[11],"tags":[],"yoast_head":"<!-- This site is optimized with the Yoast SEO plugin v19.10 - https:\/\/yoast.com\/wordpress\/plugins\/seo\/ -->\n<title>16. Tage der offenen G\u00e4rten - Machen Sie mit! - Naturpark Dahme-Heideseen<\/title>\n<meta name=\"robots\" content=\"index, follow, max-snippet:-1, max-image-preview:large, max-video-preview:-1\" \/>\n<link rel=\"canonical\" href=\"https:\/\/www.naturparkmagazin.de\/dahme-heideseen\/16-tage-der-offenen-gaerten-machen-sie-mit\/\" \/>\n<meta property=\"og:locale\" content=\"de_DE\" \/>\n<meta property=\"og:type\" content=\"article\" \/>\n<meta property=\"og:title\" content=\"16. Tage der offenen G\u00e4rten - Machen Sie mit! - Naturpark Dahme-Heideseen\" \/>\n<meta property=\"og:description\" content=\"Die Tage der offenen G\u00e4rten in der Region Dahme-Spreewald und Dahme Heideseen im August sind l\u00e4ngst fest im sommerlichen Terminkalender verankert - das Besucherinteresse ist gro\u00df.\" \/>\n<meta property=\"og:url\" content=\"https:\/\/www.naturparkmagazin.de\/dahme-heideseen\/16-tage-der-offenen-gaerten-machen-sie-mit\/\" \/>\n<meta property=\"og:site_name\" content=\"Naturpark Dahme-Heideseen\" \/>\n<meta property=\"article:published_time\" content=\"2017-05-16T06:36:38+00:00\" \/>\n<meta property=\"article:modified_time\" content=\"2017-05-29T12:53:17+00:00\" \/>\n<meta property=\"og:image\" content=\"https:\/\/www.naturparkmagazin.de\/dahme-heideseen\/wp-content\/uploads\/sites\/37\/npdh_aster_und_Pfauenauge_sonnenberg.jpg\" \/>\n\t<meta property=\"og:image:width\" content=\"1000\" \/>\n\t<meta property=\"og:image:height\" content=\"750\" \/>\n\t<meta property=\"og:image:type\" content=\"image\/jpeg\" \/>\n<meta name=\"author\" content=\"hanssonnenberg\" \/>\n<meta name=\"twitter:label1\" content=\"Verfasst von\" \/>\n\t<meta name=\"twitter:data1\" content=\"hanssonnenberg\" \/>\n\t<meta name=\"twitter:label2\" content=\"Gesch\u00e4tzte Lesezeit\" \/>\n\t<meta name=\"twitter:data2\" content=\"1\u00a0Minute\" \/>\n<script type=\"application\/ld+json\" class=\"yoast-schema-graph\">{\"@context\":\"https:\/\/schema.org\",\"@graph\":[{\"@type\":\"WebPage\",\"@id\":\"https:\/\/www.naturparkmagazin.de\/dahme-heideseen\/16-tage-der-offenen-gaerten-machen-sie-mit\/\",\"url\":\"https:\/\/www.naturparkmagazin.de\/dahme-heideseen\/16-tage-der-offenen-gaerten-machen-sie-mit\/\",\"name\":\"16. Tage der offenen G\u00e4rten - Machen Sie mit! - Naturpark Dahme-Heideseen\",\"isPartOf\":{\"@id\":\"https:\/\/www.naturparkmagazin.de\/dahme-heideseen\/#website\"},\"datePublished\":\"2017-05-16T06:36:38+00:00\",\"dateModified\":\"2017-05-29T12:53:17+00:00\",\"author\":{\"@id\":\"https:\/\/www.naturparkmagazin.de\/dahme-heideseen\/#\/schema\/person\/c81c96c3a1f5ee7bffff8b8022c105f0\"},\"breadcrumb\":{\"@id\":\"https:\/\/www.naturparkmagazin.de\/dahme-heideseen\/16-tage-der-offenen-gaerten-machen-sie-mit\/#breadcrumb\"},\"inLanguage\":\"de\",\"potentialAction\":[{\"@type\":\"ReadAction\",\"target\":[\"https:\/\/www.naturparkmagazin.de\/dahme-heideseen\/16-tage-der-offenen-gaerten-machen-sie-mit\/\"]}]},{\"@type\":\"BreadcrumbList\",\"@id\":\"https:\/\/www.naturparkmagazin.de\/dahme-heideseen\/16-tage-der-offenen-gaerten-machen-sie-mit\/#breadcrumb\",\"itemListElement\":[{\"@type\":\"ListItem\",\"position\":1,\"name\":\"Home\",\"item\":\"https:\/\/www.naturparkmagazin.de\/dahme-heideseen\/\"},{\"@type\":\"ListItem\",\"position\":2,\"name\":\"16. Tage der offenen G\u00e4rten &#8211; Machen Sie mit!\"}]},{\"@type\":\"WebSite\",\"@id\":\"https:\/\/www.naturparkmagazin.de\/dahme-heideseen\/#website\",\"url\":\"https:\/\/www.naturparkmagazin.de\/dahme-heideseen\/\",\"name\":\"Naturpark Dahme-Heideseen\",\"description\":\"\",\"potentialAction\":[{\"@type\":\"SearchAction\",\"target\":{\"@type\":\"EntryPoint\",\"urlTemplate\":\"https:\/\/www.naturparkmagazin.de\/dahme-heideseen\/?s={search_term_string}\"},\"query-input\":\"required name=search_term_string\"}],\"inLanguage\":\"de\"},{\"@type\":\"Person\",\"@id\":\"https:\/\/www.naturparkmagazin.de\/dahme-heideseen\/#\/schema\/person\/c81c96c3a1f5ee7bffff8b8022c105f0\",\"name\":\"hanssonnenberg\",\"url\":\"https:\/\/www.naturparkmagazin.de\/dahme-heideseen\/author\/hanssonnenberg\/\"}]}<\/script>\n<!-- \/ Yoast SEO plugin. -->","yoast_head_json":{"title":"16. Tage der offenen G\u00e4rten - Machen Sie mit! - Naturpark Dahme-Heideseen","robots":{"index":"index","follow":"follow","max-snippet":"max-snippet:-1","max-image-preview":"max-image-preview:large","max-video-preview":"max-video-preview:-1"},"canonical":"https:\/\/www.naturparkmagazin.de\/dahme-heideseen\/16-tage-der-offenen-gaerten-machen-sie-mit\/","og_locale":"de_DE","og_type":"article","og_title":"16. Tage der offenen G\u00e4rten - Machen Sie mit! - Naturpark Dahme-Heideseen","og_description":"Die Tage der offenen G\u00e4rten in der Region Dahme-Spreewald und Dahme Heideseen im August sind l\u00e4ngst fest im sommerlichen Terminkalender verankert - das Besucherinteresse ist gro\u00df.","og_url":"https:\/\/www.naturparkmagazin.de\/dahme-heideseen\/16-tage-der-offenen-gaerten-machen-sie-mit\/","og_site_name":"Naturpark Dahme-Heideseen","article_published_time":"2017-05-16T06:36:38+00:00","article_modified_time":"2017-05-29T12:53:17+00:00","og_image":[{"width":1000,"height":750,"url":"https:\/\/www.naturparkmagazin.de\/dahme-heideseen\/wp-content\/uploads\/sites\/37\/npdh_aster_und_Pfauenauge_sonnenberg.jpg","type":"image\/jpeg"}],"author":"hanssonnenberg","twitter_misc":{"Verfasst von":"hanssonnenberg","Gesch\u00e4tzte Lesezeit":"1\u00a0Minute"},"schema":{"@context":"https:\/\/schema.org","@graph":[{"@type":"WebPage","@id":"https:\/\/www.naturparkmagazin.de\/dahme-heideseen\/16-tage-der-offenen-gaerten-machen-sie-mit\/","url":"https:\/\/www.naturparkmagazin.de\/dahme-heideseen\/16-tage-der-offenen-gaerten-machen-sie-mit\/","name":"16. Tage der offenen G\u00e4rten - Machen Sie mit! - Naturpark Dahme-Heideseen","isPartOf":{"@id":"https:\/\/www.naturparkmagazin.de\/dahme-heideseen\/#website"},"datePublished":"2017-05-16T06:36:38+00:00","dateModified":"2017-05-29T12:53:17+00:00","author":{"@id":"https:\/\/www.naturparkmagazin.de\/dahme-heideseen\/#\/schema\/person\/c81c96c3a1f5ee7bffff8b8022c105f0"},"breadcrumb":{"@id":"https:\/\/www.naturparkmagazin.de\/dahme-heideseen\/16-tage-der-offenen-gaerten-machen-sie-mit\/#breadcrumb"},"inLanguage":"de","potentialAction":[{"@type":"ReadAction","target":["https:\/\/www.naturparkmagazin.de\/dahme-heideseen\/16-tage-der-offenen-gaerten-machen-sie-mit\/"]}]},{"@type":"BreadcrumbList","@id":"https:\/\/www.naturparkmagazin.de\/dahme-heideseen\/16-tage-der-offenen-gaerten-machen-sie-mit\/#breadcrumb","itemListElement":[{"@type":"ListItem","position":1,"name":"Home","item":"https:\/\/www.naturparkmagazin.de\/dahme-heideseen\/"},{"@type":"ListItem","position":2,"name":"16. Tage der offenen G\u00e4rten &#8211; Machen Sie mit!"}]},{"@type":"WebSite","@id":"https:\/\/www.naturparkmagazin.de\/dahme-heideseen\/#website","url":"https:\/\/www.naturparkmagazin.de\/dahme-heideseen\/","name":"Naturpark Dahme-Heideseen","description":"","potentialAction":[{"@type":"SearchAction","target":{"@type":"EntryPoint","urlTemplate":"https:\/\/www.naturparkmagazin.de\/dahme-heideseen\/?s={search_term_string}"},"query-input":"required name=search_term_string"}],"inLanguage":"de"},{"@type":"Person","@id":"https:\/\/www.naturparkmagazin.de\/dahme-heideseen\/#\/schema\/person\/c81c96c3a1f5ee7bffff8b8022c105f0","name":"hanssonnenberg","url":"https:\/\/www.naturparkmagazin.de\/dahme-heideseen\/author\/hanssonnenberg\/"}]}},"_links":{"self":[{"href":"https:\/\/www.naturparkmagazin.de\/dahme-heideseen\/wp-json\/wp\/v2\/posts\/1941"}],"collection":[{"href":"https:\/\/www.naturparkmagazin.de\/dahme-heideseen\/wp-json\/wp\/v2\/posts"}],"about":[{"href":"https:\/\/www.naturparkmagazin.de\/dahme-heideseen\/wp-json\/wp\/v2\/types\/post"}],"author":[{"embeddable":true,"href":"https:\/\/www.naturparkmagazin.de\/dahme-heideseen\/wp-json\/wp\/v2\/users\/48"}],"replies":[{"embeddable":true,"href":"https:\/\/www.naturparkmagazin.de\/dahme-heideseen\/wp-json\/wp\/v2\/comments?post=1941"}],"version-history":[{"count":4,"href":"https:\/\/www.naturparkmagazin.de\/dahme-heideseen\/wp-json\/wp\/v2\/posts\/1941\/revisions"}],"predecessor-version":[{"id":1960,"href":"https:\/\/www.naturparkmagazin.de\/dahme-heideseen\/wp-json\/wp\/v2\/posts\/1941\/revisions\/1960"}],"wp:featuredmedia":[{"embeddable":true,"href":"https:\/\/www.naturparkmagazin.de\/dahme-heideseen\/wp-json\/wp\/v2\/media\/1942"}],"wp:attachment":[{"href":"https:\/\/www.naturparkmagazin.de\/dahme-heideseen\/wp-json\/wp\/v2\/media?parent=1941"}],"wp:term":[{"taxonomy":"category","embeddable":true,"href":"https:\/\/www.naturparkmagazin.de\/dahme-heideseen\/wp-json\/wp\/v2\/categories?post=1941"},{"taxonomy":"post_tag","embeddable":true,"href":"https:\/\/www.naturparkmagazin.de\/dahme-heideseen\/wp-json\/wp\/v2\/tags?post=1941"}],"curies":[{"name":"wp","href":"https:\/\/api.w.org\/{rel}","templated":true}]}}