{"id":199,"date":"2013-10-26T21:27:29","date_gmt":"2013-10-26T19:27:29","guid":{"rendered":"http:\/\/www.naturparkmagazin.de\/dahme-heideseen\/?p=199"},"modified":"2014-02-10T14:48:10","modified_gmt":"2014-02-10T12:48:10","slug":"der-naturpark-dahme-heideseen-trauert-um-irmgard-poeche","status":"publish","type":"post","link":"https:\/\/www.naturparkmagazin.de\/dahme-heideseen\/der-naturpark-dahme-heideseen-trauert-um-irmgard-poeche\/","title":{"rendered":"Trauer um Irmgard P\u00f6che"},"content":{"rendered":"<p>Der Naturpark Dahme Heideseen trauert um Irmgard P\u00f6che (1931 &#8211; 2013). Irmgard P\u00f6che war Initiatorin, langj\u00e4hrige Leiterin und die &#8222;Gute Seele&#8220; des Franz F\u00fchmann Freundeskreises in M\u00e4rkisch Buchholz. In der Zeit ihres aktiven Wirkens organisierte sie mehrere Veranstaltungen in Zusammenarbeit mit dem Naturpark Dahme-Heideseen.<!--more--><\/p>\n<p>Vor fast einem Jahr, am 27. Oktober wurden die neuen R\u00e4umlichkeiten \u00a0des\u00a0Franz F\u00fchmann Literatur- und Begegnungszentrums in M\u00e4rkisch Buchholz\u00a0feierlich er\u00f6ffnet. Da konnte Irmgard P\u00f6che auf Grund ihrere schweren Krankheit schon nicht mehr mit dabei sein. \u00a01997 begr\u00fcndete sie die\u00a0Franz F\u00fchmann Begegnungsst\u00e4tte in M\u00e4rkisch Buchholz. Bis zum Umzug in das &#8222;neue&#8220; Haus der\u00a0der ehemaligen Franz-F\u00fchmann-Grundschule traf sich der Freundeskreis \u00a0in dem schlichten Bau neben der alten Dorfschule. Mehre Veranstaltungen wurden hier in Zusammenarbeit mit dem Naturpark Dahme-Heideseen durchgef\u00fchrt: Lesungen, Dia-Tonbildschauen und naturkundliche Wanderungen nahe Birkholz zu dem dem kleinen Wohnh\u00e4uschen von Franz F\u00fchmann.<\/p>\n<p><a title=\"Nachruf auf Irmgard P\u00f6che von Paul-Alfred Kleinert\" href=\"http:\/\/www.franz-fuehmann.de\/documents\/nachruf_irmgard_poeche.pdf\" target=\"_blank\">Nachruf auf Irmgard P\u00f6che von Paul Alfred Kleinert<\/a><\/p>\n<p><a title=\"Weitere Infos zum Franz-F\u00fchmann-Freundeskreis\" href=\"http:\/\/www.franz-fuehmann.de\/\" target=\"_blank\">Weiter Infos zum Franz-F\u00fchmann-Freundeskreis<\/a><\/p>\n<div id=\"attachment_202\" style=\"width: 630px\" class=\"wp-caption aligncenter\"><a href=\"https:\/\/www.naturparkmagazin.de\/dahme-heideseen\/wp-content\/uploads\/sites\/37\/282395_433631993351221_1255150510_n.jpg\"><img aria-describedby=\"caption-attachment-202\" decoding=\"async\" loading=\"lazy\" class=\"size-medium wp-image-202\" alt=\"Die ehemalige Schule in M\u00e4rkisch Buchholz wird zur Franz F\u00fchmann- Begegnungsst\u00e4tte\" src=\"https:\/\/www.naturparkmagazin.de\/dahme-heideseen\/wp-content\/uploads\/sites\/37\/282395_433631993351221_1255150510_n-620x442.jpg\" width=\"620\" height=\"442\" \/><\/a><p id=\"caption-attachment-202\" class=\"wp-caption-text\">Die ehemalige Schule in M\u00e4rkisch Buchholz wird zur Franz F\u00fchmann- Begegnungsst\u00e4tte<\/p><\/div>\n<p>&nbsp;<\/p>\n<p>&nbsp;<\/p>\n<p>&nbsp;<\/p>\n<p>&nbsp;<\/p>\n","protected":false},"excerpt":{"rendered":"<p>Der Naturpark Dahme Heideseen trauert um Irmgard P\u00f6che (1931 &#8211; 2013). Irmgard P\u00f6che war Initiatorin, langj\u00e4hrige Leiterin und die &#8222;Gute Seele&#8220; des Franz F\u00fchmann Freundeskreises in M\u00e4rkisch Buchholz. In der Zeit ihres aktiven Wirkens organisierte sie mehrere Veranstaltungen in Zusammenarbeit mit dem Naturpark Dahme-Heideseen.<\/p>\n","protected":false},"author":48,"featured_media":200,"comment_status":"open","ping_status":"open","sticky":false,"template":"","format":"standard","meta":[],"categories":[7],"tags":[],"yoast_head":"<!-- This site is optimized with the Yoast SEO plugin v19.10 - https:\/\/yoast.com\/wordpress\/plugins\/seo\/ -->\n<title>Trauer um Irmgard P\u00f6che - Naturpark Dahme-Heideseen<\/title>\n<meta name=\"robots\" content=\"index, follow, max-snippet:-1, max-image-preview:large, max-video-preview:-1\" \/>\n<link rel=\"canonical\" href=\"https:\/\/www.naturparkmagazin.de\/dahme-heideseen\/der-naturpark-dahme-heideseen-trauert-um-irmgard-poeche\/\" \/>\n<meta property=\"og:locale\" content=\"de_DE\" \/>\n<meta property=\"og:type\" content=\"article\" \/>\n<meta property=\"og:title\" content=\"Trauer um Irmgard P\u00f6che - Naturpark Dahme-Heideseen\" \/>\n<meta property=\"og:description\" content=\"Der Naturpark Dahme Heideseen trauert um Irmgard P\u00f6che (1931 &#8211; 2013). Irmgard P\u00f6che war Initiatorin, langj\u00e4hrige Leiterin und die &#8222;Gute Seele&#8220; des Franz F\u00fchmann Freundeskreises in M\u00e4rkisch Buchholz. In der Zeit ihres aktiven Wirkens organisierte sie mehrere Veranstaltungen in Zusammenarbeit mit dem Naturpark Dahme-Heideseen.\" \/>\n<meta property=\"og:url\" content=\"https:\/\/www.naturparkmagazin.de\/dahme-heideseen\/der-naturpark-dahme-heideseen-trauert-um-irmgard-poeche\/\" \/>\n<meta property=\"og:site_name\" content=\"Naturpark Dahme-Heideseen\" \/>\n<meta property=\"article:published_time\" content=\"2013-10-26T19:27:29+00:00\" \/>\n<meta property=\"article:modified_time\" content=\"2014-02-10T12:48:10+00:00\" \/>\n<meta property=\"og:image\" content=\"https:\/\/www.naturparkmagazin.de\/dahme-heideseen\/wp-content\/uploads\/sites\/37\/begegnung_tafel.jpg\" \/>\n\t<meta property=\"og:image:width\" content=\"240\" \/>\n\t<meta property=\"og:image:height\" content=\"188\" \/>\n\t<meta property=\"og:image:type\" content=\"image\/jpeg\" \/>\n<meta name=\"author\" content=\"hanssonnenberg\" \/>\n<meta name=\"twitter:label1\" content=\"Verfasst von\" \/>\n\t<meta name=\"twitter:data1\" content=\"hanssonnenberg\" \/>\n\t<meta name=\"twitter:label2\" content=\"Gesch\u00e4tzte Lesezeit\" \/>\n\t<meta name=\"twitter:data2\" content=\"1\u00a0Minute\" \/>\n<script type=\"application\/ld+json\" class=\"yoast-schema-graph\">{\"@context\":\"https:\/\/schema.org\",\"@graph\":[{\"@type\":\"WebPage\",\"@id\":\"https:\/\/www.naturparkmagazin.de\/dahme-heideseen\/der-naturpark-dahme-heideseen-trauert-um-irmgard-poeche\/\",\"url\":\"https:\/\/www.naturparkmagazin.de\/dahme-heideseen\/der-naturpark-dahme-heideseen-trauert-um-irmgard-poeche\/\",\"name\":\"Trauer um Irmgard P\u00f6che - Naturpark Dahme-Heideseen\",\"isPartOf\":{\"@id\":\"https:\/\/www.naturparkmagazin.de\/dahme-heideseen\/#website\"},\"datePublished\":\"2013-10-26T19:27:29+00:00\",\"dateModified\":\"2014-02-10T12:48:10+00:00\",\"author\":{\"@id\":\"https:\/\/www.naturparkmagazin.de\/dahme-heideseen\/#\/schema\/person\/c81c96c3a1f5ee7bffff8b8022c105f0\"},\"breadcrumb\":{\"@id\":\"https:\/\/www.naturparkmagazin.de\/dahme-heideseen\/der-naturpark-dahme-heideseen-trauert-um-irmgard-poeche\/#breadcrumb\"},\"inLanguage\":\"de\",\"potentialAction\":[{\"@type\":\"ReadAction\",\"target\":[\"https:\/\/www.naturparkmagazin.de\/dahme-heideseen\/der-naturpark-dahme-heideseen-trauert-um-irmgard-poeche\/\"]}]},{\"@type\":\"BreadcrumbList\",\"@id\":\"https:\/\/www.naturparkmagazin.de\/dahme-heideseen\/der-naturpark-dahme-heideseen-trauert-um-irmgard-poeche\/#breadcrumb\",\"itemListElement\":[{\"@type\":\"ListItem\",\"position\":1,\"name\":\"Home\",\"item\":\"https:\/\/www.naturparkmagazin.de\/dahme-heideseen\/\"},{\"@type\":\"ListItem\",\"position\":2,\"name\":\"Trauer um Irmgard P\u00f6che\"}]},{\"@type\":\"WebSite\",\"@id\":\"https:\/\/www.naturparkmagazin.de\/dahme-heideseen\/#website\",\"url\":\"https:\/\/www.naturparkmagazin.de\/dahme-heideseen\/\",\"name\":\"Naturpark Dahme-Heideseen\",\"description\":\"\",\"potentialAction\":[{\"@type\":\"SearchAction\",\"target\":{\"@type\":\"EntryPoint\",\"urlTemplate\":\"https:\/\/www.naturparkmagazin.de\/dahme-heideseen\/?s={search_term_string}\"},\"query-input\":\"required name=search_term_string\"}],\"inLanguage\":\"de\"},{\"@type\":\"Person\",\"@id\":\"https:\/\/www.naturparkmagazin.de\/dahme-heideseen\/#\/schema\/person\/c81c96c3a1f5ee7bffff8b8022c105f0\",\"name\":\"hanssonnenberg\",\"url\":\"https:\/\/www.naturparkmagazin.de\/dahme-heideseen\/author\/hanssonnenberg\/\"}]}<\/script>\n<!-- \/ Yoast SEO plugin. -->","yoast_head_json":{"title":"Trauer um Irmgard P\u00f6che - Naturpark Dahme-Heideseen","robots":{"index":"index","follow":"follow","max-snippet":"max-snippet:-1","max-image-preview":"max-image-preview:large","max-video-preview":"max-video-preview:-1"},"canonical":"https:\/\/www.naturparkmagazin.de\/dahme-heideseen\/der-naturpark-dahme-heideseen-trauert-um-irmgard-poeche\/","og_locale":"de_DE","og_type":"article","og_title":"Trauer um Irmgard P\u00f6che - Naturpark Dahme-Heideseen","og_description":"Der Naturpark Dahme Heideseen trauert um Irmgard P\u00f6che (1931 &#8211; 2013). Irmgard P\u00f6che war Initiatorin, langj\u00e4hrige Leiterin und die &#8222;Gute Seele&#8220; des Franz F\u00fchmann Freundeskreises in M\u00e4rkisch Buchholz. In der Zeit ihres aktiven Wirkens organisierte sie mehrere Veranstaltungen in Zusammenarbeit mit dem Naturpark Dahme-Heideseen.","og_url":"https:\/\/www.naturparkmagazin.de\/dahme-heideseen\/der-naturpark-dahme-heideseen-trauert-um-irmgard-poeche\/","og_site_name":"Naturpark Dahme-Heideseen","article_published_time":"2013-10-26T19:27:29+00:00","article_modified_time":"2014-02-10T12:48:10+00:00","og_image":[{"width":240,"height":188,"url":"https:\/\/www.naturparkmagazin.de\/dahme-heideseen\/wp-content\/uploads\/sites\/37\/begegnung_tafel.jpg","type":"image\/jpeg"}],"author":"hanssonnenberg","twitter_misc":{"Verfasst von":"hanssonnenberg","Gesch\u00e4tzte Lesezeit":"1\u00a0Minute"},"schema":{"@context":"https:\/\/schema.org","@graph":[{"@type":"WebPage","@id":"https:\/\/www.naturparkmagazin.de\/dahme-heideseen\/der-naturpark-dahme-heideseen-trauert-um-irmgard-poeche\/","url":"https:\/\/www.naturparkmagazin.de\/dahme-heideseen\/der-naturpark-dahme-heideseen-trauert-um-irmgard-poeche\/","name":"Trauer um Irmgard P\u00f6che - Naturpark Dahme-Heideseen","isPartOf":{"@id":"https:\/\/www.naturparkmagazin.de\/dahme-heideseen\/#website"},"datePublished":"2013-10-26T19:27:29+00:00","dateModified":"2014-02-10T12:48:10+00:00","author":{"@id":"https:\/\/www.naturparkmagazin.de\/dahme-heideseen\/#\/schema\/person\/c81c96c3a1f5ee7bffff8b8022c105f0"},"breadcrumb":{"@id":"https:\/\/www.naturparkmagazin.de\/dahme-heideseen\/der-naturpark-dahme-heideseen-trauert-um-irmgard-poeche\/#breadcrumb"},"inLanguage":"de","potentialAction":[{"@type":"ReadAction","target":["https:\/\/www.naturparkmagazin.de\/dahme-heideseen\/der-naturpark-dahme-heideseen-trauert-um-irmgard-poeche\/"]}]},{"@type":"BreadcrumbList","@id":"https:\/\/www.naturparkmagazin.de\/dahme-heideseen\/der-naturpark-dahme-heideseen-trauert-um-irmgard-poeche\/#breadcrumb","itemListElement":[{"@type":"ListItem","position":1,"name":"Home","item":"https:\/\/www.naturparkmagazin.de\/dahme-heideseen\/"},{"@type":"ListItem","position":2,"name":"Trauer um Irmgard P\u00f6che"}]},{"@type":"WebSite","@id":"https:\/\/www.naturparkmagazin.de\/dahme-heideseen\/#website","url":"https:\/\/www.naturparkmagazin.de\/dahme-heideseen\/","name":"Naturpark Dahme-Heideseen","description":"","potentialAction":[{"@type":"SearchAction","target":{"@type":"EntryPoint","urlTemplate":"https:\/\/www.naturparkmagazin.de\/dahme-heideseen\/?s={search_term_string}"},"query-input":"required name=search_term_string"}],"inLanguage":"de"},{"@type":"Person","@id":"https:\/\/www.naturparkmagazin.de\/dahme-heideseen\/#\/schema\/person\/c81c96c3a1f5ee7bffff8b8022c105f0","name":"hanssonnenberg","url":"https:\/\/www.naturparkmagazin.de\/dahme-heideseen\/author\/hanssonnenberg\/"}]}},"_links":{"self":[{"href":"https:\/\/www.naturparkmagazin.de\/dahme-heideseen\/wp-json\/wp\/v2\/posts\/199"}],"collection":[{"href":"https:\/\/www.naturparkmagazin.de\/dahme-heideseen\/wp-json\/wp\/v2\/posts"}],"about":[{"href":"https:\/\/www.naturparkmagazin.de\/dahme-heideseen\/wp-json\/wp\/v2\/types\/post"}],"author":[{"embeddable":true,"href":"https:\/\/www.naturparkmagazin.de\/dahme-heideseen\/wp-json\/wp\/v2\/users\/48"}],"replies":[{"embeddable":true,"href":"https:\/\/www.naturparkmagazin.de\/dahme-heideseen\/wp-json\/wp\/v2\/comments?post=199"}],"version-history":[{"count":6,"href":"https:\/\/www.naturparkmagazin.de\/dahme-heideseen\/wp-json\/wp\/v2\/posts\/199\/revisions"}],"predecessor-version":[{"id":210,"href":"https:\/\/www.naturparkmagazin.de\/dahme-heideseen\/wp-json\/wp\/v2\/posts\/199\/revisions\/210"}],"wp:featuredmedia":[{"embeddable":true,"href":"https:\/\/www.naturparkmagazin.de\/dahme-heideseen\/wp-json\/wp\/v2\/media\/200"}],"wp:attachment":[{"href":"https:\/\/www.naturparkmagazin.de\/dahme-heideseen\/wp-json\/wp\/v2\/media?parent=199"}],"wp:term":[{"taxonomy":"category","embeddable":true,"href":"https:\/\/www.naturparkmagazin.de\/dahme-heideseen\/wp-json\/wp\/v2\/categories?post=199"},{"taxonomy":"post_tag","embeddable":true,"href":"https:\/\/www.naturparkmagazin.de\/dahme-heideseen\/wp-json\/wp\/v2\/tags?post=199"}],"curies":[{"name":"wp","href":"https:\/\/api.w.org\/{rel}","templated":true}]}}