{"id":2053,"date":"2017-07-15T17:05:17","date_gmt":"2017-07-15T15:05:17","guid":{"rendered":"http:\/\/www.naturparkmagazin.de\/dahme-heideseen\/?p=2053"},"modified":"2017-07-24T12:15:20","modified_gmt":"2017-07-24T10:15:20","slug":"kultur-trifft-natur-im-biogarten-prieros","status":"publish","type":"post","link":"https:\/\/www.naturparkmagazin.de\/dahme-heideseen\/kultur-trifft-natur-im-biogarten-prieros\/","title":{"rendered":"Kultur trifft Natur im Biogarten Prieros"},"content":{"rendered":"<p>Natur trifft Kultur findet am Vorabend der 16. Tage der offenen G\u00e4rten (19. und 20. August) in der Region Dahme-Spreewald statt.<\/p>\n<p>H\u00f6hepunkt des Gartentages ist das musikalisch-botanische Programm \u201eDer musikalische Gartenschlauch\u201c mit dem Fernsehmoderator Hellmuth Henneberg, Conrad Wecke (Trompete), Karsten Noack (Posaune) und Claudius Wecke (Gartenschlagzeug). Vier Herren verz\u00fccken und verzaubern ihr Publikum mit unerh\u00f6rten Gartenkl\u00e4ngen, die vom Trompetenbaum, der Posaunenblume und dem Violin-Schl\u00fcsselbl\u00fcmchen inspiriert worden sind. Wenn Piccolotrompete und Tenorposaune schweigen, dann schl\u00e4gt sie: die Stunde des Gartenschlagzeugs, des durchgesp\u00fclten Wasserschlauchs und des wohltemperierten Gie\u00dfkannenhorns.<\/p>\n<h3>Preis:12 \u20ac<\/h3>\n<h3>Veranstaltungsort<\/h3>\n<p><strong>Prieros<\/strong>\nBiogarten Prieros\nM\u00fchlendamm 14\n15754 Heidesee OT Prieros<\/p>\n<dl class=\"contact\">\n<dt class=\"phone\"><span class=\"accessibility\">Telefon <\/span>+49 (0) 3376850130<\/dt>\n<dt class=\"fax\"><span class=\"accessibility\">Fax<\/span>+49 (0)033768208931<\/dt>\n<dt class=\"mail\"><span class=\"accessibility\">E-Mail:<\/span><a href=\"http:\/\/www.dahme-heideseen-naturpark.de\/service\/kontakt\/?tx_snmlugv_pi6%5Bcontact%5D=5572&amp;tx_snmlugv_pi6%5Bdate%5D=1\">biogarten(at)vgsdahme-spreewald(dot)de <\/a><\/dt>\n<dt class=\"www\"><span class=\"accessibility\">Internet:<\/span><a href=\"http:\/\/www.biogartenprieros.de\/biogarten\/biogarten.html\" target=\"_blank\">http:\/\/www.biogartenprieros.de\/biogarten\/biogarten.html<\/a><\/dt>\n<\/dl>\n<h3>Veranstalter<\/h3>\n<p><strong>Volkshochschule Dahme-Spreewald<\/strong>\nKai Berdermann\nLogenstra\u00dfe 17\n15907 L\u00fcbben<\/p>\n<dl class=\"contact\">\n<dt class=\"phone\"><span class=\"accessibility\">Telefon: <\/span>+49 ( 03546) 201060\/61<\/dt>\n<dt class=\"fax\"><span class=\"accessibility\">Fax: <\/span>+49 (03546) 201059<\/dt>\n<dt class=\"mail\"><span class=\"accessibility\">E-Mail:<\/span><a href=\"http:\/\/www.dahme-heideseen-naturpark.de\/service\/kontakt\/?tx_snmlugv_pi6%5Bcontact%5D=5572&amp;tx_snmlugv_pi6%5Bdate%5D=1\">vhs(at)dahme-spreewald(dot)de <\/a><\/dt>\n<dt class=\"www\"><span class=\"accessibility\">Internet:<\/span><a href=\"http:\/\/www.vhs-dahme-spreewald.de\" target=\"_blank\">http:\/\/www.vhs-dahme-spreewald.de<\/a><\/dt>\n<\/dl>\n<p><a href=\"https:\/\/www.naturparkmagazin.de\/dahme-heideseen\/wp-content\/uploads\/sites\/37\/npdh_natur_trifft_kultur_vhs.jpg\"><img decoding=\"async\" loading=\"lazy\" class=\"aligncenter size-medium wp-image-2054\" src=\"https:\/\/www.naturparkmagazin.de\/dahme-heideseen\/wp-content\/uploads\/sites\/37\/npdh_natur_trifft_kultur_vhs-620x378.jpg\" alt=\"npdh_natur_trifft_kultur_vhs\" width=\"620\" height=\"378\" srcset=\"https:\/\/www.naturparkmagazin.de\/dahme-heideseen\/wp-content\/uploads\/sites\/37\/npdh_natur_trifft_kultur_vhs-620x378.jpg 620w, https:\/\/www.naturparkmagazin.de\/dahme-heideseen\/wp-content\/uploads\/sites\/37\/npdh_natur_trifft_kultur_vhs-300x183.jpg 300w, https:\/\/www.naturparkmagazin.de\/dahme-heideseen\/wp-content\/uploads\/sites\/37\/npdh_natur_trifft_kultur_vhs-940x572.jpg 940w, https:\/\/www.naturparkmagazin.de\/dahme-heideseen\/wp-content\/uploads\/sites\/37\/npdh_natur_trifft_kultur_vhs-670x408.jpg 670w, https:\/\/www.naturparkmagazin.de\/dahme-heideseen\/wp-content\/uploads\/sites\/37\/npdh_natur_trifft_kultur_vhs-200x122.jpg 200w, https:\/\/www.naturparkmagazin.de\/dahme-heideseen\/wp-content\/uploads\/sites\/37\/npdh_natur_trifft_kultur_vhs.jpg 1000w\" sizes=\"(max-width: 620px) 100vw, 620px\" \/><\/a><\/p>\n<p>&nbsp;<\/p>\n","protected":false},"excerpt":{"rendered":"<p>Natur trifft Kultur findet am Vorabend der 16. Tage der offenen G\u00e4rten (19. und 20. August) in der Region Dahme-Spreewald statt.<\/p>\n","protected":false},"author":48,"featured_media":2054,"comment_status":"open","ping_status":"open","sticky":false,"template":"","format":"standard","meta":[],"categories":[11],"tags":[],"yoast_head":"<!-- This site is optimized with the Yoast SEO plugin v19.10 - https:\/\/yoast.com\/wordpress\/plugins\/seo\/ -->\n<title>Kultur trifft Natur im Biogarten Prieros - Naturpark Dahme-Heideseen<\/title>\n<meta name=\"robots\" content=\"index, follow, max-snippet:-1, max-image-preview:large, max-video-preview:-1\" \/>\n<link rel=\"canonical\" href=\"https:\/\/www.naturparkmagazin.de\/dahme-heideseen\/kultur-trifft-natur-im-biogarten-prieros\/\" \/>\n<meta property=\"og:locale\" content=\"de_DE\" \/>\n<meta property=\"og:type\" content=\"article\" \/>\n<meta property=\"og:title\" content=\"Kultur trifft Natur im Biogarten Prieros - Naturpark Dahme-Heideseen\" \/>\n<meta property=\"og:description\" content=\"Natur trifft Kultur findet am Vorabend der 16. Tage der offenen G\u00e4rten (19. und 20. August) in der Region Dahme-Spreewald statt.\" \/>\n<meta property=\"og:url\" content=\"https:\/\/www.naturparkmagazin.de\/dahme-heideseen\/kultur-trifft-natur-im-biogarten-prieros\/\" \/>\n<meta property=\"og:site_name\" content=\"Naturpark Dahme-Heideseen\" \/>\n<meta property=\"article:published_time\" content=\"2017-07-15T15:05:17+00:00\" \/>\n<meta property=\"article:modified_time\" content=\"2017-07-24T10:15:20+00:00\" \/>\n<meta property=\"og:image\" content=\"https:\/\/www.naturparkmagazin.de\/dahme-heideseen\/wp-content\/uploads\/sites\/37\/npdh_natur_trifft_kultur_vhs.jpg\" \/>\n\t<meta property=\"og:image:width\" content=\"1000\" \/>\n\t<meta property=\"og:image:height\" content=\"609\" \/>\n\t<meta property=\"og:image:type\" content=\"image\/jpeg\" \/>\n<meta name=\"author\" content=\"hanssonnenberg\" \/>\n<meta name=\"twitter:label1\" content=\"Verfasst von\" \/>\n\t<meta name=\"twitter:data1\" content=\"hanssonnenberg\" \/>\n\t<meta name=\"twitter:label2\" content=\"Gesch\u00e4tzte Lesezeit\" \/>\n\t<meta name=\"twitter:data2\" content=\"1\u00a0Minute\" \/>\n<script type=\"application\/ld+json\" class=\"yoast-schema-graph\">{\"@context\":\"https:\/\/schema.org\",\"@graph\":[{\"@type\":\"WebPage\",\"@id\":\"https:\/\/www.naturparkmagazin.de\/dahme-heideseen\/kultur-trifft-natur-im-biogarten-prieros\/\",\"url\":\"https:\/\/www.naturparkmagazin.de\/dahme-heideseen\/kultur-trifft-natur-im-biogarten-prieros\/\",\"name\":\"Kultur trifft Natur im Biogarten Prieros - Naturpark Dahme-Heideseen\",\"isPartOf\":{\"@id\":\"https:\/\/www.naturparkmagazin.de\/dahme-heideseen\/#website\"},\"datePublished\":\"2017-07-15T15:05:17+00:00\",\"dateModified\":\"2017-07-24T10:15:20+00:00\",\"author\":{\"@id\":\"https:\/\/www.naturparkmagazin.de\/dahme-heideseen\/#\/schema\/person\/c81c96c3a1f5ee7bffff8b8022c105f0\"},\"breadcrumb\":{\"@id\":\"https:\/\/www.naturparkmagazin.de\/dahme-heideseen\/kultur-trifft-natur-im-biogarten-prieros\/#breadcrumb\"},\"inLanguage\":\"de\",\"potentialAction\":[{\"@type\":\"ReadAction\",\"target\":[\"https:\/\/www.naturparkmagazin.de\/dahme-heideseen\/kultur-trifft-natur-im-biogarten-prieros\/\"]}]},{\"@type\":\"BreadcrumbList\",\"@id\":\"https:\/\/www.naturparkmagazin.de\/dahme-heideseen\/kultur-trifft-natur-im-biogarten-prieros\/#breadcrumb\",\"itemListElement\":[{\"@type\":\"ListItem\",\"position\":1,\"name\":\"Home\",\"item\":\"https:\/\/www.naturparkmagazin.de\/dahme-heideseen\/\"},{\"@type\":\"ListItem\",\"position\":2,\"name\":\"Kultur trifft Natur im Biogarten Prieros\"}]},{\"@type\":\"WebSite\",\"@id\":\"https:\/\/www.naturparkmagazin.de\/dahme-heideseen\/#website\",\"url\":\"https:\/\/www.naturparkmagazin.de\/dahme-heideseen\/\",\"name\":\"Naturpark Dahme-Heideseen\",\"description\":\"\",\"potentialAction\":[{\"@type\":\"SearchAction\",\"target\":{\"@type\":\"EntryPoint\",\"urlTemplate\":\"https:\/\/www.naturparkmagazin.de\/dahme-heideseen\/?s={search_term_string}\"},\"query-input\":\"required name=search_term_string\"}],\"inLanguage\":\"de\"},{\"@type\":\"Person\",\"@id\":\"https:\/\/www.naturparkmagazin.de\/dahme-heideseen\/#\/schema\/person\/c81c96c3a1f5ee7bffff8b8022c105f0\",\"name\":\"hanssonnenberg\",\"url\":\"https:\/\/www.naturparkmagazin.de\/dahme-heideseen\/author\/hanssonnenberg\/\"}]}<\/script>\n<!-- \/ Yoast SEO plugin. -->","yoast_head_json":{"title":"Kultur trifft Natur im Biogarten Prieros - Naturpark Dahme-Heideseen","robots":{"index":"index","follow":"follow","max-snippet":"max-snippet:-1","max-image-preview":"max-image-preview:large","max-video-preview":"max-video-preview:-1"},"canonical":"https:\/\/www.naturparkmagazin.de\/dahme-heideseen\/kultur-trifft-natur-im-biogarten-prieros\/","og_locale":"de_DE","og_type":"article","og_title":"Kultur trifft Natur im Biogarten Prieros - Naturpark Dahme-Heideseen","og_description":"Natur trifft Kultur findet am Vorabend der 16. Tage der offenen G\u00e4rten (19. und 20. August) in der Region Dahme-Spreewald statt.","og_url":"https:\/\/www.naturparkmagazin.de\/dahme-heideseen\/kultur-trifft-natur-im-biogarten-prieros\/","og_site_name":"Naturpark Dahme-Heideseen","article_published_time":"2017-07-15T15:05:17+00:00","article_modified_time":"2017-07-24T10:15:20+00:00","og_image":[{"width":1000,"height":609,"url":"https:\/\/www.naturparkmagazin.de\/dahme-heideseen\/wp-content\/uploads\/sites\/37\/npdh_natur_trifft_kultur_vhs.jpg","type":"image\/jpeg"}],"author":"hanssonnenberg","twitter_misc":{"Verfasst von":"hanssonnenberg","Gesch\u00e4tzte Lesezeit":"1\u00a0Minute"},"schema":{"@context":"https:\/\/schema.org","@graph":[{"@type":"WebPage","@id":"https:\/\/www.naturparkmagazin.de\/dahme-heideseen\/kultur-trifft-natur-im-biogarten-prieros\/","url":"https:\/\/www.naturparkmagazin.de\/dahme-heideseen\/kultur-trifft-natur-im-biogarten-prieros\/","name":"Kultur trifft Natur im Biogarten Prieros - Naturpark Dahme-Heideseen","isPartOf":{"@id":"https:\/\/www.naturparkmagazin.de\/dahme-heideseen\/#website"},"datePublished":"2017-07-15T15:05:17+00:00","dateModified":"2017-07-24T10:15:20+00:00","author":{"@id":"https:\/\/www.naturparkmagazin.de\/dahme-heideseen\/#\/schema\/person\/c81c96c3a1f5ee7bffff8b8022c105f0"},"breadcrumb":{"@id":"https:\/\/www.naturparkmagazin.de\/dahme-heideseen\/kultur-trifft-natur-im-biogarten-prieros\/#breadcrumb"},"inLanguage":"de","potentialAction":[{"@type":"ReadAction","target":["https:\/\/www.naturparkmagazin.de\/dahme-heideseen\/kultur-trifft-natur-im-biogarten-prieros\/"]}]},{"@type":"BreadcrumbList","@id":"https:\/\/www.naturparkmagazin.de\/dahme-heideseen\/kultur-trifft-natur-im-biogarten-prieros\/#breadcrumb","itemListElement":[{"@type":"ListItem","position":1,"name":"Home","item":"https:\/\/www.naturparkmagazin.de\/dahme-heideseen\/"},{"@type":"ListItem","position":2,"name":"Kultur trifft Natur im Biogarten Prieros"}]},{"@type":"WebSite","@id":"https:\/\/www.naturparkmagazin.de\/dahme-heideseen\/#website","url":"https:\/\/www.naturparkmagazin.de\/dahme-heideseen\/","name":"Naturpark Dahme-Heideseen","description":"","potentialAction":[{"@type":"SearchAction","target":{"@type":"EntryPoint","urlTemplate":"https:\/\/www.naturparkmagazin.de\/dahme-heideseen\/?s={search_term_string}"},"query-input":"required name=search_term_string"}],"inLanguage":"de"},{"@type":"Person","@id":"https:\/\/www.naturparkmagazin.de\/dahme-heideseen\/#\/schema\/person\/c81c96c3a1f5ee7bffff8b8022c105f0","name":"hanssonnenberg","url":"https:\/\/www.naturparkmagazin.de\/dahme-heideseen\/author\/hanssonnenberg\/"}]}},"_links":{"self":[{"href":"https:\/\/www.naturparkmagazin.de\/dahme-heideseen\/wp-json\/wp\/v2\/posts\/2053"}],"collection":[{"href":"https:\/\/www.naturparkmagazin.de\/dahme-heideseen\/wp-json\/wp\/v2\/posts"}],"about":[{"href":"https:\/\/www.naturparkmagazin.de\/dahme-heideseen\/wp-json\/wp\/v2\/types\/post"}],"author":[{"embeddable":true,"href":"https:\/\/www.naturparkmagazin.de\/dahme-heideseen\/wp-json\/wp\/v2\/users\/48"}],"replies":[{"embeddable":true,"href":"https:\/\/www.naturparkmagazin.de\/dahme-heideseen\/wp-json\/wp\/v2\/comments?post=2053"}],"version-history":[{"count":2,"href":"https:\/\/www.naturparkmagazin.de\/dahme-heideseen\/wp-json\/wp\/v2\/posts\/2053\/revisions"}],"predecessor-version":[{"id":2066,"href":"https:\/\/www.naturparkmagazin.de\/dahme-heideseen\/wp-json\/wp\/v2\/posts\/2053\/revisions\/2066"}],"wp:featuredmedia":[{"embeddable":true,"href":"https:\/\/www.naturparkmagazin.de\/dahme-heideseen\/wp-json\/wp\/v2\/media\/2054"}],"wp:attachment":[{"href":"https:\/\/www.naturparkmagazin.de\/dahme-heideseen\/wp-json\/wp\/v2\/media?parent=2053"}],"wp:term":[{"taxonomy":"category","embeddable":true,"href":"https:\/\/www.naturparkmagazin.de\/dahme-heideseen\/wp-json\/wp\/v2\/categories?post=2053"},{"taxonomy":"post_tag","embeddable":true,"href":"https:\/\/www.naturparkmagazin.de\/dahme-heideseen\/wp-json\/wp\/v2\/tags?post=2053"}],"curies":[{"name":"wp","href":"https:\/\/api.w.org\/{rel}","templated":true}]}}